{"id":11025,"date":"2024-07-02T13:08:18","date_gmt":"2024-07-02T11:08:18","guid":{"rendered":"https:\/\/auren.com\/ar\/blog\/por-que-trabajar-en-el-cambio-organizacional\/"},"modified":"2024-07-02T13:08:18","modified_gmt":"2024-07-02T11:08:18","slug":"por-que-trabajar-en-el-cambio-organizacional","status":"publish","type":"blog","link":"https:\/\/auren.com\/ar\/blog\/por-que-trabajar-en-el-cambio-organizacional\/","title":{"rendered":"\u00bfPor qu\u00e9 trabajar en el cambio organizacional?"},"content":{"rendered":"<p>Las organizaciones no maduran en forma homog\u00e9nea. Los cambios impactan de manera diferente a las distintas audiencias.<\/p>\n<p>Esta disparidad de impacto hace imprescindible contar con un abordaje metodol\u00f3gico que le permita a la organizaci\u00f3n ser cada vez m\u00e1s permeable a los cambios mientras&nbsp; gana eficiencia en la gesti\u00f3n de los mismos.<\/p>\n<p>Con equipo de consultores especializados en practicas de RRHH, comportamiento humano, en programas de desarrollo, fortalecimiento de equipos y coaching, se potencian los equipos, incorporando metodolog\u00edas \u00e1giles.<\/p>\n<p>Hay un abordaje que trata el desarrollo de los pilares culturales de la organizaci\u00f3n movilizando la cultura desde el desarrollo de nuevas competencias y la evoluci\u00f3n de procesos hacia un prop\u00f3sito integrador e inclusivo.<\/p>\n<p><strong>La Cultura: \u00bfPor que cambia la cultura??<\/strong><\/p>\n<ol start=\"1\">\n<li><em>\u2013 Porque las personas se comprometen en el cambio y adoptan la nueva modalidad de trabajo \u2013 desarrollan nuevos comportamientos.<\/em><\/li>\n<li><em>&nbsp;Porque la organizaci\u00f3n genera estructuras,&nbsp; procesos y pol\u00edticas que sostienen esos<br \/>comportamientos: m\u00e9todos.<\/em><\/li>\n<li><em>&nbsp;Porque el Liderazgo asume un rol de cuidador de la Cultura.<\/em><\/li>\n<\/ol>\n<p><strong>Los lideres y el cambio\u2026<\/strong><\/p>\n<ol start=\"1\">\n<li>El obst\u00e1culo n\u00famero 1 para el \u00e9xito de grandes proyectos de cambio es la resistencia de los colaboradores y la inefectiva gesti\u00f3n del lado humano del cambio.<\/li>\n<li>&nbsp;El obst\u00e1culo n\u00famero 2 es que m\u00e1s del 50% de los L\u00edderes (sponsors) tienen un<br \/>conocimiento moderado o falta de conocimiento total sobre el rol que tienen en el proceso de cambio y por lo tanto, no saben qu\u00e9 hacer.<\/li>\n<\/ol>\n<p><strong>Los agentes del cambio\u2026<\/strong><\/p>\n<ol start=\"1\">\n<li>Cumplen un rol clave en la promoci\u00f3n, mediaci\u00f3n, educaci\u00f3n y reconocimiento de los avances hacia los est\u00e1ndares deseados.<\/li>\n<li>&nbsp;Suelen funcionar como vehiculizadores de las necesidades los distintos estratos y territorios de la organizaci\u00f3n.<\/li>\n<li>&nbsp;Generalmente los roles especialistas no cuentan con la formaci\u00f3n necesaria en gesti\u00f3n del cambio, ni en competencias conversacionales que les permitan cumplir con un rol consultivo.<\/li>\n<\/ol>\n<p>Por <a href=\"https:\/\/www.linkedin.com\/in\/fabiofabri22\/\">Fabio Fabri<\/a>, Socio de <a href=\"https:\/\/www.auren.site\/consultoriahr\">Consultor\u00eda<\/a> de<a href=\"https:\/\/auren.com\/ar\/\">Auren Argentina<\/a><\/p>\n<p><!-- AddThis Advanced Settings generic via filter on the_content --><!-- AddThis Share Buttons generic via filter on the_content --><\/p>\n","protected":false},"excerpt":{"rendered":"<p>Las organizaciones no maduran en forma homog\u00e9nea. Los cambios impactan de manera diferente a las distintas audiencias. Esta disparidad de impacto hace imprescindible contar con un abordaje metodol\u00f3gico que le [&hellip;]<\/p>\n","protected":false},"featured_media":11026,"template":"","meta":{"_acf_changed":false,"footnotes":""},"blog-category":[],"class_list":["post-11025","blog","type-blog","status-publish","has-post-thumbnail","hentry"],"acf":[],"yoast_head":"<!-- This site is optimized with the Yoast SEO plugin v27.5 - https:\/\/yoast.com\/product\/yoast-seo-wordpress\/ -->\n<title>\u00bfPor qu\u00e9 trabajar en el cambio organizacional? - Auren Argentina<\/title>\n<meta name=\"description\" content=\"El cambio organizacional impactan en las empresas. La cultura, los l\u00edderes del cambio, los agentes del cambio.\" \/>\n<meta name=\"robots\" content=\"index, follow, max-snippet:-1, max-image-preview:large, max-video-preview:-1\" \/>\n<link rel=\"canonical\" href=\"https:\/\/auren.com\/ar\/blog\/por-que-trabajar-en-el-cambio-organizacional\/\" \/>\n<meta property=\"og:locale\" content=\"es_ES\" \/>\n<meta property=\"og:type\" content=\"article\" \/>\n<meta property=\"og:title\" content=\"\u00bfPor qu\u00e9 trabajar en el cambio organizacional? - Auren Argentina\" \/>\n<meta property=\"og:description\" content=\"El cambio organizacional impactan en las empresas. La cultura, los l\u00edderes del cambio, los agentes del cambio.\" \/>\n<meta property=\"og:url\" content=\"https:\/\/auren.com\/ar\/blog\/por-que-trabajar-en-el-cambio-organizacional\/\" \/>\n<meta property=\"og:site_name\" content=\"Auren Argentina\" \/>\n<meta property=\"article:publisher\" content=\"https:\/\/www.facebook.com\/AurenArg\/\" \/>\n<meta property=\"og:image\" content=\"https:\/\/auren.com\/ar\/wp-content\/uploads\/2024\/07\/cambio-organizacional-2.png\" \/>\n\t<meta property=\"og:image:width\" content=\"1105\" \/>\n\t<meta property=\"og:image:height\" content=\"847\" \/>\n\t<meta property=\"og:image:type\" content=\"image\/png\" \/>\n<meta name=\"twitter:card\" content=\"summary_large_image\" \/>\n<meta name=\"twitter:site\" content=\"@AUREN_Argentina\" \/>\n<meta name=\"twitter:label1\" content=\"Tiempo de lectura\" \/>\n\t<meta name=\"twitter:data1\" content=\"2 minutos\" \/>\n<script type=\"application\/ld+json\" class=\"yoast-schema-graph\">{\"@context\":\"https:\\\/\\\/schema.org\",\"@graph\":[{\"@type\":\"WebPage\",\"@id\":\"https:\\\/\\\/auren.com\\\/ar\\\/blog\\\/por-que-trabajar-en-el-cambio-organizacional\\\/\",\"url\":\"https:\\\/\\\/auren.com\\\/ar\\\/blog\\\/por-que-trabajar-en-el-cambio-organizacional\\\/\",\"name\":\"\u00bfPor qu\u00e9 trabajar en el cambio organizacional? - Auren Argentina\",\"isPartOf\":{\"@id\":\"https:\\\/\\\/auren.com\\\/ar\\\/#website\"},\"primaryImageOfPage\":{\"@id\":\"https:\\\/\\\/auren.com\\\/ar\\\/blog\\\/por-que-trabajar-en-el-cambio-organizacional\\\/#primaryimage\"},\"image\":{\"@id\":\"https:\\\/\\\/auren.com\\\/ar\\\/blog\\\/por-que-trabajar-en-el-cambio-organizacional\\\/#primaryimage\"},\"thumbnailUrl\":\"https:\\\/\\\/auren.com\\\/ar\\\/wp-content\\\/uploads\\\/2024\\\/07\\\/cambio-organizacional-2.png\",\"datePublished\":\"2024-07-02T11:08:18+00:00\",\"description\":\"El cambio organizacional impactan en las empresas. La cultura, los l\u00edderes del cambio, los agentes del cambio.\",\"breadcrumb\":{\"@id\":\"https:\\\/\\\/auren.com\\\/ar\\\/blog\\\/por-que-trabajar-en-el-cambio-organizacional\\\/#breadcrumb\"},\"inLanguage\":\"es\",\"potentialAction\":[{\"@type\":\"ReadAction\",\"target\":[\"https:\\\/\\\/auren.com\\\/ar\\\/blog\\\/por-que-trabajar-en-el-cambio-organizacional\\\/\"]}]},{\"@type\":\"ImageObject\",\"inLanguage\":\"es\",\"@id\":\"https:\\\/\\\/auren.com\\\/ar\\\/blog\\\/por-que-trabajar-en-el-cambio-organizacional\\\/#primaryimage\",\"url\":\"https:\\\/\\\/auren.com\\\/ar\\\/wp-content\\\/uploads\\\/2024\\\/07\\\/cambio-organizacional-2.png\",\"contentUrl\":\"https:\\\/\\\/auren.com\\\/ar\\\/wp-content\\\/uploads\\\/2024\\\/07\\\/cambio-organizacional-2.png\",\"width\":1105,\"height\":847},{\"@type\":\"BreadcrumbList\",\"@id\":\"https:\\\/\\\/auren.com\\\/ar\\\/blog\\\/por-que-trabajar-en-el-cambio-organizacional\\\/#breadcrumb\",\"itemListElement\":[{\"@type\":\"ListItem\",\"position\":1,\"name\":\"Portada\",\"item\":\"https:\\\/\\\/auren.com\\\/ar\\\/\"},{\"@type\":\"ListItem\",\"position\":2,\"name\":\"\u00bfPor qu\u00e9 trabajar en el cambio organizacional?\"}]},{\"@type\":\"WebSite\",\"@id\":\"https:\\\/\\\/auren.com\\\/ar\\\/#website\",\"url\":\"https:\\\/\\\/auren.com\\\/ar\\\/\",\"name\":\"Auren Argentina\",\"description\":\"\",\"publisher\":{\"@id\":\"https:\\\/\\\/auren.com\\\/ar\\\/#organization\"},\"potentialAction\":[{\"@type\":\"SearchAction\",\"target\":{\"@type\":\"EntryPoint\",\"urlTemplate\":\"https:\\\/\\\/auren.com\\\/ar\\\/?s={search_term_string}\"},\"query-input\":{\"@type\":\"PropertyValueSpecification\",\"valueRequired\":true,\"valueName\":\"search_term_string\"}}],\"inLanguage\":\"es\"},{\"@type\":\"Organization\",\"@id\":\"https:\\\/\\\/auren.com\\\/ar\\\/#organization\",\"name\":\"Auren Argentina\",\"url\":\"https:\\\/\\\/auren.com\\\/ar\\\/\",\"logo\":{\"@type\":\"ImageObject\",\"inLanguage\":\"es\",\"@id\":\"https:\\\/\\\/auren.com\\\/ar\\\/#\\\/schema\\\/logo\\\/image\\\/\",\"url\":\"https:\\\/\\\/auren.com\\\/ar\\\/wp-content\\\/uploads\\\/2025\\\/01\\\/cropped-cropped-favicon-Auren.png\",\"contentUrl\":\"https:\\\/\\\/auren.com\\\/ar\\\/wp-content\\\/uploads\\\/2025\\\/01\\\/cropped-cropped-favicon-Auren.png\",\"width\":512,\"height\":512,\"caption\":\"Auren Argentina\"},\"image\":{\"@id\":\"https:\\\/\\\/auren.com\\\/ar\\\/#\\\/schema\\\/logo\\\/image\\\/\"},\"sameAs\":[\"https:\\\/\\\/www.facebook.com\\\/AurenArg\\\/\",\"https:\\\/\\\/x.com\\\/AUREN_Argentina\",\"https:\\\/\\\/www.linkedin.com\\\/company\\\/aurenargentina\",\"https:\\\/\\\/www.youtube.com\\\/channel\\\/UCSCseiHMECB0uMBGF9wtjSw\",\"https:\\\/\\\/www.instagram.com\\\/aurenargentina\\\/\"]}]}<\/script>\n<!-- \/ Yoast SEO plugin. -->","yoast_head_json":{"title":"\u00bfPor qu\u00e9 trabajar en el cambio organizacional? - Auren Argentina","description":"El cambio organizacional impactan en las empresas. La cultura, los l\u00edderes del cambio, los agentes del cambio.","robots":{"index":"index","follow":"follow","max-snippet":"max-snippet:-1","max-image-preview":"max-image-preview:large","max-video-preview":"max-video-preview:-1"},"canonical":"https:\/\/auren.com\/ar\/blog\/por-que-trabajar-en-el-cambio-organizacional\/","og_locale":"es_ES","og_type":"article","og_title":"\u00bfPor qu\u00e9 trabajar en el cambio organizacional? - Auren Argentina","og_description":"El cambio organizacional impactan en las empresas. La cultura, los l\u00edderes del cambio, los agentes del cambio.","og_url":"https:\/\/auren.com\/ar\/blog\/por-que-trabajar-en-el-cambio-organizacional\/","og_site_name":"Auren Argentina","article_publisher":"https:\/\/www.facebook.com\/AurenArg\/","og_image":[{"width":1105,"height":847,"url":"https:\/\/auren.com\/ar\/wp-content\/uploads\/2024\/07\/cambio-organizacional-2.png","type":"image\/png"}],"twitter_card":"summary_large_image","twitter_site":"@AUREN_Argentina","twitter_misc":{"Tiempo de lectura":"2 minutos"},"schema":{"@context":"https:\/\/schema.org","@graph":[{"@type":"WebPage","@id":"https:\/\/auren.com\/ar\/blog\/por-que-trabajar-en-el-cambio-organizacional\/","url":"https:\/\/auren.com\/ar\/blog\/por-que-trabajar-en-el-cambio-organizacional\/","name":"\u00bfPor qu\u00e9 trabajar en el cambio organizacional? - Auren Argentina","isPartOf":{"@id":"https:\/\/auren.com\/ar\/#website"},"primaryImageOfPage":{"@id":"https:\/\/auren.com\/ar\/blog\/por-que-trabajar-en-el-cambio-organizacional\/#primaryimage"},"image":{"@id":"https:\/\/auren.com\/ar\/blog\/por-que-trabajar-en-el-cambio-organizacional\/#primaryimage"},"thumbnailUrl":"https:\/\/auren.com\/ar\/wp-content\/uploads\/2024\/07\/cambio-organizacional-2.png","datePublished":"2024-07-02T11:08:18+00:00","description":"El cambio organizacional impactan en las empresas. La cultura, los l\u00edderes del cambio, los agentes del cambio.","breadcrumb":{"@id":"https:\/\/auren.com\/ar\/blog\/por-que-trabajar-en-el-cambio-organizacional\/#breadcrumb"},"inLanguage":"es","potentialAction":[{"@type":"ReadAction","target":["https:\/\/auren.com\/ar\/blog\/por-que-trabajar-en-el-cambio-organizacional\/"]}]},{"@type":"ImageObject","inLanguage":"es","@id":"https:\/\/auren.com\/ar\/blog\/por-que-trabajar-en-el-cambio-organizacional\/#primaryimage","url":"https:\/\/auren.com\/ar\/wp-content\/uploads\/2024\/07\/cambio-organizacional-2.png","contentUrl":"https:\/\/auren.com\/ar\/wp-content\/uploads\/2024\/07\/cambio-organizacional-2.png","width":1105,"height":847},{"@type":"BreadcrumbList","@id":"https:\/\/auren.com\/ar\/blog\/por-que-trabajar-en-el-cambio-organizacional\/#breadcrumb","itemListElement":[{"@type":"ListItem","position":1,"name":"Portada","item":"https:\/\/auren.com\/ar\/"},{"@type":"ListItem","position":2,"name":"\u00bfPor qu\u00e9 trabajar en el cambio organizacional?"}]},{"@type":"WebSite","@id":"https:\/\/auren.com\/ar\/#website","url":"https:\/\/auren.com\/ar\/","name":"Auren Argentina","description":"","publisher":{"@id":"https:\/\/auren.com\/ar\/#organization"},"potentialAction":[{"@type":"SearchAction","target":{"@type":"EntryPoint","urlTemplate":"https:\/\/auren.com\/ar\/?s={search_term_string}"},"query-input":{"@type":"PropertyValueSpecification","valueRequired":true,"valueName":"search_term_string"}}],"inLanguage":"es"},{"@type":"Organization","@id":"https:\/\/auren.com\/ar\/#organization","name":"Auren Argentina","url":"https:\/\/auren.com\/ar\/","logo":{"@type":"ImageObject","inLanguage":"es","@id":"https:\/\/auren.com\/ar\/#\/schema\/logo\/image\/","url":"https:\/\/auren.com\/ar\/wp-content\/uploads\/2025\/01\/cropped-cropped-favicon-Auren.png","contentUrl":"https:\/\/auren.com\/ar\/wp-content\/uploads\/2025\/01\/cropped-cropped-favicon-Auren.png","width":512,"height":512,"caption":"Auren Argentina"},"image":{"@id":"https:\/\/auren.com\/ar\/#\/schema\/logo\/image\/"},"sameAs":["https:\/\/www.facebook.com\/AurenArg\/","https:\/\/x.com\/AUREN_Argentina","https:\/\/www.linkedin.com\/company\/aurenargentina","https:\/\/www.youtube.com\/channel\/UCSCseiHMECB0uMBGF9wtjSw","https:\/\/www.instagram.com\/aurenargentina\/"]}]}},"_links":{"self":[{"href":"https:\/\/auren.com\/ar\/wp-json\/wp\/v2\/blog\/11025","targetHints":{"allow":["GET"]}}],"collection":[{"href":"https:\/\/auren.com\/ar\/wp-json\/wp\/v2\/blog"}],"about":[{"href":"https:\/\/auren.com\/ar\/wp-json\/wp\/v2\/types\/blog"}],"version-history":[{"count":0,"href":"https:\/\/auren.com\/ar\/wp-json\/wp\/v2\/blog\/11025\/revisions"}],"wp:featuredmedia":[{"embeddable":true,"href":"https:\/\/auren.com\/ar\/wp-json\/wp\/v2\/media\/11026"}],"wp:attachment":[{"href":"https:\/\/auren.com\/ar\/wp-json\/wp\/v2\/media?parent=11025"}],"wp:term":[{"taxonomy":"blog-category","embeddable":true,"href":"https:\/\/auren.com\/ar\/wp-json\/wp\/v2\/blog-category?post=11025"}],"curies":[{"name":"wp","href":"https:\/\/api.w.org\/{rel}","templated":true}]}}