{"id":11033,"date":"2024-06-13T11:55:15","date_gmt":"2024-06-13T09:55:15","guid":{"rendered":"https:\/\/auren.com\/ar\/blog\/como-integrar-la-adopcion-de-tecnologia-en-la-agenda-del-ceo\/"},"modified":"2024-06-13T11:55:15","modified_gmt":"2024-06-13T09:55:15","slug":"como-integrar-la-adopcion-de-tecnologia-en-la-agenda-del-ceo","status":"publish","type":"blog","link":"https:\/\/auren.com\/ar\/blog\/como-integrar-la-adopcion-de-tecnologia-en-la-agenda-del-ceo\/","title":{"rendered":"\u00bfC\u00f3mo integrar la adopci\u00f3n de tecnolog\u00eda en la agenda del CEO?"},"content":{"rendered":"<p>En la era digital, la adopci\u00f3n de tecnolog\u00edas avanzadas se ha convertido en una parte integral de la supervivencia y el crecimiento organizacional. Como l\u00edder de la empresa, el CEO debe actuar como motor de innovaci\u00f3n, guiando a la organizaci\u00f3n hacia un futuro tecnol\u00f3gicamente avanzado y prometedor.<\/p>\n<p>A continuaci\u00f3n se presentan algunos puntos que ayudar\u00e1n al director ejecutivo a incorporar el papel de la adopci\u00f3n de tecnolog\u00eda en el cronograma. Enfatice por qu\u00e9 es fundamental dedicar tiempo a la lluvia de ideas con otros CEO, las consecuencias negativas de no adoptar tecnolog\u00edas en la era digital y el impacto del esp\u00edritu innovador del CEO en la organizaci\u00f3n.<\/p>\n<p><strong>C\u00f3mo integrar la adopci\u00f3n de tecnolog\u00eda en la agenda del CEO<\/strong><\/p>\n<p>El CEO incluye la gesti\u00f3n estrat\u00e9gica, la supervisi\u00f3n de las operaciones diarias y la direcci\u00f3n de equipos de trabajo. En el centro de esta funci\u00f3n est\u00e1 la necesidad de mantenerse actualizado e integrar tecnolog\u00edas avanzadas. Aqu\u00ed hay algunos pasos para incorporar esto en el cronograma del CEO:<\/p>\n<ol type=\"1\">\n<li><strong>Explorar y aprender sobre nuevas tecnolog\u00edas:<\/strong>&nbsp;el director ejecutivo debe reservar un tiempo regular, como dos horas por semana, para leer y aprender sobre nuevas tecnolog\u00edas y tendencias del mercado. Esto incluye leer art\u00edculos de investigaci\u00f3n, asistir a conferencias tecnol\u00f3gicas y revisar blogs y art\u00edculos profesionales.<\/li>\n<\/ol>\n<ul>\n<li><strong>Reuniones de Lluvia de Ideas con Equipos de Trabajo:<\/strong>&nbsp;Es crucial realizar reuniones peri\u00f3dicas con los equipos de trabajo de la organizaci\u00f3n para discutir nuevas tecnolog\u00edas y entender sus necesidades y oportunidades. Estas reuniones pueden realizarse una vez al mes y deben dedicarse al pensamiento creativo y a generar nuevas ideas.<\/li>\n<li><strong>Lluvia de ideas con otros directores ejecutivos:<\/strong>&nbsp;la colaboraci\u00f3n con otros directores ejecutivos de la industria puede generar ideas innovadoras y aprender de sus experiencias. El CEO puede dedicar dos veces al a\u00f1o a reuniones o participaci\u00f3n en foros de altos ejecutivos.<\/li>\n<\/ul>\n<p><strong>Los inconvenientes de no adoptar tecnolog\u00edas en la era digital<\/strong><\/p>\n<p>No adoptar nuevas tecnolog\u00edas puede conllevar varias desventajas importantes:<\/p>\n<ol type=\"1\">\n<li><strong>P\u00e9rdida de ventaja competitiva:<\/strong>&nbsp;las organizaciones que no adoptan nuevas tecnolog\u00edas pueden quedar rezagadas en la competencia con organizaciones que innovan continuamente.<\/li>\n<\/ol>\n<ul>\n<li><strong>Productividad reducida:<\/strong>&nbsp;las tecnolog\u00edas avanzadas pueden mejorar los procesos y aumentar la productividad. La organizaci\u00f3n puede tener dificultades para cumplir sus objetivos y manejar la demanda sin adoptar estas tecnolog\u00edas.<\/li>\n<li><strong>Disminuci\u00f3n de la capacidad para atraer y retener empleados talentosos:<\/strong>&nbsp;los empleados buscan organizaciones innovadoras con las herramientas m\u00e1s avanzadas. La falta de innovaci\u00f3n puede generar dificultades para reclutar y retener empleados talentosos.<\/li>\n<\/ul>\n<p><strong>El impacto del esp\u00edritu del CEO en la organizaci\u00f3n<\/strong><\/p>\n<p>El esp\u00edritu del CEO afecta directamente la cultura organizacional y la motivaci\u00f3n de los empleados. Cuando el CEO lidera con apertura a la innovaci\u00f3n y da un ejemplo personal, esto impacta a toda la organizaci\u00f3n de varias maneras:<\/p>\n<ol type=\"1\">\n<li><strong>Mayor motivaci\u00f3n:<\/strong>&nbsp;los empleados tienden a estar m\u00e1s comprometidos cuando ven a su l\u00edder impulsando la innovaci\u00f3n e invirtiendo en tecnolog\u00edas avanzadas.<\/li>\n<\/ol>\n<ul>\n<li><strong>Cultura organizacional mejorada:<\/strong>&nbsp;un enfoque abierto a la innovaci\u00f3n fomenta una cultura de aprendizaje, creatividad y colaboraci\u00f3n. Los empleados se sienten parte del proceso de progreso y de la organizaci\u00f3n.<\/li>\n<li><strong>Empoderar a los empleados:<\/strong>&nbsp;cuando el director ejecutivo posiciona la innovaci\u00f3n como un valor central, los empleados sienten que est\u00e1n trabajando en el mercado y en una organizaci\u00f3n importante. Esto mejora su autoestima y conduce a mejores logros.<\/li>\n<\/ul>\n<p>En resumen, el director ejecutivo debe integrar su papel como motor de innovaci\u00f3n en su agenda explorando nuevas tecnolog\u00edas, intercambiando ideas con los equipos y otros directores ejecutivos y comprendiendo los inconvenientes de no adoptar tecnolog\u00edas. El esp\u00edritu del CEO impacta a toda la organizaci\u00f3n, aumenta la motivaci\u00f3n y mejora la cultura organizacional. En su papel fundamental, el director ejecutivo conduce la organizaci\u00f3n hacia un futuro prometedor y tecnol\u00f3gicamente avanzado.<\/p>\n<p><a href=\"https:\/\/auren.com\/il\/blog\/ofir-angel\/\"><em>Ofir \u00c1ngel,<\/em><\/a><em>&nbsp;&nbsp;presidente de&nbsp;&nbsp;<\/em><a href=\"https:\/\/auren.com\/il\/\"><em>Auren Israel<\/em><\/a><\/p>\n<p><!-- AddThis Advanced Settings generic via filter on the_content --><!-- AddThis Share Buttons generic via filter on the_content --><\/p>\n","protected":false},"excerpt":{"rendered":"<p>En la era digital, la adopci\u00f3n de tecnolog\u00edas avanzadas se ha convertido en una parte integral de la supervivencia y el crecimiento organizacional. Como l\u00edder de la empresa, el CEO [&hellip;]<\/p>\n","protected":false},"featured_media":11034,"template":"","meta":{"_acf_changed":false,"footnotes":""},"blog-category":[],"class_list":["post-11033","blog","type-blog","status-publish","has-post-thumbnail","hentry"],"acf":[],"yoast_head":"<!-- This site is optimized with the Yoast SEO plugin v27.5 - https:\/\/yoast.com\/product\/yoast-seo-wordpress\/ -->\n<title>\u00bfC\u00f3mo integrar la adopci\u00f3n de tecnolog\u00eda en la agenda del CEO? - Auren Argentina<\/title>\n<meta name=\"description\" content=\"Como l\u00edder de la empresa, el CEO debe actuar como motor de innovaci\u00f3n, guiando a la organizaci\u00f3n hacia un futuro tecnol\u00f3gicamente avanzado-\" \/>\n<meta name=\"robots\" content=\"index, follow, max-snippet:-1, max-image-preview:large, max-video-preview:-1\" \/>\n<link rel=\"canonical\" href=\"https:\/\/auren.com\/ar\/blog\/como-integrar-la-adopcion-de-tecnologia-en-la-agenda-del-ceo\/\" \/>\n<meta property=\"og:locale\" content=\"es_ES\" \/>\n<meta property=\"og:type\" content=\"article\" \/>\n<meta property=\"og:title\" content=\"\u00bfC\u00f3mo integrar la adopci\u00f3n de tecnolog\u00eda en la agenda del CEO? - Auren Argentina\" \/>\n<meta property=\"og:description\" content=\"Como l\u00edder de la empresa, el CEO debe actuar como motor de innovaci\u00f3n, guiando a la organizaci\u00f3n hacia un futuro tecnol\u00f3gicamente avanzado-\" \/>\n<meta property=\"og:url\" content=\"https:\/\/auren.com\/ar\/blog\/como-integrar-la-adopcion-de-tecnologia-en-la-agenda-del-ceo\/\" \/>\n<meta property=\"og:site_name\" content=\"Auren Argentina\" \/>\n<meta property=\"article:publisher\" content=\"https:\/\/www.facebook.com\/AurenArg\/\" \/>\n<meta property=\"og:image\" content=\"https:\/\/auren.com\/ar\/wp-content\/uploads\/2024\/06\/IMAGEN-BLOG-2-2.png\" \/>\n\t<meta property=\"og:image:width\" content=\"746\" \/>\n\t<meta property=\"og:image:height\" content=\"504\" \/>\n\t<meta property=\"og:image:type\" content=\"image\/png\" \/>\n<meta name=\"twitter:card\" content=\"summary_large_image\" \/>\n<meta name=\"twitter:site\" content=\"@AUREN_Argentina\" \/>\n<meta name=\"twitter:label1\" content=\"Tiempo de lectura\" \/>\n\t<meta name=\"twitter:data1\" content=\"4 minutos\" \/>\n<script type=\"application\/ld+json\" class=\"yoast-schema-graph\">{\"@context\":\"https:\\\/\\\/schema.org\",\"@graph\":[{\"@type\":\"WebPage\",\"@id\":\"https:\\\/\\\/auren.com\\\/ar\\\/blog\\\/como-integrar-la-adopcion-de-tecnologia-en-la-agenda-del-ceo\\\/\",\"url\":\"https:\\\/\\\/auren.com\\\/ar\\\/blog\\\/como-integrar-la-adopcion-de-tecnologia-en-la-agenda-del-ceo\\\/\",\"name\":\"\u00bfC\u00f3mo integrar la adopci\u00f3n de tecnolog\u00eda en la agenda del CEO? - Auren Argentina\",\"isPartOf\":{\"@id\":\"https:\\\/\\\/auren.com\\\/ar\\\/#website\"},\"primaryImageOfPage\":{\"@id\":\"https:\\\/\\\/auren.com\\\/ar\\\/blog\\\/como-integrar-la-adopcion-de-tecnologia-en-la-agenda-del-ceo\\\/#primaryimage\"},\"image\":{\"@id\":\"https:\\\/\\\/auren.com\\\/ar\\\/blog\\\/como-integrar-la-adopcion-de-tecnologia-en-la-agenda-del-ceo\\\/#primaryimage\"},\"thumbnailUrl\":\"https:\\\/\\\/auren.com\\\/ar\\\/wp-content\\\/uploads\\\/2024\\\/06\\\/IMAGEN-BLOG-2-2.png\",\"datePublished\":\"2024-06-13T09:55:15+00:00\",\"description\":\"Como l\u00edder de la empresa, el CEO debe actuar como motor de innovaci\u00f3n, guiando a la organizaci\u00f3n hacia un futuro tecnol\u00f3gicamente avanzado-\",\"breadcrumb\":{\"@id\":\"https:\\\/\\\/auren.com\\\/ar\\\/blog\\\/como-integrar-la-adopcion-de-tecnologia-en-la-agenda-del-ceo\\\/#breadcrumb\"},\"inLanguage\":\"es\",\"potentialAction\":[{\"@type\":\"ReadAction\",\"target\":[\"https:\\\/\\\/auren.com\\\/ar\\\/blog\\\/como-integrar-la-adopcion-de-tecnologia-en-la-agenda-del-ceo\\\/\"]}]},{\"@type\":\"ImageObject\",\"inLanguage\":\"es\",\"@id\":\"https:\\\/\\\/auren.com\\\/ar\\\/blog\\\/como-integrar-la-adopcion-de-tecnologia-en-la-agenda-del-ceo\\\/#primaryimage\",\"url\":\"https:\\\/\\\/auren.com\\\/ar\\\/wp-content\\\/uploads\\\/2024\\\/06\\\/IMAGEN-BLOG-2-2.png\",\"contentUrl\":\"https:\\\/\\\/auren.com\\\/ar\\\/wp-content\\\/uploads\\\/2024\\\/06\\\/IMAGEN-BLOG-2-2.png\",\"width\":746,\"height\":504},{\"@type\":\"BreadcrumbList\",\"@id\":\"https:\\\/\\\/auren.com\\\/ar\\\/blog\\\/como-integrar-la-adopcion-de-tecnologia-en-la-agenda-del-ceo\\\/#breadcrumb\",\"itemListElement\":[{\"@type\":\"ListItem\",\"position\":1,\"name\":\"Portada\",\"item\":\"https:\\\/\\\/auren.com\\\/ar\\\/\"},{\"@type\":\"ListItem\",\"position\":2,\"name\":\"\u00bfC\u00f3mo integrar la adopci\u00f3n de tecnolog\u00eda en la agenda del CEO?\"}]},{\"@type\":\"WebSite\",\"@id\":\"https:\\\/\\\/auren.com\\\/ar\\\/#website\",\"url\":\"https:\\\/\\\/auren.com\\\/ar\\\/\",\"name\":\"Auren Argentina\",\"description\":\"\",\"publisher\":{\"@id\":\"https:\\\/\\\/auren.com\\\/ar\\\/#organization\"},\"potentialAction\":[{\"@type\":\"SearchAction\",\"target\":{\"@type\":\"EntryPoint\",\"urlTemplate\":\"https:\\\/\\\/auren.com\\\/ar\\\/?s={search_term_string}\"},\"query-input\":{\"@type\":\"PropertyValueSpecification\",\"valueRequired\":true,\"valueName\":\"search_term_string\"}}],\"inLanguage\":\"es\"},{\"@type\":\"Organization\",\"@id\":\"https:\\\/\\\/auren.com\\\/ar\\\/#organization\",\"name\":\"Auren Argentina\",\"url\":\"https:\\\/\\\/auren.com\\\/ar\\\/\",\"logo\":{\"@type\":\"ImageObject\",\"inLanguage\":\"es\",\"@id\":\"https:\\\/\\\/auren.com\\\/ar\\\/#\\\/schema\\\/logo\\\/image\\\/\",\"url\":\"https:\\\/\\\/auren.com\\\/ar\\\/wp-content\\\/uploads\\\/2025\\\/01\\\/cropped-cropped-favicon-Auren.png\",\"contentUrl\":\"https:\\\/\\\/auren.com\\\/ar\\\/wp-content\\\/uploads\\\/2025\\\/01\\\/cropped-cropped-favicon-Auren.png\",\"width\":512,\"height\":512,\"caption\":\"Auren Argentina\"},\"image\":{\"@id\":\"https:\\\/\\\/auren.com\\\/ar\\\/#\\\/schema\\\/logo\\\/image\\\/\"},\"sameAs\":[\"https:\\\/\\\/www.facebook.com\\\/AurenArg\\\/\",\"https:\\\/\\\/x.com\\\/AUREN_Argentina\",\"https:\\\/\\\/www.linkedin.com\\\/company\\\/aurenargentina\",\"https:\\\/\\\/www.youtube.com\\\/channel\\\/UCSCseiHMECB0uMBGF9wtjSw\",\"https:\\\/\\\/www.instagram.com\\\/aurenargentina\\\/\"]}]}<\/script>\n<!-- \/ Yoast SEO plugin. -->","yoast_head_json":{"title":"\u00bfC\u00f3mo integrar la adopci\u00f3n de tecnolog\u00eda en la agenda del CEO? - Auren Argentina","description":"Como l\u00edder de la empresa, el CEO debe actuar como motor de innovaci\u00f3n, guiando a la organizaci\u00f3n hacia un futuro tecnol\u00f3gicamente avanzado-","robots":{"index":"index","follow":"follow","max-snippet":"max-snippet:-1","max-image-preview":"max-image-preview:large","max-video-preview":"max-video-preview:-1"},"canonical":"https:\/\/auren.com\/ar\/blog\/como-integrar-la-adopcion-de-tecnologia-en-la-agenda-del-ceo\/","og_locale":"es_ES","og_type":"article","og_title":"\u00bfC\u00f3mo integrar la adopci\u00f3n de tecnolog\u00eda en la agenda del CEO? - Auren Argentina","og_description":"Como l\u00edder de la empresa, el CEO debe actuar como motor de innovaci\u00f3n, guiando a la organizaci\u00f3n hacia un futuro tecnol\u00f3gicamente avanzado-","og_url":"https:\/\/auren.com\/ar\/blog\/como-integrar-la-adopcion-de-tecnologia-en-la-agenda-del-ceo\/","og_site_name":"Auren Argentina","article_publisher":"https:\/\/www.facebook.com\/AurenArg\/","og_image":[{"width":746,"height":504,"url":"https:\/\/auren.com\/ar\/wp-content\/uploads\/2024\/06\/IMAGEN-BLOG-2-2.png","type":"image\/png"}],"twitter_card":"summary_large_image","twitter_site":"@AUREN_Argentina","twitter_misc":{"Tiempo de lectura":"4 minutos"},"schema":{"@context":"https:\/\/schema.org","@graph":[{"@type":"WebPage","@id":"https:\/\/auren.com\/ar\/blog\/como-integrar-la-adopcion-de-tecnologia-en-la-agenda-del-ceo\/","url":"https:\/\/auren.com\/ar\/blog\/como-integrar-la-adopcion-de-tecnologia-en-la-agenda-del-ceo\/","name":"\u00bfC\u00f3mo integrar la adopci\u00f3n de tecnolog\u00eda en la agenda del CEO? - Auren Argentina","isPartOf":{"@id":"https:\/\/auren.com\/ar\/#website"},"primaryImageOfPage":{"@id":"https:\/\/auren.com\/ar\/blog\/como-integrar-la-adopcion-de-tecnologia-en-la-agenda-del-ceo\/#primaryimage"},"image":{"@id":"https:\/\/auren.com\/ar\/blog\/como-integrar-la-adopcion-de-tecnologia-en-la-agenda-del-ceo\/#primaryimage"},"thumbnailUrl":"https:\/\/auren.com\/ar\/wp-content\/uploads\/2024\/06\/IMAGEN-BLOG-2-2.png","datePublished":"2024-06-13T09:55:15+00:00","description":"Como l\u00edder de la empresa, el CEO debe actuar como motor de innovaci\u00f3n, guiando a la organizaci\u00f3n hacia un futuro tecnol\u00f3gicamente avanzado-","breadcrumb":{"@id":"https:\/\/auren.com\/ar\/blog\/como-integrar-la-adopcion-de-tecnologia-en-la-agenda-del-ceo\/#breadcrumb"},"inLanguage":"es","potentialAction":[{"@type":"ReadAction","target":["https:\/\/auren.com\/ar\/blog\/como-integrar-la-adopcion-de-tecnologia-en-la-agenda-del-ceo\/"]}]},{"@type":"ImageObject","inLanguage":"es","@id":"https:\/\/auren.com\/ar\/blog\/como-integrar-la-adopcion-de-tecnologia-en-la-agenda-del-ceo\/#primaryimage","url":"https:\/\/auren.com\/ar\/wp-content\/uploads\/2024\/06\/IMAGEN-BLOG-2-2.png","contentUrl":"https:\/\/auren.com\/ar\/wp-content\/uploads\/2024\/06\/IMAGEN-BLOG-2-2.png","width":746,"height":504},{"@type":"BreadcrumbList","@id":"https:\/\/auren.com\/ar\/blog\/como-integrar-la-adopcion-de-tecnologia-en-la-agenda-del-ceo\/#breadcrumb","itemListElement":[{"@type":"ListItem","position":1,"name":"Portada","item":"https:\/\/auren.com\/ar\/"},{"@type":"ListItem","position":2,"name":"\u00bfC\u00f3mo integrar la adopci\u00f3n de tecnolog\u00eda en la agenda del CEO?"}]},{"@type":"WebSite","@id":"https:\/\/auren.com\/ar\/#website","url":"https:\/\/auren.com\/ar\/","name":"Auren Argentina","description":"","publisher":{"@id":"https:\/\/auren.com\/ar\/#organization"},"potentialAction":[{"@type":"SearchAction","target":{"@type":"EntryPoint","urlTemplate":"https:\/\/auren.com\/ar\/?s={search_term_string}"},"query-input":{"@type":"PropertyValueSpecification","valueRequired":true,"valueName":"search_term_string"}}],"inLanguage":"es"},{"@type":"Organization","@id":"https:\/\/auren.com\/ar\/#organization","name":"Auren Argentina","url":"https:\/\/auren.com\/ar\/","logo":{"@type":"ImageObject","inLanguage":"es","@id":"https:\/\/auren.com\/ar\/#\/schema\/logo\/image\/","url":"https:\/\/auren.com\/ar\/wp-content\/uploads\/2025\/01\/cropped-cropped-favicon-Auren.png","contentUrl":"https:\/\/auren.com\/ar\/wp-content\/uploads\/2025\/01\/cropped-cropped-favicon-Auren.png","width":512,"height":512,"caption":"Auren Argentina"},"image":{"@id":"https:\/\/auren.com\/ar\/#\/schema\/logo\/image\/"},"sameAs":["https:\/\/www.facebook.com\/AurenArg\/","https:\/\/x.com\/AUREN_Argentina","https:\/\/www.linkedin.com\/company\/aurenargentina","https:\/\/www.youtube.com\/channel\/UCSCseiHMECB0uMBGF9wtjSw","https:\/\/www.instagram.com\/aurenargentina\/"]}]}},"_links":{"self":[{"href":"https:\/\/auren.com\/ar\/wp-json\/wp\/v2\/blog\/11033","targetHints":{"allow":["GET"]}}],"collection":[{"href":"https:\/\/auren.com\/ar\/wp-json\/wp\/v2\/blog"}],"about":[{"href":"https:\/\/auren.com\/ar\/wp-json\/wp\/v2\/types\/blog"}],"version-history":[{"count":0,"href":"https:\/\/auren.com\/ar\/wp-json\/wp\/v2\/blog\/11033\/revisions"}],"wp:featuredmedia":[{"embeddable":true,"href":"https:\/\/auren.com\/ar\/wp-json\/wp\/v2\/media\/11034"}],"wp:attachment":[{"href":"https:\/\/auren.com\/ar\/wp-json\/wp\/v2\/media?parent=11033"}],"wp:term":[{"taxonomy":"blog-category","embeddable":true,"href":"https:\/\/auren.com\/ar\/wp-json\/wp\/v2\/blog-category?post=11033"}],"curies":[{"name":"wp","href":"https:\/\/api.w.org\/{rel}","templated":true}]}}