{"id":11052,"date":"2024-05-15T14:31:12","date_gmt":"2024-05-15T12:31:12","guid":{"rendered":"https:\/\/auren.com\/ar\/blog\/se-derogo-el-sisa-para-productores-de-granos\/"},"modified":"2024-05-15T14:31:12","modified_gmt":"2024-05-15T12:31:12","slug":"se-derogo-el-sisa-para-productores-de-granos","status":"publish","type":"blog","link":"https:\/\/auren.com\/ar\/blog\/se-derogo-el-sisa-para-productores-de-granos\/","title":{"rendered":"Se derog\u00f3 el SISA para productores de granos"},"content":{"rendered":"<p>Se abroga el r\u00e9gimen de informaci\u00f3n respecto de la producci\u00f3n de granos y semillas en proceso de certificaci\u00f3n -cereales y oleaginosas- y legumbres secas, y de las existencias de trigo, (<a href=\"https:\/\/contadoresenred.com\/regimen-de-informacion-produccion-de-granos-y-semillas-en-proceso-de-certificacion-rgc-5236-22\/\" target=\"_blank\" rel=\"noreferrer noopener\">Resoluci\u00f3n General Conjunta 5236\/2022<\/a>). El cual hab\u00eda implementado -dentro del \u201cSistema de Informaci\u00f3n Simplificado Agr\u00edcola \u2013 SISA\u201d-<\/p>\n<p>\u00bfCu\u00e1les son las novedades?<\/p>\n<ul>\n<li>IP1: existencias de granos<strong>&nbsp;<\/strong>con fecha de corte al 30\/9 de cada a\u00f1o conjuntamente con la informaci\u00f3n respecto de la composici\u00f3n de la&nbsp;<strong>sementera fina, superficie afectada<\/strong>&nbsp;a los cultivos de invierno, indicando la variedad de semilla utilizada en su caso. Con vencimiento hasta el 31 de octubre de cada a\u00f1o.<\/li>\n<li>IP2:\u00a0<strong>Superficie agricola<\/strong> destinada los cultivos de verano, indicando la variedad de semilla utilizada en su caso. A presentar desde el 1\u00b0 de diciembre hasta el  28 de febrero de cada a\u00f1o.<\/li>\n<\/ul>\n<p>La AFIP, junto con el Ministerio de Econom\u00eda, dictaron la Resoluci\u00f3n General Conjunta 5510, con el fin de disminuir la cantidad de presentaciones anuales que deben realizar los productores agr\u00edcolas.<\/p>\n<p>El r\u00e9gimen de informaci\u00f3n de granos SISA ten\u00eda inconvenientes sist\u00e9micos que implicaban retrasos en la entrega de mercader\u00eda y los pagos.<\/p>\n<p>Por <a href=\"https:\/\/www.auren.site\/impuestos\">Impuestos<\/a>  &#8211; <a href=\"https:\/\/auren.com\/ar\/\">Auren Argentina<\/a><\/p>\n<p><!-- AddThis Advanced Settings generic via filter on the_content --><!-- AddThis Share Buttons generic via filter on the_content --><\/p>\n","protected":false},"excerpt":{"rendered":"<p>Se abroga el r\u00e9gimen de informaci\u00f3n respecto de la producci\u00f3n de granos y semillas en proceso de certificaci\u00f3n -cereales y oleaginosas- y legumbres secas, y de las existencias de trigo, [&hellip;]<\/p>\n","protected":false},"featured_media":11053,"template":"","meta":{"_acf_changed":false,"footnotes":""},"blog-category":[],"class_list":["post-11052","blog","type-blog","status-publish","has-post-thumbnail","hentry"],"acf":[],"yoast_head":"<!-- This site is optimized with the Yoast SEO plugin v27.5 - https:\/\/yoast.com\/product\/yoast-seo-wordpress\/ -->\n<title>Se derog\u00f3 el SISA para productores de granos - Auren Argentina<\/title>\n<meta name=\"description\" content=\"SISA. Se deroga el r\u00e9gimen de informaci\u00f3n respecto de la producci\u00f3n de granos y semillas en proceso de certificaci\u00f3n.\" \/>\n<meta name=\"robots\" content=\"index, follow, max-snippet:-1, max-image-preview:large, max-video-preview:-1\" \/>\n<link rel=\"canonical\" href=\"https:\/\/auren.com\/ar\/blog\/se-derogo-el-sisa-para-productores-de-granos\/\" \/>\n<meta property=\"og:locale\" content=\"es_ES\" \/>\n<meta property=\"og:type\" content=\"article\" \/>\n<meta property=\"og:title\" content=\"Se derog\u00f3 el SISA para productores de granos - Auren Argentina\" \/>\n<meta property=\"og:description\" content=\"SISA. Se deroga el r\u00e9gimen de informaci\u00f3n respecto de la producci\u00f3n de granos y semillas en proceso de certificaci\u00f3n.\" \/>\n<meta property=\"og:url\" content=\"https:\/\/auren.com\/ar\/blog\/se-derogo-el-sisa-para-productores-de-granos\/\" \/>\n<meta property=\"og:site_name\" content=\"Auren Argentina\" \/>\n<meta property=\"article:publisher\" content=\"https:\/\/www.facebook.com\/AurenArg\/\" \/>\n<meta property=\"og:image\" content=\"https:\/\/auren.com\/ar\/wp-content\/uploads\/2024\/05\/5P1X1p-3v_360x240__1-2.jpg\" \/>\n\t<meta property=\"og:image:width\" content=\"360\" \/>\n\t<meta property=\"og:image:height\" content=\"240\" \/>\n\t<meta property=\"og:image:type\" content=\"image\/jpeg\" \/>\n<meta name=\"twitter:card\" content=\"summary_large_image\" \/>\n<meta name=\"twitter:site\" content=\"@AUREN_Argentina\" \/>\n<meta name=\"twitter:label1\" content=\"Tiempo de lectura\" \/>\n\t<meta name=\"twitter:data1\" content=\"1 minuto\" \/>\n<script type=\"application\/ld+json\" class=\"yoast-schema-graph\">{\"@context\":\"https:\\\/\\\/schema.org\",\"@graph\":[{\"@type\":\"WebPage\",\"@id\":\"https:\\\/\\\/auren.com\\\/ar\\\/blog\\\/se-derogo-el-sisa-para-productores-de-granos\\\/\",\"url\":\"https:\\\/\\\/auren.com\\\/ar\\\/blog\\\/se-derogo-el-sisa-para-productores-de-granos\\\/\",\"name\":\"Se derog\u00f3 el SISA para productores de granos - Auren Argentina\",\"isPartOf\":{\"@id\":\"https:\\\/\\\/auren.com\\\/ar\\\/#website\"},\"primaryImageOfPage\":{\"@id\":\"https:\\\/\\\/auren.com\\\/ar\\\/blog\\\/se-derogo-el-sisa-para-productores-de-granos\\\/#primaryimage\"},\"image\":{\"@id\":\"https:\\\/\\\/auren.com\\\/ar\\\/blog\\\/se-derogo-el-sisa-para-productores-de-granos\\\/#primaryimage\"},\"thumbnailUrl\":\"https:\\\/\\\/auren.com\\\/ar\\\/wp-content\\\/uploads\\\/2024\\\/05\\\/5P1X1p-3v_360x240__1-2.jpg\",\"datePublished\":\"2024-05-15T12:31:12+00:00\",\"description\":\"SISA. Se deroga el r\u00e9gimen de informaci\u00f3n respecto de la producci\u00f3n de granos y semillas en proceso de certificaci\u00f3n.\",\"breadcrumb\":{\"@id\":\"https:\\\/\\\/auren.com\\\/ar\\\/blog\\\/se-derogo-el-sisa-para-productores-de-granos\\\/#breadcrumb\"},\"inLanguage\":\"es\",\"potentialAction\":[{\"@type\":\"ReadAction\",\"target\":[\"https:\\\/\\\/auren.com\\\/ar\\\/blog\\\/se-derogo-el-sisa-para-productores-de-granos\\\/\"]}]},{\"@type\":\"ImageObject\",\"inLanguage\":\"es\",\"@id\":\"https:\\\/\\\/auren.com\\\/ar\\\/blog\\\/se-derogo-el-sisa-para-productores-de-granos\\\/#primaryimage\",\"url\":\"https:\\\/\\\/auren.com\\\/ar\\\/wp-content\\\/uploads\\\/2024\\\/05\\\/5P1X1p-3v_360x240__1-2.jpg\",\"contentUrl\":\"https:\\\/\\\/auren.com\\\/ar\\\/wp-content\\\/uploads\\\/2024\\\/05\\\/5P1X1p-3v_360x240__1-2.jpg\",\"width\":360,\"height\":240},{\"@type\":\"BreadcrumbList\",\"@id\":\"https:\\\/\\\/auren.com\\\/ar\\\/blog\\\/se-derogo-el-sisa-para-productores-de-granos\\\/#breadcrumb\",\"itemListElement\":[{\"@type\":\"ListItem\",\"position\":1,\"name\":\"Portada\",\"item\":\"https:\\\/\\\/auren.com\\\/ar\\\/\"},{\"@type\":\"ListItem\",\"position\":2,\"name\":\"Se derog\u00f3 el SISA para productores de granos\"}]},{\"@type\":\"WebSite\",\"@id\":\"https:\\\/\\\/auren.com\\\/ar\\\/#website\",\"url\":\"https:\\\/\\\/auren.com\\\/ar\\\/\",\"name\":\"Auren Argentina\",\"description\":\"\",\"publisher\":{\"@id\":\"https:\\\/\\\/auren.com\\\/ar\\\/#organization\"},\"potentialAction\":[{\"@type\":\"SearchAction\",\"target\":{\"@type\":\"EntryPoint\",\"urlTemplate\":\"https:\\\/\\\/auren.com\\\/ar\\\/?s={search_term_string}\"},\"query-input\":{\"@type\":\"PropertyValueSpecification\",\"valueRequired\":true,\"valueName\":\"search_term_string\"}}],\"inLanguage\":\"es\"},{\"@type\":\"Organization\",\"@id\":\"https:\\\/\\\/auren.com\\\/ar\\\/#organization\",\"name\":\"Auren Argentina\",\"url\":\"https:\\\/\\\/auren.com\\\/ar\\\/\",\"logo\":{\"@type\":\"ImageObject\",\"inLanguage\":\"es\",\"@id\":\"https:\\\/\\\/auren.com\\\/ar\\\/#\\\/schema\\\/logo\\\/image\\\/\",\"url\":\"https:\\\/\\\/auren.com\\\/ar\\\/wp-content\\\/uploads\\\/2025\\\/01\\\/cropped-cropped-favicon-Auren.png\",\"contentUrl\":\"https:\\\/\\\/auren.com\\\/ar\\\/wp-content\\\/uploads\\\/2025\\\/01\\\/cropped-cropped-favicon-Auren.png\",\"width\":512,\"height\":512,\"caption\":\"Auren Argentina\"},\"image\":{\"@id\":\"https:\\\/\\\/auren.com\\\/ar\\\/#\\\/schema\\\/logo\\\/image\\\/\"},\"sameAs\":[\"https:\\\/\\\/www.facebook.com\\\/AurenArg\\\/\",\"https:\\\/\\\/x.com\\\/AUREN_Argentina\",\"https:\\\/\\\/www.linkedin.com\\\/company\\\/aurenargentina\",\"https:\\\/\\\/www.youtube.com\\\/channel\\\/UCSCseiHMECB0uMBGF9wtjSw\",\"https:\\\/\\\/www.instagram.com\\\/aurenargentina\\\/\"]}]}<\/script>\n<!-- \/ Yoast SEO plugin. -->","yoast_head_json":{"title":"Se derog\u00f3 el SISA para productores de granos - Auren Argentina","description":"SISA. Se deroga el r\u00e9gimen de informaci\u00f3n respecto de la producci\u00f3n de granos y semillas en proceso de certificaci\u00f3n.","robots":{"index":"index","follow":"follow","max-snippet":"max-snippet:-1","max-image-preview":"max-image-preview:large","max-video-preview":"max-video-preview:-1"},"canonical":"https:\/\/auren.com\/ar\/blog\/se-derogo-el-sisa-para-productores-de-granos\/","og_locale":"es_ES","og_type":"article","og_title":"Se derog\u00f3 el SISA para productores de granos - Auren Argentina","og_description":"SISA. Se deroga el r\u00e9gimen de informaci\u00f3n respecto de la producci\u00f3n de granos y semillas en proceso de certificaci\u00f3n.","og_url":"https:\/\/auren.com\/ar\/blog\/se-derogo-el-sisa-para-productores-de-granos\/","og_site_name":"Auren Argentina","article_publisher":"https:\/\/www.facebook.com\/AurenArg\/","og_image":[{"width":360,"height":240,"url":"https:\/\/auren.com\/ar\/wp-content\/uploads\/2024\/05\/5P1X1p-3v_360x240__1-2.jpg","type":"image\/jpeg"}],"twitter_card":"summary_large_image","twitter_site":"@AUREN_Argentina","twitter_misc":{"Tiempo de lectura":"1 minuto"},"schema":{"@context":"https:\/\/schema.org","@graph":[{"@type":"WebPage","@id":"https:\/\/auren.com\/ar\/blog\/se-derogo-el-sisa-para-productores-de-granos\/","url":"https:\/\/auren.com\/ar\/blog\/se-derogo-el-sisa-para-productores-de-granos\/","name":"Se derog\u00f3 el SISA para productores de granos - Auren Argentina","isPartOf":{"@id":"https:\/\/auren.com\/ar\/#website"},"primaryImageOfPage":{"@id":"https:\/\/auren.com\/ar\/blog\/se-derogo-el-sisa-para-productores-de-granos\/#primaryimage"},"image":{"@id":"https:\/\/auren.com\/ar\/blog\/se-derogo-el-sisa-para-productores-de-granos\/#primaryimage"},"thumbnailUrl":"https:\/\/auren.com\/ar\/wp-content\/uploads\/2024\/05\/5P1X1p-3v_360x240__1-2.jpg","datePublished":"2024-05-15T12:31:12+00:00","description":"SISA. Se deroga el r\u00e9gimen de informaci\u00f3n respecto de la producci\u00f3n de granos y semillas en proceso de certificaci\u00f3n.","breadcrumb":{"@id":"https:\/\/auren.com\/ar\/blog\/se-derogo-el-sisa-para-productores-de-granos\/#breadcrumb"},"inLanguage":"es","potentialAction":[{"@type":"ReadAction","target":["https:\/\/auren.com\/ar\/blog\/se-derogo-el-sisa-para-productores-de-granos\/"]}]},{"@type":"ImageObject","inLanguage":"es","@id":"https:\/\/auren.com\/ar\/blog\/se-derogo-el-sisa-para-productores-de-granos\/#primaryimage","url":"https:\/\/auren.com\/ar\/wp-content\/uploads\/2024\/05\/5P1X1p-3v_360x240__1-2.jpg","contentUrl":"https:\/\/auren.com\/ar\/wp-content\/uploads\/2024\/05\/5P1X1p-3v_360x240__1-2.jpg","width":360,"height":240},{"@type":"BreadcrumbList","@id":"https:\/\/auren.com\/ar\/blog\/se-derogo-el-sisa-para-productores-de-granos\/#breadcrumb","itemListElement":[{"@type":"ListItem","position":1,"name":"Portada","item":"https:\/\/auren.com\/ar\/"},{"@type":"ListItem","position":2,"name":"Se derog\u00f3 el SISA para productores de granos"}]},{"@type":"WebSite","@id":"https:\/\/auren.com\/ar\/#website","url":"https:\/\/auren.com\/ar\/","name":"Auren Argentina","description":"","publisher":{"@id":"https:\/\/auren.com\/ar\/#organization"},"potentialAction":[{"@type":"SearchAction","target":{"@type":"EntryPoint","urlTemplate":"https:\/\/auren.com\/ar\/?s={search_term_string}"},"query-input":{"@type":"PropertyValueSpecification","valueRequired":true,"valueName":"search_term_string"}}],"inLanguage":"es"},{"@type":"Organization","@id":"https:\/\/auren.com\/ar\/#organization","name":"Auren Argentina","url":"https:\/\/auren.com\/ar\/","logo":{"@type":"ImageObject","inLanguage":"es","@id":"https:\/\/auren.com\/ar\/#\/schema\/logo\/image\/","url":"https:\/\/auren.com\/ar\/wp-content\/uploads\/2025\/01\/cropped-cropped-favicon-Auren.png","contentUrl":"https:\/\/auren.com\/ar\/wp-content\/uploads\/2025\/01\/cropped-cropped-favicon-Auren.png","width":512,"height":512,"caption":"Auren Argentina"},"image":{"@id":"https:\/\/auren.com\/ar\/#\/schema\/logo\/image\/"},"sameAs":["https:\/\/www.facebook.com\/AurenArg\/","https:\/\/x.com\/AUREN_Argentina","https:\/\/www.linkedin.com\/company\/aurenargentina","https:\/\/www.youtube.com\/channel\/UCSCseiHMECB0uMBGF9wtjSw","https:\/\/www.instagram.com\/aurenargentina\/"]}]}},"_links":{"self":[{"href":"https:\/\/auren.com\/ar\/wp-json\/wp\/v2\/blog\/11052","targetHints":{"allow":["GET"]}}],"collection":[{"href":"https:\/\/auren.com\/ar\/wp-json\/wp\/v2\/blog"}],"about":[{"href":"https:\/\/auren.com\/ar\/wp-json\/wp\/v2\/types\/blog"}],"version-history":[{"count":0,"href":"https:\/\/auren.com\/ar\/wp-json\/wp\/v2\/blog\/11052\/revisions"}],"wp:featuredmedia":[{"embeddable":true,"href":"https:\/\/auren.com\/ar\/wp-json\/wp\/v2\/media\/11053"}],"wp:attachment":[{"href":"https:\/\/auren.com\/ar\/wp-json\/wp\/v2\/media?parent=11052"}],"wp:term":[{"taxonomy":"blog-category","embeddable":true,"href":"https:\/\/auren.com\/ar\/wp-json\/wp\/v2\/blog-category?post=11052"}],"curies":[{"name":"wp","href":"https:\/\/api.w.org\/{rel}","templated":true}]}}