{"id":11105,"date":"2024-02-20T14:41:04","date_gmt":"2024-02-20T13:41:04","guid":{"rendered":"https:\/\/auren.com\/ar\/blog\/transformacion-empresarial-el-impacto-en-la-era-de-la-personalizacion\/"},"modified":"2024-02-20T14:41:04","modified_gmt":"2024-02-20T13:41:04","slug":"transformacion-empresarial-el-impacto-en-la-era-de-la-personalizacion","status":"publish","type":"blog","link":"https:\/\/auren.com\/ar\/blog\/transformacion-empresarial-el-impacto-en-la-era-de-la-personalizacion\/","title":{"rendered":"Transformaci\u00f3n empresarial: El impacto en la era de la personalizaci\u00f3n"},"content":{"rendered":"<p>La personalizaci\u00f3n se ha convertido en el motor principal que impulsa las estrategias empresariales. Caracterizado por una constante evoluci\u00f3n tecnol\u00f3gica, las empresas est\u00e1n recurriendo a innovaciones, (ej: IA), automatizaci\u00f3n de procesos) para redefinir la manera en que miden audiencias, adaptan estrategias y aprovechan el talento humano.<\/p>\n<p>Gracias a las herramientas de an\u00e1lisis avanzadas quedatos, impulsadas por algoritmos de IA, las empresas tienen la capacidad de desentra\u00f1ar patrones de comportamiento, preferencias y necesidades individuales de los consumidores. Asi, pueden personalizar sus productos, servicios y mensajes de marketing para satisfacer las demandas espec\u00edficas de cada cliente, generando una experiencia unica.<br \/>Esta nueva forma de conocimiento de usuarios y preferencias, permite anticipar sus deseos, requiriendo adaptarse r\u00e1pidamente a los cambios en el comportamiento del consumidor, en un entorno digital en constante evoluci\u00f3n.<\/p>\n<p>Personas, procesos y negocio, est\u00e1n afectado por estos cambios profundos, lo cual lleva a las empresas a ajustar sus estrategias internas y procesos de gesti\u00f3n del talento, para satisfacer las necesidades individuales de sus empleados. La flexibilidad laboral, el desarrollo personalizado y la atenci\u00f3n a las habilidades \u00fanicas de cada individuo son aspectos cada vez m\u00e1s importantes en la retenci\u00f3n y el compromiso de los empleados.<\/p>\n<p>Aquellas organizaciones que son \u00e1giles y est\u00e1n dispuestas a experimentar son las que prosperar\u00e1n en la era de la personalizaci\u00f3n.<\/p>\n<p>En conclusi\u00f3n, las empresas enfrentan el desaf\u00edo de adaptarse constantemente a las necesidades cambiantes de ckientes y empleados. La tecnolog\u00eda, junto con la innovaci\u00f3n, desempe\u00f1an un papel fundamental del proceso al proporcionar insights valiosos y herramientas para la personalizaci\u00f3n y eficiencia operativa. Adem\u00e1s, el talento humano seguir\u00e1 siendo el factor diferenciador. La colaboraci\u00f3n entre el talento y la tecnolog\u00eda es lo que impulsar\u00e1 el \u00e9xito en la era digital.<\/p>\n<p>Por <a href=\"https:\/\/www.linkedin.com\/in\/fabiofabri22\/\">Fabio Fabri<\/a>, Socio de <a href=\"https:\/\/auren.com\/ar\/servicios\/consultoria\/\">Consultor\u00eda<\/a> de <a href=\"https:\/\/auren.com\/ar\/\">Auren Argentina<\/a><\/p>\n<p><!-- AddThis Advanced Settings generic via filter on the_content --><!-- AddThis Share Buttons generic via filter on the_content --><\/p>\n","protected":false},"excerpt":{"rendered":"<p>La personalizaci\u00f3n se ha convertido en el motor principal que impulsa las estrategias empresariales. Caracterizado por una constante evoluci\u00f3n tecnol\u00f3gica, las empresas est\u00e1n recurriendo a innovaciones, (ej: IA), automatizaci\u00f3n de [&hellip;]<\/p>\n","protected":false},"featured_media":11106,"template":"","meta":{"_acf_changed":false,"footnotes":""},"blog-category":[],"class_list":["post-11105","blog","type-blog","status-publish","has-post-thumbnail","hentry"],"acf":[],"yoast_head":"<!-- This site is optimized with the Yoast SEO plugin v27.5 - https:\/\/yoast.com\/product\/yoast-seo-wordpress\/ -->\n<title>Transformaci\u00f3n empresarial: El impacto en la era de la personalizaci\u00f3n - Auren Argentina<\/title>\n<meta name=\"description\" content=\"La personalizaci\u00f3n se ha convertido en el motor principal que impulsa las estrategias empresariales. Transformaci\u00f3n empresarial.\" \/>\n<meta name=\"robots\" content=\"index, follow, max-snippet:-1, max-image-preview:large, max-video-preview:-1\" \/>\n<link rel=\"canonical\" href=\"https:\/\/auren.com\/ar\/blog\/transformacion-empresarial-el-impacto-en-la-era-de-la-personalizacion\/\" \/>\n<meta property=\"og:locale\" content=\"es_ES\" \/>\n<meta property=\"og:type\" content=\"article\" \/>\n<meta property=\"og:title\" content=\"Transformaci\u00f3n empresarial: El impacto en la era de la personalizaci\u00f3n - Auren Argentina\" \/>\n<meta property=\"og:description\" content=\"La personalizaci\u00f3n se ha convertido en el motor principal que impulsa las estrategias empresariales. Transformaci\u00f3n empresarial.\" \/>\n<meta property=\"og:url\" content=\"https:\/\/auren.com\/ar\/blog\/transformacion-empresarial-el-impacto-en-la-era-de-la-personalizacion\/\" \/>\n<meta property=\"og:site_name\" content=\"Auren Argentina\" \/>\n<meta property=\"article:publisher\" content=\"https:\/\/www.facebook.com\/AurenArg\/\" \/>\n<meta property=\"og:image\" content=\"https:\/\/auren.com\/ar\/wp-content\/uploads\/2024\/02\/IMAGEN-1-2.png\" \/>\n\t<meta property=\"og:image:width\" content=\"680\" \/>\n\t<meta property=\"og:image:height\" content=\"386\" \/>\n\t<meta property=\"og:image:type\" content=\"image\/png\" \/>\n<meta name=\"twitter:card\" content=\"summary_large_image\" \/>\n<meta name=\"twitter:site\" content=\"@AUREN_Argentina\" \/>\n<meta name=\"twitter:label1\" content=\"Tiempo de lectura\" \/>\n\t<meta name=\"twitter:data1\" content=\"2 minutos\" \/>\n<script type=\"application\/ld+json\" class=\"yoast-schema-graph\">{\"@context\":\"https:\\\/\\\/schema.org\",\"@graph\":[{\"@type\":\"WebPage\",\"@id\":\"https:\\\/\\\/auren.com\\\/ar\\\/blog\\\/transformacion-empresarial-el-impacto-en-la-era-de-la-personalizacion\\\/\",\"url\":\"https:\\\/\\\/auren.com\\\/ar\\\/blog\\\/transformacion-empresarial-el-impacto-en-la-era-de-la-personalizacion\\\/\",\"name\":\"Transformaci\u00f3n empresarial: El impacto en la era de la personalizaci\u00f3n - Auren Argentina\",\"isPartOf\":{\"@id\":\"https:\\\/\\\/auren.com\\\/ar\\\/#website\"},\"primaryImageOfPage\":{\"@id\":\"https:\\\/\\\/auren.com\\\/ar\\\/blog\\\/transformacion-empresarial-el-impacto-en-la-era-de-la-personalizacion\\\/#primaryimage\"},\"image\":{\"@id\":\"https:\\\/\\\/auren.com\\\/ar\\\/blog\\\/transformacion-empresarial-el-impacto-en-la-era-de-la-personalizacion\\\/#primaryimage\"},\"thumbnailUrl\":\"https:\\\/\\\/auren.com\\\/ar\\\/wp-content\\\/uploads\\\/2024\\\/02\\\/IMAGEN-1-2.png\",\"datePublished\":\"2024-02-20T13:41:04+00:00\",\"description\":\"La personalizaci\u00f3n se ha convertido en el motor principal que impulsa las estrategias empresariales. Transformaci\u00f3n empresarial.\",\"breadcrumb\":{\"@id\":\"https:\\\/\\\/auren.com\\\/ar\\\/blog\\\/transformacion-empresarial-el-impacto-en-la-era-de-la-personalizacion\\\/#breadcrumb\"},\"inLanguage\":\"es\",\"potentialAction\":[{\"@type\":\"ReadAction\",\"target\":[\"https:\\\/\\\/auren.com\\\/ar\\\/blog\\\/transformacion-empresarial-el-impacto-en-la-era-de-la-personalizacion\\\/\"]}]},{\"@type\":\"ImageObject\",\"inLanguage\":\"es\",\"@id\":\"https:\\\/\\\/auren.com\\\/ar\\\/blog\\\/transformacion-empresarial-el-impacto-en-la-era-de-la-personalizacion\\\/#primaryimage\",\"url\":\"https:\\\/\\\/auren.com\\\/ar\\\/wp-content\\\/uploads\\\/2024\\\/02\\\/IMAGEN-1-2.png\",\"contentUrl\":\"https:\\\/\\\/auren.com\\\/ar\\\/wp-content\\\/uploads\\\/2024\\\/02\\\/IMAGEN-1-2.png\",\"width\":680,\"height\":386},{\"@type\":\"BreadcrumbList\",\"@id\":\"https:\\\/\\\/auren.com\\\/ar\\\/blog\\\/transformacion-empresarial-el-impacto-en-la-era-de-la-personalizacion\\\/#breadcrumb\",\"itemListElement\":[{\"@type\":\"ListItem\",\"position\":1,\"name\":\"Portada\",\"item\":\"https:\\\/\\\/auren.com\\\/ar\\\/\"},{\"@type\":\"ListItem\",\"position\":2,\"name\":\"Transformaci\u00f3n empresarial: El impacto en la era de la personalizaci\u00f3n\"}]},{\"@type\":\"WebSite\",\"@id\":\"https:\\\/\\\/auren.com\\\/ar\\\/#website\",\"url\":\"https:\\\/\\\/auren.com\\\/ar\\\/\",\"name\":\"Auren Argentina\",\"description\":\"\",\"publisher\":{\"@id\":\"https:\\\/\\\/auren.com\\\/ar\\\/#organization\"},\"potentialAction\":[{\"@type\":\"SearchAction\",\"target\":{\"@type\":\"EntryPoint\",\"urlTemplate\":\"https:\\\/\\\/auren.com\\\/ar\\\/?s={search_term_string}\"},\"query-input\":{\"@type\":\"PropertyValueSpecification\",\"valueRequired\":true,\"valueName\":\"search_term_string\"}}],\"inLanguage\":\"es\"},{\"@type\":\"Organization\",\"@id\":\"https:\\\/\\\/auren.com\\\/ar\\\/#organization\",\"name\":\"Auren Argentina\",\"url\":\"https:\\\/\\\/auren.com\\\/ar\\\/\",\"logo\":{\"@type\":\"ImageObject\",\"inLanguage\":\"es\",\"@id\":\"https:\\\/\\\/auren.com\\\/ar\\\/#\\\/schema\\\/logo\\\/image\\\/\",\"url\":\"https:\\\/\\\/auren.com\\\/ar\\\/wp-content\\\/uploads\\\/2025\\\/01\\\/cropped-cropped-favicon-Auren.png\",\"contentUrl\":\"https:\\\/\\\/auren.com\\\/ar\\\/wp-content\\\/uploads\\\/2025\\\/01\\\/cropped-cropped-favicon-Auren.png\",\"width\":512,\"height\":512,\"caption\":\"Auren Argentina\"},\"image\":{\"@id\":\"https:\\\/\\\/auren.com\\\/ar\\\/#\\\/schema\\\/logo\\\/image\\\/\"},\"sameAs\":[\"https:\\\/\\\/www.facebook.com\\\/AurenArg\\\/\",\"https:\\\/\\\/x.com\\\/AUREN_Argentina\",\"https:\\\/\\\/www.linkedin.com\\\/company\\\/aurenargentina\",\"https:\\\/\\\/www.youtube.com\\\/channel\\\/UCSCseiHMECB0uMBGF9wtjSw\",\"https:\\\/\\\/www.instagram.com\\\/aurenargentina\\\/\"]}]}<\/script>\n<!-- \/ Yoast SEO plugin. -->","yoast_head_json":{"title":"Transformaci\u00f3n empresarial: El impacto en la era de la personalizaci\u00f3n - Auren Argentina","description":"La personalizaci\u00f3n se ha convertido en el motor principal que impulsa las estrategias empresariales. Transformaci\u00f3n empresarial.","robots":{"index":"index","follow":"follow","max-snippet":"max-snippet:-1","max-image-preview":"max-image-preview:large","max-video-preview":"max-video-preview:-1"},"canonical":"https:\/\/auren.com\/ar\/blog\/transformacion-empresarial-el-impacto-en-la-era-de-la-personalizacion\/","og_locale":"es_ES","og_type":"article","og_title":"Transformaci\u00f3n empresarial: El impacto en la era de la personalizaci\u00f3n - Auren Argentina","og_description":"La personalizaci\u00f3n se ha convertido en el motor principal que impulsa las estrategias empresariales. Transformaci\u00f3n empresarial.","og_url":"https:\/\/auren.com\/ar\/blog\/transformacion-empresarial-el-impacto-en-la-era-de-la-personalizacion\/","og_site_name":"Auren Argentina","article_publisher":"https:\/\/www.facebook.com\/AurenArg\/","og_image":[{"width":680,"height":386,"url":"https:\/\/auren.com\/ar\/wp-content\/uploads\/2024\/02\/IMAGEN-1-2.png","type":"image\/png"}],"twitter_card":"summary_large_image","twitter_site":"@AUREN_Argentina","twitter_misc":{"Tiempo de lectura":"2 minutos"},"schema":{"@context":"https:\/\/schema.org","@graph":[{"@type":"WebPage","@id":"https:\/\/auren.com\/ar\/blog\/transformacion-empresarial-el-impacto-en-la-era-de-la-personalizacion\/","url":"https:\/\/auren.com\/ar\/blog\/transformacion-empresarial-el-impacto-en-la-era-de-la-personalizacion\/","name":"Transformaci\u00f3n empresarial: El impacto en la era de la personalizaci\u00f3n - Auren Argentina","isPartOf":{"@id":"https:\/\/auren.com\/ar\/#website"},"primaryImageOfPage":{"@id":"https:\/\/auren.com\/ar\/blog\/transformacion-empresarial-el-impacto-en-la-era-de-la-personalizacion\/#primaryimage"},"image":{"@id":"https:\/\/auren.com\/ar\/blog\/transformacion-empresarial-el-impacto-en-la-era-de-la-personalizacion\/#primaryimage"},"thumbnailUrl":"https:\/\/auren.com\/ar\/wp-content\/uploads\/2024\/02\/IMAGEN-1-2.png","datePublished":"2024-02-20T13:41:04+00:00","description":"La personalizaci\u00f3n se ha convertido en el motor principal que impulsa las estrategias empresariales. Transformaci\u00f3n empresarial.","breadcrumb":{"@id":"https:\/\/auren.com\/ar\/blog\/transformacion-empresarial-el-impacto-en-la-era-de-la-personalizacion\/#breadcrumb"},"inLanguage":"es","potentialAction":[{"@type":"ReadAction","target":["https:\/\/auren.com\/ar\/blog\/transformacion-empresarial-el-impacto-en-la-era-de-la-personalizacion\/"]}]},{"@type":"ImageObject","inLanguage":"es","@id":"https:\/\/auren.com\/ar\/blog\/transformacion-empresarial-el-impacto-en-la-era-de-la-personalizacion\/#primaryimage","url":"https:\/\/auren.com\/ar\/wp-content\/uploads\/2024\/02\/IMAGEN-1-2.png","contentUrl":"https:\/\/auren.com\/ar\/wp-content\/uploads\/2024\/02\/IMAGEN-1-2.png","width":680,"height":386},{"@type":"BreadcrumbList","@id":"https:\/\/auren.com\/ar\/blog\/transformacion-empresarial-el-impacto-en-la-era-de-la-personalizacion\/#breadcrumb","itemListElement":[{"@type":"ListItem","position":1,"name":"Portada","item":"https:\/\/auren.com\/ar\/"},{"@type":"ListItem","position":2,"name":"Transformaci\u00f3n empresarial: El impacto en la era de la personalizaci\u00f3n"}]},{"@type":"WebSite","@id":"https:\/\/auren.com\/ar\/#website","url":"https:\/\/auren.com\/ar\/","name":"Auren Argentina","description":"","publisher":{"@id":"https:\/\/auren.com\/ar\/#organization"},"potentialAction":[{"@type":"SearchAction","target":{"@type":"EntryPoint","urlTemplate":"https:\/\/auren.com\/ar\/?s={search_term_string}"},"query-input":{"@type":"PropertyValueSpecification","valueRequired":true,"valueName":"search_term_string"}}],"inLanguage":"es"},{"@type":"Organization","@id":"https:\/\/auren.com\/ar\/#organization","name":"Auren Argentina","url":"https:\/\/auren.com\/ar\/","logo":{"@type":"ImageObject","inLanguage":"es","@id":"https:\/\/auren.com\/ar\/#\/schema\/logo\/image\/","url":"https:\/\/auren.com\/ar\/wp-content\/uploads\/2025\/01\/cropped-cropped-favicon-Auren.png","contentUrl":"https:\/\/auren.com\/ar\/wp-content\/uploads\/2025\/01\/cropped-cropped-favicon-Auren.png","width":512,"height":512,"caption":"Auren Argentina"},"image":{"@id":"https:\/\/auren.com\/ar\/#\/schema\/logo\/image\/"},"sameAs":["https:\/\/www.facebook.com\/AurenArg\/","https:\/\/x.com\/AUREN_Argentina","https:\/\/www.linkedin.com\/company\/aurenargentina","https:\/\/www.youtube.com\/channel\/UCSCseiHMECB0uMBGF9wtjSw","https:\/\/www.instagram.com\/aurenargentina\/"]}]}},"_links":{"self":[{"href":"https:\/\/auren.com\/ar\/wp-json\/wp\/v2\/blog\/11105","targetHints":{"allow":["GET"]}}],"collection":[{"href":"https:\/\/auren.com\/ar\/wp-json\/wp\/v2\/blog"}],"about":[{"href":"https:\/\/auren.com\/ar\/wp-json\/wp\/v2\/types\/blog"}],"version-history":[{"count":0,"href":"https:\/\/auren.com\/ar\/wp-json\/wp\/v2\/blog\/11105\/revisions"}],"wp:featuredmedia":[{"embeddable":true,"href":"https:\/\/auren.com\/ar\/wp-json\/wp\/v2\/media\/11106"}],"wp:attachment":[{"href":"https:\/\/auren.com\/ar\/wp-json\/wp\/v2\/media?parent=11105"}],"wp:term":[{"taxonomy":"blog-category","embeddable":true,"href":"https:\/\/auren.com\/ar\/wp-json\/wp\/v2\/blog-category?post=11105"}],"curies":[{"name":"wp","href":"https:\/\/api.w.org\/{rel}","templated":true}]}}