{"id":11170,"date":"2023-10-20T12:00:24","date_gmt":"2023-10-20T10:00:24","guid":{"rendered":"https:\/\/auren.com\/ar\/blog\/como-alinear-la-estrategia-de-la-empresa-con-los-objetivos-esg\/"},"modified":"2023-10-20T12:00:24","modified_gmt":"2023-10-20T10:00:24","slug":"como-alinear-la-estrategia-de-la-empresa-con-los-objetivos-esg","status":"publish","type":"blog","link":"https:\/\/auren.com\/ar\/blog\/como-alinear-la-estrategia-de-la-empresa-con-los-objetivos-esg\/","title":{"rendered":"\u00bfC\u00f3mo alinear la estrategia de la empresa con los objetivos ESG?"},"content":{"rendered":"<p>En la visi\u00f3n de las organizaciones mundiales, p\u00fablicas y privadas, cada vez es m\u00e1s clara la necesidad de incluir dentro de su estrategia, al mismo nivel de importancia de los resultados econ\u00f3micos-Financieros, acciones para contribuir a mejorar los aspectos ambientales y sociales.&nbsp;<\/p>\n<p>Las compa\u00f1\u00edas aseguran la alineaci\u00f3n de la estrategia de negocios con los objetivos ESG desde los miembros de la Direcci\u00f3n, en el liderazgo y la toma de decisiones con buenas pr\u00e1cticas, para contar con una visi\u00f3n m\u00e1s amplia que incluya los aspectos medioambientales, sociales, de sustentabilidad, adem\u00e1s de los econ\u00f3micos financieros.<\/p>\n<p>La gesti\u00f3n de una empresa es el reflejo de las conductas y toma de decisiones. Es importante enfocar en el valor en los aspectos y criterios sociales y econ\u00f3micos para medir el \u00e9xito y el desarrollo de su organizaci\u00f3n. Tambi\u00e9n poner el eje en cuestiones ambientales, como uso eficiente de energ\u00eda, contribuci\u00f3n a la econ\u00f3mica circular bajo los conceptos de no descartar, reciclar y reutilizar.<\/p>\n<p>Lograr un modelo de negocios integrador. Es imposible pensar en buenos resultados econ\u00f3micos sin tener en cuenta las necesidades de los distintos grupos de inter\u00e9s.<\/p>\n<p>Hoy es fundamental alcanzar un desarrollo sostenible y equilibrado que contribuya con la sociedad, los recursos naturales, las personas y mejorar la calidad de vida. El desaf\u00edo y compromiso en t\u00e9rminos de RSE es cada vez mayor para una empresa, ya no es una acci\u00f3n o un slogan, no es un complemento opcional, es un compromiso de la Direcci\u00f3n, es un camino de gesti\u00f3n, interno y externo, una forma de ser y hacer empresa.<\/p>\n<p>Por <a href=\"https:\/\/www.linkedin.com\/in\/fernandotezanospinto\/\">Fernando Tezanos Pinto<\/a>, Presidente de <a href=\"https:\/\/auren.com\/ar\/\">Auren Argentina<\/a><\/p>\n<p><!-- AddThis Advanced Settings generic via filter on the_content --><!-- AddThis Share Buttons generic via filter on the_content --><\/p>\n","protected":false},"excerpt":{"rendered":"<p>En la visi\u00f3n de las organizaciones mundiales, p\u00fablicas y privadas, cada vez es m\u00e1s clara la necesidad de incluir dentro de su estrategia, al mismo nivel de importancia de los [&hellip;]<\/p>\n","protected":false},"featured_media":11171,"template":"","meta":{"_acf_changed":false,"footnotes":""},"blog-category":[],"class_list":["post-11170","blog","type-blog","status-publish","has-post-thumbnail","hentry"],"acf":[],"yoast_head":"<!-- This site is optimized with the Yoast SEO plugin v27.4 - https:\/\/yoast.com\/product\/yoast-seo-wordpress\/ -->\n<title>\u00bfC\u00f3mo alinear la estrategia de la empresa con los objetivos ESG? - Auren Argentina<\/title>\n<meta name=\"description\" content=\"Las compa\u00f1\u00edas aseguran la alineaci\u00f3n de la estrategia de negocios con los objetivos ESG desdela Direcci\u00f3n y la toma de decisiones.\" \/>\n<meta name=\"robots\" content=\"index, follow, max-snippet:-1, max-image-preview:large, max-video-preview:-1\" \/>\n<link rel=\"canonical\" href=\"https:\/\/auren.com\/ar\/blog\/como-alinear-la-estrategia-de-la-empresa-con-los-objetivos-esg\/\" \/>\n<meta property=\"og:locale\" content=\"es_ES\" \/>\n<meta property=\"og:type\" content=\"article\" \/>\n<meta property=\"og:title\" content=\"\u00bfC\u00f3mo alinear la estrategia de la empresa con los objetivos ESG? - Auren Argentina\" \/>\n<meta property=\"og:description\" content=\"Las compa\u00f1\u00edas aseguran la alineaci\u00f3n de la estrategia de negocios con los objetivos ESG desdela Direcci\u00f3n y la toma de decisiones.\" \/>\n<meta property=\"og:url\" content=\"https:\/\/auren.com\/ar\/blog\/como-alinear-la-estrategia-de-la-empresa-con-los-objetivos-esg\/\" \/>\n<meta property=\"og:site_name\" content=\"Auren Argentina\" \/>\n<meta property=\"article:publisher\" content=\"https:\/\/www.facebook.com\/AurenArg\/\" \/>\n<meta property=\"og:image\" content=\"https:\/\/auren.com\/ar\/wp-content\/uploads\/2023\/10\/ESG-2.png\" \/>\n\t<meta property=\"og:image:width\" content=\"409\" \/>\n\t<meta property=\"og:image:height\" content=\"337\" \/>\n\t<meta property=\"og:image:type\" content=\"image\/png\" \/>\n<meta name=\"twitter:card\" content=\"summary_large_image\" \/>\n<meta name=\"twitter:site\" content=\"@AUREN_Argentina\" \/>\n<meta name=\"twitter:label1\" content=\"Tiempo de lectura\" \/>\n\t<meta name=\"twitter:data1\" content=\"1 minuto\" \/>\n<script type=\"application\/ld+json\" class=\"yoast-schema-graph\">{\"@context\":\"https:\\\/\\\/schema.org\",\"@graph\":[{\"@type\":\"WebPage\",\"@id\":\"https:\\\/\\\/auren.com\\\/ar\\\/blog\\\/como-alinear-la-estrategia-de-la-empresa-con-los-objetivos-esg\\\/\",\"url\":\"https:\\\/\\\/auren.com\\\/ar\\\/blog\\\/como-alinear-la-estrategia-de-la-empresa-con-los-objetivos-esg\\\/\",\"name\":\"\u00bfC\u00f3mo alinear la estrategia de la empresa con los objetivos ESG? - Auren Argentina\",\"isPartOf\":{\"@id\":\"https:\\\/\\\/auren.com\\\/ar\\\/#website\"},\"primaryImageOfPage\":{\"@id\":\"https:\\\/\\\/auren.com\\\/ar\\\/blog\\\/como-alinear-la-estrategia-de-la-empresa-con-los-objetivos-esg\\\/#primaryimage\"},\"image\":{\"@id\":\"https:\\\/\\\/auren.com\\\/ar\\\/blog\\\/como-alinear-la-estrategia-de-la-empresa-con-los-objetivos-esg\\\/#primaryimage\"},\"thumbnailUrl\":\"https:\\\/\\\/auren.com\\\/ar\\\/wp-content\\\/uploads\\\/2023\\\/10\\\/ESG-2.png\",\"datePublished\":\"2023-10-20T10:00:24+00:00\",\"description\":\"Las compa\u00f1\u00edas aseguran la alineaci\u00f3n de la estrategia de negocios con los objetivos ESG desdela Direcci\u00f3n y la toma de decisiones.\",\"breadcrumb\":{\"@id\":\"https:\\\/\\\/auren.com\\\/ar\\\/blog\\\/como-alinear-la-estrategia-de-la-empresa-con-los-objetivos-esg\\\/#breadcrumb\"},\"inLanguage\":\"es\",\"potentialAction\":[{\"@type\":\"ReadAction\",\"target\":[\"https:\\\/\\\/auren.com\\\/ar\\\/blog\\\/como-alinear-la-estrategia-de-la-empresa-con-los-objetivos-esg\\\/\"]}]},{\"@type\":\"ImageObject\",\"inLanguage\":\"es\",\"@id\":\"https:\\\/\\\/auren.com\\\/ar\\\/blog\\\/como-alinear-la-estrategia-de-la-empresa-con-los-objetivos-esg\\\/#primaryimage\",\"url\":\"https:\\\/\\\/auren.com\\\/ar\\\/wp-content\\\/uploads\\\/2023\\\/10\\\/ESG-2.png\",\"contentUrl\":\"https:\\\/\\\/auren.com\\\/ar\\\/wp-content\\\/uploads\\\/2023\\\/10\\\/ESG-2.png\",\"width\":409,\"height\":337},{\"@type\":\"BreadcrumbList\",\"@id\":\"https:\\\/\\\/auren.com\\\/ar\\\/blog\\\/como-alinear-la-estrategia-de-la-empresa-con-los-objetivos-esg\\\/#breadcrumb\",\"itemListElement\":[{\"@type\":\"ListItem\",\"position\":1,\"name\":\"Portada\",\"item\":\"https:\\\/\\\/auren.com\\\/ar\\\/\"},{\"@type\":\"ListItem\",\"position\":2,\"name\":\"\u00bfC\u00f3mo alinear la estrategia de la empresa con los objetivos ESG?\"}]},{\"@type\":\"WebSite\",\"@id\":\"https:\\\/\\\/auren.com\\\/ar\\\/#website\",\"url\":\"https:\\\/\\\/auren.com\\\/ar\\\/\",\"name\":\"Auren Argentina\",\"description\":\"\",\"publisher\":{\"@id\":\"https:\\\/\\\/auren.com\\\/ar\\\/#organization\"},\"potentialAction\":[{\"@type\":\"SearchAction\",\"target\":{\"@type\":\"EntryPoint\",\"urlTemplate\":\"https:\\\/\\\/auren.com\\\/ar\\\/?s={search_term_string}\"},\"query-input\":{\"@type\":\"PropertyValueSpecification\",\"valueRequired\":true,\"valueName\":\"search_term_string\"}}],\"inLanguage\":\"es\"},{\"@type\":\"Organization\",\"@id\":\"https:\\\/\\\/auren.com\\\/ar\\\/#organization\",\"name\":\"Auren Argentina\",\"url\":\"https:\\\/\\\/auren.com\\\/ar\\\/\",\"logo\":{\"@type\":\"ImageObject\",\"inLanguage\":\"es\",\"@id\":\"https:\\\/\\\/auren.com\\\/ar\\\/#\\\/schema\\\/logo\\\/image\\\/\",\"url\":\"https:\\\/\\\/auren.com\\\/ar\\\/wp-content\\\/uploads\\\/2025\\\/01\\\/cropped-cropped-favicon-Auren.png\",\"contentUrl\":\"https:\\\/\\\/auren.com\\\/ar\\\/wp-content\\\/uploads\\\/2025\\\/01\\\/cropped-cropped-favicon-Auren.png\",\"width\":512,\"height\":512,\"caption\":\"Auren Argentina\"},\"image\":{\"@id\":\"https:\\\/\\\/auren.com\\\/ar\\\/#\\\/schema\\\/logo\\\/image\\\/\"},\"sameAs\":[\"https:\\\/\\\/www.facebook.com\\\/AurenArg\\\/\",\"https:\\\/\\\/x.com\\\/AUREN_Argentina\",\"https:\\\/\\\/www.linkedin.com\\\/company\\\/aurenargentina\",\"https:\\\/\\\/www.youtube.com\\\/channel\\\/UCSCseiHMECB0uMBGF9wtjSw\",\"https:\\\/\\\/www.instagram.com\\\/aurenargentina\\\/\"]}]}<\/script>\n<!-- \/ Yoast SEO plugin. -->","yoast_head_json":{"title":"\u00bfC\u00f3mo alinear la estrategia de la empresa con los objetivos ESG? - Auren Argentina","description":"Las compa\u00f1\u00edas aseguran la alineaci\u00f3n de la estrategia de negocios con los objetivos ESG desdela Direcci\u00f3n y la toma de decisiones.","robots":{"index":"index","follow":"follow","max-snippet":"max-snippet:-1","max-image-preview":"max-image-preview:large","max-video-preview":"max-video-preview:-1"},"canonical":"https:\/\/auren.com\/ar\/blog\/como-alinear-la-estrategia-de-la-empresa-con-los-objetivos-esg\/","og_locale":"es_ES","og_type":"article","og_title":"\u00bfC\u00f3mo alinear la estrategia de la empresa con los objetivos ESG? - Auren Argentina","og_description":"Las compa\u00f1\u00edas aseguran la alineaci\u00f3n de la estrategia de negocios con los objetivos ESG desdela Direcci\u00f3n y la toma de decisiones.","og_url":"https:\/\/auren.com\/ar\/blog\/como-alinear-la-estrategia-de-la-empresa-con-los-objetivos-esg\/","og_site_name":"Auren Argentina","article_publisher":"https:\/\/www.facebook.com\/AurenArg\/","og_image":[{"width":409,"height":337,"url":"https:\/\/auren.com\/ar\/wp-content\/uploads\/2023\/10\/ESG-2.png","type":"image\/png"}],"twitter_card":"summary_large_image","twitter_site":"@AUREN_Argentina","twitter_misc":{"Tiempo de lectura":"1 minuto"},"schema":{"@context":"https:\/\/schema.org","@graph":[{"@type":"WebPage","@id":"https:\/\/auren.com\/ar\/blog\/como-alinear-la-estrategia-de-la-empresa-con-los-objetivos-esg\/","url":"https:\/\/auren.com\/ar\/blog\/como-alinear-la-estrategia-de-la-empresa-con-los-objetivos-esg\/","name":"\u00bfC\u00f3mo alinear la estrategia de la empresa con los objetivos ESG? - Auren Argentina","isPartOf":{"@id":"https:\/\/auren.com\/ar\/#website"},"primaryImageOfPage":{"@id":"https:\/\/auren.com\/ar\/blog\/como-alinear-la-estrategia-de-la-empresa-con-los-objetivos-esg\/#primaryimage"},"image":{"@id":"https:\/\/auren.com\/ar\/blog\/como-alinear-la-estrategia-de-la-empresa-con-los-objetivos-esg\/#primaryimage"},"thumbnailUrl":"https:\/\/auren.com\/ar\/wp-content\/uploads\/2023\/10\/ESG-2.png","datePublished":"2023-10-20T10:00:24+00:00","description":"Las compa\u00f1\u00edas aseguran la alineaci\u00f3n de la estrategia de negocios con los objetivos ESG desdela Direcci\u00f3n y la toma de decisiones.","breadcrumb":{"@id":"https:\/\/auren.com\/ar\/blog\/como-alinear-la-estrategia-de-la-empresa-con-los-objetivos-esg\/#breadcrumb"},"inLanguage":"es","potentialAction":[{"@type":"ReadAction","target":["https:\/\/auren.com\/ar\/blog\/como-alinear-la-estrategia-de-la-empresa-con-los-objetivos-esg\/"]}]},{"@type":"ImageObject","inLanguage":"es","@id":"https:\/\/auren.com\/ar\/blog\/como-alinear-la-estrategia-de-la-empresa-con-los-objetivos-esg\/#primaryimage","url":"https:\/\/auren.com\/ar\/wp-content\/uploads\/2023\/10\/ESG-2.png","contentUrl":"https:\/\/auren.com\/ar\/wp-content\/uploads\/2023\/10\/ESG-2.png","width":409,"height":337},{"@type":"BreadcrumbList","@id":"https:\/\/auren.com\/ar\/blog\/como-alinear-la-estrategia-de-la-empresa-con-los-objetivos-esg\/#breadcrumb","itemListElement":[{"@type":"ListItem","position":1,"name":"Portada","item":"https:\/\/auren.com\/ar\/"},{"@type":"ListItem","position":2,"name":"\u00bfC\u00f3mo alinear la estrategia de la empresa con los objetivos ESG?"}]},{"@type":"WebSite","@id":"https:\/\/auren.com\/ar\/#website","url":"https:\/\/auren.com\/ar\/","name":"Auren Argentina","description":"","publisher":{"@id":"https:\/\/auren.com\/ar\/#organization"},"potentialAction":[{"@type":"SearchAction","target":{"@type":"EntryPoint","urlTemplate":"https:\/\/auren.com\/ar\/?s={search_term_string}"},"query-input":{"@type":"PropertyValueSpecification","valueRequired":true,"valueName":"search_term_string"}}],"inLanguage":"es"},{"@type":"Organization","@id":"https:\/\/auren.com\/ar\/#organization","name":"Auren Argentina","url":"https:\/\/auren.com\/ar\/","logo":{"@type":"ImageObject","inLanguage":"es","@id":"https:\/\/auren.com\/ar\/#\/schema\/logo\/image\/","url":"https:\/\/auren.com\/ar\/wp-content\/uploads\/2025\/01\/cropped-cropped-favicon-Auren.png","contentUrl":"https:\/\/auren.com\/ar\/wp-content\/uploads\/2025\/01\/cropped-cropped-favicon-Auren.png","width":512,"height":512,"caption":"Auren Argentina"},"image":{"@id":"https:\/\/auren.com\/ar\/#\/schema\/logo\/image\/"},"sameAs":["https:\/\/www.facebook.com\/AurenArg\/","https:\/\/x.com\/AUREN_Argentina","https:\/\/www.linkedin.com\/company\/aurenargentina","https:\/\/www.youtube.com\/channel\/UCSCseiHMECB0uMBGF9wtjSw","https:\/\/www.instagram.com\/aurenargentina\/"]}]}},"_links":{"self":[{"href":"https:\/\/auren.com\/ar\/wp-json\/wp\/v2\/blog\/11170","targetHints":{"allow":["GET"]}}],"collection":[{"href":"https:\/\/auren.com\/ar\/wp-json\/wp\/v2\/blog"}],"about":[{"href":"https:\/\/auren.com\/ar\/wp-json\/wp\/v2\/types\/blog"}],"version-history":[{"count":0,"href":"https:\/\/auren.com\/ar\/wp-json\/wp\/v2\/blog\/11170\/revisions"}],"wp:featuredmedia":[{"embeddable":true,"href":"https:\/\/auren.com\/ar\/wp-json\/wp\/v2\/media\/11171"}],"wp:attachment":[{"href":"https:\/\/auren.com\/ar\/wp-json\/wp\/v2\/media?parent=11170"}],"wp:term":[{"taxonomy":"blog-category","embeddable":true,"href":"https:\/\/auren.com\/ar\/wp-json\/wp\/v2\/blog-category?post=11170"}],"curies":[{"name":"wp","href":"https:\/\/api.w.org\/{rel}","templated":true}]}}