{"id":11174,"date":"2023-10-17T11:52:41","date_gmt":"2023-10-17T09:52:41","guid":{"rendered":"https:\/\/auren.com\/ar\/blog\/necesidad-de-un-mercado-de-cambios-reformas-rapidas-y-un-pais-ordenado-y-previsible\/"},"modified":"2023-10-17T11:52:41","modified_gmt":"2023-10-17T09:52:41","slug":"necesidad-de-un-mercado-de-cambios-reformas-rapidas-y-un-pais-ordenado-y-previsible","status":"publish","type":"blog","link":"https:\/\/auren.com\/ar\/blog\/necesidad-de-un-mercado-de-cambios-reformas-rapidas-y-un-pais-ordenado-y-previsible\/","title":{"rendered":"Necesidad de un mercado de cambios, reformas r\u00e1pidas y un pa\u00eds ordenado y previsible"},"content":{"rendered":"<p><strong>A d\u00edas de las elecciones y luego de escuchar los debates presidenciales, m\u00e1s <\/strong><strong>de 350 empresarios de diversos sectores del mercado compartieron su opini\u00f3n y expectativas frente a los discursos y propuestas de los candidatos a presidente.<\/strong><strong><\/strong><\/p>\n<p><strong>La encuesta realizada por Auren Argentina, refleja la visi\u00f3n de los l\u00edderes acerca del escenario pol\u00edtico, sus pensamientos en relaci\u00f3n a las propuestas de dolarizaci\u00f3n frente a la inflaci\u00f3n, medidas econ\u00f3micas, laborales, de educaci\u00f3n, seguridad, salario y empleo. Advierten que el pa\u00eds necesita un mercado de cambios y medidas dr\u00e1sticas. <\/strong><strong><\/strong><\/p>\n<p><strong>No hay sorpresas y el consenso de los empresarios consultados coinciden en que no solo necesitamos como pa\u00eds iniciativas pol\u00edticas, sino importantes medidas econ\u00f3micas, en la justicia, en la educaci\u00f3n y en la seguridad. Piden un pr\u00f3ximo gobierno que haga reformas r\u00e1pidas, que tenga un norte hacia d\u00f3nde ir, una columna vertebral en su gesti\u00f3n.&nbsp; La necesidad de reglas de juego claras y trasparentes con pol\u00edticas p\u00fablicas macroecon\u00f3micos, que tanto los empresarios como todos los ciudadanos apoyen, sean realizables y sostenibles en el tiempo.<\/strong><strong><\/strong><\/p>\n<p>Frente a las diversas <strong>propuestas en materia de econom\u00eda<\/strong>, para el 85% de los empresarios la reducci\u00f3n del gasto p\u00fablico es una de las medidas m\u00e1s urgente. Tambi\u00e9n esperan m\u00e1s del 65% la reducci\u00f3n y equilibrio de los impuestos y estimular las inversiones, <strong>adem\u00e1s de la necesidad de eliminar el cepo (56%), super\u00e1vit comercial (40%), competitividad cambiaria (32%) y quitar subsidios a las empresas. Sorprende con menos del 30% de los votos la propuesta de eliminar planes sociales, cancelar la deuda con el FMI, la apertura comercial unilateral y el control de los precios. <\/strong><strong><\/strong><\/p>\n<p><strong>La creciente inflaci\u00f3n y la p\u00e9rdida del valor del peso reavivan la discusi\u00f3n sobre la dolarizaci\u00f3n en Argentina. Mientras los candidatos debaten sobre la viabilidad de esta propuesta, m\u00e1s del 45% de los empresarios est\u00e1 en desacuerdo, sin embargo, cerca del 40% duda respecto a c\u00f3mo implementarlo, el tipo de cambio, la convertibilidad o si se trata de una econom\u00eda bimonetaria. S\u00f3lo el 15% afirma estar de acuerdo. <\/strong><strong><\/strong><\/p>\n<p>Otra propuesta que gener\u00f3 grandes controversias y an\u00e1lisis sobre su viabilidad y consecuencias es la <strong>eliminaci\u00f3n del Banco Central<\/strong>, entidad monetaria del pa\u00eds. Cerca del 70% de los l\u00edderes est\u00e1 en desacuerdo, solo un 12% vota a favor y cerca del 20% est\u00e1 en duda.<\/p>\n<p><strong>Continuando con las medidas econ\u00f3micas, apenas un 10% est\u00e1 de acuerdo en que las restricciones a las importaciones resultan necesarias para proteger y fomentar la industria nacional. M\u00e1s del 55% expresa desacuerdo con esta idea y un 30% en duda. <\/strong><strong><\/strong><\/p>\n<p><strong>Respecto a la necesidad de recortar el gasto p\u00fablico y como medida reducir el Estado al m\u00ednimo con la eliminaci\u00f3n de ministerios, jefaturas y secretarias, la mayor\u00eda de los empresarios se manifiestan a favor. El 70% apoya la propuesta, solo menos del 15% est\u00e1 en desacuerdo y el resto en duda.&nbsp; <\/strong><strong><\/strong><\/p>\n<p><strong>Otra propuesta que encendi\u00f3 pol\u00e9mica en las distintas opiniones se refiere a la ense\u00f1anza gratuita y obligatoria. Los resultados en la encuesta reflejan una clara resistencia del sector empresario ante la idea de eliminar la educaci\u00f3n p\u00fablica. Para el 75% debe continuar siendo gratuita, solo el 3% est\u00e1 en desacuerdo y un 20% manifiesta sus dudas al respecto.<\/strong><strong><\/strong><\/p>\n<p><strong>A nivel educativo, <\/strong>para el 75% de los empresarios es prioridad incluir la formaci\u00f3n en tecnolog\u00eda en el plan de estudios y para el 65% mejorar los salarios de los docentes. Entre un 50% y 55% consideran necesarias las medidas de <strong>mejorar los establecimientos educativos e implementar un plan de nacional de alfabetizaci\u00f3n. Tambi\u00e9n el 40% manifiesta la importancia de la revinculaci\u00f3n escolar.<\/strong><strong><\/strong><\/p>\n<p><strong>Frente a las propuestas en relaci\u00f3n al salario y empleo, el 80% de los empresarios expresaron la necesidad del avanzar con el proyecto de una reforma laboral urgente, para alrededor del 50% es prioridad lograr una paridad en los sueldos de hombres y mujeres, y que el salario b\u00e1sico cubra como m\u00ednimo el monto de la canasta familiar.<\/strong><strong><\/strong><\/p>\n<p><strong>Sistema de salud. Cerca de la mitad de los empresarios encuestados est\u00e1 en duda ante la propuesta de privatizaci\u00f3n de la salud, el 38% est\u00e1 en desacuerdo y solo un 25% a favor.<\/strong><strong><\/strong><\/p>\n<p><strong>Sistema de transporte. Habituales conflictos entre empresarios, choferes y usuarios sobre salarios, seguridad, calidad, control de la reglamentaci\u00f3n y normativa, subsidios, entre otros generan un debate a nivel provincial y nacional sobre el transporte p\u00fablico. Sin embargo, el 60% de los empresarios est\u00e1 en desacuerdo con pasar el transporte a manos del Estado, solo un 12% a favor y un 26% en duda. <\/strong><strong><\/strong><\/p>\n<p><strong>Casi el 90% de los l\u00edderes del mercado est\u00e1n de acuerdo con la eliminaci\u00f3n de privilegios a los jueces y cargos del poder, apenas un 3% expresa su desacuerdo y el resto duda de la medida. <\/strong><strong><\/strong><\/p>\n<p><strong>Ante las consultas de opini\u00f3n sobre seguridad, el 70% est\u00e1 en desacuerdo con la propuesta de permitir la libre portaci\u00f3n de armas, un 15% en duda y el otro 15% a favor. Tambi\u00e9n la mayor\u00eda con el 85% reclama la sanci\u00f3n de leyes que protejan a los polic\u00edas y no a los delincuentes.<\/strong><strong><\/strong><\/p>\n<p><strong>El derecho de protesta expresado con cortes de calles y rutas genera inquietud frente a c\u00f3mo afecta a las actividades econ\u00f3micas y sociales. M\u00e1s del 86% de los empresarios sostiene que la fuerza p\u00fablica debe desalojar a estos grupos de cortes, apenas el 5% est\u00e1 en desacuerdo, mientras el resto duda. <\/strong><strong><\/strong><\/p>\n<p><strong>Los resultados de la encuesta revelan la necesidad urgente de medidas econ\u00f3micas para erradicar la inflaci\u00f3n y estabilizar la econom\u00eda, la prioridad de una reforma laboral, tributaria, educativa, judicial y sanitaria. <\/strong><strong><\/strong><\/p>\n<p><strong>En la mirada de los empresarios es clara esta necesidad de un pa\u00eds m\u00e1s previsible y ordenado. Una Argentina que no gaste m\u00e1s de lo que tiene, que valore su moneda, empresas y trabajadores, que no haya desigualdad ni privilegios. <\/strong><strong><\/strong><\/p>\n<p><strong>Por <a href=\"https:\/\/www.linkedin.com\/in\/fernandotezanospinto\/\">Fernando Tezanos Pinto<\/a>, Presidente de <a href=\"https:\/\/auren.com\/ar\/\">Auren Argentina<\/a><\/strong><\/p>\n<p><!-- AddThis Advanced Settings generic via filter on the_content --><!-- AddThis Share Buttons generic via filter on the_content --><\/p>\n","protected":false},"excerpt":{"rendered":"<p>A d\u00edas de las elecciones y luego de escuchar los debates presidenciales, m\u00e1s de 350 empresarios de diversos sectores del mercado compartieron su opini\u00f3n y expectativas frente a los discursos [&hellip;]<\/p>\n","protected":false},"featured_media":11175,"template":"","meta":{"_acf_changed":false,"footnotes":""},"blog-category":[],"class_list":["post-11174","blog","type-blog","status-publish","has-post-thumbnail","hentry"],"acf":[],"yoast_head":"<!-- This site is optimized with the Yoast SEO plugin v27.4 - https:\/\/yoast.com\/product\/yoast-seo-wordpress\/ -->\n<title>Necesidad de un mercado de cambios, reformas r\u00e1pidas y un pa\u00eds ordenado y previsible - Auren Argentina<\/title>\n<meta name=\"robots\" content=\"index, follow, max-snippet:-1, max-image-preview:large, max-video-preview:-1\" \/>\n<link rel=\"canonical\" href=\"https:\/\/auren.com\/ar\/blog\/necesidad-de-un-mercado-de-cambios-reformas-rapidas-y-un-pais-ordenado-y-previsible\/\" \/>\n<meta property=\"og:locale\" content=\"es_ES\" \/>\n<meta property=\"og:type\" content=\"article\" \/>\n<meta property=\"og:title\" content=\"Necesidad de un mercado de cambios, reformas r\u00e1pidas y un pa\u00eds ordenado y previsible - Auren Argentina\" \/>\n<meta property=\"og:description\" content=\"A d\u00edas de las elecciones y luego de escuchar los debates presidenciales, m\u00e1s de 350 empresarios de diversos sectores del mercado compartieron su opini\u00f3n y expectativas frente a los discursos [&hellip;]\" \/>\n<meta property=\"og:url\" content=\"https:\/\/auren.com\/ar\/blog\/necesidad-de-un-mercado-de-cambios-reformas-rapidas-y-un-pais-ordenado-y-previsible\/\" \/>\n<meta property=\"og:site_name\" content=\"Auren Argentina\" \/>\n<meta property=\"article:publisher\" content=\"https:\/\/www.facebook.com\/AurenArg\/\" \/>\n<meta property=\"og:image\" content=\"https:\/\/auren.com\/ar\/wp-content\/uploads\/2023\/10\/rumbo-a-las-elecciones-2.png\" \/>\n\t<meta property=\"og:image:width\" content=\"667\" \/>\n\t<meta property=\"og:image:height\" content=\"543\" \/>\n\t<meta property=\"og:image:type\" content=\"image\/png\" \/>\n<meta name=\"twitter:card\" content=\"summary_large_image\" \/>\n<meta name=\"twitter:site\" content=\"@AUREN_Argentina\" \/>\n<meta name=\"twitter:label1\" content=\"Tiempo de lectura\" \/>\n\t<meta name=\"twitter:data1\" content=\"5 minutos\" \/>\n<script type=\"application\/ld+json\" class=\"yoast-schema-graph\">{\"@context\":\"https:\\\/\\\/schema.org\",\"@graph\":[{\"@type\":\"WebPage\",\"@id\":\"https:\\\/\\\/auren.com\\\/ar\\\/blog\\\/necesidad-de-un-mercado-de-cambios-reformas-rapidas-y-un-pais-ordenado-y-previsible\\\/\",\"url\":\"https:\\\/\\\/auren.com\\\/ar\\\/blog\\\/necesidad-de-un-mercado-de-cambios-reformas-rapidas-y-un-pais-ordenado-y-previsible\\\/\",\"name\":\"Necesidad de un mercado de cambios, reformas r\u00e1pidas y un pa\u00eds ordenado y previsible - Auren Argentina\",\"isPartOf\":{\"@id\":\"https:\\\/\\\/auren.com\\\/ar\\\/#website\"},\"primaryImageOfPage\":{\"@id\":\"https:\\\/\\\/auren.com\\\/ar\\\/blog\\\/necesidad-de-un-mercado-de-cambios-reformas-rapidas-y-un-pais-ordenado-y-previsible\\\/#primaryimage\"},\"image\":{\"@id\":\"https:\\\/\\\/auren.com\\\/ar\\\/blog\\\/necesidad-de-un-mercado-de-cambios-reformas-rapidas-y-un-pais-ordenado-y-previsible\\\/#primaryimage\"},\"thumbnailUrl\":\"https:\\\/\\\/auren.com\\\/ar\\\/wp-content\\\/uploads\\\/2023\\\/10\\\/rumbo-a-las-elecciones-2.png\",\"datePublished\":\"2023-10-17T09:52:41+00:00\",\"breadcrumb\":{\"@id\":\"https:\\\/\\\/auren.com\\\/ar\\\/blog\\\/necesidad-de-un-mercado-de-cambios-reformas-rapidas-y-un-pais-ordenado-y-previsible\\\/#breadcrumb\"},\"inLanguage\":\"es\",\"potentialAction\":[{\"@type\":\"ReadAction\",\"target\":[\"https:\\\/\\\/auren.com\\\/ar\\\/blog\\\/necesidad-de-un-mercado-de-cambios-reformas-rapidas-y-un-pais-ordenado-y-previsible\\\/\"]}]},{\"@type\":\"ImageObject\",\"inLanguage\":\"es\",\"@id\":\"https:\\\/\\\/auren.com\\\/ar\\\/blog\\\/necesidad-de-un-mercado-de-cambios-reformas-rapidas-y-un-pais-ordenado-y-previsible\\\/#primaryimage\",\"url\":\"https:\\\/\\\/auren.com\\\/ar\\\/wp-content\\\/uploads\\\/2023\\\/10\\\/rumbo-a-las-elecciones-2.png\",\"contentUrl\":\"https:\\\/\\\/auren.com\\\/ar\\\/wp-content\\\/uploads\\\/2023\\\/10\\\/rumbo-a-las-elecciones-2.png\",\"width\":667,\"height\":543},{\"@type\":\"BreadcrumbList\",\"@id\":\"https:\\\/\\\/auren.com\\\/ar\\\/blog\\\/necesidad-de-un-mercado-de-cambios-reformas-rapidas-y-un-pais-ordenado-y-previsible\\\/#breadcrumb\",\"itemListElement\":[{\"@type\":\"ListItem\",\"position\":1,\"name\":\"Portada\",\"item\":\"https:\\\/\\\/auren.com\\\/ar\\\/\"},{\"@type\":\"ListItem\",\"position\":2,\"name\":\"Necesidad de un mercado de cambios, reformas r\u00e1pidas y un pa\u00eds ordenado y previsible\"}]},{\"@type\":\"WebSite\",\"@id\":\"https:\\\/\\\/auren.com\\\/ar\\\/#website\",\"url\":\"https:\\\/\\\/auren.com\\\/ar\\\/\",\"name\":\"Auren Argentina\",\"description\":\"\",\"publisher\":{\"@id\":\"https:\\\/\\\/auren.com\\\/ar\\\/#organization\"},\"potentialAction\":[{\"@type\":\"SearchAction\",\"target\":{\"@type\":\"EntryPoint\",\"urlTemplate\":\"https:\\\/\\\/auren.com\\\/ar\\\/?s={search_term_string}\"},\"query-input\":{\"@type\":\"PropertyValueSpecification\",\"valueRequired\":true,\"valueName\":\"search_term_string\"}}],\"inLanguage\":\"es\"},{\"@type\":\"Organization\",\"@id\":\"https:\\\/\\\/auren.com\\\/ar\\\/#organization\",\"name\":\"Auren Argentina\",\"url\":\"https:\\\/\\\/auren.com\\\/ar\\\/\",\"logo\":{\"@type\":\"ImageObject\",\"inLanguage\":\"es\",\"@id\":\"https:\\\/\\\/auren.com\\\/ar\\\/#\\\/schema\\\/logo\\\/image\\\/\",\"url\":\"https:\\\/\\\/auren.com\\\/ar\\\/wp-content\\\/uploads\\\/2025\\\/01\\\/cropped-cropped-favicon-Auren.png\",\"contentUrl\":\"https:\\\/\\\/auren.com\\\/ar\\\/wp-content\\\/uploads\\\/2025\\\/01\\\/cropped-cropped-favicon-Auren.png\",\"width\":512,\"height\":512,\"caption\":\"Auren Argentina\"},\"image\":{\"@id\":\"https:\\\/\\\/auren.com\\\/ar\\\/#\\\/schema\\\/logo\\\/image\\\/\"},\"sameAs\":[\"https:\\\/\\\/www.facebook.com\\\/AurenArg\\\/\",\"https:\\\/\\\/x.com\\\/AUREN_Argentina\",\"https:\\\/\\\/www.linkedin.com\\\/company\\\/aurenargentina\",\"https:\\\/\\\/www.youtube.com\\\/channel\\\/UCSCseiHMECB0uMBGF9wtjSw\",\"https:\\\/\\\/www.instagram.com\\\/aurenargentina\\\/\"]}]}<\/script>\n<!-- \/ Yoast SEO plugin. -->","yoast_head_json":{"title":"Necesidad de un mercado de cambios, reformas r\u00e1pidas y un pa\u00eds ordenado y previsible - Auren Argentina","robots":{"index":"index","follow":"follow","max-snippet":"max-snippet:-1","max-image-preview":"max-image-preview:large","max-video-preview":"max-video-preview:-1"},"canonical":"https:\/\/auren.com\/ar\/blog\/necesidad-de-un-mercado-de-cambios-reformas-rapidas-y-un-pais-ordenado-y-previsible\/","og_locale":"es_ES","og_type":"article","og_title":"Necesidad de un mercado de cambios, reformas r\u00e1pidas y un pa\u00eds ordenado y previsible - Auren Argentina","og_description":"A d\u00edas de las elecciones y luego de escuchar los debates presidenciales, m\u00e1s de 350 empresarios de diversos sectores del mercado compartieron su opini\u00f3n y expectativas frente a los discursos [&hellip;]","og_url":"https:\/\/auren.com\/ar\/blog\/necesidad-de-un-mercado-de-cambios-reformas-rapidas-y-un-pais-ordenado-y-previsible\/","og_site_name":"Auren Argentina","article_publisher":"https:\/\/www.facebook.com\/AurenArg\/","og_image":[{"width":667,"height":543,"url":"https:\/\/auren.com\/ar\/wp-content\/uploads\/2023\/10\/rumbo-a-las-elecciones-2.png","type":"image\/png"}],"twitter_card":"summary_large_image","twitter_site":"@AUREN_Argentina","twitter_misc":{"Tiempo de lectura":"5 minutos"},"schema":{"@context":"https:\/\/schema.org","@graph":[{"@type":"WebPage","@id":"https:\/\/auren.com\/ar\/blog\/necesidad-de-un-mercado-de-cambios-reformas-rapidas-y-un-pais-ordenado-y-previsible\/","url":"https:\/\/auren.com\/ar\/blog\/necesidad-de-un-mercado-de-cambios-reformas-rapidas-y-un-pais-ordenado-y-previsible\/","name":"Necesidad de un mercado de cambios, reformas r\u00e1pidas y un pa\u00eds ordenado y previsible - Auren Argentina","isPartOf":{"@id":"https:\/\/auren.com\/ar\/#website"},"primaryImageOfPage":{"@id":"https:\/\/auren.com\/ar\/blog\/necesidad-de-un-mercado-de-cambios-reformas-rapidas-y-un-pais-ordenado-y-previsible\/#primaryimage"},"image":{"@id":"https:\/\/auren.com\/ar\/blog\/necesidad-de-un-mercado-de-cambios-reformas-rapidas-y-un-pais-ordenado-y-previsible\/#primaryimage"},"thumbnailUrl":"https:\/\/auren.com\/ar\/wp-content\/uploads\/2023\/10\/rumbo-a-las-elecciones-2.png","datePublished":"2023-10-17T09:52:41+00:00","breadcrumb":{"@id":"https:\/\/auren.com\/ar\/blog\/necesidad-de-un-mercado-de-cambios-reformas-rapidas-y-un-pais-ordenado-y-previsible\/#breadcrumb"},"inLanguage":"es","potentialAction":[{"@type":"ReadAction","target":["https:\/\/auren.com\/ar\/blog\/necesidad-de-un-mercado-de-cambios-reformas-rapidas-y-un-pais-ordenado-y-previsible\/"]}]},{"@type":"ImageObject","inLanguage":"es","@id":"https:\/\/auren.com\/ar\/blog\/necesidad-de-un-mercado-de-cambios-reformas-rapidas-y-un-pais-ordenado-y-previsible\/#primaryimage","url":"https:\/\/auren.com\/ar\/wp-content\/uploads\/2023\/10\/rumbo-a-las-elecciones-2.png","contentUrl":"https:\/\/auren.com\/ar\/wp-content\/uploads\/2023\/10\/rumbo-a-las-elecciones-2.png","width":667,"height":543},{"@type":"BreadcrumbList","@id":"https:\/\/auren.com\/ar\/blog\/necesidad-de-un-mercado-de-cambios-reformas-rapidas-y-un-pais-ordenado-y-previsible\/#breadcrumb","itemListElement":[{"@type":"ListItem","position":1,"name":"Portada","item":"https:\/\/auren.com\/ar\/"},{"@type":"ListItem","position":2,"name":"Necesidad de un mercado de cambios, reformas r\u00e1pidas y un pa\u00eds ordenado y previsible"}]},{"@type":"WebSite","@id":"https:\/\/auren.com\/ar\/#website","url":"https:\/\/auren.com\/ar\/","name":"Auren Argentina","description":"","publisher":{"@id":"https:\/\/auren.com\/ar\/#organization"},"potentialAction":[{"@type":"SearchAction","target":{"@type":"EntryPoint","urlTemplate":"https:\/\/auren.com\/ar\/?s={search_term_string}"},"query-input":{"@type":"PropertyValueSpecification","valueRequired":true,"valueName":"search_term_string"}}],"inLanguage":"es"},{"@type":"Organization","@id":"https:\/\/auren.com\/ar\/#organization","name":"Auren Argentina","url":"https:\/\/auren.com\/ar\/","logo":{"@type":"ImageObject","inLanguage":"es","@id":"https:\/\/auren.com\/ar\/#\/schema\/logo\/image\/","url":"https:\/\/auren.com\/ar\/wp-content\/uploads\/2025\/01\/cropped-cropped-favicon-Auren.png","contentUrl":"https:\/\/auren.com\/ar\/wp-content\/uploads\/2025\/01\/cropped-cropped-favicon-Auren.png","width":512,"height":512,"caption":"Auren Argentina"},"image":{"@id":"https:\/\/auren.com\/ar\/#\/schema\/logo\/image\/"},"sameAs":["https:\/\/www.facebook.com\/AurenArg\/","https:\/\/x.com\/AUREN_Argentina","https:\/\/www.linkedin.com\/company\/aurenargentina","https:\/\/www.youtube.com\/channel\/UCSCseiHMECB0uMBGF9wtjSw","https:\/\/www.instagram.com\/aurenargentina\/"]}]}},"_links":{"self":[{"href":"https:\/\/auren.com\/ar\/wp-json\/wp\/v2\/blog\/11174","targetHints":{"allow":["GET"]}}],"collection":[{"href":"https:\/\/auren.com\/ar\/wp-json\/wp\/v2\/blog"}],"about":[{"href":"https:\/\/auren.com\/ar\/wp-json\/wp\/v2\/types\/blog"}],"version-history":[{"count":0,"href":"https:\/\/auren.com\/ar\/wp-json\/wp\/v2\/blog\/11174\/revisions"}],"wp:featuredmedia":[{"embeddable":true,"href":"https:\/\/auren.com\/ar\/wp-json\/wp\/v2\/media\/11175"}],"wp:attachment":[{"href":"https:\/\/auren.com\/ar\/wp-json\/wp\/v2\/media?parent=11174"}],"wp:term":[{"taxonomy":"blog-category","embeddable":true,"href":"https:\/\/auren.com\/ar\/wp-json\/wp\/v2\/blog-category?post=11174"}],"curies":[{"name":"wp","href":"https:\/\/api.w.org\/{rel}","templated":true}]}}