{"id":11464,"date":"2022-02-15T11:07:29","date_gmt":"2022-02-15T10:07:29","guid":{"rendered":"https:\/\/auren.com\/ar\/blog\/emergencia-agropecuaria-por-sequia-e-incendios-en-provincias-argentinas\/"},"modified":"2022-02-15T11:07:29","modified_gmt":"2022-02-15T10:07:29","slug":"emergencia-agropecuaria-por-sequia-e-incendios-en-provincias-argentinas","status":"publish","type":"blog","link":"https:\/\/auren.com\/ar\/blog\/emergencia-agropecuaria-por-sequia-e-incendios-en-provincias-argentinas\/","title":{"rendered":"Emergencia agropecuaria por sequ\u00eda e incendios en provincias argentinas"},"content":{"rendered":"<p>Se declara el estado de emergencia y\/o desastre agropecuario para las explotaciones agropecuarias afectadas por sequ\u00edas y\/o incendio, en las provincias de C\u00f3rdoba <a href=\"https:\/\/auren.com\/ar\/wp-content\/uploads\/migration\/2022\/02\/RSNF-665.pdf\">RESOLUCI\u00d3N (Min. Agricultura, Ganader\u00eda y Pesca) 22\/2022<\/a>, Misiones &#8211; <a href=\"https:\/\/auren.com\/ar\/wp-content\/uploads\/migration\/2022\/02\/RSNF-665.pdf\">RESOLUCI\u00d3N (Min. Agricultura, Ganader\u00eda y Pesca) 21\/2022<\/a> &#8211;  y Corrientes.<\/p>\n<p>Tambi\u00e9n la provincia de Mendoza &#8211; <a href=\"https:\/\/auren.com\/ar\/wp-content\/uploads\/migration\/2022\/02\/RSNF-665.pdf\">RESOLUCI\u00d3N (Min. Agricultura, Ganader\u00eda y Pesca) 24\/2022<\/a> &#8211; se declar\u00f3 situaci\u00f3n de emergencia afectada por las heladas. <\/p>\n<p>Todas las provincias se vieron afectadas por eventos clim\u00e1ticos e incendios. En Corrientes no da tregua, est\u00e1 desolada por el fuego. Siguen varios focos encendidos, y abarca la emergencia a todo el territorio provincial.<\/p>\n<p><a href=\"https:\/\/auren.com\/ar\/servicios\/tax-legal\/impuestos\/\">Impuestos<\/a> de <a href=\"https:\/\/www.linkedin.com\/company\/aurenargentina\">Auren Argentina<\/a><\/p>\n<\/p>\n<\/p>\n<h1 class=\"wp-block-heading\"><\/h1>\n<h2 class=\"wp-block-heading\"><\/h2>\n<\/p>\n<p><!-- AddThis Advanced Settings generic via filter on the_content --><!-- AddThis Share Buttons generic via filter on the_content --><\/p>\n","protected":false},"excerpt":{"rendered":"<p>Se declara el estado de emergencia y\/o desastre agropecuario para las explotaciones agropecuarias afectadas por sequ\u00edas y\/o incendio, en las provincias de C\u00f3rdoba RESOLUCI\u00d3N (Min. Agricultura, Ganader\u00eda y Pesca) 22\/2022, [&hellip;]<\/p>\n","protected":false},"featured_media":11465,"template":"","meta":{"_acf_changed":false,"footnotes":""},"blog-category":[],"class_list":["post-11464","blog","type-blog","status-publish","has-post-thumbnail","hentry"],"acf":[],"yoast_head":"<!-- This site is optimized with the Yoast SEO plugin v27.4 - https:\/\/yoast.com\/product\/yoast-seo-wordpress\/ -->\n<title>Emergencia agropecuaria por sequ\u00eda e incendios en provincias argentinas - Auren Argentina<\/title>\n<meta name=\"description\" content=\"Se declara el estado de emergencia agropecuario afectadas por sequ\u00edas y\/o incendio, en C\u00f3rdoba, Misiones y Corrientes.\" \/>\n<meta name=\"robots\" content=\"index, follow, max-snippet:-1, max-image-preview:large, max-video-preview:-1\" \/>\n<link rel=\"canonical\" href=\"https:\/\/auren.com\/ar\/blog\/emergencia-agropecuaria-por-sequia-e-incendios-en-provincias-argentinas\/\" \/>\n<meta property=\"og:locale\" content=\"es_ES\" \/>\n<meta property=\"og:type\" content=\"article\" \/>\n<meta property=\"og:title\" content=\"Emergencia agropecuaria por sequ\u00eda e incendios en provincias argentinas - Auren Argentina\" \/>\n<meta property=\"og:description\" content=\"Se declara el estado de emergencia agropecuario afectadas por sequ\u00edas y\/o incendio, en C\u00f3rdoba, Misiones y Corrientes.\" \/>\n<meta property=\"og:url\" content=\"https:\/\/auren.com\/ar\/blog\/emergencia-agropecuaria-por-sequia-e-incendios-en-provincias-argentinas\/\" \/>\n<meta property=\"og:site_name\" content=\"Auren Argentina\" \/>\n<meta property=\"article:publisher\" content=\"https:\/\/www.facebook.com\/AurenArg\/\" \/>\n<meta property=\"og:image\" content=\"https:\/\/auren.com\/ar\/wp-content\/uploads\/2022\/02\/IMAGEN-AGRO-1-1.jpg\" \/>\n\t<meta property=\"og:image:width\" content=\"980\" \/>\n\t<meta property=\"og:image:height\" content=\"620\" \/>\n\t<meta property=\"og:image:type\" content=\"image\/jpeg\" \/>\n<meta name=\"twitter:card\" content=\"summary_large_image\" \/>\n<meta name=\"twitter:site\" content=\"@AUREN_Argentina\" \/>\n<meta name=\"twitter:label1\" content=\"Tiempo de lectura\" \/>\n\t<meta name=\"twitter:data1\" content=\"1 minuto\" \/>\n<script type=\"application\/ld+json\" class=\"yoast-schema-graph\">{\"@context\":\"https:\\\/\\\/schema.org\",\"@graph\":[{\"@type\":\"WebPage\",\"@id\":\"https:\\\/\\\/auren.com\\\/ar\\\/blog\\\/emergencia-agropecuaria-por-sequia-e-incendios-en-provincias-argentinas\\\/\",\"url\":\"https:\\\/\\\/auren.com\\\/ar\\\/blog\\\/emergencia-agropecuaria-por-sequia-e-incendios-en-provincias-argentinas\\\/\",\"name\":\"Emergencia agropecuaria por sequ\u00eda e incendios en provincias argentinas - Auren Argentina\",\"isPartOf\":{\"@id\":\"https:\\\/\\\/auren.com\\\/ar\\\/#website\"},\"primaryImageOfPage\":{\"@id\":\"https:\\\/\\\/auren.com\\\/ar\\\/blog\\\/emergencia-agropecuaria-por-sequia-e-incendios-en-provincias-argentinas\\\/#primaryimage\"},\"image\":{\"@id\":\"https:\\\/\\\/auren.com\\\/ar\\\/blog\\\/emergencia-agropecuaria-por-sequia-e-incendios-en-provincias-argentinas\\\/#primaryimage\"},\"thumbnailUrl\":\"https:\\\/\\\/auren.com\\\/ar\\\/wp-content\\\/uploads\\\/2022\\\/02\\\/IMAGEN-AGRO-1-1.jpg\",\"datePublished\":\"2022-02-15T10:07:29+00:00\",\"description\":\"Se declara el estado de emergencia agropecuario afectadas por sequ\u00edas y\\\/o incendio, en C\u00f3rdoba, Misiones y Corrientes.\",\"breadcrumb\":{\"@id\":\"https:\\\/\\\/auren.com\\\/ar\\\/blog\\\/emergencia-agropecuaria-por-sequia-e-incendios-en-provincias-argentinas\\\/#breadcrumb\"},\"inLanguage\":\"es\",\"potentialAction\":[{\"@type\":\"ReadAction\",\"target\":[\"https:\\\/\\\/auren.com\\\/ar\\\/blog\\\/emergencia-agropecuaria-por-sequia-e-incendios-en-provincias-argentinas\\\/\"]}]},{\"@type\":\"ImageObject\",\"inLanguage\":\"es\",\"@id\":\"https:\\\/\\\/auren.com\\\/ar\\\/blog\\\/emergencia-agropecuaria-por-sequia-e-incendios-en-provincias-argentinas\\\/#primaryimage\",\"url\":\"https:\\\/\\\/auren.com\\\/ar\\\/wp-content\\\/uploads\\\/2022\\\/02\\\/IMAGEN-AGRO-1-1.jpg\",\"contentUrl\":\"https:\\\/\\\/auren.com\\\/ar\\\/wp-content\\\/uploads\\\/2022\\\/02\\\/IMAGEN-AGRO-1-1.jpg\",\"width\":980,\"height\":620},{\"@type\":\"BreadcrumbList\",\"@id\":\"https:\\\/\\\/auren.com\\\/ar\\\/blog\\\/emergencia-agropecuaria-por-sequia-e-incendios-en-provincias-argentinas\\\/#breadcrumb\",\"itemListElement\":[{\"@type\":\"ListItem\",\"position\":1,\"name\":\"Portada\",\"item\":\"https:\\\/\\\/auren.com\\\/ar\\\/\"},{\"@type\":\"ListItem\",\"position\":2,\"name\":\"Emergencia agropecuaria por sequ\u00eda e incendios en provincias argentinas\"}]},{\"@type\":\"WebSite\",\"@id\":\"https:\\\/\\\/auren.com\\\/ar\\\/#website\",\"url\":\"https:\\\/\\\/auren.com\\\/ar\\\/\",\"name\":\"Auren Argentina\",\"description\":\"\",\"publisher\":{\"@id\":\"https:\\\/\\\/auren.com\\\/ar\\\/#organization\"},\"potentialAction\":[{\"@type\":\"SearchAction\",\"target\":{\"@type\":\"EntryPoint\",\"urlTemplate\":\"https:\\\/\\\/auren.com\\\/ar\\\/?s={search_term_string}\"},\"query-input\":{\"@type\":\"PropertyValueSpecification\",\"valueRequired\":true,\"valueName\":\"search_term_string\"}}],\"inLanguage\":\"es\"},{\"@type\":\"Organization\",\"@id\":\"https:\\\/\\\/auren.com\\\/ar\\\/#organization\",\"name\":\"Auren Argentina\",\"url\":\"https:\\\/\\\/auren.com\\\/ar\\\/\",\"logo\":{\"@type\":\"ImageObject\",\"inLanguage\":\"es\",\"@id\":\"https:\\\/\\\/auren.com\\\/ar\\\/#\\\/schema\\\/logo\\\/image\\\/\",\"url\":\"https:\\\/\\\/auren.com\\\/ar\\\/wp-content\\\/uploads\\\/2025\\\/01\\\/cropped-cropped-favicon-Auren.png\",\"contentUrl\":\"https:\\\/\\\/auren.com\\\/ar\\\/wp-content\\\/uploads\\\/2025\\\/01\\\/cropped-cropped-favicon-Auren.png\",\"width\":512,\"height\":512,\"caption\":\"Auren Argentina\"},\"image\":{\"@id\":\"https:\\\/\\\/auren.com\\\/ar\\\/#\\\/schema\\\/logo\\\/image\\\/\"},\"sameAs\":[\"https:\\\/\\\/www.facebook.com\\\/AurenArg\\\/\",\"https:\\\/\\\/x.com\\\/AUREN_Argentina\",\"https:\\\/\\\/www.linkedin.com\\\/company\\\/aurenargentina\",\"https:\\\/\\\/www.youtube.com\\\/channel\\\/UCSCseiHMECB0uMBGF9wtjSw\",\"https:\\\/\\\/www.instagram.com\\\/aurenargentina\\\/\"]}]}<\/script>\n<!-- \/ Yoast SEO plugin. -->","yoast_head_json":{"title":"Emergencia agropecuaria por sequ\u00eda e incendios en provincias argentinas - Auren Argentina","description":"Se declara el estado de emergencia agropecuario afectadas por sequ\u00edas y\/o incendio, en C\u00f3rdoba, Misiones y Corrientes.","robots":{"index":"index","follow":"follow","max-snippet":"max-snippet:-1","max-image-preview":"max-image-preview:large","max-video-preview":"max-video-preview:-1"},"canonical":"https:\/\/auren.com\/ar\/blog\/emergencia-agropecuaria-por-sequia-e-incendios-en-provincias-argentinas\/","og_locale":"es_ES","og_type":"article","og_title":"Emergencia agropecuaria por sequ\u00eda e incendios en provincias argentinas - Auren Argentina","og_description":"Se declara el estado de emergencia agropecuario afectadas por sequ\u00edas y\/o incendio, en C\u00f3rdoba, Misiones y Corrientes.","og_url":"https:\/\/auren.com\/ar\/blog\/emergencia-agropecuaria-por-sequia-e-incendios-en-provincias-argentinas\/","og_site_name":"Auren Argentina","article_publisher":"https:\/\/www.facebook.com\/AurenArg\/","og_image":[{"width":980,"height":620,"url":"https:\/\/auren.com\/ar\/wp-content\/uploads\/2022\/02\/IMAGEN-AGRO-1-1.jpg","type":"image\/jpeg"}],"twitter_card":"summary_large_image","twitter_site":"@AUREN_Argentina","twitter_misc":{"Tiempo de lectura":"1 minuto"},"schema":{"@context":"https:\/\/schema.org","@graph":[{"@type":"WebPage","@id":"https:\/\/auren.com\/ar\/blog\/emergencia-agropecuaria-por-sequia-e-incendios-en-provincias-argentinas\/","url":"https:\/\/auren.com\/ar\/blog\/emergencia-agropecuaria-por-sequia-e-incendios-en-provincias-argentinas\/","name":"Emergencia agropecuaria por sequ\u00eda e incendios en provincias argentinas - Auren Argentina","isPartOf":{"@id":"https:\/\/auren.com\/ar\/#website"},"primaryImageOfPage":{"@id":"https:\/\/auren.com\/ar\/blog\/emergencia-agropecuaria-por-sequia-e-incendios-en-provincias-argentinas\/#primaryimage"},"image":{"@id":"https:\/\/auren.com\/ar\/blog\/emergencia-agropecuaria-por-sequia-e-incendios-en-provincias-argentinas\/#primaryimage"},"thumbnailUrl":"https:\/\/auren.com\/ar\/wp-content\/uploads\/2022\/02\/IMAGEN-AGRO-1-1.jpg","datePublished":"2022-02-15T10:07:29+00:00","description":"Se declara el estado de emergencia agropecuario afectadas por sequ\u00edas y\/o incendio, en C\u00f3rdoba, Misiones y Corrientes.","breadcrumb":{"@id":"https:\/\/auren.com\/ar\/blog\/emergencia-agropecuaria-por-sequia-e-incendios-en-provincias-argentinas\/#breadcrumb"},"inLanguage":"es","potentialAction":[{"@type":"ReadAction","target":["https:\/\/auren.com\/ar\/blog\/emergencia-agropecuaria-por-sequia-e-incendios-en-provincias-argentinas\/"]}]},{"@type":"ImageObject","inLanguage":"es","@id":"https:\/\/auren.com\/ar\/blog\/emergencia-agropecuaria-por-sequia-e-incendios-en-provincias-argentinas\/#primaryimage","url":"https:\/\/auren.com\/ar\/wp-content\/uploads\/2022\/02\/IMAGEN-AGRO-1-1.jpg","contentUrl":"https:\/\/auren.com\/ar\/wp-content\/uploads\/2022\/02\/IMAGEN-AGRO-1-1.jpg","width":980,"height":620},{"@type":"BreadcrumbList","@id":"https:\/\/auren.com\/ar\/blog\/emergencia-agropecuaria-por-sequia-e-incendios-en-provincias-argentinas\/#breadcrumb","itemListElement":[{"@type":"ListItem","position":1,"name":"Portada","item":"https:\/\/auren.com\/ar\/"},{"@type":"ListItem","position":2,"name":"Emergencia agropecuaria por sequ\u00eda e incendios en provincias argentinas"}]},{"@type":"WebSite","@id":"https:\/\/auren.com\/ar\/#website","url":"https:\/\/auren.com\/ar\/","name":"Auren Argentina","description":"","publisher":{"@id":"https:\/\/auren.com\/ar\/#organization"},"potentialAction":[{"@type":"SearchAction","target":{"@type":"EntryPoint","urlTemplate":"https:\/\/auren.com\/ar\/?s={search_term_string}"},"query-input":{"@type":"PropertyValueSpecification","valueRequired":true,"valueName":"search_term_string"}}],"inLanguage":"es"},{"@type":"Organization","@id":"https:\/\/auren.com\/ar\/#organization","name":"Auren Argentina","url":"https:\/\/auren.com\/ar\/","logo":{"@type":"ImageObject","inLanguage":"es","@id":"https:\/\/auren.com\/ar\/#\/schema\/logo\/image\/","url":"https:\/\/auren.com\/ar\/wp-content\/uploads\/2025\/01\/cropped-cropped-favicon-Auren.png","contentUrl":"https:\/\/auren.com\/ar\/wp-content\/uploads\/2025\/01\/cropped-cropped-favicon-Auren.png","width":512,"height":512,"caption":"Auren Argentina"},"image":{"@id":"https:\/\/auren.com\/ar\/#\/schema\/logo\/image\/"},"sameAs":["https:\/\/www.facebook.com\/AurenArg\/","https:\/\/x.com\/AUREN_Argentina","https:\/\/www.linkedin.com\/company\/aurenargentina","https:\/\/www.youtube.com\/channel\/UCSCseiHMECB0uMBGF9wtjSw","https:\/\/www.instagram.com\/aurenargentina\/"]}]}},"_links":{"self":[{"href":"https:\/\/auren.com\/ar\/wp-json\/wp\/v2\/blog\/11464","targetHints":{"allow":["GET"]}}],"collection":[{"href":"https:\/\/auren.com\/ar\/wp-json\/wp\/v2\/blog"}],"about":[{"href":"https:\/\/auren.com\/ar\/wp-json\/wp\/v2\/types\/blog"}],"version-history":[{"count":0,"href":"https:\/\/auren.com\/ar\/wp-json\/wp\/v2\/blog\/11464\/revisions"}],"wp:featuredmedia":[{"embeddable":true,"href":"https:\/\/auren.com\/ar\/wp-json\/wp\/v2\/media\/11465"}],"wp:attachment":[{"href":"https:\/\/auren.com\/ar\/wp-json\/wp\/v2\/media?parent=11464"}],"wp:term":[{"taxonomy":"blog-category","embeddable":true,"href":"https:\/\/auren.com\/ar\/wp-json\/wp\/v2\/blog-category?post=11464"}],"curies":[{"name":"wp","href":"https:\/\/api.w.org\/{rel}","templated":true}]}}