{"id":11475,"date":"2022-02-01T15:41:40","date_gmt":"2022-02-01T14:41:40","guid":{"rendered":"https:\/\/auren.com\/ar\/blog\/plazo-de-duracion-de-una-sociedad\/"},"modified":"2022-02-01T15:41:40","modified_gmt":"2022-02-01T14:41:40","slug":"plazo-de-duracion-de-una-sociedad","status":"publish","type":"blog","link":"https:\/\/auren.com\/ar\/blog\/plazo-de-duracion-de-una-sociedad\/","title":{"rendered":"Plazo de duraci\u00f3n de una sociedad"},"content":{"rendered":"<p>La Inspecci\u00f3n General de Justicia\u00a0<strong>(IGJ<\/strong>)\u00a0acort\u00f3 el plazo de existencia de las sociedades de 99 a 30 a\u00f1os, lo que\u00a0afecta especialmente el pase de las empresas familiares a los sucesores del fundador.<\/p>\n<p>Todo instrumento constitutivo, contrato social o estatuto de sociedad comercial que deba ser inscripto en el Registro P\u00fablico debe incluir el plazo de duraci\u00f3n de la sociedad, que no podr\u00e1 exceder el plazo de 30 a\u00f1os a contar desde su inscripci\u00f3n.\u00a0<\/p>\n<p>La Resoluci\u00f3n General 1\/2022 de la IGJ, publicada en el Bolet\u00edn Oficial, explica en sus fundamentos que el plazo de duraci\u00f3n de la sociedad no deber\u00eda extenderse m\u00e1s all\u00e1 de la vida econ\u00f3mica de sus integrantes fundadores.<\/p>\n<p>La soluci\u00f3n que se indica, cuando todos est\u00e1n de acuerdo con seguir con la sociedad, es hacer el tr\u00e1mite de pr\u00f3rroga del plazo. Esto conlleva mayores costos y carga administrativa.<\/p>\n<p>Dado que la norma se aplica a partir de ahora, las sociedades creadas anteriormente tienen el beneficio de poder tener un plazo de duraci\u00f3n m\u00e1s largo, con respecto a las nuevas que lo ven limitado a 30 a\u00f1os.<\/p>\n<p>Por <a href=\"https:\/\/www.linkedin.com\/in\/javier-panno\/\">Javier Panno<\/a>, Quality Manager de <a href=\"https:\/\/auren.com\/ar\/servicios\/auditoria\/\">Auditor\u00eda<\/a> de <a href=\"https:\/\/auren.com\/ar\/\">Auren<\/a> <\/p>\n<div class=\"wp-block-file\"><object class=\"wp-block-file__embed\" data=\"https:\/\/auren.com\/ar\/wp-content\/uploads\/migration\/2022\/02\/Resolucion-General-IGJ-No-12022.pdf\" type=\"application\/pdf\" style=\"width:100%;height:600px\" aria-label=\"Incrustado de Incrustado de Resolucion-General-IGJ-No-12022..\"><\/object><a href=\"https:\/\/auren.com\/ar\/wp-content\/uploads\/migration\/2022\/02\/Resolucion-General-IGJ-No-12022.pdf\">Resolucion-General-IGJ-No-12022<\/a><a href=\"https:\/\/auren.com\/ar\/wp-content\/uploads\/migration\/2022\/02\/Resolucion-General-IGJ-No-12022.pdf\" class=\"wp-block-file__button\" download>Descarga<\/a><\/div>\n<\/p>\n<p><!-- AddThis Advanced Settings generic via filter on the_content --><!-- AddThis Share Buttons generic via filter on the_content --><\/p>\n","protected":false},"excerpt":{"rendered":"<p>La Inspecci\u00f3n General de Justicia\u00a0(IGJ)\u00a0acort\u00f3 el plazo de existencia de las sociedades de 99 a 30 a\u00f1os, lo que\u00a0afecta especialmente el pase de las empresas familiares a los sucesores del [&hellip;]<\/p>\n","protected":false},"featured_media":11476,"template":"","meta":{"_acf_changed":false,"footnotes":""},"blog-category":[],"class_list":["post-11475","blog","type-blog","status-publish","has-post-thumbnail","hentry"],"acf":[],"yoast_head":"<!-- This site is optimized with the Yoast SEO plugin v27.4 - https:\/\/yoast.com\/product\/yoast-seo-wordpress\/ -->\n<title>Plazo de duraci\u00f3n de una sociedad - Auren Argentina<\/title>\n<meta name=\"description\" content=\"La Inspecci\u00f3n General de Justicia\u00a0(IGJ)\u00a0acort\u00f3 el plazo de existencia de las sociedades de 99 a 30 a\u00f1os. Esto afecta a las empresas familiares\" \/>\n<meta name=\"robots\" content=\"index, follow, max-snippet:-1, max-image-preview:large, max-video-preview:-1\" \/>\n<link rel=\"canonical\" href=\"https:\/\/auren.com\/ar\/blog\/plazo-de-duracion-de-una-sociedad\/\" \/>\n<meta property=\"og:locale\" content=\"es_ES\" \/>\n<meta property=\"og:type\" content=\"article\" \/>\n<meta property=\"og:title\" content=\"Plazo de duraci\u00f3n de una sociedad - Auren Argentina\" \/>\n<meta property=\"og:description\" content=\"La Inspecci\u00f3n General de Justicia\u00a0(IGJ)\u00a0acort\u00f3 el plazo de existencia de las sociedades de 99 a 30 a\u00f1os. Esto afecta a las empresas familiares\" \/>\n<meta property=\"og:url\" content=\"https:\/\/auren.com\/ar\/blog\/plazo-de-duracion-de-una-sociedad\/\" \/>\n<meta property=\"og:site_name\" content=\"Auren Argentina\" \/>\n<meta property=\"article:publisher\" content=\"https:\/\/www.facebook.com\/AurenArg\/\" \/>\n<meta property=\"og:image\" content=\"https:\/\/auren.com\/ar\/wp-content\/uploads\/2022\/02\/IMAGEN-IGJ-1.png\" \/>\n\t<meta property=\"og:image:width\" content=\"554\" \/>\n\t<meta property=\"og:image:height\" content=\"314\" \/>\n\t<meta property=\"og:image:type\" content=\"image\/png\" \/>\n<meta name=\"twitter:card\" content=\"summary_large_image\" \/>\n<meta name=\"twitter:site\" content=\"@AUREN_Argentina\" \/>\n<meta name=\"twitter:label1\" content=\"Tiempo de lectura\" \/>\n\t<meta name=\"twitter:data1\" content=\"1 minuto\" \/>\n<script type=\"application\/ld+json\" class=\"yoast-schema-graph\">{\"@context\":\"https:\\\/\\\/schema.org\",\"@graph\":[{\"@type\":\"WebPage\",\"@id\":\"https:\\\/\\\/auren.com\\\/ar\\\/blog\\\/plazo-de-duracion-de-una-sociedad\\\/\",\"url\":\"https:\\\/\\\/auren.com\\\/ar\\\/blog\\\/plazo-de-duracion-de-una-sociedad\\\/\",\"name\":\"Plazo de duraci\u00f3n de una sociedad - Auren Argentina\",\"isPartOf\":{\"@id\":\"https:\\\/\\\/auren.com\\\/ar\\\/#website\"},\"primaryImageOfPage\":{\"@id\":\"https:\\\/\\\/auren.com\\\/ar\\\/blog\\\/plazo-de-duracion-de-una-sociedad\\\/#primaryimage\"},\"image\":{\"@id\":\"https:\\\/\\\/auren.com\\\/ar\\\/blog\\\/plazo-de-duracion-de-una-sociedad\\\/#primaryimage\"},\"thumbnailUrl\":\"https:\\\/\\\/auren.com\\\/ar\\\/wp-content\\\/uploads\\\/2022\\\/02\\\/IMAGEN-IGJ-1.png\",\"datePublished\":\"2022-02-01T14:41:40+00:00\",\"description\":\"La Inspecci\u00f3n General de Justicia\u00a0(IGJ)\u00a0acort\u00f3 el plazo de existencia de las sociedades de 99 a 30 a\u00f1os. Esto afecta a las empresas familiares\",\"breadcrumb\":{\"@id\":\"https:\\\/\\\/auren.com\\\/ar\\\/blog\\\/plazo-de-duracion-de-una-sociedad\\\/#breadcrumb\"},\"inLanguage\":\"es\",\"potentialAction\":[{\"@type\":\"ReadAction\",\"target\":[\"https:\\\/\\\/auren.com\\\/ar\\\/blog\\\/plazo-de-duracion-de-una-sociedad\\\/\"]}]},{\"@type\":\"ImageObject\",\"inLanguage\":\"es\",\"@id\":\"https:\\\/\\\/auren.com\\\/ar\\\/blog\\\/plazo-de-duracion-de-una-sociedad\\\/#primaryimage\",\"url\":\"https:\\\/\\\/auren.com\\\/ar\\\/wp-content\\\/uploads\\\/2022\\\/02\\\/IMAGEN-IGJ-1.png\",\"contentUrl\":\"https:\\\/\\\/auren.com\\\/ar\\\/wp-content\\\/uploads\\\/2022\\\/02\\\/IMAGEN-IGJ-1.png\",\"width\":554,\"height\":314},{\"@type\":\"BreadcrumbList\",\"@id\":\"https:\\\/\\\/auren.com\\\/ar\\\/blog\\\/plazo-de-duracion-de-una-sociedad\\\/#breadcrumb\",\"itemListElement\":[{\"@type\":\"ListItem\",\"position\":1,\"name\":\"Portada\",\"item\":\"https:\\\/\\\/auren.com\\\/ar\\\/\"},{\"@type\":\"ListItem\",\"position\":2,\"name\":\"Plazo de duraci\u00f3n de una sociedad\"}]},{\"@type\":\"WebSite\",\"@id\":\"https:\\\/\\\/auren.com\\\/ar\\\/#website\",\"url\":\"https:\\\/\\\/auren.com\\\/ar\\\/\",\"name\":\"Auren Argentina\",\"description\":\"\",\"publisher\":{\"@id\":\"https:\\\/\\\/auren.com\\\/ar\\\/#organization\"},\"potentialAction\":[{\"@type\":\"SearchAction\",\"target\":{\"@type\":\"EntryPoint\",\"urlTemplate\":\"https:\\\/\\\/auren.com\\\/ar\\\/?s={search_term_string}\"},\"query-input\":{\"@type\":\"PropertyValueSpecification\",\"valueRequired\":true,\"valueName\":\"search_term_string\"}}],\"inLanguage\":\"es\"},{\"@type\":\"Organization\",\"@id\":\"https:\\\/\\\/auren.com\\\/ar\\\/#organization\",\"name\":\"Auren Argentina\",\"url\":\"https:\\\/\\\/auren.com\\\/ar\\\/\",\"logo\":{\"@type\":\"ImageObject\",\"inLanguage\":\"es\",\"@id\":\"https:\\\/\\\/auren.com\\\/ar\\\/#\\\/schema\\\/logo\\\/image\\\/\",\"url\":\"https:\\\/\\\/auren.com\\\/ar\\\/wp-content\\\/uploads\\\/2025\\\/01\\\/cropped-cropped-favicon-Auren.png\",\"contentUrl\":\"https:\\\/\\\/auren.com\\\/ar\\\/wp-content\\\/uploads\\\/2025\\\/01\\\/cropped-cropped-favicon-Auren.png\",\"width\":512,\"height\":512,\"caption\":\"Auren Argentina\"},\"image\":{\"@id\":\"https:\\\/\\\/auren.com\\\/ar\\\/#\\\/schema\\\/logo\\\/image\\\/\"},\"sameAs\":[\"https:\\\/\\\/www.facebook.com\\\/AurenArg\\\/\",\"https:\\\/\\\/x.com\\\/AUREN_Argentina\",\"https:\\\/\\\/www.linkedin.com\\\/company\\\/aurenargentina\",\"https:\\\/\\\/www.youtube.com\\\/channel\\\/UCSCseiHMECB0uMBGF9wtjSw\",\"https:\\\/\\\/www.instagram.com\\\/aurenargentina\\\/\"]}]}<\/script>\n<!-- \/ Yoast SEO plugin. -->","yoast_head_json":{"title":"Plazo de duraci\u00f3n de una sociedad - Auren Argentina","description":"La Inspecci\u00f3n General de Justicia\u00a0(IGJ)\u00a0acort\u00f3 el plazo de existencia de las sociedades de 99 a 30 a\u00f1os. Esto afecta a las empresas familiares","robots":{"index":"index","follow":"follow","max-snippet":"max-snippet:-1","max-image-preview":"max-image-preview:large","max-video-preview":"max-video-preview:-1"},"canonical":"https:\/\/auren.com\/ar\/blog\/plazo-de-duracion-de-una-sociedad\/","og_locale":"es_ES","og_type":"article","og_title":"Plazo de duraci\u00f3n de una sociedad - Auren Argentina","og_description":"La Inspecci\u00f3n General de Justicia\u00a0(IGJ)\u00a0acort\u00f3 el plazo de existencia de las sociedades de 99 a 30 a\u00f1os. Esto afecta a las empresas familiares","og_url":"https:\/\/auren.com\/ar\/blog\/plazo-de-duracion-de-una-sociedad\/","og_site_name":"Auren Argentina","article_publisher":"https:\/\/www.facebook.com\/AurenArg\/","og_image":[{"width":554,"height":314,"url":"https:\/\/auren.com\/ar\/wp-content\/uploads\/2022\/02\/IMAGEN-IGJ-1.png","type":"image\/png"}],"twitter_card":"summary_large_image","twitter_site":"@AUREN_Argentina","twitter_misc":{"Tiempo de lectura":"1 minuto"},"schema":{"@context":"https:\/\/schema.org","@graph":[{"@type":"WebPage","@id":"https:\/\/auren.com\/ar\/blog\/plazo-de-duracion-de-una-sociedad\/","url":"https:\/\/auren.com\/ar\/blog\/plazo-de-duracion-de-una-sociedad\/","name":"Plazo de duraci\u00f3n de una sociedad - Auren Argentina","isPartOf":{"@id":"https:\/\/auren.com\/ar\/#website"},"primaryImageOfPage":{"@id":"https:\/\/auren.com\/ar\/blog\/plazo-de-duracion-de-una-sociedad\/#primaryimage"},"image":{"@id":"https:\/\/auren.com\/ar\/blog\/plazo-de-duracion-de-una-sociedad\/#primaryimage"},"thumbnailUrl":"https:\/\/auren.com\/ar\/wp-content\/uploads\/2022\/02\/IMAGEN-IGJ-1.png","datePublished":"2022-02-01T14:41:40+00:00","description":"La Inspecci\u00f3n General de Justicia\u00a0(IGJ)\u00a0acort\u00f3 el plazo de existencia de las sociedades de 99 a 30 a\u00f1os. Esto afecta a las empresas familiares","breadcrumb":{"@id":"https:\/\/auren.com\/ar\/blog\/plazo-de-duracion-de-una-sociedad\/#breadcrumb"},"inLanguage":"es","potentialAction":[{"@type":"ReadAction","target":["https:\/\/auren.com\/ar\/blog\/plazo-de-duracion-de-una-sociedad\/"]}]},{"@type":"ImageObject","inLanguage":"es","@id":"https:\/\/auren.com\/ar\/blog\/plazo-de-duracion-de-una-sociedad\/#primaryimage","url":"https:\/\/auren.com\/ar\/wp-content\/uploads\/2022\/02\/IMAGEN-IGJ-1.png","contentUrl":"https:\/\/auren.com\/ar\/wp-content\/uploads\/2022\/02\/IMAGEN-IGJ-1.png","width":554,"height":314},{"@type":"BreadcrumbList","@id":"https:\/\/auren.com\/ar\/blog\/plazo-de-duracion-de-una-sociedad\/#breadcrumb","itemListElement":[{"@type":"ListItem","position":1,"name":"Portada","item":"https:\/\/auren.com\/ar\/"},{"@type":"ListItem","position":2,"name":"Plazo de duraci\u00f3n de una sociedad"}]},{"@type":"WebSite","@id":"https:\/\/auren.com\/ar\/#website","url":"https:\/\/auren.com\/ar\/","name":"Auren Argentina","description":"","publisher":{"@id":"https:\/\/auren.com\/ar\/#organization"},"potentialAction":[{"@type":"SearchAction","target":{"@type":"EntryPoint","urlTemplate":"https:\/\/auren.com\/ar\/?s={search_term_string}"},"query-input":{"@type":"PropertyValueSpecification","valueRequired":true,"valueName":"search_term_string"}}],"inLanguage":"es"},{"@type":"Organization","@id":"https:\/\/auren.com\/ar\/#organization","name":"Auren Argentina","url":"https:\/\/auren.com\/ar\/","logo":{"@type":"ImageObject","inLanguage":"es","@id":"https:\/\/auren.com\/ar\/#\/schema\/logo\/image\/","url":"https:\/\/auren.com\/ar\/wp-content\/uploads\/2025\/01\/cropped-cropped-favicon-Auren.png","contentUrl":"https:\/\/auren.com\/ar\/wp-content\/uploads\/2025\/01\/cropped-cropped-favicon-Auren.png","width":512,"height":512,"caption":"Auren Argentina"},"image":{"@id":"https:\/\/auren.com\/ar\/#\/schema\/logo\/image\/"},"sameAs":["https:\/\/www.facebook.com\/AurenArg\/","https:\/\/x.com\/AUREN_Argentina","https:\/\/www.linkedin.com\/company\/aurenargentina","https:\/\/www.youtube.com\/channel\/UCSCseiHMECB0uMBGF9wtjSw","https:\/\/www.instagram.com\/aurenargentina\/"]}]}},"_links":{"self":[{"href":"https:\/\/auren.com\/ar\/wp-json\/wp\/v2\/blog\/11475","targetHints":{"allow":["GET"]}}],"collection":[{"href":"https:\/\/auren.com\/ar\/wp-json\/wp\/v2\/blog"}],"about":[{"href":"https:\/\/auren.com\/ar\/wp-json\/wp\/v2\/types\/blog"}],"version-history":[{"count":0,"href":"https:\/\/auren.com\/ar\/wp-json\/wp\/v2\/blog\/11475\/revisions"}],"wp:featuredmedia":[{"embeddable":true,"href":"https:\/\/auren.com\/ar\/wp-json\/wp\/v2\/media\/11476"}],"wp:attachment":[{"href":"https:\/\/auren.com\/ar\/wp-json\/wp\/v2\/media?parent=11475"}],"wp:term":[{"taxonomy":"blog-category","embeddable":true,"href":"https:\/\/auren.com\/ar\/wp-json\/wp\/v2\/blog-category?post=11475"}],"curies":[{"name":"wp","href":"https:\/\/api.w.org\/{rel}","templated":true}]}}