{"id":11620,"date":"2021-05-13T15:18:58","date_gmt":"2021-05-13T13:18:58","guid":{"rendered":"https:\/\/auren.com\/ar\/blog\/la-pandemia-y-lo-que-viene-en-el-mundo-laboral\/"},"modified":"2021-05-13T15:18:58","modified_gmt":"2021-05-13T13:18:58","slug":"la-pandemia-y-lo-que-viene-en-el-mundo-laboral","status":"publish","type":"blog","link":"https:\/\/auren.com\/ar\/blog\/la-pandemia-y-lo-que-viene-en-el-mundo-laboral\/","title":{"rendered":"La Pandemia y lo que viene en el mundo laboral"},"content":{"rendered":"<p>Desde Marzo del 2020 estamos inmersos en la lucha contra el COVID 19, Pandemia mundial que vino a replantear muchas cosas y el plano laboral no escapa de esta transformaci\u00f3n.<\/p>\n<p>Hace dos a\u00f1os, era impensado trabajar en la modalidad Home Office el 90% del tiempo. Este horizonte era insospechado. Sin embargo, la pandemia vino a patear el tablero, provocando un cambio dr\u00e1stico en el \u00e1mbito laboral. Esta experiencia deja una ense\u00f1anza: que hab\u00eda una forma distinta de trabajar, mostr\u00e1ndonos que la efectividad y el compromiso pod\u00eda continuar remoto, inclusive con mayor carga horaria y n\u00famero de reuniones laborales.<\/p>\n<p>Dentro de este marco, los profesionales m\u00e1s requeridos en la Pandemia son: M\u00e9dicos, Enfermeros, Repartidores a domicilio, Cajeros, Operarios de Producci\u00f3n (Principalmente en las industrias alimenticias, laboratorios, fabricantes de bicicletas y motos y log\u00edsticas), personal de limpieza, Atenci\u00f3n al p\u00fablico, Televendedores y Telecobradores, Personal de atenci\u00f3n telef\u00f3nica y perfiles IT.<\/p>\n<p>M\u00e1s all\u00e1 de la necesidad de sanear necesidades inmediatas, el mundo IT y el comercial son los sectores donde hubo m\u00e1s estabilidad, inclusive con un alza en la solicitud de estos perfiles.<\/p>\n<p>Hace ya algunos meses, el 20% de las necesidades de las empresas van de la mano del rubro IT donde los perfiles m\u00e1s buscados son: Desarrolladores Full Stack y especialistas en cloud, Perfiles UX y especialistas en datos, ingenier\u00eda de software. Adicionalmente a ellos y como tendencia de los \u00faltimos a\u00f1os: Java, DevOps, SOA y .Net, PHP, Linux, arquitectura de software, Node, Programaci\u00f3n front y back end.<\/p>\n<p>Adem\u00e1s, los perfiles m\u00e1s buscados por las empresas, como las de Comercial T\u00e9cnico, Comercial Preventa y Postventa, Asistente de Marketing o Brand Manager, as\u00ed como el que la irrupci\u00f3n del big data y las necesidades relacionadas con el an\u00e1lisis de datos han generado un nuevo nicho de profesionales comerciales que se est\u00e1n especializando en las funciones m\u00e1s anal\u00edticas que puedan ofrecer al empleador soluciones interesantes para&nbsp;<strong>aumentar las ventas de su marca, producto o servicio<\/strong>.<\/p>\n<p>Lo que viene en el mercado laboral argentino es incierto, como su econom\u00eda y pol\u00edtica sin embargo y siguiendo la inercia de los \u00faltimos a\u00f1os, las necesidades de capacitaci\u00f3n, profesionalizaci\u00f3n y especializaci\u00f3n en el mundo IT y comercial es fundamental para hacer frente a los requerimientos que se vienen.<\/p>\n<p>Por Sebasti\u00e1n Maciarello, Responsable de Reclutamiento y Selecci\u00f3n de Auren<\/p>\n<p><!-- AddThis Advanced Settings generic via filter on the_content --><!-- AddThis Share Buttons generic via filter on the_content --><\/p>\n","protected":false},"excerpt":{"rendered":"<p>Desde Marzo del 2020 estamos inmersos en la lucha contra el COVID 19, Pandemia mundial que vino a replantear muchas cosas y el plano laboral no escapa de esta transformaci\u00f3n. [&hellip;]<\/p>\n","protected":false},"featured_media":11621,"template":"","meta":{"_acf_changed":false,"footnotes":""},"blog-category":[],"class_list":["post-11620","blog","type-blog","status-publish","has-post-thumbnail","hentry"],"acf":[],"yoast_head":"<!-- This site is optimized with the Yoast SEO plugin v27.5 - https:\/\/yoast.com\/product\/yoast-seo-wordpress\/ -->\n<title>La Pandemia y lo que viene en el mundo laboral - Auren Argentina<\/title>\n<meta name=\"robots\" content=\"index, follow, max-snippet:-1, max-image-preview:large, max-video-preview:-1\" \/>\n<link rel=\"canonical\" href=\"https:\/\/auren.com\/ar\/blog\/la-pandemia-y-lo-que-viene-en-el-mundo-laboral\/\" \/>\n<meta property=\"og:locale\" content=\"es_ES\" \/>\n<meta property=\"og:type\" content=\"article\" \/>\n<meta property=\"og:title\" content=\"La Pandemia y lo que viene en el mundo laboral - Auren Argentina\" \/>\n<meta property=\"og:description\" content=\"Desde Marzo del 2020 estamos inmersos en la lucha contra el COVID 19, Pandemia mundial que vino a replantear muchas cosas y el plano laboral no escapa de esta transformaci\u00f3n. [&hellip;]\" \/>\n<meta property=\"og:url\" content=\"https:\/\/auren.com\/ar\/blog\/la-pandemia-y-lo-que-viene-en-el-mundo-laboral\/\" \/>\n<meta property=\"og:site_name\" content=\"Auren Argentina\" \/>\n<meta property=\"article:publisher\" content=\"https:\/\/www.facebook.com\/AurenArg\/\" \/>\n<meta property=\"og:image\" content=\"https:\/\/auren.com\/ar\/wp-content\/uploads\/2021\/05\/covid-y-mundo-del-trabajo-1.jpg\" \/>\n\t<meta property=\"og:image:width\" content=\"763\" \/>\n\t<meta property=\"og:image:height\" content=\"505\" \/>\n\t<meta property=\"og:image:type\" content=\"image\/jpeg\" \/>\n<meta name=\"twitter:card\" content=\"summary_large_image\" \/>\n<meta name=\"twitter:site\" content=\"@AUREN_Argentina\" \/>\n<meta name=\"twitter:label1\" content=\"Tiempo de lectura\" \/>\n\t<meta name=\"twitter:data1\" content=\"2 minutos\" \/>\n<script type=\"application\/ld+json\" class=\"yoast-schema-graph\">{\"@context\":\"https:\\\/\\\/schema.org\",\"@graph\":[{\"@type\":\"WebPage\",\"@id\":\"https:\\\/\\\/auren.com\\\/ar\\\/blog\\\/la-pandemia-y-lo-que-viene-en-el-mundo-laboral\\\/\",\"url\":\"https:\\\/\\\/auren.com\\\/ar\\\/blog\\\/la-pandemia-y-lo-que-viene-en-el-mundo-laboral\\\/\",\"name\":\"La Pandemia y lo que viene en el mundo laboral - Auren Argentina\",\"isPartOf\":{\"@id\":\"https:\\\/\\\/auren.com\\\/ar\\\/#website\"},\"primaryImageOfPage\":{\"@id\":\"https:\\\/\\\/auren.com\\\/ar\\\/blog\\\/la-pandemia-y-lo-que-viene-en-el-mundo-laboral\\\/#primaryimage\"},\"image\":{\"@id\":\"https:\\\/\\\/auren.com\\\/ar\\\/blog\\\/la-pandemia-y-lo-que-viene-en-el-mundo-laboral\\\/#primaryimage\"},\"thumbnailUrl\":\"https:\\\/\\\/auren.com\\\/ar\\\/wp-content\\\/uploads\\\/2021\\\/05\\\/covid-y-mundo-del-trabajo-1.jpg\",\"datePublished\":\"2021-05-13T13:18:58+00:00\",\"breadcrumb\":{\"@id\":\"https:\\\/\\\/auren.com\\\/ar\\\/blog\\\/la-pandemia-y-lo-que-viene-en-el-mundo-laboral\\\/#breadcrumb\"},\"inLanguage\":\"es\",\"potentialAction\":[{\"@type\":\"ReadAction\",\"target\":[\"https:\\\/\\\/auren.com\\\/ar\\\/blog\\\/la-pandemia-y-lo-que-viene-en-el-mundo-laboral\\\/\"]}]},{\"@type\":\"ImageObject\",\"inLanguage\":\"es\",\"@id\":\"https:\\\/\\\/auren.com\\\/ar\\\/blog\\\/la-pandemia-y-lo-que-viene-en-el-mundo-laboral\\\/#primaryimage\",\"url\":\"https:\\\/\\\/auren.com\\\/ar\\\/wp-content\\\/uploads\\\/2021\\\/05\\\/covid-y-mundo-del-trabajo-1.jpg\",\"contentUrl\":\"https:\\\/\\\/auren.com\\\/ar\\\/wp-content\\\/uploads\\\/2021\\\/05\\\/covid-y-mundo-del-trabajo-1.jpg\",\"width\":763,\"height\":505},{\"@type\":\"BreadcrumbList\",\"@id\":\"https:\\\/\\\/auren.com\\\/ar\\\/blog\\\/la-pandemia-y-lo-que-viene-en-el-mundo-laboral\\\/#breadcrumb\",\"itemListElement\":[{\"@type\":\"ListItem\",\"position\":1,\"name\":\"Portada\",\"item\":\"https:\\\/\\\/auren.com\\\/ar\\\/\"},{\"@type\":\"ListItem\",\"position\":2,\"name\":\"La Pandemia y lo que viene en el mundo laboral\"}]},{\"@type\":\"WebSite\",\"@id\":\"https:\\\/\\\/auren.com\\\/ar\\\/#website\",\"url\":\"https:\\\/\\\/auren.com\\\/ar\\\/\",\"name\":\"Auren Argentina\",\"description\":\"\",\"publisher\":{\"@id\":\"https:\\\/\\\/auren.com\\\/ar\\\/#organization\"},\"potentialAction\":[{\"@type\":\"SearchAction\",\"target\":{\"@type\":\"EntryPoint\",\"urlTemplate\":\"https:\\\/\\\/auren.com\\\/ar\\\/?s={search_term_string}\"},\"query-input\":{\"@type\":\"PropertyValueSpecification\",\"valueRequired\":true,\"valueName\":\"search_term_string\"}}],\"inLanguage\":\"es\"},{\"@type\":\"Organization\",\"@id\":\"https:\\\/\\\/auren.com\\\/ar\\\/#organization\",\"name\":\"Auren Argentina\",\"url\":\"https:\\\/\\\/auren.com\\\/ar\\\/\",\"logo\":{\"@type\":\"ImageObject\",\"inLanguage\":\"es\",\"@id\":\"https:\\\/\\\/auren.com\\\/ar\\\/#\\\/schema\\\/logo\\\/image\\\/\",\"url\":\"https:\\\/\\\/auren.com\\\/ar\\\/wp-content\\\/uploads\\\/2025\\\/01\\\/cropped-cropped-favicon-Auren.png\",\"contentUrl\":\"https:\\\/\\\/auren.com\\\/ar\\\/wp-content\\\/uploads\\\/2025\\\/01\\\/cropped-cropped-favicon-Auren.png\",\"width\":512,\"height\":512,\"caption\":\"Auren Argentina\"},\"image\":{\"@id\":\"https:\\\/\\\/auren.com\\\/ar\\\/#\\\/schema\\\/logo\\\/image\\\/\"},\"sameAs\":[\"https:\\\/\\\/www.facebook.com\\\/AurenArg\\\/\",\"https:\\\/\\\/x.com\\\/AUREN_Argentina\",\"https:\\\/\\\/www.linkedin.com\\\/company\\\/aurenargentina\",\"https:\\\/\\\/www.youtube.com\\\/channel\\\/UCSCseiHMECB0uMBGF9wtjSw\",\"https:\\\/\\\/www.instagram.com\\\/aurenargentina\\\/\"]}]}<\/script>\n<!-- \/ Yoast SEO plugin. -->","yoast_head_json":{"title":"La Pandemia y lo que viene en el mundo laboral - Auren Argentina","robots":{"index":"index","follow":"follow","max-snippet":"max-snippet:-1","max-image-preview":"max-image-preview:large","max-video-preview":"max-video-preview:-1"},"canonical":"https:\/\/auren.com\/ar\/blog\/la-pandemia-y-lo-que-viene-en-el-mundo-laboral\/","og_locale":"es_ES","og_type":"article","og_title":"La Pandemia y lo que viene en el mundo laboral - Auren Argentina","og_description":"Desde Marzo del 2020 estamos inmersos en la lucha contra el COVID 19, Pandemia mundial que vino a replantear muchas cosas y el plano laboral no escapa de esta transformaci\u00f3n. [&hellip;]","og_url":"https:\/\/auren.com\/ar\/blog\/la-pandemia-y-lo-que-viene-en-el-mundo-laboral\/","og_site_name":"Auren Argentina","article_publisher":"https:\/\/www.facebook.com\/AurenArg\/","og_image":[{"width":763,"height":505,"url":"https:\/\/auren.com\/ar\/wp-content\/uploads\/2021\/05\/covid-y-mundo-del-trabajo-1.jpg","type":"image\/jpeg"}],"twitter_card":"summary_large_image","twitter_site":"@AUREN_Argentina","twitter_misc":{"Tiempo de lectura":"2 minutos"},"schema":{"@context":"https:\/\/schema.org","@graph":[{"@type":"WebPage","@id":"https:\/\/auren.com\/ar\/blog\/la-pandemia-y-lo-que-viene-en-el-mundo-laboral\/","url":"https:\/\/auren.com\/ar\/blog\/la-pandemia-y-lo-que-viene-en-el-mundo-laboral\/","name":"La Pandemia y lo que viene en el mundo laboral - Auren Argentina","isPartOf":{"@id":"https:\/\/auren.com\/ar\/#website"},"primaryImageOfPage":{"@id":"https:\/\/auren.com\/ar\/blog\/la-pandemia-y-lo-que-viene-en-el-mundo-laboral\/#primaryimage"},"image":{"@id":"https:\/\/auren.com\/ar\/blog\/la-pandemia-y-lo-que-viene-en-el-mundo-laboral\/#primaryimage"},"thumbnailUrl":"https:\/\/auren.com\/ar\/wp-content\/uploads\/2021\/05\/covid-y-mundo-del-trabajo-1.jpg","datePublished":"2021-05-13T13:18:58+00:00","breadcrumb":{"@id":"https:\/\/auren.com\/ar\/blog\/la-pandemia-y-lo-que-viene-en-el-mundo-laboral\/#breadcrumb"},"inLanguage":"es","potentialAction":[{"@type":"ReadAction","target":["https:\/\/auren.com\/ar\/blog\/la-pandemia-y-lo-que-viene-en-el-mundo-laboral\/"]}]},{"@type":"ImageObject","inLanguage":"es","@id":"https:\/\/auren.com\/ar\/blog\/la-pandemia-y-lo-que-viene-en-el-mundo-laboral\/#primaryimage","url":"https:\/\/auren.com\/ar\/wp-content\/uploads\/2021\/05\/covid-y-mundo-del-trabajo-1.jpg","contentUrl":"https:\/\/auren.com\/ar\/wp-content\/uploads\/2021\/05\/covid-y-mundo-del-trabajo-1.jpg","width":763,"height":505},{"@type":"BreadcrumbList","@id":"https:\/\/auren.com\/ar\/blog\/la-pandemia-y-lo-que-viene-en-el-mundo-laboral\/#breadcrumb","itemListElement":[{"@type":"ListItem","position":1,"name":"Portada","item":"https:\/\/auren.com\/ar\/"},{"@type":"ListItem","position":2,"name":"La Pandemia y lo que viene en el mundo laboral"}]},{"@type":"WebSite","@id":"https:\/\/auren.com\/ar\/#website","url":"https:\/\/auren.com\/ar\/","name":"Auren Argentina","description":"","publisher":{"@id":"https:\/\/auren.com\/ar\/#organization"},"potentialAction":[{"@type":"SearchAction","target":{"@type":"EntryPoint","urlTemplate":"https:\/\/auren.com\/ar\/?s={search_term_string}"},"query-input":{"@type":"PropertyValueSpecification","valueRequired":true,"valueName":"search_term_string"}}],"inLanguage":"es"},{"@type":"Organization","@id":"https:\/\/auren.com\/ar\/#organization","name":"Auren Argentina","url":"https:\/\/auren.com\/ar\/","logo":{"@type":"ImageObject","inLanguage":"es","@id":"https:\/\/auren.com\/ar\/#\/schema\/logo\/image\/","url":"https:\/\/auren.com\/ar\/wp-content\/uploads\/2025\/01\/cropped-cropped-favicon-Auren.png","contentUrl":"https:\/\/auren.com\/ar\/wp-content\/uploads\/2025\/01\/cropped-cropped-favicon-Auren.png","width":512,"height":512,"caption":"Auren Argentina"},"image":{"@id":"https:\/\/auren.com\/ar\/#\/schema\/logo\/image\/"},"sameAs":["https:\/\/www.facebook.com\/AurenArg\/","https:\/\/x.com\/AUREN_Argentina","https:\/\/www.linkedin.com\/company\/aurenargentina","https:\/\/www.youtube.com\/channel\/UCSCseiHMECB0uMBGF9wtjSw","https:\/\/www.instagram.com\/aurenargentina\/"]}]}},"_links":{"self":[{"href":"https:\/\/auren.com\/ar\/wp-json\/wp\/v2\/blog\/11620","targetHints":{"allow":["GET"]}}],"collection":[{"href":"https:\/\/auren.com\/ar\/wp-json\/wp\/v2\/blog"}],"about":[{"href":"https:\/\/auren.com\/ar\/wp-json\/wp\/v2\/types\/blog"}],"version-history":[{"count":0,"href":"https:\/\/auren.com\/ar\/wp-json\/wp\/v2\/blog\/11620\/revisions"}],"wp:featuredmedia":[{"embeddable":true,"href":"https:\/\/auren.com\/ar\/wp-json\/wp\/v2\/media\/11621"}],"wp:attachment":[{"href":"https:\/\/auren.com\/ar\/wp-json\/wp\/v2\/media?parent=11620"}],"wp:term":[{"taxonomy":"blog-category","embeddable":true,"href":"https:\/\/auren.com\/ar\/wp-json\/wp\/v2\/blog-category?post=11620"}],"curies":[{"name":"wp","href":"https:\/\/api.w.org\/{rel}","templated":true}]}}