{"id":11650,"date":"2021-04-20T12:35:57","date_gmt":"2021-04-20T10:35:57","guid":{"rendered":"https:\/\/auren.com\/ar\/blog\/cultura-analitica-el-desafio-de-generar-provecho-de-los-datos\/"},"modified":"2021-04-20T12:35:57","modified_gmt":"2021-04-20T10:35:57","slug":"cultura-analitica-el-desafio-de-generar-provecho-de-los-datos","status":"publish","type":"blog","link":"https:\/\/auren.com\/ar\/blog\/cultura-analitica-el-desafio-de-generar-provecho-de-los-datos\/","title":{"rendered":"Cultura Anal\u00edtica: el desaf\u00edo de generar provecho de los datos"},"content":{"rendered":"<p>En los \u00faltimos dos a\u00f1os progres\u00f3 la oferta de las soluciones anal\u00edticas y el mundo se interes\u00f3 m\u00e1s en el tema anal\u00edtico. Esto gener\u00f3 una gran confusi\u00f3n: todo suena atractivo\u00a0y\u00a0posible, pero no implica que sea as\u00ed de realizable.\u00a0Vamos a describirlo.\u00a0<br \/>\u00a0<br \/>Hay m\u00e1s proveedores: los de nicho, los de plataforma, los de nube. Y se confunden las categor\u00edas de especializaci\u00f3n: Analytics, de Visualizaci\u00f3n, de Big Data, de Inteligencia Artificial (IA).\u00a0\u00a0Y cada categor\u00eda\/proveedor tiene su sesgo, desde el que ampl\u00edan su\u00a0blueprint\u00a0de soluci\u00f3n.<br \/>\u00a0<br \/>Algunos movimientos son el paso a la nube o a esquemas h\u00edbridos; visualizaci\u00f3n con analytics y viceversa, de informaci\u00f3n \u201cestructurada only\u201d a datos no estructurados, capas anal\u00edticas operativas integradas a los procesos transaccionales, movimiento de nicho a plataforma.<br \/>\u00a0<br \/>Se hizo m\u00e1s\u00a0compleja la selecci\u00f3n de\u00a0plataformas y\u00a0proveedores.\u00a0Es el caso de Oc\u00e9ano Rojo. Y ac\u00e1 sumamos la nueva popularidad del Business Analytics: \u00a0una masiva, como que por TV\u00a0nos presentan una publicidad de Big Data y Small Data para hacer turismo, o nos llenan con avisos de universidades ofreciendo\u00a0\u201cMaestr\u00eda en Big Data\u201d, y son furor los cursos de Data\u00a0Mining\u00a0a gerentes; pero hay otra realidad empresarial: las limitaciones de los sistemas transaccionales en explicarnos c\u00f3mo manejarnos en la incertidumbre, c\u00f3mo nos est\u00e1 yendo y c\u00f3mo nos preparamos a las nuevas condiciones; los ejecutivos nos estuvimos abriendo al uso de Analytics:\u00a0\u201cCon Analytics las cosas se hacen mejor\u201d.\u00a0<br \/>\u00a0<br \/><strong>\u00bfC\u00f3mo podemos\u00a0aportar un poco de claridad en este contexto, la luz de un Oc\u00e9ano Azul?<\/strong><br \/>\u00a0<br \/>El bicho de BI \/ Analytics \/ Big Data o como te lo llamen, se come distinto que los\u00a0proyectos transaccionales. La gesti\u00f3n de datos es una cosa y la captura de datos, la automatizaci\u00f3n de procesos, es otra. La forma de trabajar tradicional de IT no aplica en Analytics: los usuarios tienen un rol protag\u00f3nico, m\u00e1s que IT: la incertidumbre y su administraci\u00f3n\u00a0es\u00a0la esencia, mientras que en los proyectos transaccionales\u00a0las definiciones\u00a0tienen que estar claras, las tecnolog\u00edas que se usan son\u00a0distintas, la performance es muy importante pero la flexibilidad y la adaptaci\u00f3n al cambio lo es mucho m\u00e1s: todos los d\u00edas aparecen nuevas preguntas.\u00a0El mundo anal\u00edtico debe estar separado del transaccional, porque la tecnolog\u00eda buena para un uso\u00a0no lo es para el otro (ej. La base de datos relacional)\u00a0ni debe primar una sobre la otra.\u00a0<br \/>\u00a0<br \/>El principal valor de los proyectos anal\u00edticos\u00a0no est\u00e1 en c\u00f3mo resuelvo una consulta (Query) o c\u00f3mo calculo un Indicador (KPI) operativo,\u00a0sino que est\u00e1 en brindarle a las personas la\u00a0capacidad de entender, interactuar y gestionar en forma hol\u00edstica\/integral lo que pasa\u00a0con los distintos procesos de negocio, y que\u00a0puedan\u00a0tomar decisiones complejas, informadas\u00a0con sencillez, sin que\u00a0tengan que saber de\u00a0herramientas inform\u00e1ticas, haci\u00e9ndolas m\u00e1s efectivas y cercanas.\u00a0<br \/>Deben responder el \u00bfPor Qu\u00e9\u00a0Ocurre? y el \u00bfC\u00f3mo\u00a0podr\u00eda hacerlo? (las causas) m\u00e1s que El Qu\u00e9\u00a0hago en los aspectos aislados de cada proceso. Deben empezar a ver el futuro, y para ello, contar con una visi\u00f3n \u201cn\u00edtida\u201d del presente. Y en ese momento ponerse a redefinir con las personas como factor clave de \u00e9xito. \u00a0<br \/>\u00a0\u00a0<br \/>Se estima que s\u00f3lo 24% de las personas entienden con claridad la Informaci\u00f3n que les llega de herramientas anal\u00edticas. Debemos poner foco en el desarrollo de lo que llamamos IQ+ (la capacidad\u00a0anal\u00edtica de personas y grupos de trabajo), lo que llaman Data\u00a0Literacy\u00a0(entender los n\u00fameros, argumentar, discutirlos, y generar ideas basados en datos).\u00a0\u00a0<br \/>\u00a0<br \/>Por eso, a la hora de seleccionar qu\u00e9 soluciones requiere cada caso y con qu\u00e9 proveedor\u00a0\u00a0 implementarlas, hay que asegurarse que\u00a0entiendan y sepan c\u00f3mo ayudar en escenarios de negocio propios de mi empresa, que lo puedan explicar a nivel ejecutivo, que dispongan credenciales y expliquen c\u00f3mo generan impacto en las personas.<br \/>Comparto nuevamente mis premisas\u00a0para los proyectos de BI (a\u00fan vigentes con Big Data, IA, Hadoop):\u00a0se trata de gestionar datos.\u00a0<br \/>\u00a0\u00a0<\/p>\n<ul>\n<li>Las\u00a0personas de la organizaci\u00f3n deben recibir informaci\u00f3n en forma autom\u00e1tica, y para decidir, no para hacer collage para otros.\u00a0<\/li>\n<li>Tiene que ser f\u00e1cil\u00a0uso, intuitivo\u00a0para ellas.\u00a0<\/li>\n<li>No\u00a0deben ser\u00a0expertos de\u00a0IT, pero s\u00ed de interpretaci\u00f3n de datos.<\/li>\n<li>Deben poder ver la informaci\u00f3n en forma segmentada,\u00a0para responder en forma precisa a la pregunta espec\u00edfica que surge, en un caso de uso.\u00a0\u00a0<\/li>\n<li>Me encantar\u00eda que pueda gestionar por KPIs\/valor de atributo\u00a0y no s\u00f3lo por el nombre de la entidad.\u00a0<\/li>\n<li>Es un proyecto estrat\u00e9gico para empresas y personas: ellas deben apropiarse de estos proyectos\u00a0porque es lo que puede diferenciarlos de la automatizaci\u00f3n.\u00a0\u00a0En poco tiempo las personas nos calificaremos como entendidos o no en manejo de datos.<\/li>\n<\/ul>\n<p>Por <a href=\"https:\/\/www.linkedin.com\/in\/gbargiq4bdiqmx\/\">Guillermo Blauzwirn,<\/a> Socio de IT de Auren <\/p>\n<p><!-- AddThis Advanced Settings generic via filter on the_content --><!-- AddThis Share Buttons generic via filter on the_content --><\/p>\n","protected":false},"excerpt":{"rendered":"<p>En los \u00faltimos dos a\u00f1os progres\u00f3 la oferta de las soluciones anal\u00edticas y el mundo se interes\u00f3 m\u00e1s en el tema anal\u00edtico. Esto gener\u00f3 una gran confusi\u00f3n: todo suena atractivo\u00a0y\u00a0posible, [&hellip;]<\/p>\n","protected":false},"featured_media":11651,"template":"","meta":{"_acf_changed":false,"footnotes":""},"blog-category":[],"class_list":["post-11650","blog","type-blog","status-publish","has-post-thumbnail","hentry"],"acf":[],"yoast_head":"<!-- This site is optimized with the Yoast SEO plugin v27.5 - https:\/\/yoast.com\/product\/yoast-seo-wordpress\/ -->\n<title>Cultura Anal\u00edtica: el desaf\u00edo de generar provecho de los datos - Auren Argentina<\/title>\n<meta name=\"robots\" content=\"index, follow, max-snippet:-1, max-image-preview:large, max-video-preview:-1\" \/>\n<link rel=\"canonical\" href=\"https:\/\/auren.com\/ar\/blog\/cultura-analitica-el-desafio-de-generar-provecho-de-los-datos\/\" \/>\n<meta property=\"og:locale\" content=\"es_ES\" \/>\n<meta property=\"og:type\" content=\"article\" \/>\n<meta property=\"og:title\" content=\"Cultura Anal\u00edtica: el desaf\u00edo de generar provecho de los datos - Auren Argentina\" \/>\n<meta property=\"og:description\" content=\"En los \u00faltimos dos a\u00f1os progres\u00f3 la oferta de las soluciones anal\u00edticas y el mundo se interes\u00f3 m\u00e1s en el tema anal\u00edtico. Esto gener\u00f3 una gran confusi\u00f3n: todo suena atractivo\u00a0y\u00a0posible, [&hellip;]\" \/>\n<meta property=\"og:url\" content=\"https:\/\/auren.com\/ar\/blog\/cultura-analitica-el-desafio-de-generar-provecho-de-los-datos\/\" \/>\n<meta property=\"og:site_name\" content=\"Auren Argentina\" \/>\n<meta property=\"article:publisher\" content=\"https:\/\/www.facebook.com\/AurenArg\/\" \/>\n<meta property=\"og:image\" content=\"https:\/\/auren.com\/ar\/wp-content\/uploads\/2021\/04\/CULTURA-ANALITICA-1.png\" \/>\n\t<meta property=\"og:image:width\" content=\"835\" \/>\n\t<meta property=\"og:image:height\" content=\"419\" \/>\n\t<meta property=\"og:image:type\" content=\"image\/png\" \/>\n<meta name=\"twitter:card\" content=\"summary_large_image\" \/>\n<meta name=\"twitter:site\" content=\"@AUREN_Argentina\" \/>\n<meta name=\"twitter:label1\" content=\"Tiempo de lectura\" \/>\n\t<meta name=\"twitter:data1\" content=\"4 minutos\" \/>\n<script type=\"application\/ld+json\" class=\"yoast-schema-graph\">{\"@context\":\"https:\\\/\\\/schema.org\",\"@graph\":[{\"@type\":\"WebPage\",\"@id\":\"https:\\\/\\\/auren.com\\\/ar\\\/blog\\\/cultura-analitica-el-desafio-de-generar-provecho-de-los-datos\\\/\",\"url\":\"https:\\\/\\\/auren.com\\\/ar\\\/blog\\\/cultura-analitica-el-desafio-de-generar-provecho-de-los-datos\\\/\",\"name\":\"Cultura Anal\u00edtica: el desaf\u00edo de generar provecho de los datos - Auren Argentina\",\"isPartOf\":{\"@id\":\"https:\\\/\\\/auren.com\\\/ar\\\/#website\"},\"primaryImageOfPage\":{\"@id\":\"https:\\\/\\\/auren.com\\\/ar\\\/blog\\\/cultura-analitica-el-desafio-de-generar-provecho-de-los-datos\\\/#primaryimage\"},\"image\":{\"@id\":\"https:\\\/\\\/auren.com\\\/ar\\\/blog\\\/cultura-analitica-el-desafio-de-generar-provecho-de-los-datos\\\/#primaryimage\"},\"thumbnailUrl\":\"https:\\\/\\\/auren.com\\\/ar\\\/wp-content\\\/uploads\\\/2021\\\/04\\\/CULTURA-ANALITICA-1.png\",\"datePublished\":\"2021-04-20T10:35:57+00:00\",\"breadcrumb\":{\"@id\":\"https:\\\/\\\/auren.com\\\/ar\\\/blog\\\/cultura-analitica-el-desafio-de-generar-provecho-de-los-datos\\\/#breadcrumb\"},\"inLanguage\":\"es\",\"potentialAction\":[{\"@type\":\"ReadAction\",\"target\":[\"https:\\\/\\\/auren.com\\\/ar\\\/blog\\\/cultura-analitica-el-desafio-de-generar-provecho-de-los-datos\\\/\"]}]},{\"@type\":\"ImageObject\",\"inLanguage\":\"es\",\"@id\":\"https:\\\/\\\/auren.com\\\/ar\\\/blog\\\/cultura-analitica-el-desafio-de-generar-provecho-de-los-datos\\\/#primaryimage\",\"url\":\"https:\\\/\\\/auren.com\\\/ar\\\/wp-content\\\/uploads\\\/2021\\\/04\\\/CULTURA-ANALITICA-1.png\",\"contentUrl\":\"https:\\\/\\\/auren.com\\\/ar\\\/wp-content\\\/uploads\\\/2021\\\/04\\\/CULTURA-ANALITICA-1.png\",\"width\":835,\"height\":419},{\"@type\":\"BreadcrumbList\",\"@id\":\"https:\\\/\\\/auren.com\\\/ar\\\/blog\\\/cultura-analitica-el-desafio-de-generar-provecho-de-los-datos\\\/#breadcrumb\",\"itemListElement\":[{\"@type\":\"ListItem\",\"position\":1,\"name\":\"Portada\",\"item\":\"https:\\\/\\\/auren.com\\\/ar\\\/\"},{\"@type\":\"ListItem\",\"position\":2,\"name\":\"Cultura Anal\u00edtica: el desaf\u00edo de generar provecho de los datos\"}]},{\"@type\":\"WebSite\",\"@id\":\"https:\\\/\\\/auren.com\\\/ar\\\/#website\",\"url\":\"https:\\\/\\\/auren.com\\\/ar\\\/\",\"name\":\"Auren Argentina\",\"description\":\"\",\"publisher\":{\"@id\":\"https:\\\/\\\/auren.com\\\/ar\\\/#organization\"},\"potentialAction\":[{\"@type\":\"SearchAction\",\"target\":{\"@type\":\"EntryPoint\",\"urlTemplate\":\"https:\\\/\\\/auren.com\\\/ar\\\/?s={search_term_string}\"},\"query-input\":{\"@type\":\"PropertyValueSpecification\",\"valueRequired\":true,\"valueName\":\"search_term_string\"}}],\"inLanguage\":\"es\"},{\"@type\":\"Organization\",\"@id\":\"https:\\\/\\\/auren.com\\\/ar\\\/#organization\",\"name\":\"Auren Argentina\",\"url\":\"https:\\\/\\\/auren.com\\\/ar\\\/\",\"logo\":{\"@type\":\"ImageObject\",\"inLanguage\":\"es\",\"@id\":\"https:\\\/\\\/auren.com\\\/ar\\\/#\\\/schema\\\/logo\\\/image\\\/\",\"url\":\"https:\\\/\\\/auren.com\\\/ar\\\/wp-content\\\/uploads\\\/2025\\\/01\\\/cropped-cropped-favicon-Auren.png\",\"contentUrl\":\"https:\\\/\\\/auren.com\\\/ar\\\/wp-content\\\/uploads\\\/2025\\\/01\\\/cropped-cropped-favicon-Auren.png\",\"width\":512,\"height\":512,\"caption\":\"Auren Argentina\"},\"image\":{\"@id\":\"https:\\\/\\\/auren.com\\\/ar\\\/#\\\/schema\\\/logo\\\/image\\\/\"},\"sameAs\":[\"https:\\\/\\\/www.facebook.com\\\/AurenArg\\\/\",\"https:\\\/\\\/x.com\\\/AUREN_Argentina\",\"https:\\\/\\\/www.linkedin.com\\\/company\\\/aurenargentina\",\"https:\\\/\\\/www.youtube.com\\\/channel\\\/UCSCseiHMECB0uMBGF9wtjSw\",\"https:\\\/\\\/www.instagram.com\\\/aurenargentina\\\/\"]}]}<\/script>\n<!-- \/ Yoast SEO plugin. -->","yoast_head_json":{"title":"Cultura Anal\u00edtica: el desaf\u00edo de generar provecho de los datos - Auren Argentina","robots":{"index":"index","follow":"follow","max-snippet":"max-snippet:-1","max-image-preview":"max-image-preview:large","max-video-preview":"max-video-preview:-1"},"canonical":"https:\/\/auren.com\/ar\/blog\/cultura-analitica-el-desafio-de-generar-provecho-de-los-datos\/","og_locale":"es_ES","og_type":"article","og_title":"Cultura Anal\u00edtica: el desaf\u00edo de generar provecho de los datos - Auren Argentina","og_description":"En los \u00faltimos dos a\u00f1os progres\u00f3 la oferta de las soluciones anal\u00edticas y el mundo se interes\u00f3 m\u00e1s en el tema anal\u00edtico. Esto gener\u00f3 una gran confusi\u00f3n: todo suena atractivo\u00a0y\u00a0posible, [&hellip;]","og_url":"https:\/\/auren.com\/ar\/blog\/cultura-analitica-el-desafio-de-generar-provecho-de-los-datos\/","og_site_name":"Auren Argentina","article_publisher":"https:\/\/www.facebook.com\/AurenArg\/","og_image":[{"width":835,"height":419,"url":"https:\/\/auren.com\/ar\/wp-content\/uploads\/2021\/04\/CULTURA-ANALITICA-1.png","type":"image\/png"}],"twitter_card":"summary_large_image","twitter_site":"@AUREN_Argentina","twitter_misc":{"Tiempo de lectura":"4 minutos"},"schema":{"@context":"https:\/\/schema.org","@graph":[{"@type":"WebPage","@id":"https:\/\/auren.com\/ar\/blog\/cultura-analitica-el-desafio-de-generar-provecho-de-los-datos\/","url":"https:\/\/auren.com\/ar\/blog\/cultura-analitica-el-desafio-de-generar-provecho-de-los-datos\/","name":"Cultura Anal\u00edtica: el desaf\u00edo de generar provecho de los datos - Auren Argentina","isPartOf":{"@id":"https:\/\/auren.com\/ar\/#website"},"primaryImageOfPage":{"@id":"https:\/\/auren.com\/ar\/blog\/cultura-analitica-el-desafio-de-generar-provecho-de-los-datos\/#primaryimage"},"image":{"@id":"https:\/\/auren.com\/ar\/blog\/cultura-analitica-el-desafio-de-generar-provecho-de-los-datos\/#primaryimage"},"thumbnailUrl":"https:\/\/auren.com\/ar\/wp-content\/uploads\/2021\/04\/CULTURA-ANALITICA-1.png","datePublished":"2021-04-20T10:35:57+00:00","breadcrumb":{"@id":"https:\/\/auren.com\/ar\/blog\/cultura-analitica-el-desafio-de-generar-provecho-de-los-datos\/#breadcrumb"},"inLanguage":"es","potentialAction":[{"@type":"ReadAction","target":["https:\/\/auren.com\/ar\/blog\/cultura-analitica-el-desafio-de-generar-provecho-de-los-datos\/"]}]},{"@type":"ImageObject","inLanguage":"es","@id":"https:\/\/auren.com\/ar\/blog\/cultura-analitica-el-desafio-de-generar-provecho-de-los-datos\/#primaryimage","url":"https:\/\/auren.com\/ar\/wp-content\/uploads\/2021\/04\/CULTURA-ANALITICA-1.png","contentUrl":"https:\/\/auren.com\/ar\/wp-content\/uploads\/2021\/04\/CULTURA-ANALITICA-1.png","width":835,"height":419},{"@type":"BreadcrumbList","@id":"https:\/\/auren.com\/ar\/blog\/cultura-analitica-el-desafio-de-generar-provecho-de-los-datos\/#breadcrumb","itemListElement":[{"@type":"ListItem","position":1,"name":"Portada","item":"https:\/\/auren.com\/ar\/"},{"@type":"ListItem","position":2,"name":"Cultura Anal\u00edtica: el desaf\u00edo de generar provecho de los datos"}]},{"@type":"WebSite","@id":"https:\/\/auren.com\/ar\/#website","url":"https:\/\/auren.com\/ar\/","name":"Auren Argentina","description":"","publisher":{"@id":"https:\/\/auren.com\/ar\/#organization"},"potentialAction":[{"@type":"SearchAction","target":{"@type":"EntryPoint","urlTemplate":"https:\/\/auren.com\/ar\/?s={search_term_string}"},"query-input":{"@type":"PropertyValueSpecification","valueRequired":true,"valueName":"search_term_string"}}],"inLanguage":"es"},{"@type":"Organization","@id":"https:\/\/auren.com\/ar\/#organization","name":"Auren Argentina","url":"https:\/\/auren.com\/ar\/","logo":{"@type":"ImageObject","inLanguage":"es","@id":"https:\/\/auren.com\/ar\/#\/schema\/logo\/image\/","url":"https:\/\/auren.com\/ar\/wp-content\/uploads\/2025\/01\/cropped-cropped-favicon-Auren.png","contentUrl":"https:\/\/auren.com\/ar\/wp-content\/uploads\/2025\/01\/cropped-cropped-favicon-Auren.png","width":512,"height":512,"caption":"Auren Argentina"},"image":{"@id":"https:\/\/auren.com\/ar\/#\/schema\/logo\/image\/"},"sameAs":["https:\/\/www.facebook.com\/AurenArg\/","https:\/\/x.com\/AUREN_Argentina","https:\/\/www.linkedin.com\/company\/aurenargentina","https:\/\/www.youtube.com\/channel\/UCSCseiHMECB0uMBGF9wtjSw","https:\/\/www.instagram.com\/aurenargentina\/"]}]}},"_links":{"self":[{"href":"https:\/\/auren.com\/ar\/wp-json\/wp\/v2\/blog\/11650","targetHints":{"allow":["GET"]}}],"collection":[{"href":"https:\/\/auren.com\/ar\/wp-json\/wp\/v2\/blog"}],"about":[{"href":"https:\/\/auren.com\/ar\/wp-json\/wp\/v2\/types\/blog"}],"version-history":[{"count":0,"href":"https:\/\/auren.com\/ar\/wp-json\/wp\/v2\/blog\/11650\/revisions"}],"wp:featuredmedia":[{"embeddable":true,"href":"https:\/\/auren.com\/ar\/wp-json\/wp\/v2\/media\/11651"}],"wp:attachment":[{"href":"https:\/\/auren.com\/ar\/wp-json\/wp\/v2\/media?parent=11650"}],"wp:term":[{"taxonomy":"blog-category","embeddable":true,"href":"https:\/\/auren.com\/ar\/wp-json\/wp\/v2\/blog-category?post=11650"}],"curies":[{"name":"wp","href":"https:\/\/api.w.org\/{rel}","templated":true}]}}