{"id":11669,"date":"2021-03-26T08:54:24","date_gmt":"2021-03-26T07:54:24","guid":{"rendered":"https:\/\/auren.com\/ar\/blog\/que-economia-nos-deja-la-pandemia-y-que-podemos-esperar-para-el-futuro-inmediato\/"},"modified":"2021-03-26T08:54:24","modified_gmt":"2021-03-26T07:54:24","slug":"que-economia-nos-deja-la-pandemia-y-que-podemos-esperar-para-el-futuro-inmediato","status":"publish","type":"blog","link":"https:\/\/auren.com\/ar\/blog\/que-economia-nos-deja-la-pandemia-y-que-podemos-esperar-para-el-futuro-inmediato\/","title":{"rendered":"Qu\u00e9 econom\u00eda nos deja la pandemia y qu\u00e9 podemos esperar para el futuro inmediato"},"content":{"rendered":"<p><a>La presente edici\u00f3n de Brujula de Negocios \u2013 Parte 3 COVID 19, es el primer relevamiento de opini\u00f3n empresaria 2021. En sus resultados quedan reflejadas las opiniones y expectativas acerca de c\u00f3mo se perfilan las empresas despu\u00e9s de un 2020 de aislamiento social, con una econom\u00eda mundial y local fuertemente afectada. Y qu\u00e9 dificultades, necesidades y desaf\u00edos se plantean para para este a\u00f1o.<\/a><\/p>\n<p>La encuesta permite conocer la realidad de m\u00e1s de 130 empresas, a partir de la opini\u00f3n de sus directivos y refleja claramente la crisis econ\u00f3mica que dej\u00f3 la pandemia, la preocupaci\u00f3n acerca del COVID-19 y la necesidad urgente de medidas y decisiones pol\u00edticas para salir adelante.<\/p>\n<p>De los 130 casos relevados, el 70% son Socios\/Propietarios\/Directores\/Gerentes de diversos rubros: m\u00e1s del 40% de servicios, el 20% de industria, m\u00e1s del 10% de agronegocios, adem\u00e1s de Real Estate, Tecnolog\u00eda, Banca y Seguros, Retail, entre otros. &nbsp;<\/p>\n<p>M\u00e1s del 60% de las empresas encuestadas son Pymes de hasta 50 empleados, el 16% entre 50 y 250, 12% del 250 a 800, y menos del 10% restante m\u00e1s de 800 empleados. Casi el 65% se ubican en la zona del AMBA, un 20% en el Centro, y el resto en las regiones de NEA, NOA, Cuyo y el Sur.<\/p>\n<p>PRINCIPALES EJES TEM\u00c1TICOS:<\/p>\n<p><strong>ACTIVIDAD Y OPERACI\u00d3N<\/strong><\/p>\n<p>Respecto a <strong>c\u00f3mo se encuentra la actividad<\/strong> de sus empresas hoy frente al 2021, m\u00e1s del 36% continua con su actividad normal en forma presencial y con teletrabajo, el 20% con una actividad normal solo en forma presencial, casi el 14% su actividad se encuentra parcialmente suspendida y solo el 7,7% se suspendi\u00f3 totalmente.<\/p>\n<p><strong>VENTAS<\/strong><\/p>\n<p>Casi el 60% de las empresas finalizaron el a\u00f1o 2020 con una marcada y hasta dr\u00e1stica ca\u00edda en <strong>sus ventas y servicios<\/strong>, el 22% logr\u00f3 cumplir con sus expectativas y cerca del 20% restante aument\u00f3 sus ventas obteniendo favorables resultados.<\/p>\n<p><strong>EXPECTATIVAS<\/strong><\/p>\n<p>Frente a la consulta de sus <strong>expectativas para este a\u00f1o 2021<\/strong>, para la mayor\u00eda no son muy buenas. EL 45% de los empresarios encuestados cree que la situaci\u00f3n econ\u00f3mica del pa\u00eds estar\u00e1 cada vez peor. Un 40% considera que se mantendr\u00e1 igual que en la actualidad, mientras que s\u00f3lo el 15% espera una mejora.&nbsp;&nbsp;&nbsp;<\/p>\n<p><strong>PREOCUPACIONES<\/strong><\/p>\n<p>La <strong>mayor preocupaci\u00f3n<\/strong> de m\u00e1s del 50% de los empresarios es la situaci\u00f3n social y econ\u00f3mica del pa\u00eds y el rebrote del coronavirus; para m\u00e1s del 45% la inflaci\u00f3n y la presi\u00f3n tributaria; y en menor medida les preocupa la situaci\u00f3n econ\u00f3mica de su empresa y clientes y la subida del d\u00f3lar.<\/p>\n<p><strong>DESAF\u00cdOS<\/strong><\/p>\n<p>Los <strong>desaf\u00edos m\u00e1s complejos que enfrentan las empresas<\/strong> este a\u00f1o son para m\u00e1s del 65% el incremento de costos y reducci\u00f3n de rentabilidad, cerca del 50% opina que es la reactivaci\u00f3n del coronavirus, un 35% la restricci\u00f3n del d\u00f3lar. El abastecimiento de materia prima y la necesidad de inversi\u00f3n en maquinaria, infraestructura, etc son tambi\u00e9n algunas de las preocupaciones de las empresas en la actualidad.<\/p>\n<p>Los <strong>temas de agenda para los empresarios<\/strong> hoy son para m\u00e1s del 30% de los encuestados reformular\/mejorar procesos de trabajo, para un 20% fortalecerse con tecnolog\u00eda y completar su proceso de transformaci\u00f3n digital. Alrededor de un 15% pone el foco en perfeccionar y optimizar el modelo de teletrabajo, mejorar la comunicaci\u00f3n interna y externa de sus compa\u00f1\u00edas y la reducci\u00f3n de espacios de trabajo f\u00edsico.<\/p>\n<p><strong>INVERSI\u00d3N<\/strong><\/p>\n<p>Respecto a las <strong>inversiones<\/strong>, la mayor\u00eda de las empresas planifica invertir en tecnolog\u00eda y en canales de negocios. Para m\u00e1s del 50% los puntos de ventas, plantas laborales e inversi\u00f3n en maquinaria se mantendr\u00e1 igual que hasta ahora. Casi el 25% piensa disminuir la inversi\u00f3n en lo que se refiere a infraestructura.<\/p>\n<p><strong>POL\u00cdTICA Y GOBIERNO<\/strong><\/p>\n<p>Los empresarios tambi\u00e9n opinaron sobre <strong>las pol\u00edticas y medidas tomadas por el gobierno<\/strong> que enfrentaron y\/o perjudicaron a las empresas durante el 2020. Para casi el 70% la cuarentena fue demasiado extensa afectando a la econom\u00eda, el 65% considera que faltaron decisiones pol\u00edticas enfocadas en la reactivaci\u00f3n econ\u00f3mica, para un 60% faltaron medidas impositivas y laborales para las empresas pymes y menos del 50% considera que el cierre de la educaci\u00f3n fue perjudicial para el pa\u00eds. Alrededor del 26% considera malas las decisiones del cobro de haberes que perjudico a los jubilados, las limitaciones de compra al d\u00f3lar y la presentaci\u00f3n en el congreso de la reforma judicial.<\/p>\n<p>La pandemia sin dudas pone de relieve la necesidad de impulsar medidas de pol\u00edtica sanitaria pero tambi\u00e9n y no menos importante econ\u00f3micas. La preocupaci\u00f3n de los empresarios hoy son estos dos puntos, son los temas de sus agendas y donde est\u00e1 puesto el foco de inversi\u00f3n para salir adelante.<\/p>\n<p>Por <a href=\"https:\/\/www.linkedin.com\/in\/fernandotezanospinto\/\">Fernando Tezanos Pinto<\/a>, Presidente de Auren Argentina<\/p>\n<p><!-- AddThis Advanced Settings generic via filter on the_content --><!-- AddThis Share Buttons generic via filter on the_content --><\/p>\n","protected":false},"excerpt":{"rendered":"<p>La presente edici\u00f3n de Brujula de Negocios \u2013 Parte 3 COVID 19, es el primer relevamiento de opini\u00f3n empresaria 2021. En sus resultados quedan reflejadas las opiniones y expectativas acerca [&hellip;]<\/p>\n","protected":false},"featured_media":11670,"template":"","meta":{"_acf_changed":false,"footnotes":""},"blog-category":[],"class_list":["post-11669","blog","type-blog","status-publish","has-post-thumbnail","hentry"],"acf":[],"yoast_head":"<!-- This site is optimized with the Yoast SEO plugin v27.4 - https:\/\/yoast.com\/product\/yoast-seo-wordpress\/ -->\n<title>Qu\u00e9 econom\u00eda nos deja la pandemia y qu\u00e9 podemos esperar para el futuro inmediato - Auren Argentina<\/title>\n<meta name=\"robots\" content=\"index, follow, max-snippet:-1, max-image-preview:large, max-video-preview:-1\" \/>\n<link rel=\"canonical\" href=\"https:\/\/auren.com\/ar\/blog\/que-economia-nos-deja-la-pandemia-y-que-podemos-esperar-para-el-futuro-inmediato\/\" \/>\n<meta property=\"og:locale\" content=\"es_ES\" \/>\n<meta property=\"og:type\" content=\"article\" \/>\n<meta property=\"og:title\" content=\"Qu\u00e9 econom\u00eda nos deja la pandemia y qu\u00e9 podemos esperar para el futuro inmediato - Auren Argentina\" \/>\n<meta property=\"og:description\" content=\"La presente edici\u00f3n de Brujula de Negocios \u2013 Parte 3 COVID 19, es el primer relevamiento de opini\u00f3n empresaria 2021. En sus resultados quedan reflejadas las opiniones y expectativas acerca [&hellip;]\" \/>\n<meta property=\"og:url\" content=\"https:\/\/auren.com\/ar\/blog\/que-economia-nos-deja-la-pandemia-y-que-podemos-esperar-para-el-futuro-inmediato\/\" \/>\n<meta property=\"og:site_name\" content=\"Auren Argentina\" \/>\n<meta property=\"article:publisher\" content=\"https:\/\/www.facebook.com\/AurenArg\/\" \/>\n<meta property=\"og:image\" content=\"https:\/\/auren.com\/ar\/wp-content\/uploads\/2021\/03\/W-IAM-DAAYS-covid-19-and-your-investment-portfolio-Hero-1.jpg\" \/>\n\t<meta property=\"og:image:width\" content=\"2448\" \/>\n\t<meta property=\"og:image:height\" content=\"1010\" \/>\n\t<meta property=\"og:image:type\" content=\"image\/jpeg\" \/>\n<meta name=\"twitter:card\" content=\"summary_large_image\" \/>\n<meta name=\"twitter:site\" content=\"@AUREN_Argentina\" \/>\n<meta name=\"twitter:label1\" content=\"Tiempo de lectura\" \/>\n\t<meta name=\"twitter:data1\" content=\"4 minutos\" \/>\n<script type=\"application\/ld+json\" class=\"yoast-schema-graph\">{\"@context\":\"https:\\\/\\\/schema.org\",\"@graph\":[{\"@type\":\"WebPage\",\"@id\":\"https:\\\/\\\/auren.com\\\/ar\\\/blog\\\/que-economia-nos-deja-la-pandemia-y-que-podemos-esperar-para-el-futuro-inmediato\\\/\",\"url\":\"https:\\\/\\\/auren.com\\\/ar\\\/blog\\\/que-economia-nos-deja-la-pandemia-y-que-podemos-esperar-para-el-futuro-inmediato\\\/\",\"name\":\"Qu\u00e9 econom\u00eda nos deja la pandemia y qu\u00e9 podemos esperar para el futuro inmediato - Auren Argentina\",\"isPartOf\":{\"@id\":\"https:\\\/\\\/auren.com\\\/ar\\\/#website\"},\"primaryImageOfPage\":{\"@id\":\"https:\\\/\\\/auren.com\\\/ar\\\/blog\\\/que-economia-nos-deja-la-pandemia-y-que-podemos-esperar-para-el-futuro-inmediato\\\/#primaryimage\"},\"image\":{\"@id\":\"https:\\\/\\\/auren.com\\\/ar\\\/blog\\\/que-economia-nos-deja-la-pandemia-y-que-podemos-esperar-para-el-futuro-inmediato\\\/#primaryimage\"},\"thumbnailUrl\":\"https:\\\/\\\/auren.com\\\/ar\\\/wp-content\\\/uploads\\\/2021\\\/03\\\/W-IAM-DAAYS-covid-19-and-your-investment-portfolio-Hero-1.jpg\",\"datePublished\":\"2021-03-26T07:54:24+00:00\",\"breadcrumb\":{\"@id\":\"https:\\\/\\\/auren.com\\\/ar\\\/blog\\\/que-economia-nos-deja-la-pandemia-y-que-podemos-esperar-para-el-futuro-inmediato\\\/#breadcrumb\"},\"inLanguage\":\"es\",\"potentialAction\":[{\"@type\":\"ReadAction\",\"target\":[\"https:\\\/\\\/auren.com\\\/ar\\\/blog\\\/que-economia-nos-deja-la-pandemia-y-que-podemos-esperar-para-el-futuro-inmediato\\\/\"]}]},{\"@type\":\"ImageObject\",\"inLanguage\":\"es\",\"@id\":\"https:\\\/\\\/auren.com\\\/ar\\\/blog\\\/que-economia-nos-deja-la-pandemia-y-que-podemos-esperar-para-el-futuro-inmediato\\\/#primaryimage\",\"url\":\"https:\\\/\\\/auren.com\\\/ar\\\/wp-content\\\/uploads\\\/2021\\\/03\\\/W-IAM-DAAYS-covid-19-and-your-investment-portfolio-Hero-1.jpg\",\"contentUrl\":\"https:\\\/\\\/auren.com\\\/ar\\\/wp-content\\\/uploads\\\/2021\\\/03\\\/W-IAM-DAAYS-covid-19-and-your-investment-portfolio-Hero-1.jpg\",\"width\":2448,\"height\":1010},{\"@type\":\"BreadcrumbList\",\"@id\":\"https:\\\/\\\/auren.com\\\/ar\\\/blog\\\/que-economia-nos-deja-la-pandemia-y-que-podemos-esperar-para-el-futuro-inmediato\\\/#breadcrumb\",\"itemListElement\":[{\"@type\":\"ListItem\",\"position\":1,\"name\":\"Portada\",\"item\":\"https:\\\/\\\/auren.com\\\/ar\\\/\"},{\"@type\":\"ListItem\",\"position\":2,\"name\":\"Qu\u00e9 econom\u00eda nos deja la pandemia y qu\u00e9 podemos esperar para el futuro inmediato\"}]},{\"@type\":\"WebSite\",\"@id\":\"https:\\\/\\\/auren.com\\\/ar\\\/#website\",\"url\":\"https:\\\/\\\/auren.com\\\/ar\\\/\",\"name\":\"Auren Argentina\",\"description\":\"\",\"publisher\":{\"@id\":\"https:\\\/\\\/auren.com\\\/ar\\\/#organization\"},\"potentialAction\":[{\"@type\":\"SearchAction\",\"target\":{\"@type\":\"EntryPoint\",\"urlTemplate\":\"https:\\\/\\\/auren.com\\\/ar\\\/?s={search_term_string}\"},\"query-input\":{\"@type\":\"PropertyValueSpecification\",\"valueRequired\":true,\"valueName\":\"search_term_string\"}}],\"inLanguage\":\"es\"},{\"@type\":\"Organization\",\"@id\":\"https:\\\/\\\/auren.com\\\/ar\\\/#organization\",\"name\":\"Auren Argentina\",\"url\":\"https:\\\/\\\/auren.com\\\/ar\\\/\",\"logo\":{\"@type\":\"ImageObject\",\"inLanguage\":\"es\",\"@id\":\"https:\\\/\\\/auren.com\\\/ar\\\/#\\\/schema\\\/logo\\\/image\\\/\",\"url\":\"https:\\\/\\\/auren.com\\\/ar\\\/wp-content\\\/uploads\\\/2025\\\/01\\\/cropped-cropped-favicon-Auren.png\",\"contentUrl\":\"https:\\\/\\\/auren.com\\\/ar\\\/wp-content\\\/uploads\\\/2025\\\/01\\\/cropped-cropped-favicon-Auren.png\",\"width\":512,\"height\":512,\"caption\":\"Auren Argentina\"},\"image\":{\"@id\":\"https:\\\/\\\/auren.com\\\/ar\\\/#\\\/schema\\\/logo\\\/image\\\/\"},\"sameAs\":[\"https:\\\/\\\/www.facebook.com\\\/AurenArg\\\/\",\"https:\\\/\\\/x.com\\\/AUREN_Argentina\",\"https:\\\/\\\/www.linkedin.com\\\/company\\\/aurenargentina\",\"https:\\\/\\\/www.youtube.com\\\/channel\\\/UCSCseiHMECB0uMBGF9wtjSw\",\"https:\\\/\\\/www.instagram.com\\\/aurenargentina\\\/\"]}]}<\/script>\n<!-- \/ Yoast SEO plugin. -->","yoast_head_json":{"title":"Qu\u00e9 econom\u00eda nos deja la pandemia y qu\u00e9 podemos esperar para el futuro inmediato - Auren Argentina","robots":{"index":"index","follow":"follow","max-snippet":"max-snippet:-1","max-image-preview":"max-image-preview:large","max-video-preview":"max-video-preview:-1"},"canonical":"https:\/\/auren.com\/ar\/blog\/que-economia-nos-deja-la-pandemia-y-que-podemos-esperar-para-el-futuro-inmediato\/","og_locale":"es_ES","og_type":"article","og_title":"Qu\u00e9 econom\u00eda nos deja la pandemia y qu\u00e9 podemos esperar para el futuro inmediato - Auren Argentina","og_description":"La presente edici\u00f3n de Brujula de Negocios \u2013 Parte 3 COVID 19, es el primer relevamiento de opini\u00f3n empresaria 2021. En sus resultados quedan reflejadas las opiniones y expectativas acerca [&hellip;]","og_url":"https:\/\/auren.com\/ar\/blog\/que-economia-nos-deja-la-pandemia-y-que-podemos-esperar-para-el-futuro-inmediato\/","og_site_name":"Auren Argentina","article_publisher":"https:\/\/www.facebook.com\/AurenArg\/","og_image":[{"width":2448,"height":1010,"url":"https:\/\/auren.com\/ar\/wp-content\/uploads\/2021\/03\/W-IAM-DAAYS-covid-19-and-your-investment-portfolio-Hero-1.jpg","type":"image\/jpeg"}],"twitter_card":"summary_large_image","twitter_site":"@AUREN_Argentina","twitter_misc":{"Tiempo de lectura":"4 minutos"},"schema":{"@context":"https:\/\/schema.org","@graph":[{"@type":"WebPage","@id":"https:\/\/auren.com\/ar\/blog\/que-economia-nos-deja-la-pandemia-y-que-podemos-esperar-para-el-futuro-inmediato\/","url":"https:\/\/auren.com\/ar\/blog\/que-economia-nos-deja-la-pandemia-y-que-podemos-esperar-para-el-futuro-inmediato\/","name":"Qu\u00e9 econom\u00eda nos deja la pandemia y qu\u00e9 podemos esperar para el futuro inmediato - Auren Argentina","isPartOf":{"@id":"https:\/\/auren.com\/ar\/#website"},"primaryImageOfPage":{"@id":"https:\/\/auren.com\/ar\/blog\/que-economia-nos-deja-la-pandemia-y-que-podemos-esperar-para-el-futuro-inmediato\/#primaryimage"},"image":{"@id":"https:\/\/auren.com\/ar\/blog\/que-economia-nos-deja-la-pandemia-y-que-podemos-esperar-para-el-futuro-inmediato\/#primaryimage"},"thumbnailUrl":"https:\/\/auren.com\/ar\/wp-content\/uploads\/2021\/03\/W-IAM-DAAYS-covid-19-and-your-investment-portfolio-Hero-1.jpg","datePublished":"2021-03-26T07:54:24+00:00","breadcrumb":{"@id":"https:\/\/auren.com\/ar\/blog\/que-economia-nos-deja-la-pandemia-y-que-podemos-esperar-para-el-futuro-inmediato\/#breadcrumb"},"inLanguage":"es","potentialAction":[{"@type":"ReadAction","target":["https:\/\/auren.com\/ar\/blog\/que-economia-nos-deja-la-pandemia-y-que-podemos-esperar-para-el-futuro-inmediato\/"]}]},{"@type":"ImageObject","inLanguage":"es","@id":"https:\/\/auren.com\/ar\/blog\/que-economia-nos-deja-la-pandemia-y-que-podemos-esperar-para-el-futuro-inmediato\/#primaryimage","url":"https:\/\/auren.com\/ar\/wp-content\/uploads\/2021\/03\/W-IAM-DAAYS-covid-19-and-your-investment-portfolio-Hero-1.jpg","contentUrl":"https:\/\/auren.com\/ar\/wp-content\/uploads\/2021\/03\/W-IAM-DAAYS-covid-19-and-your-investment-portfolio-Hero-1.jpg","width":2448,"height":1010},{"@type":"BreadcrumbList","@id":"https:\/\/auren.com\/ar\/blog\/que-economia-nos-deja-la-pandemia-y-que-podemos-esperar-para-el-futuro-inmediato\/#breadcrumb","itemListElement":[{"@type":"ListItem","position":1,"name":"Portada","item":"https:\/\/auren.com\/ar\/"},{"@type":"ListItem","position":2,"name":"Qu\u00e9 econom\u00eda nos deja la pandemia y qu\u00e9 podemos esperar para el futuro inmediato"}]},{"@type":"WebSite","@id":"https:\/\/auren.com\/ar\/#website","url":"https:\/\/auren.com\/ar\/","name":"Auren Argentina","description":"","publisher":{"@id":"https:\/\/auren.com\/ar\/#organization"},"potentialAction":[{"@type":"SearchAction","target":{"@type":"EntryPoint","urlTemplate":"https:\/\/auren.com\/ar\/?s={search_term_string}"},"query-input":{"@type":"PropertyValueSpecification","valueRequired":true,"valueName":"search_term_string"}}],"inLanguage":"es"},{"@type":"Organization","@id":"https:\/\/auren.com\/ar\/#organization","name":"Auren Argentina","url":"https:\/\/auren.com\/ar\/","logo":{"@type":"ImageObject","inLanguage":"es","@id":"https:\/\/auren.com\/ar\/#\/schema\/logo\/image\/","url":"https:\/\/auren.com\/ar\/wp-content\/uploads\/2025\/01\/cropped-cropped-favicon-Auren.png","contentUrl":"https:\/\/auren.com\/ar\/wp-content\/uploads\/2025\/01\/cropped-cropped-favicon-Auren.png","width":512,"height":512,"caption":"Auren Argentina"},"image":{"@id":"https:\/\/auren.com\/ar\/#\/schema\/logo\/image\/"},"sameAs":["https:\/\/www.facebook.com\/AurenArg\/","https:\/\/x.com\/AUREN_Argentina","https:\/\/www.linkedin.com\/company\/aurenargentina","https:\/\/www.youtube.com\/channel\/UCSCseiHMECB0uMBGF9wtjSw","https:\/\/www.instagram.com\/aurenargentina\/"]}]}},"_links":{"self":[{"href":"https:\/\/auren.com\/ar\/wp-json\/wp\/v2\/blog\/11669","targetHints":{"allow":["GET"]}}],"collection":[{"href":"https:\/\/auren.com\/ar\/wp-json\/wp\/v2\/blog"}],"about":[{"href":"https:\/\/auren.com\/ar\/wp-json\/wp\/v2\/types\/blog"}],"version-history":[{"count":0,"href":"https:\/\/auren.com\/ar\/wp-json\/wp\/v2\/blog\/11669\/revisions"}],"wp:featuredmedia":[{"embeddable":true,"href":"https:\/\/auren.com\/ar\/wp-json\/wp\/v2\/media\/11670"}],"wp:attachment":[{"href":"https:\/\/auren.com\/ar\/wp-json\/wp\/v2\/media?parent=11669"}],"wp:term":[{"taxonomy":"blog-category","embeddable":true,"href":"https:\/\/auren.com\/ar\/wp-json\/wp\/v2\/blog-category?post=11669"}],"curies":[{"name":"wp","href":"https:\/\/api.w.org\/{rel}","templated":true}]}}