{"id":11859,"date":"2020-08-03T11:20:53","date_gmt":"2020-08-03T09:20:53","guid":{"rendered":"https:\/\/auren.com\/ar\/blog\/atp-fase-4-con-sabor-a-poco\/"},"modified":"2020-08-03T11:20:53","modified_gmt":"2020-08-03T09:20:53","slug":"atp-fase-4-con-sabor-a-poco","status":"publish","type":"blog","link":"https:\/\/auren.com\/ar\/blog\/atp-fase-4-con-sabor-a-poco\/","title":{"rendered":"ATP Fase 4 \u2013 Con sabor a poco."},"content":{"rendered":"<p>Desde el Gobierno Nacional se adelant\u00f3, la cuarta edici\u00f3n del ATP, que ya no se regir\u00e1&nbsp;teniendo en cuenta la localizaci\u00f3n&nbsp;de la Empresa en zona de aislamiento (ASPO)&nbsp;o de distanciamiento (DISPO), sino por el nivel de facturaci\u00f3n que haya registrado entre junio 2019 versus&nbsp;junio de 2020; <strong>nuevamente seguimos utilizando par\u00e1metros de moneda nominal sin tener en cuenta el deterioro inflacionario.<\/strong><\/p>\n<p>La idea, seg\u00fan manifestaron las Autoridades, es que la semana que viene pueda comenzar la inscripci\u00f3n de las Empresas a este Programa a trav\u00e9s de la p\u00e1gina web de la AFIP.<\/p>\n<p>Las Compa\u00f1\u00edas cuya facturaci\u00f3n contin\u00faa siendo negativa entre junio 2019 vs&nbsp;junio 2020, es decir que tuvo una variaci\u00f3n (en su facturaci\u00f3n) <strong>menor a cero<\/strong>, va a continuar percibiendo el apoyo para el pago&nbsp;de la mitad de los salarios de los trabajadores de la n\u00f3mina (a febrero 2020), con un piso de 1 salario y un techo de 1,5 salario m\u00ednimo vital y m\u00f3vil.&nbsp;Esto marca una diferencia con el ATP 3 cuyo techo para las Empresas que lo percibieron fue del pago de hasta 2 salarios MVM por empleado como tope; adem\u00e1s de mantener los requisitos de realizar actividades afectadas en forma cr\u00edtica o pertenecer a un sector que a\u00fan no fue habilitado para funcionar, <strong>claramente seguimos sin entender que por m\u00e1s que haya Compa\u00f1\u00edas que est\u00e9n habilitadas para funcionar la crisis econ\u00f3mica desde hace 4 meses viene afectando los ingresos de dichos Contribuyentes de una manera brutal y seguir\u00e1 as\u00ed mientras la econom\u00eda no se reactive<\/strong>.<\/p>\n<p>En el caso de las empresas en sectores cr\u00edticos como turismo, gastronom\u00eda, salud, hoteler\u00eda, deporte, cultura,&nbsp;el ATP continuar\u00e1 en las mismas condiciones en que se ven\u00eda desarrollando y se extender\u00eda hasta diciembre 2020.<\/p>\n<p>En el caso de Empresas que tengan una variaci\u00f3n de facturaci\u00f3n <strong>entre 0 y 30%<\/strong> con respecto al a\u00f1o pasado (nuevamente junio 2019 versus junio 2020) podr\u00e1n acceder a un cr\u00e9dito, con 3 meses de gracia y a pagar en los 12 meses siguientes, a una tasa subsidiada (con el FOGAR y FONDEP como avalistas) para cubrir exclusivamente la n\u00f3mina salarial (con un tope de 1,2 salarios m\u00ednimo vital y m\u00f3vil sobre la n\u00f3mina a mayo 2020). Con el siguiente esquema:<\/p>\n<ol type=\"1\">\n<li>Si la Empresa tuvo una variaci\u00f3n en su&nbsp;facturaci\u00f3n de 0 a 10% (entre junio 19 respecto a junio 20) la tasa ser\u00e1 0%.<\/li>\n<li>Si la Empresa tuvo variaci\u00f3n de facturaci\u00f3n del 11 al 20%, la tasa del cr\u00e9dito ser\u00e1 7,5%.<\/li>\n<li>Si la Empresa tuvo variaci\u00f3n de facturaci\u00f3n de 20 a 30%, la tasa del cr\u00e9dito ser\u00e1 15%.<\/li>\n<\/ol>\n<p><strong>En este caso volvemos a repetir el error mencionado anteriormente, la p\u00e9rdida de ingresos por falta de actividad es hoy, no sirve medirla contra ingresos del pasado donde (pese a la recesi\u00f3n econ\u00f3mica que ya hab\u00eda) la Empresas estaban en un entorno \u201cnormal\u201d.<\/strong><\/p>\n<p>Por otra parte seguir\u00e1n los cr\u00e9ditos a Monotributistas y Aut\u00f3nomos (con las restricciones actuales\u00a0de categor\u00eda e ingresos comparativos) que tendr\u00e1n un per\u00edodo de gracia de 6 meses, y se podr\u00e1n devolver en un plazo de entre 12 y 18 cuotas.<\/p>\n<p>Por G<a href=\"https:\/\/www.linkedin.com\/in\/gabrielhermida\/\">abriel Hermida<\/a>, Socio de Impuestos de Auren<\/p>\n<p><!-- AddThis Advanced Settings generic via filter on the_content --><!-- AddThis Share Buttons generic via filter on the_content --><\/p>\n","protected":false},"excerpt":{"rendered":"<p>Desde el Gobierno Nacional se adelant\u00f3, la cuarta edici\u00f3n del ATP, que ya no se regir\u00e1&nbsp;teniendo en cuenta la localizaci\u00f3n&nbsp;de la Empresa en zona de aislamiento (ASPO)&nbsp;o de distanciamiento (DISPO), [&hellip;]<\/p>\n","protected":false},"featured_media":11860,"template":"","meta":{"_acf_changed":false,"footnotes":""},"blog-category":[],"class_list":["post-11859","blog","type-blog","status-publish","has-post-thumbnail","hentry"],"acf":[],"yoast_head":"<!-- This site is optimized with the Yoast SEO plugin v27.5 - https:\/\/yoast.com\/product\/yoast-seo-wordpress\/ -->\n<title>ATP Fase 4 \u2013 Con sabor a poco. - Auren Argentina<\/title>\n<meta name=\"robots\" content=\"index, follow, max-snippet:-1, max-image-preview:large, max-video-preview:-1\" \/>\n<link rel=\"canonical\" href=\"https:\/\/auren.com\/ar\/blog\/atp-fase-4-con-sabor-a-poco\/\" \/>\n<meta property=\"og:locale\" content=\"es_ES\" \/>\n<meta property=\"og:type\" content=\"article\" \/>\n<meta property=\"og:title\" content=\"ATP Fase 4 \u2013 Con sabor a poco. - Auren Argentina\" \/>\n<meta property=\"og:description\" content=\"Desde el Gobierno Nacional se adelant\u00f3, la cuarta edici\u00f3n del ATP, que ya no se regir\u00e1&nbsp;teniendo en cuenta la localizaci\u00f3n&nbsp;de la Empresa en zona de aislamiento (ASPO)&nbsp;o de distanciamiento (DISPO), [&hellip;]\" \/>\n<meta property=\"og:url\" content=\"https:\/\/auren.com\/ar\/blog\/atp-fase-4-con-sabor-a-poco\/\" \/>\n<meta property=\"og:site_name\" content=\"Auren Argentina\" \/>\n<meta property=\"article:publisher\" content=\"https:\/\/www.facebook.com\/AurenArg\/\" \/>\n<meta property=\"og:image\" content=\"https:\/\/auren.com\/ar\/wp-content\/uploads\/2020\/08\/images-ATP-1-1.jpg\" \/>\n\t<meta property=\"og:image:width\" content=\"1200\" \/>\n\t<meta property=\"og:image:height\" content=\"675\" \/>\n\t<meta property=\"og:image:type\" content=\"image\/jpeg\" \/>\n<meta name=\"twitter:card\" content=\"summary_large_image\" \/>\n<meta name=\"twitter:site\" content=\"@AUREN_Argentina\" \/>\n<meta name=\"twitter:label1\" content=\"Tiempo de lectura\" \/>\n\t<meta name=\"twitter:data1\" content=\"3 minutos\" \/>\n<script type=\"application\/ld+json\" class=\"yoast-schema-graph\">{\"@context\":\"https:\\\/\\\/schema.org\",\"@graph\":[{\"@type\":\"WebPage\",\"@id\":\"https:\\\/\\\/auren.com\\\/ar\\\/blog\\\/atp-fase-4-con-sabor-a-poco\\\/\",\"url\":\"https:\\\/\\\/auren.com\\\/ar\\\/blog\\\/atp-fase-4-con-sabor-a-poco\\\/\",\"name\":\"ATP Fase 4 \u2013 Con sabor a poco. - Auren Argentina\",\"isPartOf\":{\"@id\":\"https:\\\/\\\/auren.com\\\/ar\\\/#website\"},\"primaryImageOfPage\":{\"@id\":\"https:\\\/\\\/auren.com\\\/ar\\\/blog\\\/atp-fase-4-con-sabor-a-poco\\\/#primaryimage\"},\"image\":{\"@id\":\"https:\\\/\\\/auren.com\\\/ar\\\/blog\\\/atp-fase-4-con-sabor-a-poco\\\/#primaryimage\"},\"thumbnailUrl\":\"https:\\\/\\\/auren.com\\\/ar\\\/wp-content\\\/uploads\\\/2020\\\/08\\\/images-ATP-1-1.jpg\",\"datePublished\":\"2020-08-03T09:20:53+00:00\",\"breadcrumb\":{\"@id\":\"https:\\\/\\\/auren.com\\\/ar\\\/blog\\\/atp-fase-4-con-sabor-a-poco\\\/#breadcrumb\"},\"inLanguage\":\"es\",\"potentialAction\":[{\"@type\":\"ReadAction\",\"target\":[\"https:\\\/\\\/auren.com\\\/ar\\\/blog\\\/atp-fase-4-con-sabor-a-poco\\\/\"]}]},{\"@type\":\"ImageObject\",\"inLanguage\":\"es\",\"@id\":\"https:\\\/\\\/auren.com\\\/ar\\\/blog\\\/atp-fase-4-con-sabor-a-poco\\\/#primaryimage\",\"url\":\"https:\\\/\\\/auren.com\\\/ar\\\/wp-content\\\/uploads\\\/2020\\\/08\\\/images-ATP-1-1.jpg\",\"contentUrl\":\"https:\\\/\\\/auren.com\\\/ar\\\/wp-content\\\/uploads\\\/2020\\\/08\\\/images-ATP-1-1.jpg\",\"width\":1200,\"height\":675},{\"@type\":\"BreadcrumbList\",\"@id\":\"https:\\\/\\\/auren.com\\\/ar\\\/blog\\\/atp-fase-4-con-sabor-a-poco\\\/#breadcrumb\",\"itemListElement\":[{\"@type\":\"ListItem\",\"position\":1,\"name\":\"Portada\",\"item\":\"https:\\\/\\\/auren.com\\\/ar\\\/\"},{\"@type\":\"ListItem\",\"position\":2,\"name\":\"ATP Fase 4 \u2013 Con sabor a poco.\"}]},{\"@type\":\"WebSite\",\"@id\":\"https:\\\/\\\/auren.com\\\/ar\\\/#website\",\"url\":\"https:\\\/\\\/auren.com\\\/ar\\\/\",\"name\":\"Auren Argentina\",\"description\":\"\",\"publisher\":{\"@id\":\"https:\\\/\\\/auren.com\\\/ar\\\/#organization\"},\"potentialAction\":[{\"@type\":\"SearchAction\",\"target\":{\"@type\":\"EntryPoint\",\"urlTemplate\":\"https:\\\/\\\/auren.com\\\/ar\\\/?s={search_term_string}\"},\"query-input\":{\"@type\":\"PropertyValueSpecification\",\"valueRequired\":true,\"valueName\":\"search_term_string\"}}],\"inLanguage\":\"es\"},{\"@type\":\"Organization\",\"@id\":\"https:\\\/\\\/auren.com\\\/ar\\\/#organization\",\"name\":\"Auren Argentina\",\"url\":\"https:\\\/\\\/auren.com\\\/ar\\\/\",\"logo\":{\"@type\":\"ImageObject\",\"inLanguage\":\"es\",\"@id\":\"https:\\\/\\\/auren.com\\\/ar\\\/#\\\/schema\\\/logo\\\/image\\\/\",\"url\":\"https:\\\/\\\/auren.com\\\/ar\\\/wp-content\\\/uploads\\\/2025\\\/01\\\/cropped-cropped-favicon-Auren.png\",\"contentUrl\":\"https:\\\/\\\/auren.com\\\/ar\\\/wp-content\\\/uploads\\\/2025\\\/01\\\/cropped-cropped-favicon-Auren.png\",\"width\":512,\"height\":512,\"caption\":\"Auren Argentina\"},\"image\":{\"@id\":\"https:\\\/\\\/auren.com\\\/ar\\\/#\\\/schema\\\/logo\\\/image\\\/\"},\"sameAs\":[\"https:\\\/\\\/www.facebook.com\\\/AurenArg\\\/\",\"https:\\\/\\\/x.com\\\/AUREN_Argentina\",\"https:\\\/\\\/www.linkedin.com\\\/company\\\/aurenargentina\",\"https:\\\/\\\/www.youtube.com\\\/channel\\\/UCSCseiHMECB0uMBGF9wtjSw\",\"https:\\\/\\\/www.instagram.com\\\/aurenargentina\\\/\"]}]}<\/script>\n<!-- \/ Yoast SEO plugin. -->","yoast_head_json":{"title":"ATP Fase 4 \u2013 Con sabor a poco. - Auren Argentina","robots":{"index":"index","follow":"follow","max-snippet":"max-snippet:-1","max-image-preview":"max-image-preview:large","max-video-preview":"max-video-preview:-1"},"canonical":"https:\/\/auren.com\/ar\/blog\/atp-fase-4-con-sabor-a-poco\/","og_locale":"es_ES","og_type":"article","og_title":"ATP Fase 4 \u2013 Con sabor a poco. - Auren Argentina","og_description":"Desde el Gobierno Nacional se adelant\u00f3, la cuarta edici\u00f3n del ATP, que ya no se regir\u00e1&nbsp;teniendo en cuenta la localizaci\u00f3n&nbsp;de la Empresa en zona de aislamiento (ASPO)&nbsp;o de distanciamiento (DISPO), [&hellip;]","og_url":"https:\/\/auren.com\/ar\/blog\/atp-fase-4-con-sabor-a-poco\/","og_site_name":"Auren Argentina","article_publisher":"https:\/\/www.facebook.com\/AurenArg\/","og_image":[{"width":1200,"height":675,"url":"https:\/\/auren.com\/ar\/wp-content\/uploads\/2020\/08\/images-ATP-1-1.jpg","type":"image\/jpeg"}],"twitter_card":"summary_large_image","twitter_site":"@AUREN_Argentina","twitter_misc":{"Tiempo de lectura":"3 minutos"},"schema":{"@context":"https:\/\/schema.org","@graph":[{"@type":"WebPage","@id":"https:\/\/auren.com\/ar\/blog\/atp-fase-4-con-sabor-a-poco\/","url":"https:\/\/auren.com\/ar\/blog\/atp-fase-4-con-sabor-a-poco\/","name":"ATP Fase 4 \u2013 Con sabor a poco. - Auren Argentina","isPartOf":{"@id":"https:\/\/auren.com\/ar\/#website"},"primaryImageOfPage":{"@id":"https:\/\/auren.com\/ar\/blog\/atp-fase-4-con-sabor-a-poco\/#primaryimage"},"image":{"@id":"https:\/\/auren.com\/ar\/blog\/atp-fase-4-con-sabor-a-poco\/#primaryimage"},"thumbnailUrl":"https:\/\/auren.com\/ar\/wp-content\/uploads\/2020\/08\/images-ATP-1-1.jpg","datePublished":"2020-08-03T09:20:53+00:00","breadcrumb":{"@id":"https:\/\/auren.com\/ar\/blog\/atp-fase-4-con-sabor-a-poco\/#breadcrumb"},"inLanguage":"es","potentialAction":[{"@type":"ReadAction","target":["https:\/\/auren.com\/ar\/blog\/atp-fase-4-con-sabor-a-poco\/"]}]},{"@type":"ImageObject","inLanguage":"es","@id":"https:\/\/auren.com\/ar\/blog\/atp-fase-4-con-sabor-a-poco\/#primaryimage","url":"https:\/\/auren.com\/ar\/wp-content\/uploads\/2020\/08\/images-ATP-1-1.jpg","contentUrl":"https:\/\/auren.com\/ar\/wp-content\/uploads\/2020\/08\/images-ATP-1-1.jpg","width":1200,"height":675},{"@type":"BreadcrumbList","@id":"https:\/\/auren.com\/ar\/blog\/atp-fase-4-con-sabor-a-poco\/#breadcrumb","itemListElement":[{"@type":"ListItem","position":1,"name":"Portada","item":"https:\/\/auren.com\/ar\/"},{"@type":"ListItem","position":2,"name":"ATP Fase 4 \u2013 Con sabor a poco."}]},{"@type":"WebSite","@id":"https:\/\/auren.com\/ar\/#website","url":"https:\/\/auren.com\/ar\/","name":"Auren Argentina","description":"","publisher":{"@id":"https:\/\/auren.com\/ar\/#organization"},"potentialAction":[{"@type":"SearchAction","target":{"@type":"EntryPoint","urlTemplate":"https:\/\/auren.com\/ar\/?s={search_term_string}"},"query-input":{"@type":"PropertyValueSpecification","valueRequired":true,"valueName":"search_term_string"}}],"inLanguage":"es"},{"@type":"Organization","@id":"https:\/\/auren.com\/ar\/#organization","name":"Auren Argentina","url":"https:\/\/auren.com\/ar\/","logo":{"@type":"ImageObject","inLanguage":"es","@id":"https:\/\/auren.com\/ar\/#\/schema\/logo\/image\/","url":"https:\/\/auren.com\/ar\/wp-content\/uploads\/2025\/01\/cropped-cropped-favicon-Auren.png","contentUrl":"https:\/\/auren.com\/ar\/wp-content\/uploads\/2025\/01\/cropped-cropped-favicon-Auren.png","width":512,"height":512,"caption":"Auren Argentina"},"image":{"@id":"https:\/\/auren.com\/ar\/#\/schema\/logo\/image\/"},"sameAs":["https:\/\/www.facebook.com\/AurenArg\/","https:\/\/x.com\/AUREN_Argentina","https:\/\/www.linkedin.com\/company\/aurenargentina","https:\/\/www.youtube.com\/channel\/UCSCseiHMECB0uMBGF9wtjSw","https:\/\/www.instagram.com\/aurenargentina\/"]}]}},"_links":{"self":[{"href":"https:\/\/auren.com\/ar\/wp-json\/wp\/v2\/blog\/11859","targetHints":{"allow":["GET"]}}],"collection":[{"href":"https:\/\/auren.com\/ar\/wp-json\/wp\/v2\/blog"}],"about":[{"href":"https:\/\/auren.com\/ar\/wp-json\/wp\/v2\/types\/blog"}],"version-history":[{"count":0,"href":"https:\/\/auren.com\/ar\/wp-json\/wp\/v2\/blog\/11859\/revisions"}],"wp:featuredmedia":[{"embeddable":true,"href":"https:\/\/auren.com\/ar\/wp-json\/wp\/v2\/media\/11860"}],"wp:attachment":[{"href":"https:\/\/auren.com\/ar\/wp-json\/wp\/v2\/media?parent=11859"}],"wp:term":[{"taxonomy":"blog-category","embeddable":true,"href":"https:\/\/auren.com\/ar\/wp-json\/wp\/v2\/blog-category?post=11859"}],"curies":[{"name":"wp","href":"https:\/\/api.w.org\/{rel}","templated":true}]}}