{"id":11870,"date":"2020-07-29T13:42:03","date_gmt":"2020-07-29T11:42:03","guid":{"rendered":"https:\/\/auren.com\/ar\/blog\/reflexiones-sobre-el-anteproyecto-de-ampliacion-de-moratoria-nacional\/"},"modified":"2020-07-29T13:42:03","modified_gmt":"2020-07-29T11:42:03","slug":"reflexiones-sobre-el-anteproyecto-de-ampliacion-de-moratoria-nacional","status":"publish","type":"blog","link":"https:\/\/auren.com\/ar\/blog\/reflexiones-sobre-el-anteproyecto-de-ampliacion-de-moratoria-nacional\/","title":{"rendered":"Reflexiones sobre el Anteproyecto de Ampliaci\u00f3n de Moratoria Nacional"},"content":{"rendered":"<p>El Anteproyecto de Moratoria Nacional apunta a tener un alcance universal, dado que alcanzar\u00e1 a todo el sector privado (Pymes, Grandes Empresas, Monotributistas y Personas F\u00edsicas) incluyendo deudas previsionales, aduaneras e impositivas hasta el&nbsp;31 de mayo de este a\u00f1o siendo el plazo de adhesi\u00f3n previsto hasta el&nbsp;31 de octubre, venciendo la primera cuota el 16 de noviembre de este a\u00f1o.<\/p>\n<p>Entre los aspectos que generan dudas est\u00e1n por ejemplo:<\/p>\n<ul>\n<li>No ser\u00eda m\u00e1s razonable, ya que estamos y continuar\u00e1 durante m\u00e1s tiempo la crisis provocada por el COVID 19, <strong>establecer un plazo m\u00e1s extenso de deudas a incluir o dejar abierta la posibilidad para incluir deudas tributarias hasta que la Pandemia finalice<\/strong>.<\/li>\n<\/ul>\n<ul>\n<li>En el Anteproyecto, en su ART\u00cdCULO 1\u00b0.- Sustit\u00fayese el art\u00edculo 8\u00b0 de la Ley N\u00b0 27.541 por el siguiente: dice \u2026. \u201cNo resultan alcanzadas por el mismo las obligaciones o infracciones vinculadas con reg\u00edmenes promocionales que concedan beneficios tributarios\u201d,<strong> aqu\u00ed la pregunta es, dado la situaci\u00f3n en la que se dicta esta Moratoria, quedar\u00e1n excluidos los contribuyentes que adeuden como Pymes, el IVA diferido (ingreso trimestral), parecer\u00eda que no ser\u00eda razonable que se los excluya.<\/strong><\/li>\n<\/ul>\n<ul>\n<li>En el Anteproyecto, en su ART\u00cdCULO 7\u00b0.- Sustit\u00fayese el art\u00edculo 13 de la Ley N\u00ba 27.541 por el siguiente: dice \u2026.. \u201clos plazos para el pago en cuotas (previo pago a cuenta), dependiendo del tipo de deuda y contribuyente ser\u00e1n de 48, 60, 96 y 120 cuotas con una tasa de inter\u00e9s del 2% (dos por ciento) mensual, hasta el mes de enero de 2021 inclusive, resultando luego de aplicaci\u00f3n la Tasa BADLAR en Pesos de bancos privados; <strong>nos preguntamos,<\/strong> <strong>resulta razonable establecer esas tasas de inter\u00e9s mensual, cuando por la Pandemia sabemos que la actividad seguir\u00e1 estancada a la baja o a\u00fan ser\u00e1 peor y por ende imposible de solventar.<\/strong><\/li>\n<\/ul>\n<ul>\n<li>En el art\u00edculo del Anteproyecto mencionado en el punto anterior, en su inciso 6 se establece \u2026.. \u201clos planes de facilidades de pago caducar\u00e1n: En el supuesto de los contribuyentes incluidos en el segundo p\u00e1rrafo del art\u00edculo 8\u00b0 de esta ley, excepto las personas humanas:<\/li>\n<\/ul>\n<ul>\n<li>6.6.1. Por la distribuci\u00f3n de dividendos o utilidades a sus accionistas o socios, en los t\u00e9rminos del Art\u00edculo 49 de la Ley del Impuesto a las ganancias (t.o. 2019), desde el momento en el cual se adhiri\u00f3 al presente r\u00e9gimen hasta la finalizaci\u00f3n de dicho ejercicio fiscal y por los VEINTICUATRO (24) meses siguientes.\n<ul>\n<li>6.6.2. Cuando se acceda al Mercado \u00danico y Libre de Cambios (MULC) para realizar pagos de beneficios netos de cualquier categor\u00eda a sociedades, empresas o cualquier otro beneficiario del exterior que revistan la condici\u00f3n de sujetos vinculados conforme el siguiente detalle: 6.6.2.1. por prestaciones derivadas de servicios de asistencia t\u00e9cnica, ingenier\u00eda o consultor\u00eda. 6.6.2.2 Por prestaciones derivadas en cesi\u00f3n de derechos o licencias para la explotaci\u00f3n de patentes de invenci\u00f3n y dem\u00e1s objetos no contemplados en el punto anterior. 6.6.2.3. Por intereses o retribuciones pagados por cr\u00e9ditos, pr\u00e9stamos o colocaciones de fondos de cualquier origen o naturaleza\u201d.<\/li>\n<\/ul>\n<\/li>\n<\/ul>\n<p><strong>Aqu\u00ed la reflexi\u00f3n es, ya cometieron el error con el Programa ATP (Decreto 332\/2020 y modificatorios) de ir y venir con cambios y limitaciones, sobre todo para las Grandes Empresas, y ahora lo vuelven a cometer limitando la permanencia en la Moratoria al cumplimiento de requisitos que van contra la naturaleza de las operaciones normales de una Compa\u00f1\u00eda, as\u00ed como contra la posibilidad de entregar a sus Accionistas de la renta por arriesgar su capital en una actividad comercial.<\/strong><\/p>\n<p>Adicionalmente, y refrescando lo expresado en el primer punto del presente, <strong>que pasar\u00e1 con los contribuyentes (sin importar su categor\u00eda) que con posterioridad al 31 de mayo del corriente a\u00f1o, entren en una situaci\u00f3n econ\u00f3mica peor a la que se encuentren a la fecha de corte para el ingreso a la Moratoria propuesta, o que lamentablemente tengan que acceder a un Proceso Concursal o de Quiebra en los t\u00e9rminos de la Ley 25.563 y modificatorias.<\/strong><\/p>\n<p>Por otra parte, sin dejar de reconocer que este Anteproyecto intenta ayudar a los contribuyentes con inconvenientes para cumplir con sus obligaciones tributarias nacionales (que deber\u00edan replicar los gobiernos provinciales y municipales de todo el pa\u00eds<strong>), a aquellos contribuyentes que con mucho sacrificio hicieron todos sus esfuerzos (a\u00fan a costa de sacrificar ahorros) para cumplir con las obligaciones tributarias antes mencionadas, no piensan las Autoridades en que ser\u00eda muy justo otorgarles alg\u00fan reconocimiento y\/o alg\u00fan incentivo.<\/strong><\/p>\n<p>Por <a href=\"https:\/\/www.linkedin.com\/in\/gabrielhermida\/\">Gabriel Hermida<\/a>, Socio de Impuestos de Auren<\/p>\n<p><!-- AddThis Advanced Settings generic via filter on the_content --><!-- AddThis Share Buttons generic via filter on the_content --><\/p>\n","protected":false},"excerpt":{"rendered":"<p>El Anteproyecto de Moratoria Nacional apunta a tener un alcance universal, dado que alcanzar\u00e1 a todo el sector privado (Pymes, Grandes Empresas, Monotributistas y Personas F\u00edsicas) incluyendo deudas previsionales, aduaneras [&hellip;]<\/p>\n","protected":false},"featured_media":11871,"template":"","meta":{"_acf_changed":false,"footnotes":""},"blog-category":[],"class_list":["post-11870","blog","type-blog","status-publish","has-post-thumbnail","hentry"],"acf":[],"yoast_head":"<!-- This site is optimized with the Yoast SEO plugin v27.5 - https:\/\/yoast.com\/product\/yoast-seo-wordpress\/ -->\n<title>Reflexiones sobre el Anteproyecto de Ampliaci\u00f3n de Moratoria Nacional - Auren Argentina<\/title>\n<meta name=\"robots\" content=\"index, follow, max-snippet:-1, max-image-preview:large, max-video-preview:-1\" \/>\n<link rel=\"canonical\" href=\"https:\/\/auren.com\/ar\/blog\/reflexiones-sobre-el-anteproyecto-de-ampliacion-de-moratoria-nacional\/\" \/>\n<meta property=\"og:locale\" content=\"es_ES\" \/>\n<meta property=\"og:type\" content=\"article\" \/>\n<meta property=\"og:title\" content=\"Reflexiones sobre el Anteproyecto de Ampliaci\u00f3n de Moratoria Nacional - Auren Argentina\" \/>\n<meta property=\"og:description\" content=\"El Anteproyecto de Moratoria Nacional apunta a tener un alcance universal, dado que alcanzar\u00e1 a todo el sector privado (Pymes, Grandes Empresas, Monotributistas y Personas F\u00edsicas) incluyendo deudas previsionales, aduaneras [&hellip;]\" \/>\n<meta property=\"og:url\" content=\"https:\/\/auren.com\/ar\/blog\/reflexiones-sobre-el-anteproyecto-de-ampliacion-de-moratoria-nacional\/\" \/>\n<meta property=\"og:site_name\" content=\"Auren Argentina\" \/>\n<meta property=\"article:publisher\" content=\"https:\/\/www.facebook.com\/AurenArg\/\" \/>\n<meta property=\"og:image\" content=\"https:\/\/auren.com\/ar\/wp-content\/uploads\/2020\/07\/MORATORIA-1.jpg\" \/>\n\t<meta property=\"og:image:width\" content=\"1920\" \/>\n\t<meta property=\"og:image:height\" content=\"1080\" \/>\n\t<meta property=\"og:image:type\" content=\"image\/jpeg\" \/>\n<meta name=\"twitter:card\" content=\"summary_large_image\" \/>\n<meta name=\"twitter:site\" content=\"@AUREN_Argentina\" \/>\n<meta name=\"twitter:label1\" content=\"Tiempo de lectura\" \/>\n\t<meta name=\"twitter:data1\" content=\"4 minutos\" \/>\n<script type=\"application\/ld+json\" class=\"yoast-schema-graph\">{\"@context\":\"https:\\\/\\\/schema.org\",\"@graph\":[{\"@type\":\"WebPage\",\"@id\":\"https:\\\/\\\/auren.com\\\/ar\\\/blog\\\/reflexiones-sobre-el-anteproyecto-de-ampliacion-de-moratoria-nacional\\\/\",\"url\":\"https:\\\/\\\/auren.com\\\/ar\\\/blog\\\/reflexiones-sobre-el-anteproyecto-de-ampliacion-de-moratoria-nacional\\\/\",\"name\":\"Reflexiones sobre el Anteproyecto de Ampliaci\u00f3n de Moratoria Nacional - Auren Argentina\",\"isPartOf\":{\"@id\":\"https:\\\/\\\/auren.com\\\/ar\\\/#website\"},\"primaryImageOfPage\":{\"@id\":\"https:\\\/\\\/auren.com\\\/ar\\\/blog\\\/reflexiones-sobre-el-anteproyecto-de-ampliacion-de-moratoria-nacional\\\/#primaryimage\"},\"image\":{\"@id\":\"https:\\\/\\\/auren.com\\\/ar\\\/blog\\\/reflexiones-sobre-el-anteproyecto-de-ampliacion-de-moratoria-nacional\\\/#primaryimage\"},\"thumbnailUrl\":\"https:\\\/\\\/auren.com\\\/ar\\\/wp-content\\\/uploads\\\/2020\\\/07\\\/MORATORIA-1.jpg\",\"datePublished\":\"2020-07-29T11:42:03+00:00\",\"breadcrumb\":{\"@id\":\"https:\\\/\\\/auren.com\\\/ar\\\/blog\\\/reflexiones-sobre-el-anteproyecto-de-ampliacion-de-moratoria-nacional\\\/#breadcrumb\"},\"inLanguage\":\"es\",\"potentialAction\":[{\"@type\":\"ReadAction\",\"target\":[\"https:\\\/\\\/auren.com\\\/ar\\\/blog\\\/reflexiones-sobre-el-anteproyecto-de-ampliacion-de-moratoria-nacional\\\/\"]}]},{\"@type\":\"ImageObject\",\"inLanguage\":\"es\",\"@id\":\"https:\\\/\\\/auren.com\\\/ar\\\/blog\\\/reflexiones-sobre-el-anteproyecto-de-ampliacion-de-moratoria-nacional\\\/#primaryimage\",\"url\":\"https:\\\/\\\/auren.com\\\/ar\\\/wp-content\\\/uploads\\\/2020\\\/07\\\/MORATORIA-1.jpg\",\"contentUrl\":\"https:\\\/\\\/auren.com\\\/ar\\\/wp-content\\\/uploads\\\/2020\\\/07\\\/MORATORIA-1.jpg\",\"width\":1920,\"height\":1080},{\"@type\":\"BreadcrumbList\",\"@id\":\"https:\\\/\\\/auren.com\\\/ar\\\/blog\\\/reflexiones-sobre-el-anteproyecto-de-ampliacion-de-moratoria-nacional\\\/#breadcrumb\",\"itemListElement\":[{\"@type\":\"ListItem\",\"position\":1,\"name\":\"Portada\",\"item\":\"https:\\\/\\\/auren.com\\\/ar\\\/\"},{\"@type\":\"ListItem\",\"position\":2,\"name\":\"Reflexiones sobre el Anteproyecto de Ampliaci\u00f3n de Moratoria Nacional\"}]},{\"@type\":\"WebSite\",\"@id\":\"https:\\\/\\\/auren.com\\\/ar\\\/#website\",\"url\":\"https:\\\/\\\/auren.com\\\/ar\\\/\",\"name\":\"Auren Argentina\",\"description\":\"\",\"publisher\":{\"@id\":\"https:\\\/\\\/auren.com\\\/ar\\\/#organization\"},\"potentialAction\":[{\"@type\":\"SearchAction\",\"target\":{\"@type\":\"EntryPoint\",\"urlTemplate\":\"https:\\\/\\\/auren.com\\\/ar\\\/?s={search_term_string}\"},\"query-input\":{\"@type\":\"PropertyValueSpecification\",\"valueRequired\":true,\"valueName\":\"search_term_string\"}}],\"inLanguage\":\"es\"},{\"@type\":\"Organization\",\"@id\":\"https:\\\/\\\/auren.com\\\/ar\\\/#organization\",\"name\":\"Auren Argentina\",\"url\":\"https:\\\/\\\/auren.com\\\/ar\\\/\",\"logo\":{\"@type\":\"ImageObject\",\"inLanguage\":\"es\",\"@id\":\"https:\\\/\\\/auren.com\\\/ar\\\/#\\\/schema\\\/logo\\\/image\\\/\",\"url\":\"https:\\\/\\\/auren.com\\\/ar\\\/wp-content\\\/uploads\\\/2025\\\/01\\\/cropped-cropped-favicon-Auren.png\",\"contentUrl\":\"https:\\\/\\\/auren.com\\\/ar\\\/wp-content\\\/uploads\\\/2025\\\/01\\\/cropped-cropped-favicon-Auren.png\",\"width\":512,\"height\":512,\"caption\":\"Auren Argentina\"},\"image\":{\"@id\":\"https:\\\/\\\/auren.com\\\/ar\\\/#\\\/schema\\\/logo\\\/image\\\/\"},\"sameAs\":[\"https:\\\/\\\/www.facebook.com\\\/AurenArg\\\/\",\"https:\\\/\\\/x.com\\\/AUREN_Argentina\",\"https:\\\/\\\/www.linkedin.com\\\/company\\\/aurenargentina\",\"https:\\\/\\\/www.youtube.com\\\/channel\\\/UCSCseiHMECB0uMBGF9wtjSw\",\"https:\\\/\\\/www.instagram.com\\\/aurenargentina\\\/\"]}]}<\/script>\n<!-- \/ Yoast SEO plugin. -->","yoast_head_json":{"title":"Reflexiones sobre el Anteproyecto de Ampliaci\u00f3n de Moratoria Nacional - Auren Argentina","robots":{"index":"index","follow":"follow","max-snippet":"max-snippet:-1","max-image-preview":"max-image-preview:large","max-video-preview":"max-video-preview:-1"},"canonical":"https:\/\/auren.com\/ar\/blog\/reflexiones-sobre-el-anteproyecto-de-ampliacion-de-moratoria-nacional\/","og_locale":"es_ES","og_type":"article","og_title":"Reflexiones sobre el Anteproyecto de Ampliaci\u00f3n de Moratoria Nacional - Auren Argentina","og_description":"El Anteproyecto de Moratoria Nacional apunta a tener un alcance universal, dado que alcanzar\u00e1 a todo el sector privado (Pymes, Grandes Empresas, Monotributistas y Personas F\u00edsicas) incluyendo deudas previsionales, aduaneras [&hellip;]","og_url":"https:\/\/auren.com\/ar\/blog\/reflexiones-sobre-el-anteproyecto-de-ampliacion-de-moratoria-nacional\/","og_site_name":"Auren Argentina","article_publisher":"https:\/\/www.facebook.com\/AurenArg\/","og_image":[{"width":1920,"height":1080,"url":"https:\/\/auren.com\/ar\/wp-content\/uploads\/2020\/07\/MORATORIA-1.jpg","type":"image\/jpeg"}],"twitter_card":"summary_large_image","twitter_site":"@AUREN_Argentina","twitter_misc":{"Tiempo de lectura":"4 minutos"},"schema":{"@context":"https:\/\/schema.org","@graph":[{"@type":"WebPage","@id":"https:\/\/auren.com\/ar\/blog\/reflexiones-sobre-el-anteproyecto-de-ampliacion-de-moratoria-nacional\/","url":"https:\/\/auren.com\/ar\/blog\/reflexiones-sobre-el-anteproyecto-de-ampliacion-de-moratoria-nacional\/","name":"Reflexiones sobre el Anteproyecto de Ampliaci\u00f3n de Moratoria Nacional - Auren Argentina","isPartOf":{"@id":"https:\/\/auren.com\/ar\/#website"},"primaryImageOfPage":{"@id":"https:\/\/auren.com\/ar\/blog\/reflexiones-sobre-el-anteproyecto-de-ampliacion-de-moratoria-nacional\/#primaryimage"},"image":{"@id":"https:\/\/auren.com\/ar\/blog\/reflexiones-sobre-el-anteproyecto-de-ampliacion-de-moratoria-nacional\/#primaryimage"},"thumbnailUrl":"https:\/\/auren.com\/ar\/wp-content\/uploads\/2020\/07\/MORATORIA-1.jpg","datePublished":"2020-07-29T11:42:03+00:00","breadcrumb":{"@id":"https:\/\/auren.com\/ar\/blog\/reflexiones-sobre-el-anteproyecto-de-ampliacion-de-moratoria-nacional\/#breadcrumb"},"inLanguage":"es","potentialAction":[{"@type":"ReadAction","target":["https:\/\/auren.com\/ar\/blog\/reflexiones-sobre-el-anteproyecto-de-ampliacion-de-moratoria-nacional\/"]}]},{"@type":"ImageObject","inLanguage":"es","@id":"https:\/\/auren.com\/ar\/blog\/reflexiones-sobre-el-anteproyecto-de-ampliacion-de-moratoria-nacional\/#primaryimage","url":"https:\/\/auren.com\/ar\/wp-content\/uploads\/2020\/07\/MORATORIA-1.jpg","contentUrl":"https:\/\/auren.com\/ar\/wp-content\/uploads\/2020\/07\/MORATORIA-1.jpg","width":1920,"height":1080},{"@type":"BreadcrumbList","@id":"https:\/\/auren.com\/ar\/blog\/reflexiones-sobre-el-anteproyecto-de-ampliacion-de-moratoria-nacional\/#breadcrumb","itemListElement":[{"@type":"ListItem","position":1,"name":"Portada","item":"https:\/\/auren.com\/ar\/"},{"@type":"ListItem","position":2,"name":"Reflexiones sobre el Anteproyecto de Ampliaci\u00f3n de Moratoria Nacional"}]},{"@type":"WebSite","@id":"https:\/\/auren.com\/ar\/#website","url":"https:\/\/auren.com\/ar\/","name":"Auren Argentina","description":"","publisher":{"@id":"https:\/\/auren.com\/ar\/#organization"},"potentialAction":[{"@type":"SearchAction","target":{"@type":"EntryPoint","urlTemplate":"https:\/\/auren.com\/ar\/?s={search_term_string}"},"query-input":{"@type":"PropertyValueSpecification","valueRequired":true,"valueName":"search_term_string"}}],"inLanguage":"es"},{"@type":"Organization","@id":"https:\/\/auren.com\/ar\/#organization","name":"Auren Argentina","url":"https:\/\/auren.com\/ar\/","logo":{"@type":"ImageObject","inLanguage":"es","@id":"https:\/\/auren.com\/ar\/#\/schema\/logo\/image\/","url":"https:\/\/auren.com\/ar\/wp-content\/uploads\/2025\/01\/cropped-cropped-favicon-Auren.png","contentUrl":"https:\/\/auren.com\/ar\/wp-content\/uploads\/2025\/01\/cropped-cropped-favicon-Auren.png","width":512,"height":512,"caption":"Auren Argentina"},"image":{"@id":"https:\/\/auren.com\/ar\/#\/schema\/logo\/image\/"},"sameAs":["https:\/\/www.facebook.com\/AurenArg\/","https:\/\/x.com\/AUREN_Argentina","https:\/\/www.linkedin.com\/company\/aurenargentina","https:\/\/www.youtube.com\/channel\/UCSCseiHMECB0uMBGF9wtjSw","https:\/\/www.instagram.com\/aurenargentina\/"]}]}},"_links":{"self":[{"href":"https:\/\/auren.com\/ar\/wp-json\/wp\/v2\/blog\/11870","targetHints":{"allow":["GET"]}}],"collection":[{"href":"https:\/\/auren.com\/ar\/wp-json\/wp\/v2\/blog"}],"about":[{"href":"https:\/\/auren.com\/ar\/wp-json\/wp\/v2\/types\/blog"}],"version-history":[{"count":0,"href":"https:\/\/auren.com\/ar\/wp-json\/wp\/v2\/blog\/11870\/revisions"}],"wp:featuredmedia":[{"embeddable":true,"href":"https:\/\/auren.com\/ar\/wp-json\/wp\/v2\/media\/11871"}],"wp:attachment":[{"href":"https:\/\/auren.com\/ar\/wp-json\/wp\/v2\/media?parent=11870"}],"wp:term":[{"taxonomy":"blog-category","embeddable":true,"href":"https:\/\/auren.com\/ar\/wp-json\/wp\/v2\/blog-category?post=11870"}],"curies":[{"name":"wp","href":"https:\/\/api.w.org\/{rel}","templated":true}]}}