{"id":11874,"date":"2020-07-28T09:22:55","date_gmt":"2020-07-28T07:22:55","guid":{"rendered":"https:\/\/auren.com\/ar\/blog\/presentacion-de-balances-en-el-marco-del-regimen-especial-de-atencion-por-covid-19\/"},"modified":"2020-07-28T09:22:55","modified_gmt":"2020-07-28T07:22:55","slug":"presentacion-de-balances-en-el-marco-del-regimen-especial-de-atencion-por-covid-19","status":"publish","type":"blog","link":"https:\/\/auren.com\/ar\/blog\/presentacion-de-balances-en-el-marco-del-regimen-especial-de-atencion-por-covid-19\/","title":{"rendered":"Presentaci\u00f3n de balances en el marco del r\u00e9gimen especial de atenci\u00f3n por COVID-19"},"content":{"rendered":"<p>El tr\u00e1mite se encuentra habilitado para ser presentado en sede central, previa solicitud de turno. Podr\u00e1 ser presentado por todas las entidades y contratos asociativos, ya sea mediante el aplicativo SITIGJ o en formato papel (seg\u00fan corresponda).<\/p>\n<p><strong>Presentaciones por aplicativo SITIGJ<\/strong>: respecto del manifiesto del auditor, deber\u00e1s presentar el original en papel con firmas hol\u00f3grafas, acompa\u00f1ado de la impresi\u00f3n de la constancia de legalizaci\u00f3n expedida por el Consejo Profesional de Ciencias Econ\u00f3micas de CABA (se tomar\u00e1n las legalizaciones web otorgadas por el CPCE). Las legalizaciones ser\u00e1n validadas por IGJ. No se recibir\u00e1n tr\u00e1mites cuya legalizaci\u00f3n no se pueda verificar en el momento de la presentaci\u00f3n.<\/p>\n<p><strong>Presentaciones en formato papel<\/strong>: deber\u00e1n contar con las firmas hol\u00f3grafas del presidente del \u00f3rgano de administraci\u00f3n, del \u00f3rgano de fiscalizaci\u00f3n y del auditor. El informe del auditor podr\u00e1 ser presentado acompa\u00f1ado de la impresi\u00f3n de la constancia de legalizaci\u00f3n expedida por el Consejo Profesional de Ciencias Econ\u00f3micas de CABA (se tomar\u00e1n las legalizaciones web otorgadas por el CPCECABA).<\/p>\n<p><strong>Formularios<\/strong>: si la presentaci\u00f3n previa venc\u00eda antes del 01\/03\/2020, deber\u00e1s presentar el formulario de presentaci\u00f3n fuera de t\u00e9rmino. En caso de que el vencimiento sea posterior a dicha fecha, deber\u00e1s presentar los formularios de presentaci\u00f3n previa (debidamente abonado) y presentaci\u00f3n posterior.<\/p>\n<p>Para acceder al <strong>resto de los requisitos<\/strong> ingres\u00e1 en <a href=\"https:\/\/www.argentina.gob.ar\/justicia\/igj\/guia-de-tramites\">https:\/\/www.argentina.gob.ar\/justicia\/igj\/guia-de-tramites<\/a> .<\/p>\n<p>Por <a href=\"https:\/\/www.linkedin.com\/in\/gonzalo-nicol%C3%A1s-coronel-a67bb015\/\">Gonzalo Coronel<\/a>, Gerente Auditor\u00eda Auren Buenos Aires<\/p>\n<p><!-- AddThis Advanced Settings generic via filter on the_content --><!-- AddThis Share Buttons generic via filter on the_content --><\/p>\n","protected":false},"excerpt":{"rendered":"<p>El tr\u00e1mite se encuentra habilitado para ser presentado en sede central, previa solicitud de turno. Podr\u00e1 ser presentado por todas las entidades y contratos asociativos, ya sea mediante el aplicativo [&hellip;]<\/p>\n","protected":false},"featured_media":11875,"template":"","meta":{"_acf_changed":false,"footnotes":""},"blog-category":[],"class_list":["post-11874","blog","type-blog","status-publish","has-post-thumbnail","hentry"],"acf":[],"yoast_head":"<!-- This site is optimized with the Yoast SEO plugin v27.5 - https:\/\/yoast.com\/product\/yoast-seo-wordpress\/ -->\n<title>Presentaci\u00f3n de balances en el marco del r\u00e9gimen especial de atenci\u00f3n por COVID-19 - Auren Argentina<\/title>\n<meta name=\"robots\" content=\"index, follow, max-snippet:-1, max-image-preview:large, max-video-preview:-1\" \/>\n<link rel=\"canonical\" href=\"https:\/\/auren.com\/ar\/blog\/presentacion-de-balances-en-el-marco-del-regimen-especial-de-atencion-por-covid-19\/\" \/>\n<meta property=\"og:locale\" content=\"es_ES\" \/>\n<meta property=\"og:type\" content=\"article\" \/>\n<meta property=\"og:title\" content=\"Presentaci\u00f3n de balances en el marco del r\u00e9gimen especial de atenci\u00f3n por COVID-19 - Auren Argentina\" \/>\n<meta property=\"og:description\" content=\"El tr\u00e1mite se encuentra habilitado para ser presentado en sede central, previa solicitud de turno. Podr\u00e1 ser presentado por todas las entidades y contratos asociativos, ya sea mediante el aplicativo [&hellip;]\" \/>\n<meta property=\"og:url\" content=\"https:\/\/auren.com\/ar\/blog\/presentacion-de-balances-en-el-marco-del-regimen-especial-de-atencion-por-covid-19\/\" \/>\n<meta property=\"og:site_name\" content=\"Auren Argentina\" \/>\n<meta property=\"article:publisher\" content=\"https:\/\/www.facebook.com\/AurenArg\/\" \/>\n<meta property=\"og:image\" content=\"https:\/\/auren.com\/ar\/wp-content\/uploads\/2020\/07\/cierre-contable-balance-1.jpg\" \/>\n\t<meta property=\"og:image:width\" content=\"1200\" \/>\n\t<meta property=\"og:image:height\" content=\"801\" \/>\n\t<meta property=\"og:image:type\" content=\"image\/jpeg\" \/>\n<meta name=\"twitter:card\" content=\"summary_large_image\" \/>\n<meta name=\"twitter:site\" content=\"@AUREN_Argentina\" \/>\n<meta name=\"twitter:label1\" content=\"Tiempo de lectura\" \/>\n\t<meta name=\"twitter:data1\" content=\"1 minuto\" \/>\n<script type=\"application\/ld+json\" class=\"yoast-schema-graph\">{\"@context\":\"https:\\\/\\\/schema.org\",\"@graph\":[{\"@type\":\"WebPage\",\"@id\":\"https:\\\/\\\/auren.com\\\/ar\\\/blog\\\/presentacion-de-balances-en-el-marco-del-regimen-especial-de-atencion-por-covid-19\\\/\",\"url\":\"https:\\\/\\\/auren.com\\\/ar\\\/blog\\\/presentacion-de-balances-en-el-marco-del-regimen-especial-de-atencion-por-covid-19\\\/\",\"name\":\"Presentaci\u00f3n de balances en el marco del r\u00e9gimen especial de atenci\u00f3n por COVID-19 - Auren Argentina\",\"isPartOf\":{\"@id\":\"https:\\\/\\\/auren.com\\\/ar\\\/#website\"},\"primaryImageOfPage\":{\"@id\":\"https:\\\/\\\/auren.com\\\/ar\\\/blog\\\/presentacion-de-balances-en-el-marco-del-regimen-especial-de-atencion-por-covid-19\\\/#primaryimage\"},\"image\":{\"@id\":\"https:\\\/\\\/auren.com\\\/ar\\\/blog\\\/presentacion-de-balances-en-el-marco-del-regimen-especial-de-atencion-por-covid-19\\\/#primaryimage\"},\"thumbnailUrl\":\"https:\\\/\\\/auren.com\\\/ar\\\/wp-content\\\/uploads\\\/2020\\\/07\\\/cierre-contable-balance-1.jpg\",\"datePublished\":\"2020-07-28T07:22:55+00:00\",\"breadcrumb\":{\"@id\":\"https:\\\/\\\/auren.com\\\/ar\\\/blog\\\/presentacion-de-balances-en-el-marco-del-regimen-especial-de-atencion-por-covid-19\\\/#breadcrumb\"},\"inLanguage\":\"es\",\"potentialAction\":[{\"@type\":\"ReadAction\",\"target\":[\"https:\\\/\\\/auren.com\\\/ar\\\/blog\\\/presentacion-de-balances-en-el-marco-del-regimen-especial-de-atencion-por-covid-19\\\/\"]}]},{\"@type\":\"ImageObject\",\"inLanguage\":\"es\",\"@id\":\"https:\\\/\\\/auren.com\\\/ar\\\/blog\\\/presentacion-de-balances-en-el-marco-del-regimen-especial-de-atencion-por-covid-19\\\/#primaryimage\",\"url\":\"https:\\\/\\\/auren.com\\\/ar\\\/wp-content\\\/uploads\\\/2020\\\/07\\\/cierre-contable-balance-1.jpg\",\"contentUrl\":\"https:\\\/\\\/auren.com\\\/ar\\\/wp-content\\\/uploads\\\/2020\\\/07\\\/cierre-contable-balance-1.jpg\",\"width\":1200,\"height\":801},{\"@type\":\"BreadcrumbList\",\"@id\":\"https:\\\/\\\/auren.com\\\/ar\\\/blog\\\/presentacion-de-balances-en-el-marco-del-regimen-especial-de-atencion-por-covid-19\\\/#breadcrumb\",\"itemListElement\":[{\"@type\":\"ListItem\",\"position\":1,\"name\":\"Portada\",\"item\":\"https:\\\/\\\/auren.com\\\/ar\\\/\"},{\"@type\":\"ListItem\",\"position\":2,\"name\":\"Presentaci\u00f3n de balances en el marco del r\u00e9gimen especial de atenci\u00f3n por COVID-19\"}]},{\"@type\":\"WebSite\",\"@id\":\"https:\\\/\\\/auren.com\\\/ar\\\/#website\",\"url\":\"https:\\\/\\\/auren.com\\\/ar\\\/\",\"name\":\"Auren Argentina\",\"description\":\"\",\"publisher\":{\"@id\":\"https:\\\/\\\/auren.com\\\/ar\\\/#organization\"},\"potentialAction\":[{\"@type\":\"SearchAction\",\"target\":{\"@type\":\"EntryPoint\",\"urlTemplate\":\"https:\\\/\\\/auren.com\\\/ar\\\/?s={search_term_string}\"},\"query-input\":{\"@type\":\"PropertyValueSpecification\",\"valueRequired\":true,\"valueName\":\"search_term_string\"}}],\"inLanguage\":\"es\"},{\"@type\":\"Organization\",\"@id\":\"https:\\\/\\\/auren.com\\\/ar\\\/#organization\",\"name\":\"Auren Argentina\",\"url\":\"https:\\\/\\\/auren.com\\\/ar\\\/\",\"logo\":{\"@type\":\"ImageObject\",\"inLanguage\":\"es\",\"@id\":\"https:\\\/\\\/auren.com\\\/ar\\\/#\\\/schema\\\/logo\\\/image\\\/\",\"url\":\"https:\\\/\\\/auren.com\\\/ar\\\/wp-content\\\/uploads\\\/2025\\\/01\\\/cropped-cropped-favicon-Auren.png\",\"contentUrl\":\"https:\\\/\\\/auren.com\\\/ar\\\/wp-content\\\/uploads\\\/2025\\\/01\\\/cropped-cropped-favicon-Auren.png\",\"width\":512,\"height\":512,\"caption\":\"Auren Argentina\"},\"image\":{\"@id\":\"https:\\\/\\\/auren.com\\\/ar\\\/#\\\/schema\\\/logo\\\/image\\\/\"},\"sameAs\":[\"https:\\\/\\\/www.facebook.com\\\/AurenArg\\\/\",\"https:\\\/\\\/x.com\\\/AUREN_Argentina\",\"https:\\\/\\\/www.linkedin.com\\\/company\\\/aurenargentina\",\"https:\\\/\\\/www.youtube.com\\\/channel\\\/UCSCseiHMECB0uMBGF9wtjSw\",\"https:\\\/\\\/www.instagram.com\\\/aurenargentina\\\/\"]}]}<\/script>\n<!-- \/ Yoast SEO plugin. -->","yoast_head_json":{"title":"Presentaci\u00f3n de balances en el marco del r\u00e9gimen especial de atenci\u00f3n por COVID-19 - Auren Argentina","robots":{"index":"index","follow":"follow","max-snippet":"max-snippet:-1","max-image-preview":"max-image-preview:large","max-video-preview":"max-video-preview:-1"},"canonical":"https:\/\/auren.com\/ar\/blog\/presentacion-de-balances-en-el-marco-del-regimen-especial-de-atencion-por-covid-19\/","og_locale":"es_ES","og_type":"article","og_title":"Presentaci\u00f3n de balances en el marco del r\u00e9gimen especial de atenci\u00f3n por COVID-19 - Auren Argentina","og_description":"El tr\u00e1mite se encuentra habilitado para ser presentado en sede central, previa solicitud de turno. Podr\u00e1 ser presentado por todas las entidades y contratos asociativos, ya sea mediante el aplicativo [&hellip;]","og_url":"https:\/\/auren.com\/ar\/blog\/presentacion-de-balances-en-el-marco-del-regimen-especial-de-atencion-por-covid-19\/","og_site_name":"Auren Argentina","article_publisher":"https:\/\/www.facebook.com\/AurenArg\/","og_image":[{"width":1200,"height":801,"url":"https:\/\/auren.com\/ar\/wp-content\/uploads\/2020\/07\/cierre-contable-balance-1.jpg","type":"image\/jpeg"}],"twitter_card":"summary_large_image","twitter_site":"@AUREN_Argentina","twitter_misc":{"Tiempo de lectura":"1 minuto"},"schema":{"@context":"https:\/\/schema.org","@graph":[{"@type":"WebPage","@id":"https:\/\/auren.com\/ar\/blog\/presentacion-de-balances-en-el-marco-del-regimen-especial-de-atencion-por-covid-19\/","url":"https:\/\/auren.com\/ar\/blog\/presentacion-de-balances-en-el-marco-del-regimen-especial-de-atencion-por-covid-19\/","name":"Presentaci\u00f3n de balances en el marco del r\u00e9gimen especial de atenci\u00f3n por COVID-19 - Auren Argentina","isPartOf":{"@id":"https:\/\/auren.com\/ar\/#website"},"primaryImageOfPage":{"@id":"https:\/\/auren.com\/ar\/blog\/presentacion-de-balances-en-el-marco-del-regimen-especial-de-atencion-por-covid-19\/#primaryimage"},"image":{"@id":"https:\/\/auren.com\/ar\/blog\/presentacion-de-balances-en-el-marco-del-regimen-especial-de-atencion-por-covid-19\/#primaryimage"},"thumbnailUrl":"https:\/\/auren.com\/ar\/wp-content\/uploads\/2020\/07\/cierre-contable-balance-1.jpg","datePublished":"2020-07-28T07:22:55+00:00","breadcrumb":{"@id":"https:\/\/auren.com\/ar\/blog\/presentacion-de-balances-en-el-marco-del-regimen-especial-de-atencion-por-covid-19\/#breadcrumb"},"inLanguage":"es","potentialAction":[{"@type":"ReadAction","target":["https:\/\/auren.com\/ar\/blog\/presentacion-de-balances-en-el-marco-del-regimen-especial-de-atencion-por-covid-19\/"]}]},{"@type":"ImageObject","inLanguage":"es","@id":"https:\/\/auren.com\/ar\/blog\/presentacion-de-balances-en-el-marco-del-regimen-especial-de-atencion-por-covid-19\/#primaryimage","url":"https:\/\/auren.com\/ar\/wp-content\/uploads\/2020\/07\/cierre-contable-balance-1.jpg","contentUrl":"https:\/\/auren.com\/ar\/wp-content\/uploads\/2020\/07\/cierre-contable-balance-1.jpg","width":1200,"height":801},{"@type":"BreadcrumbList","@id":"https:\/\/auren.com\/ar\/blog\/presentacion-de-balances-en-el-marco-del-regimen-especial-de-atencion-por-covid-19\/#breadcrumb","itemListElement":[{"@type":"ListItem","position":1,"name":"Portada","item":"https:\/\/auren.com\/ar\/"},{"@type":"ListItem","position":2,"name":"Presentaci\u00f3n de balances en el marco del r\u00e9gimen especial de atenci\u00f3n por COVID-19"}]},{"@type":"WebSite","@id":"https:\/\/auren.com\/ar\/#website","url":"https:\/\/auren.com\/ar\/","name":"Auren Argentina","description":"","publisher":{"@id":"https:\/\/auren.com\/ar\/#organization"},"potentialAction":[{"@type":"SearchAction","target":{"@type":"EntryPoint","urlTemplate":"https:\/\/auren.com\/ar\/?s={search_term_string}"},"query-input":{"@type":"PropertyValueSpecification","valueRequired":true,"valueName":"search_term_string"}}],"inLanguage":"es"},{"@type":"Organization","@id":"https:\/\/auren.com\/ar\/#organization","name":"Auren Argentina","url":"https:\/\/auren.com\/ar\/","logo":{"@type":"ImageObject","inLanguage":"es","@id":"https:\/\/auren.com\/ar\/#\/schema\/logo\/image\/","url":"https:\/\/auren.com\/ar\/wp-content\/uploads\/2025\/01\/cropped-cropped-favicon-Auren.png","contentUrl":"https:\/\/auren.com\/ar\/wp-content\/uploads\/2025\/01\/cropped-cropped-favicon-Auren.png","width":512,"height":512,"caption":"Auren Argentina"},"image":{"@id":"https:\/\/auren.com\/ar\/#\/schema\/logo\/image\/"},"sameAs":["https:\/\/www.facebook.com\/AurenArg\/","https:\/\/x.com\/AUREN_Argentina","https:\/\/www.linkedin.com\/company\/aurenargentina","https:\/\/www.youtube.com\/channel\/UCSCseiHMECB0uMBGF9wtjSw","https:\/\/www.instagram.com\/aurenargentina\/"]}]}},"_links":{"self":[{"href":"https:\/\/auren.com\/ar\/wp-json\/wp\/v2\/blog\/11874","targetHints":{"allow":["GET"]}}],"collection":[{"href":"https:\/\/auren.com\/ar\/wp-json\/wp\/v2\/blog"}],"about":[{"href":"https:\/\/auren.com\/ar\/wp-json\/wp\/v2\/types\/blog"}],"version-history":[{"count":0,"href":"https:\/\/auren.com\/ar\/wp-json\/wp\/v2\/blog\/11874\/revisions"}],"wp:featuredmedia":[{"embeddable":true,"href":"https:\/\/auren.com\/ar\/wp-json\/wp\/v2\/media\/11875"}],"wp:attachment":[{"href":"https:\/\/auren.com\/ar\/wp-json\/wp\/v2\/media?parent=11874"}],"wp:term":[{"taxonomy":"blog-category","embeddable":true,"href":"https:\/\/auren.com\/ar\/wp-json\/wp\/v2\/blog-category?post=11874"}],"curies":[{"name":"wp","href":"https:\/\/api.w.org\/{rel}","templated":true}]}}