{"id":11897,"date":"2020-07-08T16:49:31","date_gmt":"2020-07-08T14:49:31","guid":{"rendered":"https:\/\/auren.com\/ar\/blog\/para-la-resistencia-al-cambio-una-escucha-comprometida\/"},"modified":"2020-07-08T16:49:31","modified_gmt":"2020-07-08T14:49:31","slug":"para-la-resistencia-al-cambio-una-escucha-comprometida","status":"publish","type":"blog","link":"https:\/\/auren.com\/ar\/blog\/para-la-resistencia-al-cambio-una-escucha-comprometida\/","title":{"rendered":"Para la resistencia al cambio, una escucha comprometida"},"content":{"rendered":"<p>La llamada \u201cresistencia al cambio\u201d muchas veces tiende a prejuzgarse. Incluso, a veces directamente se la caratula como un fen\u00f3meno intencional, como si esos individuos que se posicionan activa o inactivamente en contra del cambio lo hicieran siempre con total conciencia e intencionalidad. Entonces, he visto c\u00f3mo se los enfrenta con enojo, o tratando de convencerlos, forzarlos, e incluso quitarlos del camino.<\/p>\n<p>En realidad, las etiquetas como \u201cresistentes\u201d, \u201cdetractores\u201d y otras que suelen usarse para catalogar a estas personas, no son m\u00e1s que una simplificaci\u00f3n del fen\u00f3meno.<\/p>\n<p>Comparto algunas de las frases que he relevado en procesos reales de cambio organizacional. \u00bfC\u00f3mo? Dando espacio y tiempo a la indagaci\u00f3n y a la escucha.<\/p>\n<ul>\n<li>\u201cNo tengo ni idea de qu\u00e9 cambio me hablas\u201d<\/li>\n<li>\u201cNo s\u00e9, me invitaron a este curso, pero no s\u00e9 por qu\u00e9\u201d<\/li>\n<li>\u201cYo hablo bahasa, las pantallas est\u00e1n en italiano\u201d<\/li>\n<li>\u201cApenas si manejo un mouse, y me piden que aprenda esto\u201d<\/li>\n<li>\u201cNadie me pregunt\u00f3 qu\u00e9 opino y soy el supuesto experto en el tema\u201d<\/li>\n<li>\u201cYo apoyo a la empresa, pero la verdad no entiendo de qu\u00e9 se trata el cambio que quieren hacer\u201d<\/li>\n<li>\u201cNo creo que sea necesario tanto alboroto, es algo que ya ven\u00edamos haciendo\u201d<\/li>\n<li>\u201c\u00bfQu\u00e9 va a pasar con mi puesto (conmigo)?<\/li>\n<li>\u201cLa verdad, todo funciona bien. \u00bfPara qu\u00e9 van a hacer esto?\u201d<\/li>\n<li>\u201cNo estoy de acuerdo con esto y nadie me escucha\u201d<\/li>\n<li>\u201cCreo que es un plan para eliminar gente de nuevo\u201d<\/li>\n<li>\u201cEntiendo todo, pero no creo poder ser parte de ese futuro del que hablan\u201d<\/li>\n<li>\u201cEstoy cansado de tanto cambio, ya no tengo fuerzas\u201d<\/li>\n<li>\u201cEsto ya lo viv\u00ed muchas veces antes, es todo puro humo\u201d<\/li>\n<li>\u201cA m\u00ed me representa m\u00e1s trabajo, y no veo que haya nada a cambio\u201d<\/li>\n<\/ul>\n<p>Detr\u00e1s de todas estas frases (y podr\u00edamos agregar m\u00e1s), hay una falta de todos o algunos de los elementos necesarios para una adecuada Gesti\u00f3n del Cambio Organizacional.<\/p>\n<p>Aunque la certeza de que \u201cel cambio es la \u00fanica constante\u201d ya habr\u00eda sido expresada por Her\u00e1clito hace m\u00e1s de dos mil a\u00f1os, queda en evidencia que nunca antes hab\u00edamos necesitado profesionalizar la gesti\u00f3n del lado humano de los cambios tanto como hoy. Nos gustar\u00eda ayudarte.<\/p>\n<p>Por <a href=\"https:\/\/www.linkedin.com\/in\/josensaha\/\">Jos\u00e9 Saha<\/a>, Director de People and Transformation de Auren<\/p>\n<p><!-- AddThis Advanced Settings generic via filter on the_content --><!-- AddThis Share Buttons generic via filter on the_content --><\/p>\n","protected":false},"excerpt":{"rendered":"<p>La llamada \u201cresistencia al cambio\u201d muchas veces tiende a prejuzgarse. Incluso, a veces directamente se la caratula como un fen\u00f3meno intencional, como si esos individuos que se posicionan activa o [&hellip;]<\/p>\n","protected":false},"featured_media":11898,"template":"","meta":{"_acf_changed":false,"footnotes":""},"blog-category":[],"class_list":["post-11897","blog","type-blog","status-publish","has-post-thumbnail","hentry"],"acf":[],"yoast_head":"<!-- This site is optimized with the Yoast SEO plugin v27.4 - https:\/\/yoast.com\/product\/yoast-seo-wordpress\/ -->\n<title>Para la resistencia al cambio, una escucha comprometida - Auren Argentina<\/title>\n<meta name=\"robots\" content=\"index, follow, max-snippet:-1, max-image-preview:large, max-video-preview:-1\" \/>\n<link rel=\"canonical\" href=\"https:\/\/auren.com\/ar\/blog\/para-la-resistencia-al-cambio-una-escucha-comprometida\/\" \/>\n<meta property=\"og:locale\" content=\"es_ES\" \/>\n<meta property=\"og:type\" content=\"article\" \/>\n<meta property=\"og:title\" content=\"Para la resistencia al cambio, una escucha comprometida - Auren Argentina\" \/>\n<meta property=\"og:description\" content=\"La llamada \u201cresistencia al cambio\u201d muchas veces tiende a prejuzgarse. Incluso, a veces directamente se la caratula como un fen\u00f3meno intencional, como si esos individuos que se posicionan activa o [&hellip;]\" \/>\n<meta property=\"og:url\" content=\"https:\/\/auren.com\/ar\/blog\/para-la-resistencia-al-cambio-una-escucha-comprometida\/\" \/>\n<meta property=\"og:site_name\" content=\"Auren Argentina\" \/>\n<meta property=\"article:publisher\" content=\"https:\/\/www.facebook.com\/AurenArg\/\" \/>\n<meta property=\"og:image\" content=\"https:\/\/auren.com\/ar\/wp-content\/uploads\/2020\/07\/IMAGEN-RESISTENCIA-AL-CAMBIO-1.jpg\" \/>\n\t<meta property=\"og:image:width\" content=\"276\" \/>\n\t<meta property=\"og:image:height\" content=\"183\" \/>\n\t<meta property=\"og:image:type\" content=\"image\/jpeg\" \/>\n<meta name=\"twitter:card\" content=\"summary_large_image\" \/>\n<meta name=\"twitter:site\" content=\"@AUREN_Argentina\" \/>\n<meta name=\"twitter:label1\" content=\"Tiempo de lectura\" \/>\n\t<meta name=\"twitter:data1\" content=\"2 minutos\" \/>\n<script type=\"application\/ld+json\" class=\"yoast-schema-graph\">{\"@context\":\"https:\\\/\\\/schema.org\",\"@graph\":[{\"@type\":\"WebPage\",\"@id\":\"https:\\\/\\\/auren.com\\\/ar\\\/blog\\\/para-la-resistencia-al-cambio-una-escucha-comprometida\\\/\",\"url\":\"https:\\\/\\\/auren.com\\\/ar\\\/blog\\\/para-la-resistencia-al-cambio-una-escucha-comprometida\\\/\",\"name\":\"Para la resistencia al cambio, una escucha comprometida - Auren Argentina\",\"isPartOf\":{\"@id\":\"https:\\\/\\\/auren.com\\\/ar\\\/#website\"},\"primaryImageOfPage\":{\"@id\":\"https:\\\/\\\/auren.com\\\/ar\\\/blog\\\/para-la-resistencia-al-cambio-una-escucha-comprometida\\\/#primaryimage\"},\"image\":{\"@id\":\"https:\\\/\\\/auren.com\\\/ar\\\/blog\\\/para-la-resistencia-al-cambio-una-escucha-comprometida\\\/#primaryimage\"},\"thumbnailUrl\":\"https:\\\/\\\/auren.com\\\/ar\\\/wp-content\\\/uploads\\\/2020\\\/07\\\/IMAGEN-RESISTENCIA-AL-CAMBIO-1.jpg\",\"datePublished\":\"2020-07-08T14:49:31+00:00\",\"breadcrumb\":{\"@id\":\"https:\\\/\\\/auren.com\\\/ar\\\/blog\\\/para-la-resistencia-al-cambio-una-escucha-comprometida\\\/#breadcrumb\"},\"inLanguage\":\"es\",\"potentialAction\":[{\"@type\":\"ReadAction\",\"target\":[\"https:\\\/\\\/auren.com\\\/ar\\\/blog\\\/para-la-resistencia-al-cambio-una-escucha-comprometida\\\/\"]}]},{\"@type\":\"ImageObject\",\"inLanguage\":\"es\",\"@id\":\"https:\\\/\\\/auren.com\\\/ar\\\/blog\\\/para-la-resistencia-al-cambio-una-escucha-comprometida\\\/#primaryimage\",\"url\":\"https:\\\/\\\/auren.com\\\/ar\\\/wp-content\\\/uploads\\\/2020\\\/07\\\/IMAGEN-RESISTENCIA-AL-CAMBIO-1.jpg\",\"contentUrl\":\"https:\\\/\\\/auren.com\\\/ar\\\/wp-content\\\/uploads\\\/2020\\\/07\\\/IMAGEN-RESISTENCIA-AL-CAMBIO-1.jpg\",\"width\":276,\"height\":183},{\"@type\":\"BreadcrumbList\",\"@id\":\"https:\\\/\\\/auren.com\\\/ar\\\/blog\\\/para-la-resistencia-al-cambio-una-escucha-comprometida\\\/#breadcrumb\",\"itemListElement\":[{\"@type\":\"ListItem\",\"position\":1,\"name\":\"Portada\",\"item\":\"https:\\\/\\\/auren.com\\\/ar\\\/\"},{\"@type\":\"ListItem\",\"position\":2,\"name\":\"Para la resistencia al cambio, una escucha comprometida\"}]},{\"@type\":\"WebSite\",\"@id\":\"https:\\\/\\\/auren.com\\\/ar\\\/#website\",\"url\":\"https:\\\/\\\/auren.com\\\/ar\\\/\",\"name\":\"Auren Argentina\",\"description\":\"\",\"publisher\":{\"@id\":\"https:\\\/\\\/auren.com\\\/ar\\\/#organization\"},\"potentialAction\":[{\"@type\":\"SearchAction\",\"target\":{\"@type\":\"EntryPoint\",\"urlTemplate\":\"https:\\\/\\\/auren.com\\\/ar\\\/?s={search_term_string}\"},\"query-input\":{\"@type\":\"PropertyValueSpecification\",\"valueRequired\":true,\"valueName\":\"search_term_string\"}}],\"inLanguage\":\"es\"},{\"@type\":\"Organization\",\"@id\":\"https:\\\/\\\/auren.com\\\/ar\\\/#organization\",\"name\":\"Auren Argentina\",\"url\":\"https:\\\/\\\/auren.com\\\/ar\\\/\",\"logo\":{\"@type\":\"ImageObject\",\"inLanguage\":\"es\",\"@id\":\"https:\\\/\\\/auren.com\\\/ar\\\/#\\\/schema\\\/logo\\\/image\\\/\",\"url\":\"https:\\\/\\\/auren.com\\\/ar\\\/wp-content\\\/uploads\\\/2025\\\/01\\\/cropped-cropped-favicon-Auren.png\",\"contentUrl\":\"https:\\\/\\\/auren.com\\\/ar\\\/wp-content\\\/uploads\\\/2025\\\/01\\\/cropped-cropped-favicon-Auren.png\",\"width\":512,\"height\":512,\"caption\":\"Auren Argentina\"},\"image\":{\"@id\":\"https:\\\/\\\/auren.com\\\/ar\\\/#\\\/schema\\\/logo\\\/image\\\/\"},\"sameAs\":[\"https:\\\/\\\/www.facebook.com\\\/AurenArg\\\/\",\"https:\\\/\\\/x.com\\\/AUREN_Argentina\",\"https:\\\/\\\/www.linkedin.com\\\/company\\\/aurenargentina\",\"https:\\\/\\\/www.youtube.com\\\/channel\\\/UCSCseiHMECB0uMBGF9wtjSw\",\"https:\\\/\\\/www.instagram.com\\\/aurenargentina\\\/\"]}]}<\/script>\n<!-- \/ Yoast SEO plugin. -->","yoast_head_json":{"title":"Para la resistencia al cambio, una escucha comprometida - Auren Argentina","robots":{"index":"index","follow":"follow","max-snippet":"max-snippet:-1","max-image-preview":"max-image-preview:large","max-video-preview":"max-video-preview:-1"},"canonical":"https:\/\/auren.com\/ar\/blog\/para-la-resistencia-al-cambio-una-escucha-comprometida\/","og_locale":"es_ES","og_type":"article","og_title":"Para la resistencia al cambio, una escucha comprometida - Auren Argentina","og_description":"La llamada \u201cresistencia al cambio\u201d muchas veces tiende a prejuzgarse. Incluso, a veces directamente se la caratula como un fen\u00f3meno intencional, como si esos individuos que se posicionan activa o [&hellip;]","og_url":"https:\/\/auren.com\/ar\/blog\/para-la-resistencia-al-cambio-una-escucha-comprometida\/","og_site_name":"Auren Argentina","article_publisher":"https:\/\/www.facebook.com\/AurenArg\/","og_image":[{"width":276,"height":183,"url":"https:\/\/auren.com\/ar\/wp-content\/uploads\/2020\/07\/IMAGEN-RESISTENCIA-AL-CAMBIO-1.jpg","type":"image\/jpeg"}],"twitter_card":"summary_large_image","twitter_site":"@AUREN_Argentina","twitter_misc":{"Tiempo de lectura":"2 minutos"},"schema":{"@context":"https:\/\/schema.org","@graph":[{"@type":"WebPage","@id":"https:\/\/auren.com\/ar\/blog\/para-la-resistencia-al-cambio-una-escucha-comprometida\/","url":"https:\/\/auren.com\/ar\/blog\/para-la-resistencia-al-cambio-una-escucha-comprometida\/","name":"Para la resistencia al cambio, una escucha comprometida - Auren Argentina","isPartOf":{"@id":"https:\/\/auren.com\/ar\/#website"},"primaryImageOfPage":{"@id":"https:\/\/auren.com\/ar\/blog\/para-la-resistencia-al-cambio-una-escucha-comprometida\/#primaryimage"},"image":{"@id":"https:\/\/auren.com\/ar\/blog\/para-la-resistencia-al-cambio-una-escucha-comprometida\/#primaryimage"},"thumbnailUrl":"https:\/\/auren.com\/ar\/wp-content\/uploads\/2020\/07\/IMAGEN-RESISTENCIA-AL-CAMBIO-1.jpg","datePublished":"2020-07-08T14:49:31+00:00","breadcrumb":{"@id":"https:\/\/auren.com\/ar\/blog\/para-la-resistencia-al-cambio-una-escucha-comprometida\/#breadcrumb"},"inLanguage":"es","potentialAction":[{"@type":"ReadAction","target":["https:\/\/auren.com\/ar\/blog\/para-la-resistencia-al-cambio-una-escucha-comprometida\/"]}]},{"@type":"ImageObject","inLanguage":"es","@id":"https:\/\/auren.com\/ar\/blog\/para-la-resistencia-al-cambio-una-escucha-comprometida\/#primaryimage","url":"https:\/\/auren.com\/ar\/wp-content\/uploads\/2020\/07\/IMAGEN-RESISTENCIA-AL-CAMBIO-1.jpg","contentUrl":"https:\/\/auren.com\/ar\/wp-content\/uploads\/2020\/07\/IMAGEN-RESISTENCIA-AL-CAMBIO-1.jpg","width":276,"height":183},{"@type":"BreadcrumbList","@id":"https:\/\/auren.com\/ar\/blog\/para-la-resistencia-al-cambio-una-escucha-comprometida\/#breadcrumb","itemListElement":[{"@type":"ListItem","position":1,"name":"Portada","item":"https:\/\/auren.com\/ar\/"},{"@type":"ListItem","position":2,"name":"Para la resistencia al cambio, una escucha comprometida"}]},{"@type":"WebSite","@id":"https:\/\/auren.com\/ar\/#website","url":"https:\/\/auren.com\/ar\/","name":"Auren Argentina","description":"","publisher":{"@id":"https:\/\/auren.com\/ar\/#organization"},"potentialAction":[{"@type":"SearchAction","target":{"@type":"EntryPoint","urlTemplate":"https:\/\/auren.com\/ar\/?s={search_term_string}"},"query-input":{"@type":"PropertyValueSpecification","valueRequired":true,"valueName":"search_term_string"}}],"inLanguage":"es"},{"@type":"Organization","@id":"https:\/\/auren.com\/ar\/#organization","name":"Auren Argentina","url":"https:\/\/auren.com\/ar\/","logo":{"@type":"ImageObject","inLanguage":"es","@id":"https:\/\/auren.com\/ar\/#\/schema\/logo\/image\/","url":"https:\/\/auren.com\/ar\/wp-content\/uploads\/2025\/01\/cropped-cropped-favicon-Auren.png","contentUrl":"https:\/\/auren.com\/ar\/wp-content\/uploads\/2025\/01\/cropped-cropped-favicon-Auren.png","width":512,"height":512,"caption":"Auren Argentina"},"image":{"@id":"https:\/\/auren.com\/ar\/#\/schema\/logo\/image\/"},"sameAs":["https:\/\/www.facebook.com\/AurenArg\/","https:\/\/x.com\/AUREN_Argentina","https:\/\/www.linkedin.com\/company\/aurenargentina","https:\/\/www.youtube.com\/channel\/UCSCseiHMECB0uMBGF9wtjSw","https:\/\/www.instagram.com\/aurenargentina\/"]}]}},"_links":{"self":[{"href":"https:\/\/auren.com\/ar\/wp-json\/wp\/v2\/blog\/11897","targetHints":{"allow":["GET"]}}],"collection":[{"href":"https:\/\/auren.com\/ar\/wp-json\/wp\/v2\/blog"}],"about":[{"href":"https:\/\/auren.com\/ar\/wp-json\/wp\/v2\/types\/blog"}],"version-history":[{"count":0,"href":"https:\/\/auren.com\/ar\/wp-json\/wp\/v2\/blog\/11897\/revisions"}],"wp:featuredmedia":[{"embeddable":true,"href":"https:\/\/auren.com\/ar\/wp-json\/wp\/v2\/media\/11898"}],"wp:attachment":[{"href":"https:\/\/auren.com\/ar\/wp-json\/wp\/v2\/media?parent=11897"}],"wp:term":[{"taxonomy":"blog-category","embeddable":true,"href":"https:\/\/auren.com\/ar\/wp-json\/wp\/v2\/blog-category?post=11897"}],"curies":[{"name":"wp","href":"https:\/\/api.w.org\/{rel}","templated":true}]}}