{"id":11928,"date":"2020-07-02T10:51:26","date_gmt":"2020-07-02T08:51:26","guid":{"rendered":"https:\/\/auren.com\/ar\/blog\/la-crisis-una-oportunidad-para-el-cambio\/"},"modified":"2020-07-02T10:51:26","modified_gmt":"2020-07-02T08:51:26","slug":"la-crisis-una-oportunidad-para-el-cambio","status":"publish","type":"blog","link":"https:\/\/auren.com\/ar\/blog\/la-crisis-una-oportunidad-para-el-cambio\/","title":{"rendered":"La crisis, una oportunidad para el cambio"},"content":{"rendered":"<p>Si hay algo positivo que se pueda rescatar en una crisis, creo que ser\u00eda la mayor disponibilidad al cambio. En las organizaciones, esto se ve claramente como respuesta a la percepci\u00f3n de amenaza externa que se respira d\u00eda tras d\u00eda. Se trata de una reacci\u00f3n humana autom\u00e1tica, ligada al natural impulso de supervivencia de nuestro cerebro. Esta sensaci\u00f3n se conoce tambi\u00e9n como \u201c<em>sentido de urgencia<\/em>\u201d, como la llama Kotter en sus \u201c8 pasos para gestionar cambios organizacionales\u201d.<\/p>\n<p>En condiciones normales, la necesidad est\u00e1 m\u00e1s subyacente. Unos pocos pueden verla por el rol que ocupan en la empresa o por su expertise profesional. Es por eso que, en esas circunstancias de normalidad, los gestores de cambio nos vemos ante la necesidad de llevar a cabo acciones de comunicaci\u00f3n, con el fin de concientizar sobre la necesidad. Cuando cada miembro de la empresa logra comprender los riesgos de no cambiar, se abre la posibilidad de conversar sobre un futuro mejor.<\/p>\n<p>C\u00f3mo dec\u00eda, la situaci\u00f3n de crisis ya ha abierto por s\u00ed misma esta posibilidad. La urgencia se instala, pero ahora requiere de acompa\u00f1amiento, de una escucha atenta y comprensiva que derive paulatinamente hacia una mirada com\u00fan del presente y del futuro deseado.<\/p>\n<p>Los cambios a implantar ser\u00e1n entonces una consecuencia natural derivada de una construcci\u00f3n colectiva, canalizada a trav\u00e9s de las aptitudes de escucha, an\u00e1lisis, conciliaci\u00f3n y planificaci\u00f3n de quienes gestionan la transformaci\u00f3n; y plasmada, primero en acuerdos y luego en la realidad, gracias al trabajo conjunto de ambas partes.<\/p>\n<p>El momento que nos toca encarar es dif\u00edcil, de eso no hay dudas. Sentimos m\u00e1s que nunca el peso de la responsabilidad sobre nuestros colaboradores y nuestras familias. Pero tambi\u00e9n es un momento que nos exige tener el coraje necesario para liderar en el camino hacia la necesaria transformaci\u00f3n de nuestras organizaciones. Cada uno de nosotros puede ser parte de la soluci\u00f3n, si logramos ver a tiempo la oportunidad que nos brinda la crisis.<\/p>\n<p>Por <a href=\"https:\/\/www.linkedin.com\/in\/josensaha\/\">Jos\u00e9 Saha<\/a>, Director de<strong> People and Transformation<\/strong><\/p>\n<p><!-- AddThis Advanced Settings generic via filter on the_content --><!-- AddThis Share Buttons generic via filter on the_content --><\/p>\n","protected":false},"excerpt":{"rendered":"<p>Si hay algo positivo que se pueda rescatar en una crisis, creo que ser\u00eda la mayor disponibilidad al cambio. En las organizaciones, esto se ve claramente como respuesta a la [&hellip;]<\/p>\n","protected":false},"featured_media":11929,"template":"","meta":{"_acf_changed":false,"footnotes":""},"blog-category":[],"class_list":["post-11928","blog","type-blog","status-publish","has-post-thumbnail","hentry"],"acf":[],"yoast_head":"<!-- This site is optimized with the Yoast SEO plugin v27.4 - https:\/\/yoast.com\/product\/yoast-seo-wordpress\/ -->\n<title>La crisis, una oportunidad para el cambio - Auren Argentina<\/title>\n<meta name=\"robots\" content=\"index, follow, max-snippet:-1, max-image-preview:large, max-video-preview:-1\" \/>\n<link rel=\"canonical\" href=\"https:\/\/auren.com\/ar\/blog\/la-crisis-una-oportunidad-para-el-cambio\/\" \/>\n<meta property=\"og:locale\" content=\"es_ES\" \/>\n<meta property=\"og:type\" content=\"article\" \/>\n<meta property=\"og:title\" content=\"La crisis, una oportunidad para el cambio - Auren Argentina\" \/>\n<meta property=\"og:description\" content=\"Si hay algo positivo que se pueda rescatar en una crisis, creo que ser\u00eda la mayor disponibilidad al cambio. En las organizaciones, esto se ve claramente como respuesta a la [&hellip;]\" \/>\n<meta property=\"og:url\" content=\"https:\/\/auren.com\/ar\/blog\/la-crisis-una-oportunidad-para-el-cambio\/\" \/>\n<meta property=\"og:site_name\" content=\"Auren Argentina\" \/>\n<meta property=\"article:publisher\" content=\"https:\/\/www.facebook.com\/AurenArg\/\" \/>\n<meta property=\"og:image\" content=\"https:\/\/auren.com\/ar\/wp-content\/uploads\/2020\/07\/crisis-oportundiad-para-el-cambio-1.jpeg\" \/>\n\t<meta property=\"og:image:width\" content=\"2000\" \/>\n\t<meta property=\"og:image:height\" content=\"1453\" \/>\n\t<meta property=\"og:image:type\" content=\"image\/jpeg\" \/>\n<meta name=\"twitter:card\" content=\"summary_large_image\" \/>\n<meta name=\"twitter:site\" content=\"@AUREN_Argentina\" \/>\n<meta name=\"twitter:label1\" content=\"Tiempo de lectura\" \/>\n\t<meta name=\"twitter:data1\" content=\"2 minutos\" \/>\n<script type=\"application\/ld+json\" class=\"yoast-schema-graph\">{\"@context\":\"https:\\\/\\\/schema.org\",\"@graph\":[{\"@type\":\"WebPage\",\"@id\":\"https:\\\/\\\/auren.com\\\/ar\\\/blog\\\/la-crisis-una-oportunidad-para-el-cambio\\\/\",\"url\":\"https:\\\/\\\/auren.com\\\/ar\\\/blog\\\/la-crisis-una-oportunidad-para-el-cambio\\\/\",\"name\":\"La crisis, una oportunidad para el cambio - Auren Argentina\",\"isPartOf\":{\"@id\":\"https:\\\/\\\/auren.com\\\/ar\\\/#website\"},\"primaryImageOfPage\":{\"@id\":\"https:\\\/\\\/auren.com\\\/ar\\\/blog\\\/la-crisis-una-oportunidad-para-el-cambio\\\/#primaryimage\"},\"image\":{\"@id\":\"https:\\\/\\\/auren.com\\\/ar\\\/blog\\\/la-crisis-una-oportunidad-para-el-cambio\\\/#primaryimage\"},\"thumbnailUrl\":\"https:\\\/\\\/auren.com\\\/ar\\\/wp-content\\\/uploads\\\/2020\\\/07\\\/crisis-oportundiad-para-el-cambio-1.jpeg\",\"datePublished\":\"2020-07-02T08:51:26+00:00\",\"breadcrumb\":{\"@id\":\"https:\\\/\\\/auren.com\\\/ar\\\/blog\\\/la-crisis-una-oportunidad-para-el-cambio\\\/#breadcrumb\"},\"inLanguage\":\"es\",\"potentialAction\":[{\"@type\":\"ReadAction\",\"target\":[\"https:\\\/\\\/auren.com\\\/ar\\\/blog\\\/la-crisis-una-oportunidad-para-el-cambio\\\/\"]}]},{\"@type\":\"ImageObject\",\"inLanguage\":\"es\",\"@id\":\"https:\\\/\\\/auren.com\\\/ar\\\/blog\\\/la-crisis-una-oportunidad-para-el-cambio\\\/#primaryimage\",\"url\":\"https:\\\/\\\/auren.com\\\/ar\\\/wp-content\\\/uploads\\\/2020\\\/07\\\/crisis-oportundiad-para-el-cambio-1.jpeg\",\"contentUrl\":\"https:\\\/\\\/auren.com\\\/ar\\\/wp-content\\\/uploads\\\/2020\\\/07\\\/crisis-oportundiad-para-el-cambio-1.jpeg\",\"width\":2000,\"height\":1453},{\"@type\":\"BreadcrumbList\",\"@id\":\"https:\\\/\\\/auren.com\\\/ar\\\/blog\\\/la-crisis-una-oportunidad-para-el-cambio\\\/#breadcrumb\",\"itemListElement\":[{\"@type\":\"ListItem\",\"position\":1,\"name\":\"Portada\",\"item\":\"https:\\\/\\\/auren.com\\\/ar\\\/\"},{\"@type\":\"ListItem\",\"position\":2,\"name\":\"La crisis, una oportunidad para el cambio\"}]},{\"@type\":\"WebSite\",\"@id\":\"https:\\\/\\\/auren.com\\\/ar\\\/#website\",\"url\":\"https:\\\/\\\/auren.com\\\/ar\\\/\",\"name\":\"Auren Argentina\",\"description\":\"\",\"publisher\":{\"@id\":\"https:\\\/\\\/auren.com\\\/ar\\\/#organization\"},\"potentialAction\":[{\"@type\":\"SearchAction\",\"target\":{\"@type\":\"EntryPoint\",\"urlTemplate\":\"https:\\\/\\\/auren.com\\\/ar\\\/?s={search_term_string}\"},\"query-input\":{\"@type\":\"PropertyValueSpecification\",\"valueRequired\":true,\"valueName\":\"search_term_string\"}}],\"inLanguage\":\"es\"},{\"@type\":\"Organization\",\"@id\":\"https:\\\/\\\/auren.com\\\/ar\\\/#organization\",\"name\":\"Auren Argentina\",\"url\":\"https:\\\/\\\/auren.com\\\/ar\\\/\",\"logo\":{\"@type\":\"ImageObject\",\"inLanguage\":\"es\",\"@id\":\"https:\\\/\\\/auren.com\\\/ar\\\/#\\\/schema\\\/logo\\\/image\\\/\",\"url\":\"https:\\\/\\\/auren.com\\\/ar\\\/wp-content\\\/uploads\\\/2025\\\/01\\\/cropped-cropped-favicon-Auren.png\",\"contentUrl\":\"https:\\\/\\\/auren.com\\\/ar\\\/wp-content\\\/uploads\\\/2025\\\/01\\\/cropped-cropped-favicon-Auren.png\",\"width\":512,\"height\":512,\"caption\":\"Auren Argentina\"},\"image\":{\"@id\":\"https:\\\/\\\/auren.com\\\/ar\\\/#\\\/schema\\\/logo\\\/image\\\/\"},\"sameAs\":[\"https:\\\/\\\/www.facebook.com\\\/AurenArg\\\/\",\"https:\\\/\\\/x.com\\\/AUREN_Argentina\",\"https:\\\/\\\/www.linkedin.com\\\/company\\\/aurenargentina\",\"https:\\\/\\\/www.youtube.com\\\/channel\\\/UCSCseiHMECB0uMBGF9wtjSw\",\"https:\\\/\\\/www.instagram.com\\\/aurenargentina\\\/\"]}]}<\/script>\n<!-- \/ Yoast SEO plugin. -->","yoast_head_json":{"title":"La crisis, una oportunidad para el cambio - Auren Argentina","robots":{"index":"index","follow":"follow","max-snippet":"max-snippet:-1","max-image-preview":"max-image-preview:large","max-video-preview":"max-video-preview:-1"},"canonical":"https:\/\/auren.com\/ar\/blog\/la-crisis-una-oportunidad-para-el-cambio\/","og_locale":"es_ES","og_type":"article","og_title":"La crisis, una oportunidad para el cambio - Auren Argentina","og_description":"Si hay algo positivo que se pueda rescatar en una crisis, creo que ser\u00eda la mayor disponibilidad al cambio. En las organizaciones, esto se ve claramente como respuesta a la [&hellip;]","og_url":"https:\/\/auren.com\/ar\/blog\/la-crisis-una-oportunidad-para-el-cambio\/","og_site_name":"Auren Argentina","article_publisher":"https:\/\/www.facebook.com\/AurenArg\/","og_image":[{"width":2000,"height":1453,"url":"https:\/\/auren.com\/ar\/wp-content\/uploads\/2020\/07\/crisis-oportundiad-para-el-cambio-1.jpeg","type":"image\/jpeg"}],"twitter_card":"summary_large_image","twitter_site":"@AUREN_Argentina","twitter_misc":{"Tiempo de lectura":"2 minutos"},"schema":{"@context":"https:\/\/schema.org","@graph":[{"@type":"WebPage","@id":"https:\/\/auren.com\/ar\/blog\/la-crisis-una-oportunidad-para-el-cambio\/","url":"https:\/\/auren.com\/ar\/blog\/la-crisis-una-oportunidad-para-el-cambio\/","name":"La crisis, una oportunidad para el cambio - Auren Argentina","isPartOf":{"@id":"https:\/\/auren.com\/ar\/#website"},"primaryImageOfPage":{"@id":"https:\/\/auren.com\/ar\/blog\/la-crisis-una-oportunidad-para-el-cambio\/#primaryimage"},"image":{"@id":"https:\/\/auren.com\/ar\/blog\/la-crisis-una-oportunidad-para-el-cambio\/#primaryimage"},"thumbnailUrl":"https:\/\/auren.com\/ar\/wp-content\/uploads\/2020\/07\/crisis-oportundiad-para-el-cambio-1.jpeg","datePublished":"2020-07-02T08:51:26+00:00","breadcrumb":{"@id":"https:\/\/auren.com\/ar\/blog\/la-crisis-una-oportunidad-para-el-cambio\/#breadcrumb"},"inLanguage":"es","potentialAction":[{"@type":"ReadAction","target":["https:\/\/auren.com\/ar\/blog\/la-crisis-una-oportunidad-para-el-cambio\/"]}]},{"@type":"ImageObject","inLanguage":"es","@id":"https:\/\/auren.com\/ar\/blog\/la-crisis-una-oportunidad-para-el-cambio\/#primaryimage","url":"https:\/\/auren.com\/ar\/wp-content\/uploads\/2020\/07\/crisis-oportundiad-para-el-cambio-1.jpeg","contentUrl":"https:\/\/auren.com\/ar\/wp-content\/uploads\/2020\/07\/crisis-oportundiad-para-el-cambio-1.jpeg","width":2000,"height":1453},{"@type":"BreadcrumbList","@id":"https:\/\/auren.com\/ar\/blog\/la-crisis-una-oportunidad-para-el-cambio\/#breadcrumb","itemListElement":[{"@type":"ListItem","position":1,"name":"Portada","item":"https:\/\/auren.com\/ar\/"},{"@type":"ListItem","position":2,"name":"La crisis, una oportunidad para el cambio"}]},{"@type":"WebSite","@id":"https:\/\/auren.com\/ar\/#website","url":"https:\/\/auren.com\/ar\/","name":"Auren Argentina","description":"","publisher":{"@id":"https:\/\/auren.com\/ar\/#organization"},"potentialAction":[{"@type":"SearchAction","target":{"@type":"EntryPoint","urlTemplate":"https:\/\/auren.com\/ar\/?s={search_term_string}"},"query-input":{"@type":"PropertyValueSpecification","valueRequired":true,"valueName":"search_term_string"}}],"inLanguage":"es"},{"@type":"Organization","@id":"https:\/\/auren.com\/ar\/#organization","name":"Auren Argentina","url":"https:\/\/auren.com\/ar\/","logo":{"@type":"ImageObject","inLanguage":"es","@id":"https:\/\/auren.com\/ar\/#\/schema\/logo\/image\/","url":"https:\/\/auren.com\/ar\/wp-content\/uploads\/2025\/01\/cropped-cropped-favicon-Auren.png","contentUrl":"https:\/\/auren.com\/ar\/wp-content\/uploads\/2025\/01\/cropped-cropped-favicon-Auren.png","width":512,"height":512,"caption":"Auren Argentina"},"image":{"@id":"https:\/\/auren.com\/ar\/#\/schema\/logo\/image\/"},"sameAs":["https:\/\/www.facebook.com\/AurenArg\/","https:\/\/x.com\/AUREN_Argentina","https:\/\/www.linkedin.com\/company\/aurenargentina","https:\/\/www.youtube.com\/channel\/UCSCseiHMECB0uMBGF9wtjSw","https:\/\/www.instagram.com\/aurenargentina\/"]}]}},"_links":{"self":[{"href":"https:\/\/auren.com\/ar\/wp-json\/wp\/v2\/blog\/11928","targetHints":{"allow":["GET"]}}],"collection":[{"href":"https:\/\/auren.com\/ar\/wp-json\/wp\/v2\/blog"}],"about":[{"href":"https:\/\/auren.com\/ar\/wp-json\/wp\/v2\/types\/blog"}],"version-history":[{"count":0,"href":"https:\/\/auren.com\/ar\/wp-json\/wp\/v2\/blog\/11928\/revisions"}],"wp:featuredmedia":[{"embeddable":true,"href":"https:\/\/auren.com\/ar\/wp-json\/wp\/v2\/media\/11929"}],"wp:attachment":[{"href":"https:\/\/auren.com\/ar\/wp-json\/wp\/v2\/media?parent=11928"}],"wp:term":[{"taxonomy":"blog-category","embeddable":true,"href":"https:\/\/auren.com\/ar\/wp-json\/wp\/v2\/blog-category?post=11928"}],"curies":[{"name":"wp","href":"https:\/\/api.w.org\/{rel}","templated":true}]}}