{"id":11935,"date":"2020-06-30T10:44:44","date_gmt":"2020-06-30T08:44:44","guid":{"rendered":"https:\/\/auren.com\/ar\/blog\/retroceso-que-pasara-con-las-sas\/"},"modified":"2020-06-30T10:44:44","modified_gmt":"2020-06-30T08:44:44","slug":"retroceso-que-pasara-con-las-sas","status":"publish","type":"blog","link":"https:\/\/auren.com\/ar\/blog\/retroceso-que-pasara-con-las-sas\/","title":{"rendered":"Retroceso. \u00bfQu\u00e9 pasar\u00e1 con las SAS?"},"content":{"rendered":"<p>Proyecto que suspende por 180 d\u00edas la constituci\u00f3n e inscripci\u00f3n de Sociedades Simplificadas.<\/p>\n<p>Las <strong>SAS<\/strong> funcionan en el pa\u00eds desde el 2017 por la Ley de Apoyo al Capital Emprendedor\u00a0(LACE). Es un modelo societario que permite crear una empresa de manera r\u00e1pida, v\u00eda online y con un aporte de capital equivalente a dos salarios m\u00ednimos.\u00a0No requiere de una \u201csociedad\u201d propiamente dicha sino que puede ser conformada por una sola persona. El modelo favoreci\u00f3 la creaci\u00f3n de empresas y le abri\u00f3 camino a muchos emprendedores.\u00a0<\/p>\n<p>Este a\u00f1o  el gobierno busca suspender la constituci\u00f3n digital de las SAS, en principio por 180 d\u00edas, mediante un proyecto de ley que obtuvo dictamen de la Comisi\u00f3n de Legislaci\u00f3n General.<\/p>\n<p>Este proyecto es un retroceso en el proceso de modernizaci\u00f3n y eficiencia del Estado. Por un lado, se agrega una mayor carga burocr\u00e1tica con la creaci\u00f3n del Registro Especial de Emprendedores, que llevar\u00eda la SEPYME. \u00a0No se entiende cu\u00e1l ser\u00eda su utilidad puesto que los datos de los socios ya estar\u00edan registrados en el Registro P\u00fablico de Comercio.<\/p>\n<p>Eventualmente, la SEPYME podr\u00eda rechazar la inscripci\u00f3n en el Registro de algunos emprendedores. Este esquema le dar\u00eda un poder extraordinario, que hasta ahora no tiene, y que fortalecer\u00eda al organismo nacional, en detrimento de los Registros de cada provincia o jurisdicci\u00f3n.<\/p>\n<p>Adem\u00e1s, se vuelve a suspender por 180 d\u00edas la posibilidad de hacer los tr\u00e1mites online. Resulta parad\u00f3jico que justo en \u00e9poca de aislamiento, esta norma vuelve obligatorio nuevamente al uso del soporte en papel.<\/p>\n<p>Por \u00faltimo, no deja de llamar la atenci\u00f3n que estos cambios afectan significativamente un nuevo esquema societario que el mismo Congreso Nacional hab\u00eda establecido hace tan solo 3 a\u00f1os. Inclusive con efecto retroactivo para todas las SAS ya constituidas.<\/p>\n<p>En este caso, el Estado no est\u00e1 facilitando uno de los requisitos para promover el desarrollo de nuevos emprendimientos y el crecimiento de la econom\u00eda, que es la estabilidad de la normativa a cumplir.<\/p>\n<p>Por <a href=\"https:\/\/www.linkedin.com\/in\/javier-panno\/\">Javier Panno<\/a>, Quality Manager  de Auren<\/p>\n<p><!-- AddThis Advanced Settings generic via filter on the_content --><!-- AddThis Share Buttons generic via filter on the_content --><\/p>\n","protected":false},"excerpt":{"rendered":"<p>Proyecto que suspende por 180 d\u00edas la constituci\u00f3n e inscripci\u00f3n de Sociedades Simplificadas. Las SAS funcionan en el pa\u00eds desde el 2017 por la Ley de Apoyo al Capital Emprendedor\u00a0(LACE). [&hellip;]<\/p>\n","protected":false},"featured_media":11936,"template":"","meta":{"_acf_changed":false,"footnotes":""},"blog-category":[],"class_list":["post-11935","blog","type-blog","status-publish","has-post-thumbnail","hentry"],"acf":[],"yoast_head":"<!-- This site is optimized with the Yoast SEO plugin v27.4 - https:\/\/yoast.com\/product\/yoast-seo-wordpress\/ -->\n<title>Retroceso. \u00bfQu\u00e9 pasar\u00e1 con las SAS? - Auren Argentina<\/title>\n<meta name=\"robots\" content=\"index, follow, max-snippet:-1, max-image-preview:large, max-video-preview:-1\" \/>\n<link rel=\"canonical\" href=\"https:\/\/auren.com\/ar\/blog\/retroceso-que-pasara-con-las-sas\/\" \/>\n<meta property=\"og:locale\" content=\"es_ES\" \/>\n<meta property=\"og:type\" content=\"article\" \/>\n<meta property=\"og:title\" content=\"Retroceso. \u00bfQu\u00e9 pasar\u00e1 con las SAS? - Auren Argentina\" \/>\n<meta property=\"og:description\" content=\"Proyecto que suspende por 180 d\u00edas la constituci\u00f3n e inscripci\u00f3n de Sociedades Simplificadas. Las SAS funcionan en el pa\u00eds desde el 2017 por la Ley de Apoyo al Capital Emprendedor\u00a0(LACE). [&hellip;]\" \/>\n<meta property=\"og:url\" content=\"https:\/\/auren.com\/ar\/blog\/retroceso-que-pasara-con-las-sas\/\" \/>\n<meta property=\"og:site_name\" content=\"Auren Argentina\" \/>\n<meta property=\"article:publisher\" content=\"https:\/\/www.facebook.com\/AurenArg\/\" \/>\n<meta property=\"og:image\" content=\"https:\/\/auren.com\/ar\/wp-content\/uploads\/2020\/06\/sas-1.jpeg\" \/>\n\t<meta property=\"og:image:width\" content=\"700\" \/>\n\t<meta property=\"og:image:height\" content=\"350\" \/>\n\t<meta property=\"og:image:type\" content=\"image\/jpeg\" \/>\n<meta name=\"twitter:card\" content=\"summary_large_image\" \/>\n<meta name=\"twitter:site\" content=\"@AUREN_Argentina\" \/>\n<meta name=\"twitter:label1\" content=\"Tiempo de lectura\" \/>\n\t<meta name=\"twitter:data1\" content=\"2 minutos\" \/>\n<script type=\"application\/ld+json\" class=\"yoast-schema-graph\">{\"@context\":\"https:\\\/\\\/schema.org\",\"@graph\":[{\"@type\":\"WebPage\",\"@id\":\"https:\\\/\\\/auren.com\\\/ar\\\/blog\\\/retroceso-que-pasara-con-las-sas\\\/\",\"url\":\"https:\\\/\\\/auren.com\\\/ar\\\/blog\\\/retroceso-que-pasara-con-las-sas\\\/\",\"name\":\"Retroceso. \u00bfQu\u00e9 pasar\u00e1 con las SAS? - Auren Argentina\",\"isPartOf\":{\"@id\":\"https:\\\/\\\/auren.com\\\/ar\\\/#website\"},\"primaryImageOfPage\":{\"@id\":\"https:\\\/\\\/auren.com\\\/ar\\\/blog\\\/retroceso-que-pasara-con-las-sas\\\/#primaryimage\"},\"image\":{\"@id\":\"https:\\\/\\\/auren.com\\\/ar\\\/blog\\\/retroceso-que-pasara-con-las-sas\\\/#primaryimage\"},\"thumbnailUrl\":\"https:\\\/\\\/auren.com\\\/ar\\\/wp-content\\\/uploads\\\/2020\\\/06\\\/sas-1.jpeg\",\"datePublished\":\"2020-06-30T08:44:44+00:00\",\"breadcrumb\":{\"@id\":\"https:\\\/\\\/auren.com\\\/ar\\\/blog\\\/retroceso-que-pasara-con-las-sas\\\/#breadcrumb\"},\"inLanguage\":\"es\",\"potentialAction\":[{\"@type\":\"ReadAction\",\"target\":[\"https:\\\/\\\/auren.com\\\/ar\\\/blog\\\/retroceso-que-pasara-con-las-sas\\\/\"]}]},{\"@type\":\"ImageObject\",\"inLanguage\":\"es\",\"@id\":\"https:\\\/\\\/auren.com\\\/ar\\\/blog\\\/retroceso-que-pasara-con-las-sas\\\/#primaryimage\",\"url\":\"https:\\\/\\\/auren.com\\\/ar\\\/wp-content\\\/uploads\\\/2020\\\/06\\\/sas-1.jpeg\",\"contentUrl\":\"https:\\\/\\\/auren.com\\\/ar\\\/wp-content\\\/uploads\\\/2020\\\/06\\\/sas-1.jpeg\",\"width\":700,\"height\":350},{\"@type\":\"BreadcrumbList\",\"@id\":\"https:\\\/\\\/auren.com\\\/ar\\\/blog\\\/retroceso-que-pasara-con-las-sas\\\/#breadcrumb\",\"itemListElement\":[{\"@type\":\"ListItem\",\"position\":1,\"name\":\"Portada\",\"item\":\"https:\\\/\\\/auren.com\\\/ar\\\/\"},{\"@type\":\"ListItem\",\"position\":2,\"name\":\"Retroceso. \u00bfQu\u00e9 pasar\u00e1 con las SAS?\"}]},{\"@type\":\"WebSite\",\"@id\":\"https:\\\/\\\/auren.com\\\/ar\\\/#website\",\"url\":\"https:\\\/\\\/auren.com\\\/ar\\\/\",\"name\":\"Auren Argentina\",\"description\":\"\",\"publisher\":{\"@id\":\"https:\\\/\\\/auren.com\\\/ar\\\/#organization\"},\"potentialAction\":[{\"@type\":\"SearchAction\",\"target\":{\"@type\":\"EntryPoint\",\"urlTemplate\":\"https:\\\/\\\/auren.com\\\/ar\\\/?s={search_term_string}\"},\"query-input\":{\"@type\":\"PropertyValueSpecification\",\"valueRequired\":true,\"valueName\":\"search_term_string\"}}],\"inLanguage\":\"es\"},{\"@type\":\"Organization\",\"@id\":\"https:\\\/\\\/auren.com\\\/ar\\\/#organization\",\"name\":\"Auren Argentina\",\"url\":\"https:\\\/\\\/auren.com\\\/ar\\\/\",\"logo\":{\"@type\":\"ImageObject\",\"inLanguage\":\"es\",\"@id\":\"https:\\\/\\\/auren.com\\\/ar\\\/#\\\/schema\\\/logo\\\/image\\\/\",\"url\":\"https:\\\/\\\/auren.com\\\/ar\\\/wp-content\\\/uploads\\\/2025\\\/01\\\/cropped-cropped-favicon-Auren.png\",\"contentUrl\":\"https:\\\/\\\/auren.com\\\/ar\\\/wp-content\\\/uploads\\\/2025\\\/01\\\/cropped-cropped-favicon-Auren.png\",\"width\":512,\"height\":512,\"caption\":\"Auren Argentina\"},\"image\":{\"@id\":\"https:\\\/\\\/auren.com\\\/ar\\\/#\\\/schema\\\/logo\\\/image\\\/\"},\"sameAs\":[\"https:\\\/\\\/www.facebook.com\\\/AurenArg\\\/\",\"https:\\\/\\\/x.com\\\/AUREN_Argentina\",\"https:\\\/\\\/www.linkedin.com\\\/company\\\/aurenargentina\",\"https:\\\/\\\/www.youtube.com\\\/channel\\\/UCSCseiHMECB0uMBGF9wtjSw\",\"https:\\\/\\\/www.instagram.com\\\/aurenargentina\\\/\"]}]}<\/script>\n<!-- \/ Yoast SEO plugin. -->","yoast_head_json":{"title":"Retroceso. \u00bfQu\u00e9 pasar\u00e1 con las SAS? - Auren Argentina","robots":{"index":"index","follow":"follow","max-snippet":"max-snippet:-1","max-image-preview":"max-image-preview:large","max-video-preview":"max-video-preview:-1"},"canonical":"https:\/\/auren.com\/ar\/blog\/retroceso-que-pasara-con-las-sas\/","og_locale":"es_ES","og_type":"article","og_title":"Retroceso. \u00bfQu\u00e9 pasar\u00e1 con las SAS? - Auren Argentina","og_description":"Proyecto que suspende por 180 d\u00edas la constituci\u00f3n e inscripci\u00f3n de Sociedades Simplificadas. Las SAS funcionan en el pa\u00eds desde el 2017 por la Ley de Apoyo al Capital Emprendedor\u00a0(LACE). [&hellip;]","og_url":"https:\/\/auren.com\/ar\/blog\/retroceso-que-pasara-con-las-sas\/","og_site_name":"Auren Argentina","article_publisher":"https:\/\/www.facebook.com\/AurenArg\/","og_image":[{"width":700,"height":350,"url":"https:\/\/auren.com\/ar\/wp-content\/uploads\/2020\/06\/sas-1.jpeg","type":"image\/jpeg"}],"twitter_card":"summary_large_image","twitter_site":"@AUREN_Argentina","twitter_misc":{"Tiempo de lectura":"2 minutos"},"schema":{"@context":"https:\/\/schema.org","@graph":[{"@type":"WebPage","@id":"https:\/\/auren.com\/ar\/blog\/retroceso-que-pasara-con-las-sas\/","url":"https:\/\/auren.com\/ar\/blog\/retroceso-que-pasara-con-las-sas\/","name":"Retroceso. \u00bfQu\u00e9 pasar\u00e1 con las SAS? - Auren Argentina","isPartOf":{"@id":"https:\/\/auren.com\/ar\/#website"},"primaryImageOfPage":{"@id":"https:\/\/auren.com\/ar\/blog\/retroceso-que-pasara-con-las-sas\/#primaryimage"},"image":{"@id":"https:\/\/auren.com\/ar\/blog\/retroceso-que-pasara-con-las-sas\/#primaryimage"},"thumbnailUrl":"https:\/\/auren.com\/ar\/wp-content\/uploads\/2020\/06\/sas-1.jpeg","datePublished":"2020-06-30T08:44:44+00:00","breadcrumb":{"@id":"https:\/\/auren.com\/ar\/blog\/retroceso-que-pasara-con-las-sas\/#breadcrumb"},"inLanguage":"es","potentialAction":[{"@type":"ReadAction","target":["https:\/\/auren.com\/ar\/blog\/retroceso-que-pasara-con-las-sas\/"]}]},{"@type":"ImageObject","inLanguage":"es","@id":"https:\/\/auren.com\/ar\/blog\/retroceso-que-pasara-con-las-sas\/#primaryimage","url":"https:\/\/auren.com\/ar\/wp-content\/uploads\/2020\/06\/sas-1.jpeg","contentUrl":"https:\/\/auren.com\/ar\/wp-content\/uploads\/2020\/06\/sas-1.jpeg","width":700,"height":350},{"@type":"BreadcrumbList","@id":"https:\/\/auren.com\/ar\/blog\/retroceso-que-pasara-con-las-sas\/#breadcrumb","itemListElement":[{"@type":"ListItem","position":1,"name":"Portada","item":"https:\/\/auren.com\/ar\/"},{"@type":"ListItem","position":2,"name":"Retroceso. \u00bfQu\u00e9 pasar\u00e1 con las SAS?"}]},{"@type":"WebSite","@id":"https:\/\/auren.com\/ar\/#website","url":"https:\/\/auren.com\/ar\/","name":"Auren Argentina","description":"","publisher":{"@id":"https:\/\/auren.com\/ar\/#organization"},"potentialAction":[{"@type":"SearchAction","target":{"@type":"EntryPoint","urlTemplate":"https:\/\/auren.com\/ar\/?s={search_term_string}"},"query-input":{"@type":"PropertyValueSpecification","valueRequired":true,"valueName":"search_term_string"}}],"inLanguage":"es"},{"@type":"Organization","@id":"https:\/\/auren.com\/ar\/#organization","name":"Auren Argentina","url":"https:\/\/auren.com\/ar\/","logo":{"@type":"ImageObject","inLanguage":"es","@id":"https:\/\/auren.com\/ar\/#\/schema\/logo\/image\/","url":"https:\/\/auren.com\/ar\/wp-content\/uploads\/2025\/01\/cropped-cropped-favicon-Auren.png","contentUrl":"https:\/\/auren.com\/ar\/wp-content\/uploads\/2025\/01\/cropped-cropped-favicon-Auren.png","width":512,"height":512,"caption":"Auren Argentina"},"image":{"@id":"https:\/\/auren.com\/ar\/#\/schema\/logo\/image\/"},"sameAs":["https:\/\/www.facebook.com\/AurenArg\/","https:\/\/x.com\/AUREN_Argentina","https:\/\/www.linkedin.com\/company\/aurenargentina","https:\/\/www.youtube.com\/channel\/UCSCseiHMECB0uMBGF9wtjSw","https:\/\/www.instagram.com\/aurenargentina\/"]}]}},"_links":{"self":[{"href":"https:\/\/auren.com\/ar\/wp-json\/wp\/v2\/blog\/11935","targetHints":{"allow":["GET"]}}],"collection":[{"href":"https:\/\/auren.com\/ar\/wp-json\/wp\/v2\/blog"}],"about":[{"href":"https:\/\/auren.com\/ar\/wp-json\/wp\/v2\/types\/blog"}],"version-history":[{"count":0,"href":"https:\/\/auren.com\/ar\/wp-json\/wp\/v2\/blog\/11935\/revisions"}],"wp:featuredmedia":[{"embeddable":true,"href":"https:\/\/auren.com\/ar\/wp-json\/wp\/v2\/media\/11936"}],"wp:attachment":[{"href":"https:\/\/auren.com\/ar\/wp-json\/wp\/v2\/media?parent=11935"}],"wp:term":[{"taxonomy":"blog-category","embeddable":true,"href":"https:\/\/auren.com\/ar\/wp-json\/wp\/v2\/blog-category?post=11935"}],"curies":[{"name":"wp","href":"https:\/\/api.w.org\/{rel}","templated":true}]}}