{"id":11939,"date":"2020-06-25T17:07:48","date_gmt":"2020-06-25T15:07:48","guid":{"rendered":"https:\/\/auren.com\/ar\/blog\/el-liderazgo-un-factor-clave-de-la-transformacion\/"},"modified":"2020-06-25T17:07:48","modified_gmt":"2020-06-25T15:07:48","slug":"el-liderazgo-un-factor-clave-de-la-transformacion","status":"publish","type":"blog","link":"https:\/\/auren.com\/ar\/blog\/el-liderazgo-un-factor-clave-de-la-transformacion\/","title":{"rendered":"El Liderazgo, un factor clave de la Transformaci\u00f3n"},"content":{"rendered":"<p>El liderazgo en la empresa es un tema sobre el cual se ha escrito y dicho mucho, y esto es porque, sin duda, se trata del factor determinante para hacer posible una estrategia de negocios. Es un aspecto estrat\u00e9gico clave en todo momento de la vida organizacional, pero adquiere mayor relevancia en tiempos de crisis y de cambios transformadores.<\/p>\n<p>Sabemos que es m\u00e1s dif\u00edcil estar al mando cuando las circunstancias se hacen m\u00e1s complejas y las emociones comienzan a afectar al equipo y a su capacidad de acci\u00f3n conjunta. Si bien el rol que juega el n\u00famero uno es clave en esos momentos, es importante observar el conjunto de comportamientos que integran el fen\u00f3meno de la conducci\u00f3n en la empresa, mucho m\u00e1s cuando todo parece salir mal.<\/p>\n<p>Entonces, \u00bfde qu\u00e9 est\u00e1n hechos esos l\u00edderes que surgen cuando todo parece imposible?<\/p>\n<p>Algunos tips \u00fatiles:<\/p>\n<p><strong>&#8211; Aferrarse al pasado mata al l\u00edder<\/strong><\/p>\n<p>La velocidad de reacci\u00f3n es imprescindible en momentos de crisis, y muchas veces quien m\u00e1s sufre las p\u00e9rdidas es quien est\u00e1 al mando. Aceptar, soltar y actuar son las palabras claves.<\/p>\n<p><strong>&#8211; La emoci\u00f3n, en donde debe estar<\/strong><\/p>\n<p>Si bien la velocidad de reacci\u00f3n es necesaria, conviene tomarse un tiempo, tanto para contar con informaci\u00f3n que aporte objetividad, como para tomar consciencia de la emoci\u00f3n reinante (clima), algo sumamente importante. Se trata de tomar distancia y decidir en base a un equilibro entre datos e intuici\u00f3n. No hay informaci\u00f3n suficiente por s\u00ed misma para prospectar en la incertidumbre.<\/p>\n<p><strong>&#8211; No hay plan en la niebla<\/strong><\/p>\n<p>El capit\u00e1n se acerca a donde las cosas pasan y mira con sus propios ojos, escucha con los propios o\u00eddos, antes de concluir y decidir el rumbo de los pr\u00f3ximos dos o tres pasos. Cuando la nave es muy grande, su equipo de confianza en el frente ser\u00e1 quien act\u00fae como \u00f3rganos sensoriales. Mientras mejor fluya ese ida y vuelta entre la acci\u00f3n, la detecci\u00f3n de resultados y la correcci\u00f3n, menor ser\u00e1 el riesgo.<\/p>\n<p><strong>&#8211; Optimismo, es como enfocarse obsesivamente en la luz al final del t\u00fanel<\/strong><\/p>\n<p>El l\u00edder efectivo ve la situaci\u00f3n con realismo y act\u00faa en consecuencia, pero tambi\u00e9n mantiene presente su visi\u00f3n y prop\u00f3sito, pase lo que pase. Es m\u00e1s, comunica lo que ve en su mente con claridad y convicci\u00f3n, generando las mejores emociones para predisponer a una acci\u00f3n efectiva en medio de tormenta.<\/p>\n<p><strong>&nbsp;&#8211; El l\u00edder emergente no necesariamente tiene jerarqu\u00eda<\/strong><\/p>\n<p>Cuando peor se ponen las cosas, m\u00e1s requerida es la calma. Pero el ser humano en general tiende a tensionarse ante la p\u00e9rdida de la sensaci\u00f3n de control. En consecuencia, baja su capacidad de decidir y actuar a tiempo. Aquellos que logran recrear la calma interna a pesar de lo que est\u00e1 pasando, se convierten en faros en la oscuridad.<\/p>\n<p><strong>&#8211; Primero ellos, despu\u00e9s yo<\/strong><\/p>\n<p>Por \u00faltimo, es importante decir que los valores que gu\u00edan los comportamientos individuales suelen funcionar como anclas en los momentos dif\u00edciles. Cuando percibe que m\u00e1s es necesario, el l\u00edder se vuelca al servicio del otro. Esto lo desenfoca de su propio temor y lo engrandece a los ojos del equipo. Se trata de un c\u00edrculo virtuoso que se retroalimenta, mientras m\u00e1s sirve al equipo, es m\u00e1s asistido, escuchado y respetado. Esto se traduce en agilidad para la capacidad de acci\u00f3n conjunta.<\/p>\n<p>Por \u00faltimo, recordemos a Alejandro Magno cuando mand\u00f3 a quemar sus propias naves. Su ej\u00e9rcito, en condiciones adversas, se encontr\u00f3 entre dos opciones, pelear o morir, y de este modo logro encontrar el coraje y la fuerza para triunfar contra un enemigo muy superior en n\u00famero. La sensaci\u00f3n de urgencia, dice Kotter, puede ser aprovechada para impulsar movimiento. Ser\u00e1n las palabras y el ejemplo del l\u00edder las que dirijan las intensas emociones del momento hacia un lugar o hacia otro. Estemos conscientes de esto.<\/p>\n<p>Por <a href=\"https:\/\/www.linkedin.com\/in\/josensaha\/\">Jos\u00e9 Saha<\/a>, Director de Consultor\u00eda en People and Transformation, Auren Argentina<\/p>\n<p><!-- AddThis Advanced Settings generic via filter on the_content --><!-- AddThis Share Buttons generic via filter on the_content --><\/p>\n","protected":false},"excerpt":{"rendered":"<p>El liderazgo en la empresa es un tema sobre el cual se ha escrito y dicho mucho, y esto es porque, sin duda, se trata del factor determinante para hacer [&hellip;]<\/p>\n","protected":false},"featured_media":11940,"template":"","meta":{"_acf_changed":false,"footnotes":""},"blog-category":[],"class_list":["post-11939","blog","type-blog","status-publish","has-post-thumbnail","hentry"],"acf":[],"yoast_head":"<!-- This site is optimized with the Yoast SEO plugin v27.4 - https:\/\/yoast.com\/product\/yoast-seo-wordpress\/ -->\n<title>El Liderazgo, un factor clave de la Transformaci\u00f3n - Auren Argentina<\/title>\n<meta name=\"robots\" content=\"index, follow, max-snippet:-1, max-image-preview:large, max-video-preview:-1\" \/>\n<link rel=\"canonical\" href=\"https:\/\/auren.com\/ar\/blog\/el-liderazgo-un-factor-clave-de-la-transformacion\/\" \/>\n<meta property=\"og:locale\" content=\"es_ES\" \/>\n<meta property=\"og:type\" content=\"article\" \/>\n<meta property=\"og:title\" content=\"El Liderazgo, un factor clave de la Transformaci\u00f3n - Auren Argentina\" \/>\n<meta property=\"og:description\" content=\"El liderazgo en la empresa es un tema sobre el cual se ha escrito y dicho mucho, y esto es porque, sin duda, se trata del factor determinante para hacer [&hellip;]\" \/>\n<meta property=\"og:url\" content=\"https:\/\/auren.com\/ar\/blog\/el-liderazgo-un-factor-clave-de-la-transformacion\/\" \/>\n<meta property=\"og:site_name\" content=\"Auren Argentina\" \/>\n<meta property=\"article:publisher\" content=\"https:\/\/www.facebook.com\/AurenArg\/\" \/>\n<meta property=\"og:image\" content=\"https:\/\/auren.com\/ar\/wp-content\/uploads\/2020\/06\/IMAGEN-6-1.jpg\" \/>\n\t<meta property=\"og:image:width\" content=\"626\" \/>\n\t<meta property=\"og:image:height\" content=\"417\" \/>\n\t<meta property=\"og:image:type\" content=\"image\/jpeg\" \/>\n<meta name=\"twitter:card\" content=\"summary_large_image\" \/>\n<meta name=\"twitter:site\" content=\"@AUREN_Argentina\" \/>\n<meta name=\"twitter:label1\" content=\"Tiempo de lectura\" \/>\n\t<meta name=\"twitter:data1\" content=\"3 minutos\" \/>\n<script type=\"application\/ld+json\" class=\"yoast-schema-graph\">{\"@context\":\"https:\\\/\\\/schema.org\",\"@graph\":[{\"@type\":\"WebPage\",\"@id\":\"https:\\\/\\\/auren.com\\\/ar\\\/blog\\\/el-liderazgo-un-factor-clave-de-la-transformacion\\\/\",\"url\":\"https:\\\/\\\/auren.com\\\/ar\\\/blog\\\/el-liderazgo-un-factor-clave-de-la-transformacion\\\/\",\"name\":\"El Liderazgo, un factor clave de la Transformaci\u00f3n - Auren Argentina\",\"isPartOf\":{\"@id\":\"https:\\\/\\\/auren.com\\\/ar\\\/#website\"},\"primaryImageOfPage\":{\"@id\":\"https:\\\/\\\/auren.com\\\/ar\\\/blog\\\/el-liderazgo-un-factor-clave-de-la-transformacion\\\/#primaryimage\"},\"image\":{\"@id\":\"https:\\\/\\\/auren.com\\\/ar\\\/blog\\\/el-liderazgo-un-factor-clave-de-la-transformacion\\\/#primaryimage\"},\"thumbnailUrl\":\"https:\\\/\\\/auren.com\\\/ar\\\/wp-content\\\/uploads\\\/2020\\\/06\\\/IMAGEN-6-1.jpg\",\"datePublished\":\"2020-06-25T15:07:48+00:00\",\"breadcrumb\":{\"@id\":\"https:\\\/\\\/auren.com\\\/ar\\\/blog\\\/el-liderazgo-un-factor-clave-de-la-transformacion\\\/#breadcrumb\"},\"inLanguage\":\"es\",\"potentialAction\":[{\"@type\":\"ReadAction\",\"target\":[\"https:\\\/\\\/auren.com\\\/ar\\\/blog\\\/el-liderazgo-un-factor-clave-de-la-transformacion\\\/\"]}]},{\"@type\":\"ImageObject\",\"inLanguage\":\"es\",\"@id\":\"https:\\\/\\\/auren.com\\\/ar\\\/blog\\\/el-liderazgo-un-factor-clave-de-la-transformacion\\\/#primaryimage\",\"url\":\"https:\\\/\\\/auren.com\\\/ar\\\/wp-content\\\/uploads\\\/2020\\\/06\\\/IMAGEN-6-1.jpg\",\"contentUrl\":\"https:\\\/\\\/auren.com\\\/ar\\\/wp-content\\\/uploads\\\/2020\\\/06\\\/IMAGEN-6-1.jpg\",\"width\":626,\"height\":417},{\"@type\":\"BreadcrumbList\",\"@id\":\"https:\\\/\\\/auren.com\\\/ar\\\/blog\\\/el-liderazgo-un-factor-clave-de-la-transformacion\\\/#breadcrumb\",\"itemListElement\":[{\"@type\":\"ListItem\",\"position\":1,\"name\":\"Portada\",\"item\":\"https:\\\/\\\/auren.com\\\/ar\\\/\"},{\"@type\":\"ListItem\",\"position\":2,\"name\":\"El Liderazgo, un factor clave de la Transformaci\u00f3n\"}]},{\"@type\":\"WebSite\",\"@id\":\"https:\\\/\\\/auren.com\\\/ar\\\/#website\",\"url\":\"https:\\\/\\\/auren.com\\\/ar\\\/\",\"name\":\"Auren Argentina\",\"description\":\"\",\"publisher\":{\"@id\":\"https:\\\/\\\/auren.com\\\/ar\\\/#organization\"},\"potentialAction\":[{\"@type\":\"SearchAction\",\"target\":{\"@type\":\"EntryPoint\",\"urlTemplate\":\"https:\\\/\\\/auren.com\\\/ar\\\/?s={search_term_string}\"},\"query-input\":{\"@type\":\"PropertyValueSpecification\",\"valueRequired\":true,\"valueName\":\"search_term_string\"}}],\"inLanguage\":\"es\"},{\"@type\":\"Organization\",\"@id\":\"https:\\\/\\\/auren.com\\\/ar\\\/#organization\",\"name\":\"Auren Argentina\",\"url\":\"https:\\\/\\\/auren.com\\\/ar\\\/\",\"logo\":{\"@type\":\"ImageObject\",\"inLanguage\":\"es\",\"@id\":\"https:\\\/\\\/auren.com\\\/ar\\\/#\\\/schema\\\/logo\\\/image\\\/\",\"url\":\"https:\\\/\\\/auren.com\\\/ar\\\/wp-content\\\/uploads\\\/2025\\\/01\\\/cropped-cropped-favicon-Auren.png\",\"contentUrl\":\"https:\\\/\\\/auren.com\\\/ar\\\/wp-content\\\/uploads\\\/2025\\\/01\\\/cropped-cropped-favicon-Auren.png\",\"width\":512,\"height\":512,\"caption\":\"Auren Argentina\"},\"image\":{\"@id\":\"https:\\\/\\\/auren.com\\\/ar\\\/#\\\/schema\\\/logo\\\/image\\\/\"},\"sameAs\":[\"https:\\\/\\\/www.facebook.com\\\/AurenArg\\\/\",\"https:\\\/\\\/x.com\\\/AUREN_Argentina\",\"https:\\\/\\\/www.linkedin.com\\\/company\\\/aurenargentina\",\"https:\\\/\\\/www.youtube.com\\\/channel\\\/UCSCseiHMECB0uMBGF9wtjSw\",\"https:\\\/\\\/www.instagram.com\\\/aurenargentina\\\/\"]}]}<\/script>\n<!-- \/ Yoast SEO plugin. -->","yoast_head_json":{"title":"El Liderazgo, un factor clave de la Transformaci\u00f3n - Auren Argentina","robots":{"index":"index","follow":"follow","max-snippet":"max-snippet:-1","max-image-preview":"max-image-preview:large","max-video-preview":"max-video-preview:-1"},"canonical":"https:\/\/auren.com\/ar\/blog\/el-liderazgo-un-factor-clave-de-la-transformacion\/","og_locale":"es_ES","og_type":"article","og_title":"El Liderazgo, un factor clave de la Transformaci\u00f3n - Auren Argentina","og_description":"El liderazgo en la empresa es un tema sobre el cual se ha escrito y dicho mucho, y esto es porque, sin duda, se trata del factor determinante para hacer [&hellip;]","og_url":"https:\/\/auren.com\/ar\/blog\/el-liderazgo-un-factor-clave-de-la-transformacion\/","og_site_name":"Auren Argentina","article_publisher":"https:\/\/www.facebook.com\/AurenArg\/","og_image":[{"width":626,"height":417,"url":"https:\/\/auren.com\/ar\/wp-content\/uploads\/2020\/06\/IMAGEN-6-1.jpg","type":"image\/jpeg"}],"twitter_card":"summary_large_image","twitter_site":"@AUREN_Argentina","twitter_misc":{"Tiempo de lectura":"3 minutos"},"schema":{"@context":"https:\/\/schema.org","@graph":[{"@type":"WebPage","@id":"https:\/\/auren.com\/ar\/blog\/el-liderazgo-un-factor-clave-de-la-transformacion\/","url":"https:\/\/auren.com\/ar\/blog\/el-liderazgo-un-factor-clave-de-la-transformacion\/","name":"El Liderazgo, un factor clave de la Transformaci\u00f3n - Auren Argentina","isPartOf":{"@id":"https:\/\/auren.com\/ar\/#website"},"primaryImageOfPage":{"@id":"https:\/\/auren.com\/ar\/blog\/el-liderazgo-un-factor-clave-de-la-transformacion\/#primaryimage"},"image":{"@id":"https:\/\/auren.com\/ar\/blog\/el-liderazgo-un-factor-clave-de-la-transformacion\/#primaryimage"},"thumbnailUrl":"https:\/\/auren.com\/ar\/wp-content\/uploads\/2020\/06\/IMAGEN-6-1.jpg","datePublished":"2020-06-25T15:07:48+00:00","breadcrumb":{"@id":"https:\/\/auren.com\/ar\/blog\/el-liderazgo-un-factor-clave-de-la-transformacion\/#breadcrumb"},"inLanguage":"es","potentialAction":[{"@type":"ReadAction","target":["https:\/\/auren.com\/ar\/blog\/el-liderazgo-un-factor-clave-de-la-transformacion\/"]}]},{"@type":"ImageObject","inLanguage":"es","@id":"https:\/\/auren.com\/ar\/blog\/el-liderazgo-un-factor-clave-de-la-transformacion\/#primaryimage","url":"https:\/\/auren.com\/ar\/wp-content\/uploads\/2020\/06\/IMAGEN-6-1.jpg","contentUrl":"https:\/\/auren.com\/ar\/wp-content\/uploads\/2020\/06\/IMAGEN-6-1.jpg","width":626,"height":417},{"@type":"BreadcrumbList","@id":"https:\/\/auren.com\/ar\/blog\/el-liderazgo-un-factor-clave-de-la-transformacion\/#breadcrumb","itemListElement":[{"@type":"ListItem","position":1,"name":"Portada","item":"https:\/\/auren.com\/ar\/"},{"@type":"ListItem","position":2,"name":"El Liderazgo, un factor clave de la Transformaci\u00f3n"}]},{"@type":"WebSite","@id":"https:\/\/auren.com\/ar\/#website","url":"https:\/\/auren.com\/ar\/","name":"Auren Argentina","description":"","publisher":{"@id":"https:\/\/auren.com\/ar\/#organization"},"potentialAction":[{"@type":"SearchAction","target":{"@type":"EntryPoint","urlTemplate":"https:\/\/auren.com\/ar\/?s={search_term_string}"},"query-input":{"@type":"PropertyValueSpecification","valueRequired":true,"valueName":"search_term_string"}}],"inLanguage":"es"},{"@type":"Organization","@id":"https:\/\/auren.com\/ar\/#organization","name":"Auren Argentina","url":"https:\/\/auren.com\/ar\/","logo":{"@type":"ImageObject","inLanguage":"es","@id":"https:\/\/auren.com\/ar\/#\/schema\/logo\/image\/","url":"https:\/\/auren.com\/ar\/wp-content\/uploads\/2025\/01\/cropped-cropped-favicon-Auren.png","contentUrl":"https:\/\/auren.com\/ar\/wp-content\/uploads\/2025\/01\/cropped-cropped-favicon-Auren.png","width":512,"height":512,"caption":"Auren Argentina"},"image":{"@id":"https:\/\/auren.com\/ar\/#\/schema\/logo\/image\/"},"sameAs":["https:\/\/www.facebook.com\/AurenArg\/","https:\/\/x.com\/AUREN_Argentina","https:\/\/www.linkedin.com\/company\/aurenargentina","https:\/\/www.youtube.com\/channel\/UCSCseiHMECB0uMBGF9wtjSw","https:\/\/www.instagram.com\/aurenargentina\/"]}]}},"_links":{"self":[{"href":"https:\/\/auren.com\/ar\/wp-json\/wp\/v2\/blog\/11939","targetHints":{"allow":["GET"]}}],"collection":[{"href":"https:\/\/auren.com\/ar\/wp-json\/wp\/v2\/blog"}],"about":[{"href":"https:\/\/auren.com\/ar\/wp-json\/wp\/v2\/types\/blog"}],"version-history":[{"count":0,"href":"https:\/\/auren.com\/ar\/wp-json\/wp\/v2\/blog\/11939\/revisions"}],"wp:featuredmedia":[{"embeddable":true,"href":"https:\/\/auren.com\/ar\/wp-json\/wp\/v2\/media\/11940"}],"wp:attachment":[{"href":"https:\/\/auren.com\/ar\/wp-json\/wp\/v2\/media?parent=11939"}],"wp:term":[{"taxonomy":"blog-category","embeddable":true,"href":"https:\/\/auren.com\/ar\/wp-json\/wp\/v2\/blog-category?post=11939"}],"curies":[{"name":"wp","href":"https:\/\/api.w.org\/{rel}","templated":true}]}}