{"id":11954,"date":"2020-06-19T13:09:18","date_gmt":"2020-06-19T11:09:18","guid":{"rendered":"https:\/\/auren.com\/ar\/blog\/la-transformacion-requiere-sumergirnos-en-la-cultura-organizacional\/"},"modified":"2020-06-19T13:09:18","modified_gmt":"2020-06-19T11:09:18","slug":"la-transformacion-requiere-sumergirnos-en-la-cultura-organizacional","status":"publish","type":"blog","link":"https:\/\/auren.com\/ar\/blog\/la-transformacion-requiere-sumergirnos-en-la-cultura-organizacional\/","title":{"rendered":"La transformaci\u00f3n requiere \u201csumergirnos\u201d en la cultura organizacional"},"content":{"rendered":"<p>Cuando nos adentramos en la cultura de una organizaci\u00f3n, nos encontramos con un universo complejo, conformado por la vida misma de quienes fueron y a\u00fan son parte de su historia.<\/p>\n<p>Como consultores, sentimos una gran responsabilidad, ya que se trata de comenzar a poner en palabras lo m\u00e1s profundo del ser de la empresa, y esto requiere de un <strong>genuino respeto y de un tratamiento cuidadoso de toda la informaci\u00f3n relevada<\/strong>. Es necesario este nivel de implicancia en el an\u00e1lisis cuando se buscan cambios duraderos en la manera de hacer las cosas. Lo sustentable emerge desde lo m\u00e1s profundo de la organizaci\u00f3n, hacemos como somos y nuestras acciones se traducen en resultados de diverso orden, incluso econ\u00f3micos.<\/p>\n<p>Bucear en los relatos que encierran creencias, conflictos, valores, h\u00e9roes y villanos hist\u00f3ricos, comienza a explicarnos muchos de los comportamientos del presente que impulsan y bloquean los necesarios procesos de cambio. Si bien es posible hacer mejoras actuando s\u00f3lo en la superficie del iceberg organizacional (es decir, en las pr\u00e1cticas visibles y otros artefactos, como los denomina Schein), estos cambios ser\u00e1n de un orden incremental, peque\u00f1os saltos o ajustes con menor impacto y sustentabilidad.<\/p>\n<p>\u00bfCu\u00e1ntas veces vemos que se cambia un proceso, se implementa una herramienta o se ponen en marcha ceremonias \u00e1giles, para que nada cambie? Es que los procesos de adopci\u00f3n no se resuelven sin un enfoque integral que tenga en cuenta a las personas y el trasfondo cultural. Parece sencillo, y muchas veces se minimizan los impactos de dejar para el final lo que debi\u00f3 tener prioridad desde el comienzo.<\/p>\n<p>Sabemos que nuestros<strong> clientes necesitan mucho m\u00e1s que cambios superficiales cuando se trata de transformarse de manera sostenible. <\/strong>La empresa, como un solo organismo, necesita adquirir las habilidades organizacionales que le permitan poner en marcha un proceso virtuoso de aprendizaje, y esta es una competencia fuertemente fundada sobre la base de una cultura que genera los contextos y comportamientos requeridos por la estrategia de negocio.<\/p>\n<p>No olvidemos lo que expresa claramente Peter Drucker al decir que \u201c<em>la&nbsp;cultura se come a la estrategia en el desayuno<\/em>\u201d. As\u00ed como es verdad que nuestro ser se manifiesta en el hacer, tambi\u00e9n es cierto que no ser\u00e1 posible poner en marcha un cambio estrat\u00e9gico profundo si la cultura no impulsa a las personas, ni genera los contextos adecuados para que todo suceda.<\/p>\n<p>Por <a href=\"https:\/\/www.linkedin.com\/in\/josensaha\/\">Jos\u00e9 Saha<\/a>, Director de Consultor\u00eda en People and Transformation<\/p>\n<p><!-- AddThis Advanced Settings generic via filter on the_content --><!-- AddThis Share Buttons generic via filter on the_content --><\/p>\n","protected":false},"excerpt":{"rendered":"<p>Cuando nos adentramos en la cultura de una organizaci\u00f3n, nos encontramos con un universo complejo, conformado por la vida misma de quienes fueron y a\u00fan son parte de su historia. [&hellip;]<\/p>\n","protected":false},"featured_media":11955,"template":"","meta":{"_acf_changed":false,"footnotes":""},"blog-category":[],"class_list":["post-11954","blog","type-blog","status-publish","has-post-thumbnail","hentry"],"acf":[],"yoast_head":"<!-- This site is optimized with the Yoast SEO plugin v27.4 - https:\/\/yoast.com\/product\/yoast-seo-wordpress\/ -->\n<title>La transformaci\u00f3n requiere \u201csumergirnos\u201d en la cultura organizacional - Auren Argentina<\/title>\n<meta name=\"robots\" content=\"index, follow, max-snippet:-1, max-image-preview:large, max-video-preview:-1\" \/>\n<link rel=\"canonical\" href=\"https:\/\/auren.com\/ar\/blog\/la-transformacion-requiere-sumergirnos-en-la-cultura-organizacional\/\" \/>\n<meta property=\"og:locale\" content=\"es_ES\" \/>\n<meta property=\"og:type\" content=\"article\" \/>\n<meta property=\"og:title\" content=\"La transformaci\u00f3n requiere \u201csumergirnos\u201d en la cultura organizacional - Auren Argentina\" \/>\n<meta property=\"og:description\" content=\"Cuando nos adentramos en la cultura de una organizaci\u00f3n, nos encontramos con un universo complejo, conformado por la vida misma de quienes fueron y a\u00fan son parte de su historia. [&hellip;]\" \/>\n<meta property=\"og:url\" content=\"https:\/\/auren.com\/ar\/blog\/la-transformacion-requiere-sumergirnos-en-la-cultura-organizacional\/\" \/>\n<meta property=\"og:site_name\" content=\"Auren Argentina\" \/>\n<meta property=\"article:publisher\" content=\"https:\/\/www.facebook.com\/AurenArg\/\" \/>\n<meta property=\"og:image\" content=\"https:\/\/auren.com\/ar\/wp-content\/uploads\/2020\/06\/imagen-1-1.jpg\" \/>\n\t<meta property=\"og:image:width\" content=\"1500\" \/>\n\t<meta property=\"og:image:height\" content=\"844\" \/>\n\t<meta property=\"og:image:type\" content=\"image\/jpeg\" \/>\n<meta name=\"twitter:card\" content=\"summary_large_image\" \/>\n<meta name=\"twitter:site\" content=\"@AUREN_Argentina\" \/>\n<meta name=\"twitter:label1\" content=\"Tiempo de lectura\" \/>\n\t<meta name=\"twitter:data1\" content=\"2 minutos\" \/>\n<script type=\"application\/ld+json\" class=\"yoast-schema-graph\">{\"@context\":\"https:\\\/\\\/schema.org\",\"@graph\":[{\"@type\":\"WebPage\",\"@id\":\"https:\\\/\\\/auren.com\\\/ar\\\/blog\\\/la-transformacion-requiere-sumergirnos-en-la-cultura-organizacional\\\/\",\"url\":\"https:\\\/\\\/auren.com\\\/ar\\\/blog\\\/la-transformacion-requiere-sumergirnos-en-la-cultura-organizacional\\\/\",\"name\":\"La transformaci\u00f3n requiere \u201csumergirnos\u201d en la cultura organizacional - Auren Argentina\",\"isPartOf\":{\"@id\":\"https:\\\/\\\/auren.com\\\/ar\\\/#website\"},\"primaryImageOfPage\":{\"@id\":\"https:\\\/\\\/auren.com\\\/ar\\\/blog\\\/la-transformacion-requiere-sumergirnos-en-la-cultura-organizacional\\\/#primaryimage\"},\"image\":{\"@id\":\"https:\\\/\\\/auren.com\\\/ar\\\/blog\\\/la-transformacion-requiere-sumergirnos-en-la-cultura-organizacional\\\/#primaryimage\"},\"thumbnailUrl\":\"https:\\\/\\\/auren.com\\\/ar\\\/wp-content\\\/uploads\\\/2020\\\/06\\\/imagen-1-1.jpg\",\"datePublished\":\"2020-06-19T11:09:18+00:00\",\"breadcrumb\":{\"@id\":\"https:\\\/\\\/auren.com\\\/ar\\\/blog\\\/la-transformacion-requiere-sumergirnos-en-la-cultura-organizacional\\\/#breadcrumb\"},\"inLanguage\":\"es\",\"potentialAction\":[{\"@type\":\"ReadAction\",\"target\":[\"https:\\\/\\\/auren.com\\\/ar\\\/blog\\\/la-transformacion-requiere-sumergirnos-en-la-cultura-organizacional\\\/\"]}]},{\"@type\":\"ImageObject\",\"inLanguage\":\"es\",\"@id\":\"https:\\\/\\\/auren.com\\\/ar\\\/blog\\\/la-transformacion-requiere-sumergirnos-en-la-cultura-organizacional\\\/#primaryimage\",\"url\":\"https:\\\/\\\/auren.com\\\/ar\\\/wp-content\\\/uploads\\\/2020\\\/06\\\/imagen-1-1.jpg\",\"contentUrl\":\"https:\\\/\\\/auren.com\\\/ar\\\/wp-content\\\/uploads\\\/2020\\\/06\\\/imagen-1-1.jpg\",\"width\":1500,\"height\":844},{\"@type\":\"BreadcrumbList\",\"@id\":\"https:\\\/\\\/auren.com\\\/ar\\\/blog\\\/la-transformacion-requiere-sumergirnos-en-la-cultura-organizacional\\\/#breadcrumb\",\"itemListElement\":[{\"@type\":\"ListItem\",\"position\":1,\"name\":\"Portada\",\"item\":\"https:\\\/\\\/auren.com\\\/ar\\\/\"},{\"@type\":\"ListItem\",\"position\":2,\"name\":\"La transformaci\u00f3n requiere \u201csumergirnos\u201d en la cultura organizacional\"}]},{\"@type\":\"WebSite\",\"@id\":\"https:\\\/\\\/auren.com\\\/ar\\\/#website\",\"url\":\"https:\\\/\\\/auren.com\\\/ar\\\/\",\"name\":\"Auren Argentina\",\"description\":\"\",\"publisher\":{\"@id\":\"https:\\\/\\\/auren.com\\\/ar\\\/#organization\"},\"potentialAction\":[{\"@type\":\"SearchAction\",\"target\":{\"@type\":\"EntryPoint\",\"urlTemplate\":\"https:\\\/\\\/auren.com\\\/ar\\\/?s={search_term_string}\"},\"query-input\":{\"@type\":\"PropertyValueSpecification\",\"valueRequired\":true,\"valueName\":\"search_term_string\"}}],\"inLanguage\":\"es\"},{\"@type\":\"Organization\",\"@id\":\"https:\\\/\\\/auren.com\\\/ar\\\/#organization\",\"name\":\"Auren Argentina\",\"url\":\"https:\\\/\\\/auren.com\\\/ar\\\/\",\"logo\":{\"@type\":\"ImageObject\",\"inLanguage\":\"es\",\"@id\":\"https:\\\/\\\/auren.com\\\/ar\\\/#\\\/schema\\\/logo\\\/image\\\/\",\"url\":\"https:\\\/\\\/auren.com\\\/ar\\\/wp-content\\\/uploads\\\/2025\\\/01\\\/cropped-cropped-favicon-Auren.png\",\"contentUrl\":\"https:\\\/\\\/auren.com\\\/ar\\\/wp-content\\\/uploads\\\/2025\\\/01\\\/cropped-cropped-favicon-Auren.png\",\"width\":512,\"height\":512,\"caption\":\"Auren Argentina\"},\"image\":{\"@id\":\"https:\\\/\\\/auren.com\\\/ar\\\/#\\\/schema\\\/logo\\\/image\\\/\"},\"sameAs\":[\"https:\\\/\\\/www.facebook.com\\\/AurenArg\\\/\",\"https:\\\/\\\/x.com\\\/AUREN_Argentina\",\"https:\\\/\\\/www.linkedin.com\\\/company\\\/aurenargentina\",\"https:\\\/\\\/www.youtube.com\\\/channel\\\/UCSCseiHMECB0uMBGF9wtjSw\",\"https:\\\/\\\/www.instagram.com\\\/aurenargentina\\\/\"]}]}<\/script>\n<!-- \/ Yoast SEO plugin. -->","yoast_head_json":{"title":"La transformaci\u00f3n requiere \u201csumergirnos\u201d en la cultura organizacional - Auren Argentina","robots":{"index":"index","follow":"follow","max-snippet":"max-snippet:-1","max-image-preview":"max-image-preview:large","max-video-preview":"max-video-preview:-1"},"canonical":"https:\/\/auren.com\/ar\/blog\/la-transformacion-requiere-sumergirnos-en-la-cultura-organizacional\/","og_locale":"es_ES","og_type":"article","og_title":"La transformaci\u00f3n requiere \u201csumergirnos\u201d en la cultura organizacional - Auren Argentina","og_description":"Cuando nos adentramos en la cultura de una organizaci\u00f3n, nos encontramos con un universo complejo, conformado por la vida misma de quienes fueron y a\u00fan son parte de su historia. [&hellip;]","og_url":"https:\/\/auren.com\/ar\/blog\/la-transformacion-requiere-sumergirnos-en-la-cultura-organizacional\/","og_site_name":"Auren Argentina","article_publisher":"https:\/\/www.facebook.com\/AurenArg\/","og_image":[{"width":1500,"height":844,"url":"https:\/\/auren.com\/ar\/wp-content\/uploads\/2020\/06\/imagen-1-1.jpg","type":"image\/jpeg"}],"twitter_card":"summary_large_image","twitter_site":"@AUREN_Argentina","twitter_misc":{"Tiempo de lectura":"2 minutos"},"schema":{"@context":"https:\/\/schema.org","@graph":[{"@type":"WebPage","@id":"https:\/\/auren.com\/ar\/blog\/la-transformacion-requiere-sumergirnos-en-la-cultura-organizacional\/","url":"https:\/\/auren.com\/ar\/blog\/la-transformacion-requiere-sumergirnos-en-la-cultura-organizacional\/","name":"La transformaci\u00f3n requiere \u201csumergirnos\u201d en la cultura organizacional - Auren Argentina","isPartOf":{"@id":"https:\/\/auren.com\/ar\/#website"},"primaryImageOfPage":{"@id":"https:\/\/auren.com\/ar\/blog\/la-transformacion-requiere-sumergirnos-en-la-cultura-organizacional\/#primaryimage"},"image":{"@id":"https:\/\/auren.com\/ar\/blog\/la-transformacion-requiere-sumergirnos-en-la-cultura-organizacional\/#primaryimage"},"thumbnailUrl":"https:\/\/auren.com\/ar\/wp-content\/uploads\/2020\/06\/imagen-1-1.jpg","datePublished":"2020-06-19T11:09:18+00:00","breadcrumb":{"@id":"https:\/\/auren.com\/ar\/blog\/la-transformacion-requiere-sumergirnos-en-la-cultura-organizacional\/#breadcrumb"},"inLanguage":"es","potentialAction":[{"@type":"ReadAction","target":["https:\/\/auren.com\/ar\/blog\/la-transformacion-requiere-sumergirnos-en-la-cultura-organizacional\/"]}]},{"@type":"ImageObject","inLanguage":"es","@id":"https:\/\/auren.com\/ar\/blog\/la-transformacion-requiere-sumergirnos-en-la-cultura-organizacional\/#primaryimage","url":"https:\/\/auren.com\/ar\/wp-content\/uploads\/2020\/06\/imagen-1-1.jpg","contentUrl":"https:\/\/auren.com\/ar\/wp-content\/uploads\/2020\/06\/imagen-1-1.jpg","width":1500,"height":844},{"@type":"BreadcrumbList","@id":"https:\/\/auren.com\/ar\/blog\/la-transformacion-requiere-sumergirnos-en-la-cultura-organizacional\/#breadcrumb","itemListElement":[{"@type":"ListItem","position":1,"name":"Portada","item":"https:\/\/auren.com\/ar\/"},{"@type":"ListItem","position":2,"name":"La transformaci\u00f3n requiere \u201csumergirnos\u201d en la cultura organizacional"}]},{"@type":"WebSite","@id":"https:\/\/auren.com\/ar\/#website","url":"https:\/\/auren.com\/ar\/","name":"Auren Argentina","description":"","publisher":{"@id":"https:\/\/auren.com\/ar\/#organization"},"potentialAction":[{"@type":"SearchAction","target":{"@type":"EntryPoint","urlTemplate":"https:\/\/auren.com\/ar\/?s={search_term_string}"},"query-input":{"@type":"PropertyValueSpecification","valueRequired":true,"valueName":"search_term_string"}}],"inLanguage":"es"},{"@type":"Organization","@id":"https:\/\/auren.com\/ar\/#organization","name":"Auren Argentina","url":"https:\/\/auren.com\/ar\/","logo":{"@type":"ImageObject","inLanguage":"es","@id":"https:\/\/auren.com\/ar\/#\/schema\/logo\/image\/","url":"https:\/\/auren.com\/ar\/wp-content\/uploads\/2025\/01\/cropped-cropped-favicon-Auren.png","contentUrl":"https:\/\/auren.com\/ar\/wp-content\/uploads\/2025\/01\/cropped-cropped-favicon-Auren.png","width":512,"height":512,"caption":"Auren Argentina"},"image":{"@id":"https:\/\/auren.com\/ar\/#\/schema\/logo\/image\/"},"sameAs":["https:\/\/www.facebook.com\/AurenArg\/","https:\/\/x.com\/AUREN_Argentina","https:\/\/www.linkedin.com\/company\/aurenargentina","https:\/\/www.youtube.com\/channel\/UCSCseiHMECB0uMBGF9wtjSw","https:\/\/www.instagram.com\/aurenargentina\/"]}]}},"_links":{"self":[{"href":"https:\/\/auren.com\/ar\/wp-json\/wp\/v2\/blog\/11954","targetHints":{"allow":["GET"]}}],"collection":[{"href":"https:\/\/auren.com\/ar\/wp-json\/wp\/v2\/blog"}],"about":[{"href":"https:\/\/auren.com\/ar\/wp-json\/wp\/v2\/types\/blog"}],"version-history":[{"count":0,"href":"https:\/\/auren.com\/ar\/wp-json\/wp\/v2\/blog\/11954\/revisions"}],"wp:featuredmedia":[{"embeddable":true,"href":"https:\/\/auren.com\/ar\/wp-json\/wp\/v2\/media\/11955"}],"wp:attachment":[{"href":"https:\/\/auren.com\/ar\/wp-json\/wp\/v2\/media?parent=11954"}],"wp:term":[{"taxonomy":"blog-category","embeddable":true,"href":"https:\/\/auren.com\/ar\/wp-json\/wp\/v2\/blog-category?post=11954"}],"curies":[{"name":"wp","href":"https:\/\/api.w.org\/{rel}","templated":true}]}}