{"id":11962,"date":"2020-06-10T15:14:18","date_gmt":"2020-06-10T13:14:18","guid":{"rendered":"https:\/\/auren.com\/ar\/blog\/como-enfrenta-la-pandemia-el-pais-mas-austral-del-planeta\/"},"modified":"2020-06-10T15:14:18","modified_gmt":"2020-06-10T13:14:18","slug":"como-enfrenta-la-pandemia-el-pais-mas-austral-del-planeta","status":"publish","type":"blog","link":"https:\/\/auren.com\/ar\/blog\/como-enfrenta-la-pandemia-el-pais-mas-austral-del-planeta\/","title":{"rendered":"\u00bfC\u00f3mo enfrenta la pandemia el pa\u00eds m\u00e1s austral del planeta?"},"content":{"rendered":"<p><strong>Medidas afectadas para enfrentar a Covid-19 en Chile<\/strong><\/p>\n<p>El Covid-19 ha sido la gran preocupaci\u00f3n mundial para este primer semestre del a\u00f1o 2020, lo que oblig\u00f3 a las autoridades de cada pa\u00eds a reenfocar sus pol\u00edticas en la situaci\u00f3n impuesta por la pandemia.&nbsp;En este sentido, Chile ha estado adoptando diferentes medidas para enfrentar esta disputa, las principales en el \u00e1mbito laboral, introduciendo para este fin la Ley 21.227 o \u00abLey de Protecci\u00f3n del Empleo\u00bb, que faculta a los empleadores para suspender los contratos de trabajo debido a la naturaleza de lo acordado. los servicios han sido imposibles de realizar;&nbsp;O bien, adopte un pacto para reducir las horas de trabajo, todas ellas para evitar el despido de trabajadores debido a la grave crisis econ\u00f3mica en la que los actores econ\u00f3micos de todo un pa\u00eds se han visto inmersos.<\/p>\n<p>Por otro lado, se han introducido modificaciones importantes a su legislaci\u00f3n tributaria, y se deben adoptar medidas para facilitar a los contribuyentes a cumplir con sus obligaciones con el Estado de Chile, algunas de las cuales son una extensi\u00f3n del pago de impuestos, particularmente para los peque\u00f1os y peque\u00f1os. empresas medianas, en cuyo caso, los pagos del IVA se posponen en comparaci\u00f3n con los meses de abril, mayo y junio de este a\u00f1o, entre otros.<\/p>\n<p>Tanto el Estado de Chile como las instituciones financieras del pa\u00eds se han visto obligadas a implementar medidas para mantener la actividad econ\u00f3mica en el pa\u00eds, promoviendo el \u00abPrograma de Cr\u00e9dito Especial Covid-19\u00bb que vendr\u00e1 al rescate de las micro, peque\u00f1as y medianas empresas en El pa\u00eds, afectado por la crisis sanitaria.&nbsp;En total, el plan incluye una garant\u00eda estatal de 3.000 millones de d\u00f3lares, que se transferir\u00e1 a las PYME a trav\u00e9s de bancos, en condiciones preferenciales de inter\u00e9s y plazos, que contar\u00e1n con supervisi\u00f3n estatal.&nbsp;Continuando con las instalaciones, se han adoptado medidas para cumplir con las obligaciones administrativas de empresas y particulares, un ejemplo de ello es el aplazamiento en el pago del permiso de circulaci\u00f3n, as\u00ed como el hecho de que se est\u00e1 evaluando el poder legislativo.<\/p>\n<p>Se aprob\u00f3 un bono Covid-19 para la poblaci\u00f3n m\u00e1s necesitada para que puedan acceder a las necesidades alimentarias b\u00e1sicas.<\/p>\n<p>Por <em>Mario Cayup\u00e1n, Socio de Auren Chile<\/em><\/p>\n<p><!-- AddThis Advanced Settings generic via filter on the_content --><!-- AddThis Share Buttons generic via filter on the_content --><\/p>\n","protected":false},"excerpt":{"rendered":"<p>Medidas afectadas para enfrentar a Covid-19 en Chile El Covid-19 ha sido la gran preocupaci\u00f3n mundial para este primer semestre del a\u00f1o 2020, lo que oblig\u00f3 a las autoridades de [&hellip;]<\/p>\n","protected":false},"featured_media":11963,"template":"","meta":{"_acf_changed":false,"footnotes":""},"blog-category":[],"class_list":["post-11962","blog","type-blog","status-publish","has-post-thumbnail","hentry"],"acf":[],"yoast_head":"<!-- This site is optimized with the Yoast SEO plugin v27.4 - https:\/\/yoast.com\/product\/yoast-seo-wordpress\/ -->\n<title>\u00bfC\u00f3mo enfrenta la pandemia el pa\u00eds m\u00e1s austral del planeta? - Auren Argentina<\/title>\n<meta name=\"robots\" content=\"index, follow, max-snippet:-1, max-image-preview:large, max-video-preview:-1\" \/>\n<link rel=\"canonical\" href=\"https:\/\/auren.com\/ar\/blog\/como-enfrenta-la-pandemia-el-pais-mas-austral-del-planeta\/\" \/>\n<meta property=\"og:locale\" content=\"es_ES\" \/>\n<meta property=\"og:type\" content=\"article\" \/>\n<meta property=\"og:title\" content=\"\u00bfC\u00f3mo enfrenta la pandemia el pa\u00eds m\u00e1s austral del planeta? - Auren Argentina\" \/>\n<meta property=\"og:description\" content=\"Medidas afectadas para enfrentar a Covid-19 en Chile El Covid-19 ha sido la gran preocupaci\u00f3n mundial para este primer semestre del a\u00f1o 2020, lo que oblig\u00f3 a las autoridades de [&hellip;]\" \/>\n<meta property=\"og:url\" content=\"https:\/\/auren.com\/ar\/blog\/como-enfrenta-la-pandemia-el-pais-mas-austral-del-planeta\/\" \/>\n<meta property=\"og:site_name\" content=\"Auren Argentina\" \/>\n<meta property=\"article:publisher\" content=\"https:\/\/www.facebook.com\/AurenArg\/\" \/>\n<meta property=\"og:image\" content=\"https:\/\/auren.com\/ar\/wp-content\/uploads\/2020\/06\/chile-covid-1.jpg\" \/>\n\t<meta property=\"og:image:width\" content=\"1365\" \/>\n\t<meta property=\"og:image:height\" content=\"720\" \/>\n\t<meta property=\"og:image:type\" content=\"image\/jpeg\" \/>\n<meta name=\"twitter:card\" content=\"summary_large_image\" \/>\n<meta name=\"twitter:site\" content=\"@AUREN_Argentina\" \/>\n<meta name=\"twitter:label1\" content=\"Tiempo de lectura\" \/>\n\t<meta name=\"twitter:data1\" content=\"2 minutos\" \/>\n<script type=\"application\/ld+json\" class=\"yoast-schema-graph\">{\"@context\":\"https:\\\/\\\/schema.org\",\"@graph\":[{\"@type\":\"WebPage\",\"@id\":\"https:\\\/\\\/auren.com\\\/ar\\\/blog\\\/como-enfrenta-la-pandemia-el-pais-mas-austral-del-planeta\\\/\",\"url\":\"https:\\\/\\\/auren.com\\\/ar\\\/blog\\\/como-enfrenta-la-pandemia-el-pais-mas-austral-del-planeta\\\/\",\"name\":\"\u00bfC\u00f3mo enfrenta la pandemia el pa\u00eds m\u00e1s austral del planeta? - Auren Argentina\",\"isPartOf\":{\"@id\":\"https:\\\/\\\/auren.com\\\/ar\\\/#website\"},\"primaryImageOfPage\":{\"@id\":\"https:\\\/\\\/auren.com\\\/ar\\\/blog\\\/como-enfrenta-la-pandemia-el-pais-mas-austral-del-planeta\\\/#primaryimage\"},\"image\":{\"@id\":\"https:\\\/\\\/auren.com\\\/ar\\\/blog\\\/como-enfrenta-la-pandemia-el-pais-mas-austral-del-planeta\\\/#primaryimage\"},\"thumbnailUrl\":\"https:\\\/\\\/auren.com\\\/ar\\\/wp-content\\\/uploads\\\/2020\\\/06\\\/chile-covid-1.jpg\",\"datePublished\":\"2020-06-10T13:14:18+00:00\",\"breadcrumb\":{\"@id\":\"https:\\\/\\\/auren.com\\\/ar\\\/blog\\\/como-enfrenta-la-pandemia-el-pais-mas-austral-del-planeta\\\/#breadcrumb\"},\"inLanguage\":\"es\",\"potentialAction\":[{\"@type\":\"ReadAction\",\"target\":[\"https:\\\/\\\/auren.com\\\/ar\\\/blog\\\/como-enfrenta-la-pandemia-el-pais-mas-austral-del-planeta\\\/\"]}]},{\"@type\":\"ImageObject\",\"inLanguage\":\"es\",\"@id\":\"https:\\\/\\\/auren.com\\\/ar\\\/blog\\\/como-enfrenta-la-pandemia-el-pais-mas-austral-del-planeta\\\/#primaryimage\",\"url\":\"https:\\\/\\\/auren.com\\\/ar\\\/wp-content\\\/uploads\\\/2020\\\/06\\\/chile-covid-1.jpg\",\"contentUrl\":\"https:\\\/\\\/auren.com\\\/ar\\\/wp-content\\\/uploads\\\/2020\\\/06\\\/chile-covid-1.jpg\",\"width\":1365,\"height\":720},{\"@type\":\"BreadcrumbList\",\"@id\":\"https:\\\/\\\/auren.com\\\/ar\\\/blog\\\/como-enfrenta-la-pandemia-el-pais-mas-austral-del-planeta\\\/#breadcrumb\",\"itemListElement\":[{\"@type\":\"ListItem\",\"position\":1,\"name\":\"Portada\",\"item\":\"https:\\\/\\\/auren.com\\\/ar\\\/\"},{\"@type\":\"ListItem\",\"position\":2,\"name\":\"\u00bfC\u00f3mo enfrenta la pandemia el pa\u00eds m\u00e1s austral del planeta?\"}]},{\"@type\":\"WebSite\",\"@id\":\"https:\\\/\\\/auren.com\\\/ar\\\/#website\",\"url\":\"https:\\\/\\\/auren.com\\\/ar\\\/\",\"name\":\"Auren Argentina\",\"description\":\"\",\"publisher\":{\"@id\":\"https:\\\/\\\/auren.com\\\/ar\\\/#organization\"},\"potentialAction\":[{\"@type\":\"SearchAction\",\"target\":{\"@type\":\"EntryPoint\",\"urlTemplate\":\"https:\\\/\\\/auren.com\\\/ar\\\/?s={search_term_string}\"},\"query-input\":{\"@type\":\"PropertyValueSpecification\",\"valueRequired\":true,\"valueName\":\"search_term_string\"}}],\"inLanguage\":\"es\"},{\"@type\":\"Organization\",\"@id\":\"https:\\\/\\\/auren.com\\\/ar\\\/#organization\",\"name\":\"Auren Argentina\",\"url\":\"https:\\\/\\\/auren.com\\\/ar\\\/\",\"logo\":{\"@type\":\"ImageObject\",\"inLanguage\":\"es\",\"@id\":\"https:\\\/\\\/auren.com\\\/ar\\\/#\\\/schema\\\/logo\\\/image\\\/\",\"url\":\"https:\\\/\\\/auren.com\\\/ar\\\/wp-content\\\/uploads\\\/2025\\\/01\\\/cropped-cropped-favicon-Auren.png\",\"contentUrl\":\"https:\\\/\\\/auren.com\\\/ar\\\/wp-content\\\/uploads\\\/2025\\\/01\\\/cropped-cropped-favicon-Auren.png\",\"width\":512,\"height\":512,\"caption\":\"Auren Argentina\"},\"image\":{\"@id\":\"https:\\\/\\\/auren.com\\\/ar\\\/#\\\/schema\\\/logo\\\/image\\\/\"},\"sameAs\":[\"https:\\\/\\\/www.facebook.com\\\/AurenArg\\\/\",\"https:\\\/\\\/x.com\\\/AUREN_Argentina\",\"https:\\\/\\\/www.linkedin.com\\\/company\\\/aurenargentina\",\"https:\\\/\\\/www.youtube.com\\\/channel\\\/UCSCseiHMECB0uMBGF9wtjSw\",\"https:\\\/\\\/www.instagram.com\\\/aurenargentina\\\/\"]}]}<\/script>\n<!-- \/ Yoast SEO plugin. -->","yoast_head_json":{"title":"\u00bfC\u00f3mo enfrenta la pandemia el pa\u00eds m\u00e1s austral del planeta? - Auren Argentina","robots":{"index":"index","follow":"follow","max-snippet":"max-snippet:-1","max-image-preview":"max-image-preview:large","max-video-preview":"max-video-preview:-1"},"canonical":"https:\/\/auren.com\/ar\/blog\/como-enfrenta-la-pandemia-el-pais-mas-austral-del-planeta\/","og_locale":"es_ES","og_type":"article","og_title":"\u00bfC\u00f3mo enfrenta la pandemia el pa\u00eds m\u00e1s austral del planeta? - Auren Argentina","og_description":"Medidas afectadas para enfrentar a Covid-19 en Chile El Covid-19 ha sido la gran preocupaci\u00f3n mundial para este primer semestre del a\u00f1o 2020, lo que oblig\u00f3 a las autoridades de [&hellip;]","og_url":"https:\/\/auren.com\/ar\/blog\/como-enfrenta-la-pandemia-el-pais-mas-austral-del-planeta\/","og_site_name":"Auren Argentina","article_publisher":"https:\/\/www.facebook.com\/AurenArg\/","og_image":[{"width":1365,"height":720,"url":"https:\/\/auren.com\/ar\/wp-content\/uploads\/2020\/06\/chile-covid-1.jpg","type":"image\/jpeg"}],"twitter_card":"summary_large_image","twitter_site":"@AUREN_Argentina","twitter_misc":{"Tiempo de lectura":"2 minutos"},"schema":{"@context":"https:\/\/schema.org","@graph":[{"@type":"WebPage","@id":"https:\/\/auren.com\/ar\/blog\/como-enfrenta-la-pandemia-el-pais-mas-austral-del-planeta\/","url":"https:\/\/auren.com\/ar\/blog\/como-enfrenta-la-pandemia-el-pais-mas-austral-del-planeta\/","name":"\u00bfC\u00f3mo enfrenta la pandemia el pa\u00eds m\u00e1s austral del planeta? - Auren Argentina","isPartOf":{"@id":"https:\/\/auren.com\/ar\/#website"},"primaryImageOfPage":{"@id":"https:\/\/auren.com\/ar\/blog\/como-enfrenta-la-pandemia-el-pais-mas-austral-del-planeta\/#primaryimage"},"image":{"@id":"https:\/\/auren.com\/ar\/blog\/como-enfrenta-la-pandemia-el-pais-mas-austral-del-planeta\/#primaryimage"},"thumbnailUrl":"https:\/\/auren.com\/ar\/wp-content\/uploads\/2020\/06\/chile-covid-1.jpg","datePublished":"2020-06-10T13:14:18+00:00","breadcrumb":{"@id":"https:\/\/auren.com\/ar\/blog\/como-enfrenta-la-pandemia-el-pais-mas-austral-del-planeta\/#breadcrumb"},"inLanguage":"es","potentialAction":[{"@type":"ReadAction","target":["https:\/\/auren.com\/ar\/blog\/como-enfrenta-la-pandemia-el-pais-mas-austral-del-planeta\/"]}]},{"@type":"ImageObject","inLanguage":"es","@id":"https:\/\/auren.com\/ar\/blog\/como-enfrenta-la-pandemia-el-pais-mas-austral-del-planeta\/#primaryimage","url":"https:\/\/auren.com\/ar\/wp-content\/uploads\/2020\/06\/chile-covid-1.jpg","contentUrl":"https:\/\/auren.com\/ar\/wp-content\/uploads\/2020\/06\/chile-covid-1.jpg","width":1365,"height":720},{"@type":"BreadcrumbList","@id":"https:\/\/auren.com\/ar\/blog\/como-enfrenta-la-pandemia-el-pais-mas-austral-del-planeta\/#breadcrumb","itemListElement":[{"@type":"ListItem","position":1,"name":"Portada","item":"https:\/\/auren.com\/ar\/"},{"@type":"ListItem","position":2,"name":"\u00bfC\u00f3mo enfrenta la pandemia el pa\u00eds m\u00e1s austral del planeta?"}]},{"@type":"WebSite","@id":"https:\/\/auren.com\/ar\/#website","url":"https:\/\/auren.com\/ar\/","name":"Auren Argentina","description":"","publisher":{"@id":"https:\/\/auren.com\/ar\/#organization"},"potentialAction":[{"@type":"SearchAction","target":{"@type":"EntryPoint","urlTemplate":"https:\/\/auren.com\/ar\/?s={search_term_string}"},"query-input":{"@type":"PropertyValueSpecification","valueRequired":true,"valueName":"search_term_string"}}],"inLanguage":"es"},{"@type":"Organization","@id":"https:\/\/auren.com\/ar\/#organization","name":"Auren Argentina","url":"https:\/\/auren.com\/ar\/","logo":{"@type":"ImageObject","inLanguage":"es","@id":"https:\/\/auren.com\/ar\/#\/schema\/logo\/image\/","url":"https:\/\/auren.com\/ar\/wp-content\/uploads\/2025\/01\/cropped-cropped-favicon-Auren.png","contentUrl":"https:\/\/auren.com\/ar\/wp-content\/uploads\/2025\/01\/cropped-cropped-favicon-Auren.png","width":512,"height":512,"caption":"Auren Argentina"},"image":{"@id":"https:\/\/auren.com\/ar\/#\/schema\/logo\/image\/"},"sameAs":["https:\/\/www.facebook.com\/AurenArg\/","https:\/\/x.com\/AUREN_Argentina","https:\/\/www.linkedin.com\/company\/aurenargentina","https:\/\/www.youtube.com\/channel\/UCSCseiHMECB0uMBGF9wtjSw","https:\/\/www.instagram.com\/aurenargentina\/"]}]}},"_links":{"self":[{"href":"https:\/\/auren.com\/ar\/wp-json\/wp\/v2\/blog\/11962","targetHints":{"allow":["GET"]}}],"collection":[{"href":"https:\/\/auren.com\/ar\/wp-json\/wp\/v2\/blog"}],"about":[{"href":"https:\/\/auren.com\/ar\/wp-json\/wp\/v2\/types\/blog"}],"version-history":[{"count":0,"href":"https:\/\/auren.com\/ar\/wp-json\/wp\/v2\/blog\/11962\/revisions"}],"wp:featuredmedia":[{"embeddable":true,"href":"https:\/\/auren.com\/ar\/wp-json\/wp\/v2\/media\/11963"}],"wp:attachment":[{"href":"https:\/\/auren.com\/ar\/wp-json\/wp\/v2\/media?parent=11962"}],"wp:term":[{"taxonomy":"blog-category","embeddable":true,"href":"https:\/\/auren.com\/ar\/wp-json\/wp\/v2\/blog-category?post=11962"}],"curies":[{"name":"wp","href":"https:\/\/api.w.org\/{rel}","templated":true}]}}