{"id":11966,"date":"2020-06-09T14:26:14","date_gmt":"2020-06-09T12:26:14","guid":{"rendered":"https:\/\/auren.com\/ar\/blog\/los-directores-ante-el-vencimiento-de-su-mandato\/"},"modified":"2020-06-09T14:26:14","modified_gmt":"2020-06-09T12:26:14","slug":"los-directores-ante-el-vencimiento-de-su-mandato","status":"publish","type":"blog","link":"https:\/\/auren.com\/ar\/blog\/los-directores-ante-el-vencimiento-de-su-mandato\/","title":{"rendered":"Los directores ante el vencimiento de su mandato"},"content":{"rendered":"<p class=\"has-text-align-left\">Durante los cuatro o cinco primeros meses de cada a\u00f1o se multiplican los planteos realizados, tanto por entidades financieras como por entes estatales, a sociedades con las que tienen relaci\u00f3n en los expresan que, al haberse vencido el mandato de las autoridades que integran los \u00f3rganos de administraci\u00f3n y fiscalizaci\u00f3n de la sociedad (es decir, el directorio y los s\u00edndicos o comisi\u00f3n fiscalizadora), ver\u00e1n limitada la operatoria o restringidos sus derechos (en los mejores casos), hasta tanto acrediten haber renovado las mismas mediante la presentaci\u00f3n de la inscripci\u00f3n de la nueva designaci\u00f3n conforme a lo establecido en la ley de sociedades.<\/p>\n<p>Sabemos que el tema no es novedoso, y que ha sido analizado en profundidad por tratadistas y jueces. &nbsp;Sin embargo, recordar lo que establece la normativa legal aplicable nunca est\u00e1 dem\u00e1s y su estudio puede permitir facilitar la actividad de muchas sociedades a las que caprichos burocr\u00e1ticos como el planteado les pueden generar dificultades. M\u00e1s a\u00fan considerando la situaci\u00f3n por la que atravesamos hoy. Diez a\u00f1os sin crecimiento, recesi\u00f3n, inflaci\u00f3n, p\u00e9rdida de empleo y pandemia requieren imaginaci\u00f3n para facilitarle la vida a aquellos privados que, a pesar de todo, pretenden seguir generando riqueza con su trabajo y con su esfuerzo.<\/p>\n<p>Vayamos a lo concreto. Nuestra ley de sociedades dispone en relaci\u00f3n con el t\u00e9rmino de duraci\u00f3n de los mandatos de los directores de las sociedades an\u00f3nimas que <em><u>\u201cEl estatuto precisar\u00e1 el t\u00e9rmino por el que es elegido, el que no puede exceder de tres ejercicios \u2026. No obstante, el director permanecer\u00e1 en su cargo hasta ser reemplazado\u201d<\/u><\/em>.<\/p>\n<p>La disposici\u00f3n legal es muy simple \u2013y muy sabia-. Establece un plazo m\u00e1ximo de mandato para los directores (un m\u00e1ximo de tres ejercicios reelegible sin l\u00edmite), pero aclara que permanecen en sus cargos hasta tanto se los reemplace, es decir, aun cuando no sean reemplazados una vez vencido dicho t\u00e9rmino. &nbsp;<\/p>\n<p>Es decir que la ley de sociedades consagra un plazo m\u00e1ximo de mandato y, simult\u00e1neamente, una pr\u00f3rroga t\u00e1cita del mismo para aquellos supuestos en los que la sociedad -por el motivo que fuere- no hubiere adoptado las resoluciones sociales tendientes a reelegir, remover o reemplazar a sus directores dentro de los plazos estipulados estatutaria o legalmente.<\/p>\n<p>Una soluci\u00f3n diferente provocar\u00eda consecuencias negativas no solamente para la sociedad, sino tambi\u00e9n para todos aquellos terceros relacionados con ella.<\/p>\n<p>Bueno es aclarar que dicha soluci\u00f3n legal de manera alguna implica que los directores que han excedido de manera abusiva el plazo del mandato para el cual han sido designados, no puedan ser reemplazados en virtud de intervenciones judiciales, administrativas, ni que queden eximidos de responder por los perjuicios que se hubieren ocasionado a la sociedad por dicha circunstancia. Todo lo contrario, casos que impliquen un ejercicio abusivo de un derecho ser\u00e1n sancionados en consecuencia. Pero ello no puede desconocer que el bien mayor que persigue consagrar la ley de sociedades es evitar que el directorio quede ac\u00e9falo, lo que, en caso de ocurrir, provocar\u00e1 la imposibilidad de actuaci\u00f3n de la sociedad.<\/p>\n<p>Esas consecuencias son seguramente m\u00e1s gravosas para la sociedad que el admitir la pr\u00f3rroga t\u00e1cita del mandato del directorio consagrada de manera expresa por la ley de sociedades.<\/p>\n<p>Corresponde tambi\u00e9n recordar que lo que el art\u00edculo 257 de la ley de sociedades hoy vigente, es producto de la evoluci\u00f3n legislativa propia del derecho comercial, ya que tuvo por finalidad solucionar de manera expresa los inconvenientes provocados por su norma antecesora, el art\u00edculo 306 del C\u00f3digo de Comercio que, en lo pertinente, establec\u00eda que los directores se designar\u00edan \u201c<em>por tiempo cierto y determinado que no exceder\u00e1 de tres a\u00f1os<\/em>\u201d.<\/p>\n<p>Con lo cual entendemos que ser\u00eda ya un buen momento para que tanto el estado como las entidades financieras dejen de exigir el cumplimiento de disposiciones que por la expresa letra de la ley de sociedades, sin requerir ejercicio interpretativo alguno, se encuentran superadas desde el a\u00f1o 1972, toda vez que desde dicho momento la redacci\u00f3n del art\u00edculo 257 de la ley de sociedades se ha mantenido inalterada.<\/p>\n<p>Por lo dem\u00e1s, existen remedios contra los abusos en el ejercicio de dicha prerrogativa legal en manos de quienes se consideren perjudicados.<\/p>\n<p>Por <a href=\"https:\/\/www.linkedin.com\/in\/marianogramajo\/\">Mariano Gramajo<\/a>, Socio de Legales de Auren y <a href=\"https:\/\/www.linkedin.com\/in\/fernando-horacio-giorello-88658547\/\">Fernando H. Giorello<\/a>, Profesor de sociedades de la Universidad de Buenos Aires (UBA)<\/p>\n<p><!-- AddThis Advanced Settings generic via filter on the_content --><!-- AddThis Share Buttons generic via filter on the_content --><\/p>\n","protected":false},"excerpt":{"rendered":"<p>Durante los cuatro o cinco primeros meses de cada a\u00f1o se multiplican los planteos realizados, tanto por entidades financieras como por entes estatales, a sociedades con las que tienen relaci\u00f3n [&hellip;]<\/p>\n","protected":false},"featured_media":11967,"template":"","meta":{"_acf_changed":false,"footnotes":""},"blog-category":[],"class_list":["post-11966","blog","type-blog","status-publish","has-post-thumbnail","hentry"],"acf":[],"yoast_head":"<!-- This site is optimized with the Yoast SEO plugin v27.5 - https:\/\/yoast.com\/product\/yoast-seo-wordpress\/ -->\n<title>Los directores ante el vencimiento de su mandato - Auren Argentina<\/title>\n<meta name=\"robots\" content=\"index, follow, max-snippet:-1, max-image-preview:large, max-video-preview:-1\" \/>\n<link rel=\"canonical\" href=\"https:\/\/auren.com\/ar\/blog\/los-directores-ante-el-vencimiento-de-su-mandato\/\" \/>\n<meta property=\"og:locale\" content=\"es_ES\" \/>\n<meta property=\"og:type\" content=\"article\" \/>\n<meta property=\"og:title\" content=\"Los directores ante el vencimiento de su mandato - Auren Argentina\" \/>\n<meta property=\"og:description\" content=\"Durante los cuatro o cinco primeros meses de cada a\u00f1o se multiplican los planteos realizados, tanto por entidades financieras como por entes estatales, a sociedades con las que tienen relaci\u00f3n [&hellip;]\" \/>\n<meta property=\"og:url\" content=\"https:\/\/auren.com\/ar\/blog\/los-directores-ante-el-vencimiento-de-su-mandato\/\" \/>\n<meta property=\"og:site_name\" content=\"Auren Argentina\" \/>\n<meta property=\"article:publisher\" content=\"https:\/\/www.facebook.com\/AurenArg\/\" \/>\n<meta property=\"og:image\" content=\"https:\/\/auren.com\/ar\/wp-content\/uploads\/2020\/06\/FOTO-3-1.jpg\" \/>\n\t<meta property=\"og:image:width\" content=\"1200\" \/>\n\t<meta property=\"og:image:height\" content=\"675\" \/>\n\t<meta property=\"og:image:type\" content=\"image\/jpeg\" \/>\n<meta name=\"twitter:card\" content=\"summary_large_image\" \/>\n<meta name=\"twitter:site\" content=\"@AUREN_Argentina\" \/>\n<meta name=\"twitter:label1\" content=\"Tiempo de lectura\" \/>\n\t<meta name=\"twitter:data1\" content=\"4 minutos\" \/>\n<script type=\"application\/ld+json\" class=\"yoast-schema-graph\">{\"@context\":\"https:\\\/\\\/schema.org\",\"@graph\":[{\"@type\":\"WebPage\",\"@id\":\"https:\\\/\\\/auren.com\\\/ar\\\/blog\\\/los-directores-ante-el-vencimiento-de-su-mandato\\\/\",\"url\":\"https:\\\/\\\/auren.com\\\/ar\\\/blog\\\/los-directores-ante-el-vencimiento-de-su-mandato\\\/\",\"name\":\"Los directores ante el vencimiento de su mandato - Auren Argentina\",\"isPartOf\":{\"@id\":\"https:\\\/\\\/auren.com\\\/ar\\\/#website\"},\"primaryImageOfPage\":{\"@id\":\"https:\\\/\\\/auren.com\\\/ar\\\/blog\\\/los-directores-ante-el-vencimiento-de-su-mandato\\\/#primaryimage\"},\"image\":{\"@id\":\"https:\\\/\\\/auren.com\\\/ar\\\/blog\\\/los-directores-ante-el-vencimiento-de-su-mandato\\\/#primaryimage\"},\"thumbnailUrl\":\"https:\\\/\\\/auren.com\\\/ar\\\/wp-content\\\/uploads\\\/2020\\\/06\\\/FOTO-3-1.jpg\",\"datePublished\":\"2020-06-09T12:26:14+00:00\",\"breadcrumb\":{\"@id\":\"https:\\\/\\\/auren.com\\\/ar\\\/blog\\\/los-directores-ante-el-vencimiento-de-su-mandato\\\/#breadcrumb\"},\"inLanguage\":\"es\",\"potentialAction\":[{\"@type\":\"ReadAction\",\"target\":[\"https:\\\/\\\/auren.com\\\/ar\\\/blog\\\/los-directores-ante-el-vencimiento-de-su-mandato\\\/\"]}]},{\"@type\":\"ImageObject\",\"inLanguage\":\"es\",\"@id\":\"https:\\\/\\\/auren.com\\\/ar\\\/blog\\\/los-directores-ante-el-vencimiento-de-su-mandato\\\/#primaryimage\",\"url\":\"https:\\\/\\\/auren.com\\\/ar\\\/wp-content\\\/uploads\\\/2020\\\/06\\\/FOTO-3-1.jpg\",\"contentUrl\":\"https:\\\/\\\/auren.com\\\/ar\\\/wp-content\\\/uploads\\\/2020\\\/06\\\/FOTO-3-1.jpg\",\"width\":1200,\"height\":675},{\"@type\":\"BreadcrumbList\",\"@id\":\"https:\\\/\\\/auren.com\\\/ar\\\/blog\\\/los-directores-ante-el-vencimiento-de-su-mandato\\\/#breadcrumb\",\"itemListElement\":[{\"@type\":\"ListItem\",\"position\":1,\"name\":\"Portada\",\"item\":\"https:\\\/\\\/auren.com\\\/ar\\\/\"},{\"@type\":\"ListItem\",\"position\":2,\"name\":\"Los directores ante el vencimiento de su mandato\"}]},{\"@type\":\"WebSite\",\"@id\":\"https:\\\/\\\/auren.com\\\/ar\\\/#website\",\"url\":\"https:\\\/\\\/auren.com\\\/ar\\\/\",\"name\":\"Auren Argentina\",\"description\":\"\",\"publisher\":{\"@id\":\"https:\\\/\\\/auren.com\\\/ar\\\/#organization\"},\"potentialAction\":[{\"@type\":\"SearchAction\",\"target\":{\"@type\":\"EntryPoint\",\"urlTemplate\":\"https:\\\/\\\/auren.com\\\/ar\\\/?s={search_term_string}\"},\"query-input\":{\"@type\":\"PropertyValueSpecification\",\"valueRequired\":true,\"valueName\":\"search_term_string\"}}],\"inLanguage\":\"es\"},{\"@type\":\"Organization\",\"@id\":\"https:\\\/\\\/auren.com\\\/ar\\\/#organization\",\"name\":\"Auren Argentina\",\"url\":\"https:\\\/\\\/auren.com\\\/ar\\\/\",\"logo\":{\"@type\":\"ImageObject\",\"inLanguage\":\"es\",\"@id\":\"https:\\\/\\\/auren.com\\\/ar\\\/#\\\/schema\\\/logo\\\/image\\\/\",\"url\":\"https:\\\/\\\/auren.com\\\/ar\\\/wp-content\\\/uploads\\\/2025\\\/01\\\/cropped-cropped-favicon-Auren.png\",\"contentUrl\":\"https:\\\/\\\/auren.com\\\/ar\\\/wp-content\\\/uploads\\\/2025\\\/01\\\/cropped-cropped-favicon-Auren.png\",\"width\":512,\"height\":512,\"caption\":\"Auren Argentina\"},\"image\":{\"@id\":\"https:\\\/\\\/auren.com\\\/ar\\\/#\\\/schema\\\/logo\\\/image\\\/\"},\"sameAs\":[\"https:\\\/\\\/www.facebook.com\\\/AurenArg\\\/\",\"https:\\\/\\\/x.com\\\/AUREN_Argentina\",\"https:\\\/\\\/www.linkedin.com\\\/company\\\/aurenargentina\",\"https:\\\/\\\/www.youtube.com\\\/channel\\\/UCSCseiHMECB0uMBGF9wtjSw\",\"https:\\\/\\\/www.instagram.com\\\/aurenargentina\\\/\"]}]}<\/script>\n<!-- \/ Yoast SEO plugin. -->","yoast_head_json":{"title":"Los directores ante el vencimiento de su mandato - Auren Argentina","robots":{"index":"index","follow":"follow","max-snippet":"max-snippet:-1","max-image-preview":"max-image-preview:large","max-video-preview":"max-video-preview:-1"},"canonical":"https:\/\/auren.com\/ar\/blog\/los-directores-ante-el-vencimiento-de-su-mandato\/","og_locale":"es_ES","og_type":"article","og_title":"Los directores ante el vencimiento de su mandato - Auren Argentina","og_description":"Durante los cuatro o cinco primeros meses de cada a\u00f1o se multiplican los planteos realizados, tanto por entidades financieras como por entes estatales, a sociedades con las que tienen relaci\u00f3n [&hellip;]","og_url":"https:\/\/auren.com\/ar\/blog\/los-directores-ante-el-vencimiento-de-su-mandato\/","og_site_name":"Auren Argentina","article_publisher":"https:\/\/www.facebook.com\/AurenArg\/","og_image":[{"width":1200,"height":675,"url":"https:\/\/auren.com\/ar\/wp-content\/uploads\/2020\/06\/FOTO-3-1.jpg","type":"image\/jpeg"}],"twitter_card":"summary_large_image","twitter_site":"@AUREN_Argentina","twitter_misc":{"Tiempo de lectura":"4 minutos"},"schema":{"@context":"https:\/\/schema.org","@graph":[{"@type":"WebPage","@id":"https:\/\/auren.com\/ar\/blog\/los-directores-ante-el-vencimiento-de-su-mandato\/","url":"https:\/\/auren.com\/ar\/blog\/los-directores-ante-el-vencimiento-de-su-mandato\/","name":"Los directores ante el vencimiento de su mandato - Auren Argentina","isPartOf":{"@id":"https:\/\/auren.com\/ar\/#website"},"primaryImageOfPage":{"@id":"https:\/\/auren.com\/ar\/blog\/los-directores-ante-el-vencimiento-de-su-mandato\/#primaryimage"},"image":{"@id":"https:\/\/auren.com\/ar\/blog\/los-directores-ante-el-vencimiento-de-su-mandato\/#primaryimage"},"thumbnailUrl":"https:\/\/auren.com\/ar\/wp-content\/uploads\/2020\/06\/FOTO-3-1.jpg","datePublished":"2020-06-09T12:26:14+00:00","breadcrumb":{"@id":"https:\/\/auren.com\/ar\/blog\/los-directores-ante-el-vencimiento-de-su-mandato\/#breadcrumb"},"inLanguage":"es","potentialAction":[{"@type":"ReadAction","target":["https:\/\/auren.com\/ar\/blog\/los-directores-ante-el-vencimiento-de-su-mandato\/"]}]},{"@type":"ImageObject","inLanguage":"es","@id":"https:\/\/auren.com\/ar\/blog\/los-directores-ante-el-vencimiento-de-su-mandato\/#primaryimage","url":"https:\/\/auren.com\/ar\/wp-content\/uploads\/2020\/06\/FOTO-3-1.jpg","contentUrl":"https:\/\/auren.com\/ar\/wp-content\/uploads\/2020\/06\/FOTO-3-1.jpg","width":1200,"height":675},{"@type":"BreadcrumbList","@id":"https:\/\/auren.com\/ar\/blog\/los-directores-ante-el-vencimiento-de-su-mandato\/#breadcrumb","itemListElement":[{"@type":"ListItem","position":1,"name":"Portada","item":"https:\/\/auren.com\/ar\/"},{"@type":"ListItem","position":2,"name":"Los directores ante el vencimiento de su mandato"}]},{"@type":"WebSite","@id":"https:\/\/auren.com\/ar\/#website","url":"https:\/\/auren.com\/ar\/","name":"Auren Argentina","description":"","publisher":{"@id":"https:\/\/auren.com\/ar\/#organization"},"potentialAction":[{"@type":"SearchAction","target":{"@type":"EntryPoint","urlTemplate":"https:\/\/auren.com\/ar\/?s={search_term_string}"},"query-input":{"@type":"PropertyValueSpecification","valueRequired":true,"valueName":"search_term_string"}}],"inLanguage":"es"},{"@type":"Organization","@id":"https:\/\/auren.com\/ar\/#organization","name":"Auren Argentina","url":"https:\/\/auren.com\/ar\/","logo":{"@type":"ImageObject","inLanguage":"es","@id":"https:\/\/auren.com\/ar\/#\/schema\/logo\/image\/","url":"https:\/\/auren.com\/ar\/wp-content\/uploads\/2025\/01\/cropped-cropped-favicon-Auren.png","contentUrl":"https:\/\/auren.com\/ar\/wp-content\/uploads\/2025\/01\/cropped-cropped-favicon-Auren.png","width":512,"height":512,"caption":"Auren Argentina"},"image":{"@id":"https:\/\/auren.com\/ar\/#\/schema\/logo\/image\/"},"sameAs":["https:\/\/www.facebook.com\/AurenArg\/","https:\/\/x.com\/AUREN_Argentina","https:\/\/www.linkedin.com\/company\/aurenargentina","https:\/\/www.youtube.com\/channel\/UCSCseiHMECB0uMBGF9wtjSw","https:\/\/www.instagram.com\/aurenargentina\/"]}]}},"_links":{"self":[{"href":"https:\/\/auren.com\/ar\/wp-json\/wp\/v2\/blog\/11966","targetHints":{"allow":["GET"]}}],"collection":[{"href":"https:\/\/auren.com\/ar\/wp-json\/wp\/v2\/blog"}],"about":[{"href":"https:\/\/auren.com\/ar\/wp-json\/wp\/v2\/types\/blog"}],"version-history":[{"count":0,"href":"https:\/\/auren.com\/ar\/wp-json\/wp\/v2\/blog\/11966\/revisions"}],"wp:featuredmedia":[{"embeddable":true,"href":"https:\/\/auren.com\/ar\/wp-json\/wp\/v2\/media\/11967"}],"wp:attachment":[{"href":"https:\/\/auren.com\/ar\/wp-json\/wp\/v2\/media?parent=11966"}],"wp:term":[{"taxonomy":"blog-category","embeddable":true,"href":"https:\/\/auren.com\/ar\/wp-json\/wp\/v2\/blog-category?post=11966"}],"curies":[{"name":"wp","href":"https:\/\/api.w.org\/{rel}","templated":true}]}}