{"id":11970,"date":"2020-06-05T12:17:43","date_gmt":"2020-06-05T10:17:43","guid":{"rendered":"https:\/\/auren.com\/ar\/blog\/como-fortalecer-a-los-equipos-de-trabajo-frente-a-la-crisis\/"},"modified":"2020-06-05T12:17:43","modified_gmt":"2020-06-05T10:17:43","slug":"como-fortalecer-a-los-equipos-de-trabajo-frente-a-la-crisis","status":"publish","type":"blog","link":"https:\/\/auren.com\/ar\/blog\/como-fortalecer-a-los-equipos-de-trabajo-frente-a-la-crisis\/","title":{"rendered":"C\u00f3mo fortalecer a los equipos de trabajo frente a la crisis"},"content":{"rendered":"<p>El impacto que el Covid 19 caus\u00f3 en las personas es uno de los principales desaf\u00edos a los que se enfrentan las organizaciones.<\/p>\n<p>Muchas de ellas se est\u00e1n preguntando c\u00f3mo garantizar la efectividad de sus equipos en situaciones como la actual. Equipos que se vieron obligados a salir de su zona de confort de un d\u00eda para el otro, forzados a moverse en una situaci\u00f3n distinta, en la cual todo lo seguro y conocido desapareci\u00f3.&nbsp;<\/p>\n<p>Sin embargo, en medio de este contexto, surge tambi\u00e9n una gran oportunidad: la posibilidad de reconocer e incorporar aquellas competencias (conjuntos de conocimientos, actitudes y habilidades) que la empresa necesita para fortalecer a sus colaboradores con miras al nuevo escenario que se abre a partir de la llegada de la pandemia.<\/p>\n<p>A continuaci\u00f3n, compartiremos cinco competencias que, a nuestro criterio, son claves para que los equipos de trabajo puedan alcanzar el mayor aprendizaje posible de esta experiencia y salir fortalecidos.<\/p>\n<ul>\n<li><strong>Resiliencia: Oportunidad para aprender y fortalecerse.<\/strong><\/li>\n<\/ul>\n<p>Implica trabajar actitudes y comportamientos que permitan desarrollar la capacidad del equipo para soportar, afrontar y superar embates y adversidades. Con el prop\u00f3sito de que puedan capitalizar los aprendizajes que resultaron de la crisis para que, frente a futuras situaciones que despierten los mismos sentimientos de frustraci\u00f3n, stress, miedo, tristeza, etc., puedan responder de forma proactiva.<\/p>\n<ul>\n<li><strong>Actitud Proactiva: Oportunidad para ser creativos e innovar.<\/strong><\/li>\n<\/ul>\n<p>Se trata de aquella competencia que permita al equipo seguir actuando, a\u00fan cuando no tenga todo el conocimiento o los recursos necesarios. Sin desestimar lo complejo del contexto, implica desarrollar la capacidad de enfocarse en los recursos con los que s\u00ed cuenta y resaltar las fortalezas por sobre las amenazas, para as\u00ed enfrentar las circunstancias y buscar oportunidades.<\/p>\n<ul>\n<li><strong>Comunicaci\u00f3n: Oportunidad para construir v\u00ednculos de calidad.<\/strong><\/li>\n<\/ul>\n<p>Es una competencia fundamental, y atraviesa a todas las dem\u00e1s.&nbsp; Es importante que los l\u00edderes fomenten el desarrollo de habilidades de comunicaci\u00f3n efectiva en el equipo practicando la escucha activa y asertividad.&nbsp; Para as\u00ed, generar cercan\u00eda, adoptando una actitud de servicio para ofrecer ayuda y contener, as\u00ed como tambi\u00e9n, fortalecer v\u00ednculos de confianza que anime al equipo a expresar sus pensamientos y sentimientos frente a la incertidumbre de la crisis.<\/p>\n<ul>\n<li><strong>Inteligencia Emocional: <\/strong><strong>Oportunidad para el autoconocimiento y cercan\u00eda con los dem\u00e1s.<\/strong><\/li>\n<\/ul>\n<p>Desarrollar habilidades para gestionar las emociones es muy importante para fortalecer equipos. &nbsp;Ayuda a que sus integrantes, logren profundizar en la autoconciencia emocional, registrando qu\u00e9 les sucede tanto a nivel f\u00edsico como en sus pensamientos. &nbsp;As\u00ed como para mejorar la conexi\u00f3n y comunicaci\u00f3n con los dem\u00e1s, gracias al desarrollo de la habilidad de la empat\u00eda, que permite reconocer las emociones de los dem\u00e1s, ayudando a crear lazos de mayor cercan\u00eda y confianza.<\/p>\n<ul>\n<li><strong>Trabajo en Equipo y Colaboraci\u00f3n: Oportunidad para generar espacios de cocreaci\u00f3n.<\/strong><\/li>\n<\/ul>\n<p>Si bien no es nueva, con el Covid19, tom\u00f3 especial relevancia la competencia de \u201cTrabajo en equipo y la colaboraci\u00f3n\u201d, gracias a la mayor conciencia del impacto que nuestras acciones pueden tener en los dem\u00e1s. Por eso, es importante fomentar actitudes y comportamientos que habiliten a los equipos a que puedan trabajar en red, promoviendo la capacidad de desarrollar soluciones y propuestas de manera colaborativa y multidisciplinaria, rompiendo con visiones individualistas o de compartimientos estancos.<\/p>\n<p>Finalmente, cabe aclarar que, si bien en este art\u00edculo nos centramos en las cinco competencias que creemos fundamental implementar para fortalecer a los equipos, estas podr\u00edan ser distintas para cada organizaci\u00f3n, de acuerdo a su cultura, valores, prop\u00f3sito y a sus caracter\u00edsticas particulares. Lo que no cambiar\u00e1 es el resultado: equipos fortalecidos y preparados con miras a la \u201cnueva normalidad\u201d.<\/p>\n<p>Por Lic. <a href=\"https:\/\/www.linkedin.com\/in\/lic-cecilia-fari%C3%B1a-012149b\/\">Cecilia Fari\u00f1a<\/a>, Consultora HR Senior<\/p>\n<p><!-- AddThis Advanced Settings generic via filter on the_content --><!-- AddThis Share Buttons generic via filter on the_content --><\/p>\n","protected":false},"excerpt":{"rendered":"<p>El impacto que el Covid 19 caus\u00f3 en las personas es uno de los principales desaf\u00edos a los que se enfrentan las organizaciones. Muchas de ellas se est\u00e1n preguntando c\u00f3mo [&hellip;]<\/p>\n","protected":false},"featured_media":11971,"template":"","meta":{"_acf_changed":false,"footnotes":""},"blog-category":[],"class_list":["post-11970","blog","type-blog","status-publish","has-post-thumbnail","hentry"],"acf":[],"yoast_head":"<!-- This site is optimized with the Yoast SEO plugin v27.5 - https:\/\/yoast.com\/product\/yoast-seo-wordpress\/ -->\n<title>C\u00f3mo fortalecer a los equipos de trabajo frente a la crisis - Auren Argentina<\/title>\n<meta name=\"robots\" content=\"index, follow, max-snippet:-1, max-image-preview:large, max-video-preview:-1\" \/>\n<link rel=\"canonical\" href=\"https:\/\/auren.com\/ar\/blog\/como-fortalecer-a-los-equipos-de-trabajo-frente-a-la-crisis\/\" \/>\n<meta property=\"og:locale\" content=\"es_ES\" \/>\n<meta property=\"og:type\" content=\"article\" \/>\n<meta property=\"og:title\" content=\"C\u00f3mo fortalecer a los equipos de trabajo frente a la crisis - Auren Argentina\" \/>\n<meta property=\"og:description\" content=\"El impacto que el Covid 19 caus\u00f3 en las personas es uno de los principales desaf\u00edos a los que se enfrentan las organizaciones. Muchas de ellas se est\u00e1n preguntando c\u00f3mo [&hellip;]\" \/>\n<meta property=\"og:url\" content=\"https:\/\/auren.com\/ar\/blog\/como-fortalecer-a-los-equipos-de-trabajo-frente-a-la-crisis\/\" \/>\n<meta property=\"og:site_name\" content=\"Auren Argentina\" \/>\n<meta property=\"article:publisher\" content=\"https:\/\/www.facebook.com\/AurenArg\/\" \/>\n<meta property=\"og:image\" content=\"https:\/\/auren.com\/ar\/wp-content\/uploads\/2020\/06\/Equipo-e1585603486532-1.jpg\" \/>\n\t<meta property=\"og:image:width\" content=\"810\" \/>\n\t<meta property=\"og:image:height\" content=\"530\" \/>\n\t<meta property=\"og:image:type\" content=\"image\/jpeg\" \/>\n<meta name=\"twitter:card\" content=\"summary_large_image\" \/>\n<meta name=\"twitter:site\" content=\"@AUREN_Argentina\" \/>\n<meta name=\"twitter:label1\" content=\"Tiempo de lectura\" \/>\n\t<meta name=\"twitter:data1\" content=\"3 minutos\" \/>\n<script type=\"application\/ld+json\" class=\"yoast-schema-graph\">{\"@context\":\"https:\\\/\\\/schema.org\",\"@graph\":[{\"@type\":\"WebPage\",\"@id\":\"https:\\\/\\\/auren.com\\\/ar\\\/blog\\\/como-fortalecer-a-los-equipos-de-trabajo-frente-a-la-crisis\\\/\",\"url\":\"https:\\\/\\\/auren.com\\\/ar\\\/blog\\\/como-fortalecer-a-los-equipos-de-trabajo-frente-a-la-crisis\\\/\",\"name\":\"C\u00f3mo fortalecer a los equipos de trabajo frente a la crisis - Auren Argentina\",\"isPartOf\":{\"@id\":\"https:\\\/\\\/auren.com\\\/ar\\\/#website\"},\"primaryImageOfPage\":{\"@id\":\"https:\\\/\\\/auren.com\\\/ar\\\/blog\\\/como-fortalecer-a-los-equipos-de-trabajo-frente-a-la-crisis\\\/#primaryimage\"},\"image\":{\"@id\":\"https:\\\/\\\/auren.com\\\/ar\\\/blog\\\/como-fortalecer-a-los-equipos-de-trabajo-frente-a-la-crisis\\\/#primaryimage\"},\"thumbnailUrl\":\"https:\\\/\\\/auren.com\\\/ar\\\/wp-content\\\/uploads\\\/2020\\\/06\\\/Equipo-e1585603486532-1.jpg\",\"datePublished\":\"2020-06-05T10:17:43+00:00\",\"breadcrumb\":{\"@id\":\"https:\\\/\\\/auren.com\\\/ar\\\/blog\\\/como-fortalecer-a-los-equipos-de-trabajo-frente-a-la-crisis\\\/#breadcrumb\"},\"inLanguage\":\"es\",\"potentialAction\":[{\"@type\":\"ReadAction\",\"target\":[\"https:\\\/\\\/auren.com\\\/ar\\\/blog\\\/como-fortalecer-a-los-equipos-de-trabajo-frente-a-la-crisis\\\/\"]}]},{\"@type\":\"ImageObject\",\"inLanguage\":\"es\",\"@id\":\"https:\\\/\\\/auren.com\\\/ar\\\/blog\\\/como-fortalecer-a-los-equipos-de-trabajo-frente-a-la-crisis\\\/#primaryimage\",\"url\":\"https:\\\/\\\/auren.com\\\/ar\\\/wp-content\\\/uploads\\\/2020\\\/06\\\/Equipo-e1585603486532-1.jpg\",\"contentUrl\":\"https:\\\/\\\/auren.com\\\/ar\\\/wp-content\\\/uploads\\\/2020\\\/06\\\/Equipo-e1585603486532-1.jpg\",\"width\":810,\"height\":530},{\"@type\":\"BreadcrumbList\",\"@id\":\"https:\\\/\\\/auren.com\\\/ar\\\/blog\\\/como-fortalecer-a-los-equipos-de-trabajo-frente-a-la-crisis\\\/#breadcrumb\",\"itemListElement\":[{\"@type\":\"ListItem\",\"position\":1,\"name\":\"Portada\",\"item\":\"https:\\\/\\\/auren.com\\\/ar\\\/\"},{\"@type\":\"ListItem\",\"position\":2,\"name\":\"C\u00f3mo fortalecer a los equipos de trabajo frente a la crisis\"}]},{\"@type\":\"WebSite\",\"@id\":\"https:\\\/\\\/auren.com\\\/ar\\\/#website\",\"url\":\"https:\\\/\\\/auren.com\\\/ar\\\/\",\"name\":\"Auren Argentina\",\"description\":\"\",\"publisher\":{\"@id\":\"https:\\\/\\\/auren.com\\\/ar\\\/#organization\"},\"potentialAction\":[{\"@type\":\"SearchAction\",\"target\":{\"@type\":\"EntryPoint\",\"urlTemplate\":\"https:\\\/\\\/auren.com\\\/ar\\\/?s={search_term_string}\"},\"query-input\":{\"@type\":\"PropertyValueSpecification\",\"valueRequired\":true,\"valueName\":\"search_term_string\"}}],\"inLanguage\":\"es\"},{\"@type\":\"Organization\",\"@id\":\"https:\\\/\\\/auren.com\\\/ar\\\/#organization\",\"name\":\"Auren Argentina\",\"url\":\"https:\\\/\\\/auren.com\\\/ar\\\/\",\"logo\":{\"@type\":\"ImageObject\",\"inLanguage\":\"es\",\"@id\":\"https:\\\/\\\/auren.com\\\/ar\\\/#\\\/schema\\\/logo\\\/image\\\/\",\"url\":\"https:\\\/\\\/auren.com\\\/ar\\\/wp-content\\\/uploads\\\/2025\\\/01\\\/cropped-cropped-favicon-Auren.png\",\"contentUrl\":\"https:\\\/\\\/auren.com\\\/ar\\\/wp-content\\\/uploads\\\/2025\\\/01\\\/cropped-cropped-favicon-Auren.png\",\"width\":512,\"height\":512,\"caption\":\"Auren Argentina\"},\"image\":{\"@id\":\"https:\\\/\\\/auren.com\\\/ar\\\/#\\\/schema\\\/logo\\\/image\\\/\"},\"sameAs\":[\"https:\\\/\\\/www.facebook.com\\\/AurenArg\\\/\",\"https:\\\/\\\/x.com\\\/AUREN_Argentina\",\"https:\\\/\\\/www.linkedin.com\\\/company\\\/aurenargentina\",\"https:\\\/\\\/www.youtube.com\\\/channel\\\/UCSCseiHMECB0uMBGF9wtjSw\",\"https:\\\/\\\/www.instagram.com\\\/aurenargentina\\\/\"]}]}<\/script>\n<!-- \/ Yoast SEO plugin. -->","yoast_head_json":{"title":"C\u00f3mo fortalecer a los equipos de trabajo frente a la crisis - Auren Argentina","robots":{"index":"index","follow":"follow","max-snippet":"max-snippet:-1","max-image-preview":"max-image-preview:large","max-video-preview":"max-video-preview:-1"},"canonical":"https:\/\/auren.com\/ar\/blog\/como-fortalecer-a-los-equipos-de-trabajo-frente-a-la-crisis\/","og_locale":"es_ES","og_type":"article","og_title":"C\u00f3mo fortalecer a los equipos de trabajo frente a la crisis - Auren Argentina","og_description":"El impacto que el Covid 19 caus\u00f3 en las personas es uno de los principales desaf\u00edos a los que se enfrentan las organizaciones. Muchas de ellas se est\u00e1n preguntando c\u00f3mo [&hellip;]","og_url":"https:\/\/auren.com\/ar\/blog\/como-fortalecer-a-los-equipos-de-trabajo-frente-a-la-crisis\/","og_site_name":"Auren Argentina","article_publisher":"https:\/\/www.facebook.com\/AurenArg\/","og_image":[{"width":810,"height":530,"url":"https:\/\/auren.com\/ar\/wp-content\/uploads\/2020\/06\/Equipo-e1585603486532-1.jpg","type":"image\/jpeg"}],"twitter_card":"summary_large_image","twitter_site":"@AUREN_Argentina","twitter_misc":{"Tiempo de lectura":"3 minutos"},"schema":{"@context":"https:\/\/schema.org","@graph":[{"@type":"WebPage","@id":"https:\/\/auren.com\/ar\/blog\/como-fortalecer-a-los-equipos-de-trabajo-frente-a-la-crisis\/","url":"https:\/\/auren.com\/ar\/blog\/como-fortalecer-a-los-equipos-de-trabajo-frente-a-la-crisis\/","name":"C\u00f3mo fortalecer a los equipos de trabajo frente a la crisis - Auren Argentina","isPartOf":{"@id":"https:\/\/auren.com\/ar\/#website"},"primaryImageOfPage":{"@id":"https:\/\/auren.com\/ar\/blog\/como-fortalecer-a-los-equipos-de-trabajo-frente-a-la-crisis\/#primaryimage"},"image":{"@id":"https:\/\/auren.com\/ar\/blog\/como-fortalecer-a-los-equipos-de-trabajo-frente-a-la-crisis\/#primaryimage"},"thumbnailUrl":"https:\/\/auren.com\/ar\/wp-content\/uploads\/2020\/06\/Equipo-e1585603486532-1.jpg","datePublished":"2020-06-05T10:17:43+00:00","breadcrumb":{"@id":"https:\/\/auren.com\/ar\/blog\/como-fortalecer-a-los-equipos-de-trabajo-frente-a-la-crisis\/#breadcrumb"},"inLanguage":"es","potentialAction":[{"@type":"ReadAction","target":["https:\/\/auren.com\/ar\/blog\/como-fortalecer-a-los-equipos-de-trabajo-frente-a-la-crisis\/"]}]},{"@type":"ImageObject","inLanguage":"es","@id":"https:\/\/auren.com\/ar\/blog\/como-fortalecer-a-los-equipos-de-trabajo-frente-a-la-crisis\/#primaryimage","url":"https:\/\/auren.com\/ar\/wp-content\/uploads\/2020\/06\/Equipo-e1585603486532-1.jpg","contentUrl":"https:\/\/auren.com\/ar\/wp-content\/uploads\/2020\/06\/Equipo-e1585603486532-1.jpg","width":810,"height":530},{"@type":"BreadcrumbList","@id":"https:\/\/auren.com\/ar\/blog\/como-fortalecer-a-los-equipos-de-trabajo-frente-a-la-crisis\/#breadcrumb","itemListElement":[{"@type":"ListItem","position":1,"name":"Portada","item":"https:\/\/auren.com\/ar\/"},{"@type":"ListItem","position":2,"name":"C\u00f3mo fortalecer a los equipos de trabajo frente a la crisis"}]},{"@type":"WebSite","@id":"https:\/\/auren.com\/ar\/#website","url":"https:\/\/auren.com\/ar\/","name":"Auren Argentina","description":"","publisher":{"@id":"https:\/\/auren.com\/ar\/#organization"},"potentialAction":[{"@type":"SearchAction","target":{"@type":"EntryPoint","urlTemplate":"https:\/\/auren.com\/ar\/?s={search_term_string}"},"query-input":{"@type":"PropertyValueSpecification","valueRequired":true,"valueName":"search_term_string"}}],"inLanguage":"es"},{"@type":"Organization","@id":"https:\/\/auren.com\/ar\/#organization","name":"Auren Argentina","url":"https:\/\/auren.com\/ar\/","logo":{"@type":"ImageObject","inLanguage":"es","@id":"https:\/\/auren.com\/ar\/#\/schema\/logo\/image\/","url":"https:\/\/auren.com\/ar\/wp-content\/uploads\/2025\/01\/cropped-cropped-favicon-Auren.png","contentUrl":"https:\/\/auren.com\/ar\/wp-content\/uploads\/2025\/01\/cropped-cropped-favicon-Auren.png","width":512,"height":512,"caption":"Auren Argentina"},"image":{"@id":"https:\/\/auren.com\/ar\/#\/schema\/logo\/image\/"},"sameAs":["https:\/\/www.facebook.com\/AurenArg\/","https:\/\/x.com\/AUREN_Argentina","https:\/\/www.linkedin.com\/company\/aurenargentina","https:\/\/www.youtube.com\/channel\/UCSCseiHMECB0uMBGF9wtjSw","https:\/\/www.instagram.com\/aurenargentina\/"]}]}},"_links":{"self":[{"href":"https:\/\/auren.com\/ar\/wp-json\/wp\/v2\/blog\/11970","targetHints":{"allow":["GET"]}}],"collection":[{"href":"https:\/\/auren.com\/ar\/wp-json\/wp\/v2\/blog"}],"about":[{"href":"https:\/\/auren.com\/ar\/wp-json\/wp\/v2\/types\/blog"}],"version-history":[{"count":0,"href":"https:\/\/auren.com\/ar\/wp-json\/wp\/v2\/blog\/11970\/revisions"}],"wp:featuredmedia":[{"embeddable":true,"href":"https:\/\/auren.com\/ar\/wp-json\/wp\/v2\/media\/11971"}],"wp:attachment":[{"href":"https:\/\/auren.com\/ar\/wp-json\/wp\/v2\/media?parent=11970"}],"wp:term":[{"taxonomy":"blog-category","embeddable":true,"href":"https:\/\/auren.com\/ar\/wp-json\/wp\/v2\/blog-category?post=11970"}],"curies":[{"name":"wp","href":"https:\/\/api.w.org\/{rel}","templated":true}]}}