{"id":11982,"date":"2020-05-22T15:58:45","date_gmt":"2020-05-22T13:58:45","guid":{"rendered":"https:\/\/auren.com\/ar\/blog\/por-que-interim-it-management-services-o-it-advisory\/"},"modified":"2020-05-22T15:58:45","modified_gmt":"2020-05-22T13:58:45","slug":"por-que-interim-it-management-services-o-it-advisory","status":"publish","type":"blog","link":"https:\/\/auren.com\/ar\/blog\/por-que-interim-it-management-services-o-it-advisory\/","title":{"rendered":"\u00bfPor qu\u00e9 Interim IT Management Services o IT Advisory?"},"content":{"rendered":"<p>Hace unos meses present\u00e1bamos este tema como preponderante en el mundo de las organizaciones\u2026ahora m\u00e1s acelerado o hasta \u201cobligado\u201d por la pandemia: \u00a0la transformaci\u00f3n digital de las mismas.<\/p>\n<p>\u00bfC\u00f3mo respondemos a un ambiente de negocios agresivo, cambiante de la mano de la tecnolog\u00eda?\u00a0 \u00bfC\u00f3mo planteamos nuestro canal digital de generaci\u00f3n de revenue? \u00a0\u00bfC\u00f3mo logramos eficiencias operativas, o sencillamente reducir costos, acompa\u00f1ados por IT?\u00a0\u00bfc\u00f3mo nos adaptamos para operar a la distancia de clientes, proveedores, stakeholders?<\/p>\n<p>O si es m\u00e1s profundo, \u00bfC\u00f3mo vemos nuestro futuro modelo de negocios apalancando nuestra inversi\u00f3n en IT?<\/p>\n<p>Entonces, recomendamos como primer paso un diagn\u00f3stico, un \u201c<strong>assessment<\/strong>\u201d, referido al\u00a0<strong>nivel de madurez tecnol\u00f3gica de la empresa<\/strong>. Y a partir de all\u00ed los acompa\u00f1amos a responder esta pregunta: \u00bfQu\u00e9 pasos son realistas y c\u00f3mo debo darlos para que me hagan m\u00e1s competitivo y sustentable en el tiempo como empresa?\u00a0<\/p>\n<p>Y en una dimensi\u00f3n m\u00e1s personal\/cultural: \u00bfC\u00f3mo puedo adaptarme yo, ejecutivo, a estos cambios? \u00bfY c\u00f3mo sumo a mi equipo de Direcci\u00f3n o c\u00f3mo elijo a mis mujeres y hombres confiables para la Direcci\u00f3n de estas iniciativas o de estas nuevas l\u00edneas de negocio?<\/p>\n<p>Para ello, proponemos el servicio de Interim IT Management<strong>,\u00a0<\/strong>que consiste en\u00a0<strong>acompa\u00f1ar a las organizaciones en la toma de\u00a0 decisiones de IT\u00a0<\/strong>(que implican inversi\u00f3n o gastos en IT),<strong>\u00a0asumiendo temporariamente roles de los que no disponga para dar\u00a0estos pasos de revisi\u00f3n, actualizaci\u00f3n, planeamiento estrat\u00e9gico o de transformaci\u00f3n digital.<\/strong><\/p>\n<p><strong>\u00bfPor qu\u00e9 IT Auren?<\/strong><\/p>\n<p>Desde hace a\u00f1os y focalizados en temas anal\u00edticos, encontramos oportunidades de mejora en las empresas, en el orden de 2 o 3 puntos de rentabilidad, que se logran a partir del desarrollo de lo que llamamos\u00a0<strong>IQ+,\u00a0<\/strong>o como hoy lo llaman en el mercado: Data Literacy.\u00a0<\/p>\n<p>Es decir, generar\u00a0<strong>\u201cLa capacidad anal\u00edtica de los grupos de trabajo\u201d,<\/strong>\u00a0<strong>y<\/strong>\u00a0<strong>a partir de un mejor entendimiento del negocio, transformar la gesti\u00f3n de la empresa.<\/strong><br \/>\u00a0<br \/>Entonces, manteniendo esta vocaci\u00f3n de hacer una empresa \u201cinteligente\u201d, delgada, vamos a un paso anterior.<br \/>\u00a0<\/p>\n<ul>\n<li>\u00bfQu\u00e9 debo automatizar?<\/li>\n<li>\u00bfQu\u00e9 es lo que puedo hacer, con qu\u00e9 prioridad?<\/li>\n<li>\u00bfQu\u00e9 debo tener en cuenta, para tener esa visi\u00f3n \u201cdeseada\u201d del negocio, para tomar las mejores decisiones?<\/li>\n<\/ul>\n<p>\u00a0Y el assessment arranca con algunas columnas fundacionales:<br \/>\u00a0<\/p>\n<ul>\n<li>El Manejo de los procesos productivos, comerciales, de marketing, de soporte, el soporte administrativo y de las \u00e1reas de apoyo<\/li>\n<li>La visi\u00f3n estrat\u00e9gica y operativa sobre esos procesos que se han automatizado, y tambi\u00e9n incluyen decisiones relativas a infraestructura necesaria para operar, as\u00ed como la seguridad (etc).&nbsp;<\/li>\n<\/ul>\n<p>Los Ejecutivos deben estar preparados y contar con los medios e informaci\u00f3n para tomar decisiones en este mundo complejo. Para gerentes de \u00e1rea lo mismo, pero sobre particularidades de su funci\u00f3n.<br \/>Sobre IT, es complementarlo con experiencia y\/o recursos que no dispone en su plantilla, adem\u00e1s de acompa\u00f1arlo en su desarrollo profesional.<\/p>\n<p><strong>Nuestra propuesta de valor est\u00e1 justamente en acercarlos a estos objetivos.<\/strong><\/p>\n<ul>\n<li>Justamente est\u00e1 focalizado en la optimizaci\u00f3n de la base instalada, la identificaci\u00f3n de oportunidades de mejoras y haciendo part\u00edcipes a los ejecutivos, usuarios y las inversiones y costos operativos.<\/li>\n<\/ul>\n<ul>\n<li>Respecto a los servicios anal\u00edticos, en todos los casos deber\u00edan ser justificados por mejoras de costos internos.<\/li>\n<\/ul>\n<p>Por <a href=\"https:\/\/www.linkedin.com\/in\/gbargiq4bdiqmx\/\">Guillermo Blauzwirn<\/a>, Socio de IT de Auren <\/p>\n<p><!-- AddThis Advanced Settings generic via filter on the_content --><!-- AddThis Share Buttons generic via filter on the_content --><\/p>\n","protected":false},"excerpt":{"rendered":"<p>Hace unos meses present\u00e1bamos este tema como preponderante en el mundo de las organizaciones\u2026ahora m\u00e1s acelerado o hasta \u201cobligado\u201d por la pandemia: \u00a0la transformaci\u00f3n digital de las mismas. \u00bfC\u00f3mo respondemos [&hellip;]<\/p>\n","protected":false},"featured_media":11983,"template":"","meta":{"_acf_changed":false,"footnotes":""},"blog-category":[],"class_list":["post-11982","blog","type-blog","status-publish","has-post-thumbnail","hentry"],"acf":[],"yoast_head":"<!-- This site is optimized with the Yoast SEO plugin v27.5 - https:\/\/yoast.com\/product\/yoast-seo-wordpress\/ -->\n<title>\u00bfPor qu\u00e9 Interim IT Management Services o IT Advisory? - Auren Argentina<\/title>\n<meta name=\"robots\" content=\"index, follow, max-snippet:-1, max-image-preview:large, max-video-preview:-1\" \/>\n<link rel=\"canonical\" href=\"https:\/\/auren.com\/ar\/blog\/por-que-interim-it-management-services-o-it-advisory\/\" \/>\n<meta property=\"og:locale\" content=\"es_ES\" \/>\n<meta property=\"og:type\" content=\"article\" \/>\n<meta property=\"og:title\" content=\"\u00bfPor qu\u00e9 Interim IT Management Services o IT Advisory? - Auren Argentina\" \/>\n<meta property=\"og:description\" content=\"Hace unos meses present\u00e1bamos este tema como preponderante en el mundo de las organizaciones\u2026ahora m\u00e1s acelerado o hasta \u201cobligado\u201d por la pandemia: \u00a0la transformaci\u00f3n digital de las mismas. \u00bfC\u00f3mo respondemos [&hellip;]\" \/>\n<meta property=\"og:url\" content=\"https:\/\/auren.com\/ar\/blog\/por-que-interim-it-management-services-o-it-advisory\/\" \/>\n<meta property=\"og:site_name\" content=\"Auren Argentina\" \/>\n<meta property=\"article:publisher\" content=\"https:\/\/www.facebook.com\/AurenArg\/\" \/>\n<meta property=\"og:image\" content=\"https:\/\/auren.com\/ar\/wp-content\/uploads\/2020\/05\/itadvisory_blog-1.png\" \/>\n\t<meta property=\"og:image:width\" content=\"600\" \/>\n\t<meta property=\"og:image:height\" content=\"614\" \/>\n\t<meta property=\"og:image:type\" content=\"image\/png\" \/>\n<meta name=\"twitter:card\" content=\"summary_large_image\" \/>\n<meta name=\"twitter:site\" content=\"@AUREN_Argentina\" \/>\n<meta name=\"twitter:label1\" content=\"Tiempo de lectura\" \/>\n\t<meta name=\"twitter:data1\" content=\"3 minutos\" \/>\n<script type=\"application\/ld+json\" class=\"yoast-schema-graph\">{\"@context\":\"https:\\\/\\\/schema.org\",\"@graph\":[{\"@type\":\"WebPage\",\"@id\":\"https:\\\/\\\/auren.com\\\/ar\\\/blog\\\/por-que-interim-it-management-services-o-it-advisory\\\/\",\"url\":\"https:\\\/\\\/auren.com\\\/ar\\\/blog\\\/por-que-interim-it-management-services-o-it-advisory\\\/\",\"name\":\"\u00bfPor qu\u00e9 Interim IT Management Services o IT Advisory? - Auren Argentina\",\"isPartOf\":{\"@id\":\"https:\\\/\\\/auren.com\\\/ar\\\/#website\"},\"primaryImageOfPage\":{\"@id\":\"https:\\\/\\\/auren.com\\\/ar\\\/blog\\\/por-que-interim-it-management-services-o-it-advisory\\\/#primaryimage\"},\"image\":{\"@id\":\"https:\\\/\\\/auren.com\\\/ar\\\/blog\\\/por-que-interim-it-management-services-o-it-advisory\\\/#primaryimage\"},\"thumbnailUrl\":\"https:\\\/\\\/auren.com\\\/ar\\\/wp-content\\\/uploads\\\/2020\\\/05\\\/itadvisory_blog-1.png\",\"datePublished\":\"2020-05-22T13:58:45+00:00\",\"breadcrumb\":{\"@id\":\"https:\\\/\\\/auren.com\\\/ar\\\/blog\\\/por-que-interim-it-management-services-o-it-advisory\\\/#breadcrumb\"},\"inLanguage\":\"es\",\"potentialAction\":[{\"@type\":\"ReadAction\",\"target\":[\"https:\\\/\\\/auren.com\\\/ar\\\/blog\\\/por-que-interim-it-management-services-o-it-advisory\\\/\"]}]},{\"@type\":\"ImageObject\",\"inLanguage\":\"es\",\"@id\":\"https:\\\/\\\/auren.com\\\/ar\\\/blog\\\/por-que-interim-it-management-services-o-it-advisory\\\/#primaryimage\",\"url\":\"https:\\\/\\\/auren.com\\\/ar\\\/wp-content\\\/uploads\\\/2020\\\/05\\\/itadvisory_blog-1.png\",\"contentUrl\":\"https:\\\/\\\/auren.com\\\/ar\\\/wp-content\\\/uploads\\\/2020\\\/05\\\/itadvisory_blog-1.png\",\"width\":600,\"height\":614},{\"@type\":\"BreadcrumbList\",\"@id\":\"https:\\\/\\\/auren.com\\\/ar\\\/blog\\\/por-que-interim-it-management-services-o-it-advisory\\\/#breadcrumb\",\"itemListElement\":[{\"@type\":\"ListItem\",\"position\":1,\"name\":\"Portada\",\"item\":\"https:\\\/\\\/auren.com\\\/ar\\\/\"},{\"@type\":\"ListItem\",\"position\":2,\"name\":\"\u00bfPor qu\u00e9 Interim IT Management Services o IT Advisory?\"}]},{\"@type\":\"WebSite\",\"@id\":\"https:\\\/\\\/auren.com\\\/ar\\\/#website\",\"url\":\"https:\\\/\\\/auren.com\\\/ar\\\/\",\"name\":\"Auren Argentina\",\"description\":\"\",\"publisher\":{\"@id\":\"https:\\\/\\\/auren.com\\\/ar\\\/#organization\"},\"potentialAction\":[{\"@type\":\"SearchAction\",\"target\":{\"@type\":\"EntryPoint\",\"urlTemplate\":\"https:\\\/\\\/auren.com\\\/ar\\\/?s={search_term_string}\"},\"query-input\":{\"@type\":\"PropertyValueSpecification\",\"valueRequired\":true,\"valueName\":\"search_term_string\"}}],\"inLanguage\":\"es\"},{\"@type\":\"Organization\",\"@id\":\"https:\\\/\\\/auren.com\\\/ar\\\/#organization\",\"name\":\"Auren Argentina\",\"url\":\"https:\\\/\\\/auren.com\\\/ar\\\/\",\"logo\":{\"@type\":\"ImageObject\",\"inLanguage\":\"es\",\"@id\":\"https:\\\/\\\/auren.com\\\/ar\\\/#\\\/schema\\\/logo\\\/image\\\/\",\"url\":\"https:\\\/\\\/auren.com\\\/ar\\\/wp-content\\\/uploads\\\/2025\\\/01\\\/cropped-cropped-favicon-Auren.png\",\"contentUrl\":\"https:\\\/\\\/auren.com\\\/ar\\\/wp-content\\\/uploads\\\/2025\\\/01\\\/cropped-cropped-favicon-Auren.png\",\"width\":512,\"height\":512,\"caption\":\"Auren Argentina\"},\"image\":{\"@id\":\"https:\\\/\\\/auren.com\\\/ar\\\/#\\\/schema\\\/logo\\\/image\\\/\"},\"sameAs\":[\"https:\\\/\\\/www.facebook.com\\\/AurenArg\\\/\",\"https:\\\/\\\/x.com\\\/AUREN_Argentina\",\"https:\\\/\\\/www.linkedin.com\\\/company\\\/aurenargentina\",\"https:\\\/\\\/www.youtube.com\\\/channel\\\/UCSCseiHMECB0uMBGF9wtjSw\",\"https:\\\/\\\/www.instagram.com\\\/aurenargentina\\\/\"]}]}<\/script>\n<!-- \/ Yoast SEO plugin. -->","yoast_head_json":{"title":"\u00bfPor qu\u00e9 Interim IT Management Services o IT Advisory? - Auren Argentina","robots":{"index":"index","follow":"follow","max-snippet":"max-snippet:-1","max-image-preview":"max-image-preview:large","max-video-preview":"max-video-preview:-1"},"canonical":"https:\/\/auren.com\/ar\/blog\/por-que-interim-it-management-services-o-it-advisory\/","og_locale":"es_ES","og_type":"article","og_title":"\u00bfPor qu\u00e9 Interim IT Management Services o IT Advisory? - Auren Argentina","og_description":"Hace unos meses present\u00e1bamos este tema como preponderante en el mundo de las organizaciones\u2026ahora m\u00e1s acelerado o hasta \u201cobligado\u201d por la pandemia: \u00a0la transformaci\u00f3n digital de las mismas. \u00bfC\u00f3mo respondemos [&hellip;]","og_url":"https:\/\/auren.com\/ar\/blog\/por-que-interim-it-management-services-o-it-advisory\/","og_site_name":"Auren Argentina","article_publisher":"https:\/\/www.facebook.com\/AurenArg\/","og_image":[{"width":600,"height":614,"url":"https:\/\/auren.com\/ar\/wp-content\/uploads\/2020\/05\/itadvisory_blog-1.png","type":"image\/png"}],"twitter_card":"summary_large_image","twitter_site":"@AUREN_Argentina","twitter_misc":{"Tiempo de lectura":"3 minutos"},"schema":{"@context":"https:\/\/schema.org","@graph":[{"@type":"WebPage","@id":"https:\/\/auren.com\/ar\/blog\/por-que-interim-it-management-services-o-it-advisory\/","url":"https:\/\/auren.com\/ar\/blog\/por-que-interim-it-management-services-o-it-advisory\/","name":"\u00bfPor qu\u00e9 Interim IT Management Services o IT Advisory? - Auren Argentina","isPartOf":{"@id":"https:\/\/auren.com\/ar\/#website"},"primaryImageOfPage":{"@id":"https:\/\/auren.com\/ar\/blog\/por-que-interim-it-management-services-o-it-advisory\/#primaryimage"},"image":{"@id":"https:\/\/auren.com\/ar\/blog\/por-que-interim-it-management-services-o-it-advisory\/#primaryimage"},"thumbnailUrl":"https:\/\/auren.com\/ar\/wp-content\/uploads\/2020\/05\/itadvisory_blog-1.png","datePublished":"2020-05-22T13:58:45+00:00","breadcrumb":{"@id":"https:\/\/auren.com\/ar\/blog\/por-que-interim-it-management-services-o-it-advisory\/#breadcrumb"},"inLanguage":"es","potentialAction":[{"@type":"ReadAction","target":["https:\/\/auren.com\/ar\/blog\/por-que-interim-it-management-services-o-it-advisory\/"]}]},{"@type":"ImageObject","inLanguage":"es","@id":"https:\/\/auren.com\/ar\/blog\/por-que-interim-it-management-services-o-it-advisory\/#primaryimage","url":"https:\/\/auren.com\/ar\/wp-content\/uploads\/2020\/05\/itadvisory_blog-1.png","contentUrl":"https:\/\/auren.com\/ar\/wp-content\/uploads\/2020\/05\/itadvisory_blog-1.png","width":600,"height":614},{"@type":"BreadcrumbList","@id":"https:\/\/auren.com\/ar\/blog\/por-que-interim-it-management-services-o-it-advisory\/#breadcrumb","itemListElement":[{"@type":"ListItem","position":1,"name":"Portada","item":"https:\/\/auren.com\/ar\/"},{"@type":"ListItem","position":2,"name":"\u00bfPor qu\u00e9 Interim IT Management Services o IT Advisory?"}]},{"@type":"WebSite","@id":"https:\/\/auren.com\/ar\/#website","url":"https:\/\/auren.com\/ar\/","name":"Auren Argentina","description":"","publisher":{"@id":"https:\/\/auren.com\/ar\/#organization"},"potentialAction":[{"@type":"SearchAction","target":{"@type":"EntryPoint","urlTemplate":"https:\/\/auren.com\/ar\/?s={search_term_string}"},"query-input":{"@type":"PropertyValueSpecification","valueRequired":true,"valueName":"search_term_string"}}],"inLanguage":"es"},{"@type":"Organization","@id":"https:\/\/auren.com\/ar\/#organization","name":"Auren Argentina","url":"https:\/\/auren.com\/ar\/","logo":{"@type":"ImageObject","inLanguage":"es","@id":"https:\/\/auren.com\/ar\/#\/schema\/logo\/image\/","url":"https:\/\/auren.com\/ar\/wp-content\/uploads\/2025\/01\/cropped-cropped-favicon-Auren.png","contentUrl":"https:\/\/auren.com\/ar\/wp-content\/uploads\/2025\/01\/cropped-cropped-favicon-Auren.png","width":512,"height":512,"caption":"Auren Argentina"},"image":{"@id":"https:\/\/auren.com\/ar\/#\/schema\/logo\/image\/"},"sameAs":["https:\/\/www.facebook.com\/AurenArg\/","https:\/\/x.com\/AUREN_Argentina","https:\/\/www.linkedin.com\/company\/aurenargentina","https:\/\/www.youtube.com\/channel\/UCSCseiHMECB0uMBGF9wtjSw","https:\/\/www.instagram.com\/aurenargentina\/"]}]}},"_links":{"self":[{"href":"https:\/\/auren.com\/ar\/wp-json\/wp\/v2\/blog\/11982","targetHints":{"allow":["GET"]}}],"collection":[{"href":"https:\/\/auren.com\/ar\/wp-json\/wp\/v2\/blog"}],"about":[{"href":"https:\/\/auren.com\/ar\/wp-json\/wp\/v2\/types\/blog"}],"version-history":[{"count":0,"href":"https:\/\/auren.com\/ar\/wp-json\/wp\/v2\/blog\/11982\/revisions"}],"wp:featuredmedia":[{"embeddable":true,"href":"https:\/\/auren.com\/ar\/wp-json\/wp\/v2\/media\/11983"}],"wp:attachment":[{"href":"https:\/\/auren.com\/ar\/wp-json\/wp\/v2\/media?parent=11982"}],"wp:term":[{"taxonomy":"blog-category","embeddable":true,"href":"https:\/\/auren.com\/ar\/wp-json\/wp\/v2\/blog-category?post=11982"}],"curies":[{"name":"wp","href":"https:\/\/api.w.org\/{rel}","templated":true}]}}