{"id":12004,"date":"2020-05-08T14:41:44","date_gmt":"2020-05-08T12:41:44","guid":{"rendered":"https:\/\/auren.com\/ar\/blog\/cuando-el-mundo-tira-para-abajo-es-mejor-tener-un-plan-comunicacion-en-tiempos-de-crisis\/"},"modified":"2020-05-08T14:41:44","modified_gmt":"2020-05-08T12:41:44","slug":"cuando-el-mundo-tira-para-abajo-es-mejor-tener-un-plan-comunicacion-en-tiempos-de-crisis","status":"publish","type":"blog","link":"https:\/\/auren.com\/ar\/blog\/cuando-el-mundo-tira-para-abajo-es-mejor-tener-un-plan-comunicacion-en-tiempos-de-crisis\/","title":{"rendered":"Cuando el mundo tira para abajo, es mejor tener un plan. Comunicaci\u00f3n en tiempos de crisis."},"content":{"rendered":"<p>Ante toda emergencia, sea global (como actualmente lo es la crisis causada por el COVID-19) o local, es indispensable contar con un plan de comunicaci\u00f3n de contingencia. Debe tratarse de un replanteo integral de lo que la organizaci\u00f3n tiene para decirle a la sociedad. Por lo general, situaciones como la actual no est\u00e1n bajo nuestro control. Lo que s\u00ed depende de nosotros es la posibilidad de responder de manera acorde.<\/p>\n<p>A continuaci\u00f3n, listamos cinco buenas pr\u00e1cticas para comunicar en tiempos de crisis. Pero cabe aclarar que lo m\u00e1s importante a tener en cuenta al momento de aplicarlas es que la organizaci\u00f3n, como un todo, debe alinearse detr\u00e1s de los mensajes que se emiten.<\/p>\n<p><strong><em>La coherencia es de vital importancia, tanto para el p\u00fablico que recibe lo que la empresa transmite, como para sus propios integrantes que, especialmente en momentos de incertidumbre, necesitan poder darle sentido a su labor.<\/em><\/strong><em><\/em><\/p>\n<p>A continuaci\u00f3n, les compartimos algunas de las buenas pr\u00e1cticas aplicables a la comunicaci\u00f3n en tiempos de crisis:<\/p>\n<ol type=\"1\">\n<li><strong>Maximizar la sensibilidad a lo que sucede en el entorno<\/strong><\/li>\n<\/ol>\n<p>Estos momentos generan necesidades tangibles y emocionales, las personas buscan conexi\u00f3n, ser escuchadas y, en muchas ocasiones, requieren de apoyos concretos. La empresa puede cumplir un rol trascendental al estar al tanto de las dificultades y, dentro del marco de la responsabilidad social empresaria, ofrecer recursos que signifiquen un aporte real para la comunidad. Es importante tomar en cuenta que comunicar no significa solo emitir mensajes, sino tambi\u00e9n ser capaces de escuchar y dar respuestas.<\/p>\n<ul>\n<li><strong>Comunicar de manera proactiva<\/strong><\/li>\n<\/ul>\n<p>La comunidad suele estar ansiosa y \u00e1vida de informaci\u00f3n. La falta de conocimiento de lo que sucede es fuente de emociones ligadas a la incertidumbre. Emergen, por ejemplo, estados de \u00e1nimo tales como la ansiedad, el miedo y la depresi\u00f3n. Las organizaciones pueden ayudar a evitar que el p\u00fablico se enfrente a un vac\u00edo de comunicaci\u00f3n tomando la responsabilidad de proveer contenidos de calidad. Comunicar de manera proactiva y directa colabora con la tranquilidad del p\u00fablico que necesita informarse.<\/p>\n<p>La excelencia en la comunicaci\u00f3n externa resulta, muchas veces, en un alivio para los integrantes de la organizaci\u00f3n, que no tendr\u00e1n que responder las mismas preguntas una y otra vez. Hemos observado que el clima organizacional se ve directamente afectado por la calidad de lo que se comunica hacia afuera. A tal fin, resultan especialmente \u00fatiles los sitios web y mensajes enviados por mail, SMS e incluso publicaciones en medios gr\u00e1ficos.<\/p>\n<ul>\n<li><strong>Sostener el foco comunicacional en el cliente<\/strong><\/li>\n<\/ul>\n<p>Toda la comunidad de negocios tiende naturalmente a priorizar su sustentabilidad interna, gener\u00e1ndose de este modo un cierto ostracismo. Desde nuestro rol de consultores, impulsamos a nuestros clientes a abrirse proactivamente y, de este modo, estrechar lazos desde una interacci\u00f3n emp\u00e1tica. La relaci\u00f3n proveedor-cliente puede debilitarse o fortalecerse, seg\u00fan se act\u00fae durante los tiempos de mayor caos. Las crisis son momentos en los que las organizaciones deben ser m\u00e1s humanas, ofrecer respuestas aut\u00e9nticas y sensibles. Un buen ejercicio es ponerse en el lugar de los clientes y pensar en sus necesidades, c\u00f3mo se les puede ayudar a satisfacerlas, y de este modo, ahorrarles inconvenientes.<\/p>\n<ul>\n<li><strong>Inspirar a la audiencia<\/strong><\/li>\n<\/ul>\n<p>Quienes nos especializamos en comunicaci\u00f3n estrat\u00e9gica somos muy conscientes del poder que tiene la palabra. Nuestros valores organizacionales, aquellos que en tiempos de normalidad inspiran nuestras pr\u00e1cticas internas, pueden ser tambi\u00e9n impulsores sociales, inspirando y fortaleciendo a la audiencia a trav\u00e9s de mensajes optimistas y comprometidos con un futuro mejor para todos. Esto, sin duda, redundar\u00e1 en un aumento del valor de la marca y se traducir\u00e1 en una mayor preferencia por parte del consumidor.<\/p>\n<p><strong><em>Lo que se hace en tiempos dif\u00edciles permanece en la memoria colectiva cuando las cosas mejoran.<\/em><\/strong><\/p>\n<ul>\n<li><strong>Verificar el mensaje transmitido<\/strong><\/li>\n<\/ul>\n<p>Es clave asegurar la coherencia de los mensajes que se emiten a trav\u00e9s de los diversos medios. La alineaci\u00f3n de lo que se dice y lo que se hace resulta en un elemento cr\u00edtico de la confianza ante la sociedad. La democratizaci\u00f3n de las nuevas tecnolog\u00edas ha puesto al alcance de todos la posibilidad de expresar sus opiniones con un alto nivel de impacto, evidenciando los errores e incoherencias comunicacionales de las empresas. En pocas palabras, comunicar es un acto estrat\u00e9gico que requiere de profesionalismo y adecuada planificaci\u00f3n.<\/p>\n<p>Para propiciar la coherencia integral de la comunicaci\u00f3n, esta no puede provenir tan s\u00f3lo de la iniciativa y el criterio de \u00e1reas centralizadas. En realidad, se trata del producto generado por la acci\u00f3n mancomunada de todos los miembros de la organizaci\u00f3n. Sin embargo, es una buena pr\u00e1ctica contar con un comit\u00e9 de crisis multidisciplinario, que priorice y canalice todos los aspectos de la comunicaci\u00f3n de contingencia. En resumen, es importante fomentar un di\u00e1logo natural entre la organizaci\u00f3n y su audiencia, pero tambi\u00e9n lo es establecer una estrategia frente al escenario de crisis, que enmarque cada acci\u00f3n de comunicaci\u00f3n en un plan con una secuencia l\u00f3gica, conscientemente direccionado hacia los objetivos que se desean alcanzar hasta que emerja una nueva normalidad. &nbsp;<\/p>\n<p><a href=\"https:\/\/www.linkedin.com\/in\/lionel-steinberg\/\">Lionel Steinberg,<\/a> Consultor HR Senior y Jos\u00e9 Saha, Director de Consultor\u00eda HR<\/p>\n<p><!-- AddThis Advanced Settings generic via filter on the_content --><!-- AddThis Share Buttons generic via filter on the_content --><\/p>\n","protected":false},"excerpt":{"rendered":"<p>Ante toda emergencia, sea global (como actualmente lo es la crisis causada por el COVID-19) o local, es indispensable contar con un plan de comunicaci\u00f3n de contingencia. Debe tratarse de [&hellip;]<\/p>\n","protected":false},"featured_media":12005,"template":"","meta":{"_acf_changed":false,"footnotes":""},"blog-category":[],"class_list":["post-12004","blog","type-blog","status-publish","has-post-thumbnail","hentry"],"acf":[],"yoast_head":"<!-- This site is optimized with the Yoast SEO plugin v27.5 - https:\/\/yoast.com\/product\/yoast-seo-wordpress\/ -->\n<title>Cuando el mundo tira para abajo, es mejor tener un plan. Comunicaci\u00f3n en tiempos de crisis. - Auren Argentina<\/title>\n<meta name=\"robots\" content=\"index, follow, max-snippet:-1, max-image-preview:large, max-video-preview:-1\" \/>\n<link rel=\"canonical\" href=\"https:\/\/auren.com\/ar\/blog\/cuando-el-mundo-tira-para-abajo-es-mejor-tener-un-plan-comunicacion-en-tiempos-de-crisis\/\" \/>\n<meta property=\"og:locale\" content=\"es_ES\" \/>\n<meta property=\"og:type\" content=\"article\" \/>\n<meta property=\"og:title\" content=\"Cuando el mundo tira para abajo, es mejor tener un plan. Comunicaci\u00f3n en tiempos de crisis. - Auren Argentina\" \/>\n<meta property=\"og:description\" content=\"Ante toda emergencia, sea global (como actualmente lo es la crisis causada por el COVID-19) o local, es indispensable contar con un plan de comunicaci\u00f3n de contingencia. Debe tratarse de [&hellip;]\" \/>\n<meta property=\"og:url\" content=\"https:\/\/auren.com\/ar\/blog\/cuando-el-mundo-tira-para-abajo-es-mejor-tener-un-plan-comunicacion-en-tiempos-de-crisis\/\" \/>\n<meta property=\"og:site_name\" content=\"Auren Argentina\" \/>\n<meta property=\"article:publisher\" content=\"https:\/\/www.facebook.com\/AurenArg\/\" \/>\n<meta property=\"og:image\" content=\"https:\/\/auren.com\/ar\/wp-content\/uploads\/2020\/05\/descarga-2-2-1.jpg\" \/>\n\t<meta property=\"og:image:width\" content=\"980\" \/>\n\t<meta property=\"og:image:height\" content=\"497\" \/>\n\t<meta property=\"og:image:type\" content=\"image\/jpeg\" \/>\n<meta name=\"twitter:card\" content=\"summary_large_image\" \/>\n<meta name=\"twitter:site\" content=\"@AUREN_Argentina\" \/>\n<meta name=\"twitter:label1\" content=\"Tiempo de lectura\" \/>\n\t<meta name=\"twitter:data1\" content=\"4 minutos\" \/>\n<script type=\"application\/ld+json\" class=\"yoast-schema-graph\">{\"@context\":\"https:\\\/\\\/schema.org\",\"@graph\":[{\"@type\":\"WebPage\",\"@id\":\"https:\\\/\\\/auren.com\\\/ar\\\/blog\\\/cuando-el-mundo-tira-para-abajo-es-mejor-tener-un-plan-comunicacion-en-tiempos-de-crisis\\\/\",\"url\":\"https:\\\/\\\/auren.com\\\/ar\\\/blog\\\/cuando-el-mundo-tira-para-abajo-es-mejor-tener-un-plan-comunicacion-en-tiempos-de-crisis\\\/\",\"name\":\"Cuando el mundo tira para abajo, es mejor tener un plan. Comunicaci\u00f3n en tiempos de crisis. - Auren Argentina\",\"isPartOf\":{\"@id\":\"https:\\\/\\\/auren.com\\\/ar\\\/#website\"},\"primaryImageOfPage\":{\"@id\":\"https:\\\/\\\/auren.com\\\/ar\\\/blog\\\/cuando-el-mundo-tira-para-abajo-es-mejor-tener-un-plan-comunicacion-en-tiempos-de-crisis\\\/#primaryimage\"},\"image\":{\"@id\":\"https:\\\/\\\/auren.com\\\/ar\\\/blog\\\/cuando-el-mundo-tira-para-abajo-es-mejor-tener-un-plan-comunicacion-en-tiempos-de-crisis\\\/#primaryimage\"},\"thumbnailUrl\":\"https:\\\/\\\/auren.com\\\/ar\\\/wp-content\\\/uploads\\\/2020\\\/05\\\/descarga-2-2-1.jpg\",\"datePublished\":\"2020-05-08T12:41:44+00:00\",\"breadcrumb\":{\"@id\":\"https:\\\/\\\/auren.com\\\/ar\\\/blog\\\/cuando-el-mundo-tira-para-abajo-es-mejor-tener-un-plan-comunicacion-en-tiempos-de-crisis\\\/#breadcrumb\"},\"inLanguage\":\"es\",\"potentialAction\":[{\"@type\":\"ReadAction\",\"target\":[\"https:\\\/\\\/auren.com\\\/ar\\\/blog\\\/cuando-el-mundo-tira-para-abajo-es-mejor-tener-un-plan-comunicacion-en-tiempos-de-crisis\\\/\"]}]},{\"@type\":\"ImageObject\",\"inLanguage\":\"es\",\"@id\":\"https:\\\/\\\/auren.com\\\/ar\\\/blog\\\/cuando-el-mundo-tira-para-abajo-es-mejor-tener-un-plan-comunicacion-en-tiempos-de-crisis\\\/#primaryimage\",\"url\":\"https:\\\/\\\/auren.com\\\/ar\\\/wp-content\\\/uploads\\\/2020\\\/05\\\/descarga-2-2-1.jpg\",\"contentUrl\":\"https:\\\/\\\/auren.com\\\/ar\\\/wp-content\\\/uploads\\\/2020\\\/05\\\/descarga-2-2-1.jpg\",\"width\":980,\"height\":497},{\"@type\":\"BreadcrumbList\",\"@id\":\"https:\\\/\\\/auren.com\\\/ar\\\/blog\\\/cuando-el-mundo-tira-para-abajo-es-mejor-tener-un-plan-comunicacion-en-tiempos-de-crisis\\\/#breadcrumb\",\"itemListElement\":[{\"@type\":\"ListItem\",\"position\":1,\"name\":\"Portada\",\"item\":\"https:\\\/\\\/auren.com\\\/ar\\\/\"},{\"@type\":\"ListItem\",\"position\":2,\"name\":\"Cuando el mundo tira para abajo, es mejor tener un plan. Comunicaci\u00f3n en tiempos de crisis.\"}]},{\"@type\":\"WebSite\",\"@id\":\"https:\\\/\\\/auren.com\\\/ar\\\/#website\",\"url\":\"https:\\\/\\\/auren.com\\\/ar\\\/\",\"name\":\"Auren Argentina\",\"description\":\"\",\"publisher\":{\"@id\":\"https:\\\/\\\/auren.com\\\/ar\\\/#organization\"},\"potentialAction\":[{\"@type\":\"SearchAction\",\"target\":{\"@type\":\"EntryPoint\",\"urlTemplate\":\"https:\\\/\\\/auren.com\\\/ar\\\/?s={search_term_string}\"},\"query-input\":{\"@type\":\"PropertyValueSpecification\",\"valueRequired\":true,\"valueName\":\"search_term_string\"}}],\"inLanguage\":\"es\"},{\"@type\":\"Organization\",\"@id\":\"https:\\\/\\\/auren.com\\\/ar\\\/#organization\",\"name\":\"Auren Argentina\",\"url\":\"https:\\\/\\\/auren.com\\\/ar\\\/\",\"logo\":{\"@type\":\"ImageObject\",\"inLanguage\":\"es\",\"@id\":\"https:\\\/\\\/auren.com\\\/ar\\\/#\\\/schema\\\/logo\\\/image\\\/\",\"url\":\"https:\\\/\\\/auren.com\\\/ar\\\/wp-content\\\/uploads\\\/2025\\\/01\\\/cropped-cropped-favicon-Auren.png\",\"contentUrl\":\"https:\\\/\\\/auren.com\\\/ar\\\/wp-content\\\/uploads\\\/2025\\\/01\\\/cropped-cropped-favicon-Auren.png\",\"width\":512,\"height\":512,\"caption\":\"Auren Argentina\"},\"image\":{\"@id\":\"https:\\\/\\\/auren.com\\\/ar\\\/#\\\/schema\\\/logo\\\/image\\\/\"},\"sameAs\":[\"https:\\\/\\\/www.facebook.com\\\/AurenArg\\\/\",\"https:\\\/\\\/x.com\\\/AUREN_Argentina\",\"https:\\\/\\\/www.linkedin.com\\\/company\\\/aurenargentina\",\"https:\\\/\\\/www.youtube.com\\\/channel\\\/UCSCseiHMECB0uMBGF9wtjSw\",\"https:\\\/\\\/www.instagram.com\\\/aurenargentina\\\/\"]}]}<\/script>\n<!-- \/ Yoast SEO plugin. -->","yoast_head_json":{"title":"Cuando el mundo tira para abajo, es mejor tener un plan. Comunicaci\u00f3n en tiempos de crisis. - Auren Argentina","robots":{"index":"index","follow":"follow","max-snippet":"max-snippet:-1","max-image-preview":"max-image-preview:large","max-video-preview":"max-video-preview:-1"},"canonical":"https:\/\/auren.com\/ar\/blog\/cuando-el-mundo-tira-para-abajo-es-mejor-tener-un-plan-comunicacion-en-tiempos-de-crisis\/","og_locale":"es_ES","og_type":"article","og_title":"Cuando el mundo tira para abajo, es mejor tener un plan. Comunicaci\u00f3n en tiempos de crisis. - Auren Argentina","og_description":"Ante toda emergencia, sea global (como actualmente lo es la crisis causada por el COVID-19) o local, es indispensable contar con un plan de comunicaci\u00f3n de contingencia. Debe tratarse de [&hellip;]","og_url":"https:\/\/auren.com\/ar\/blog\/cuando-el-mundo-tira-para-abajo-es-mejor-tener-un-plan-comunicacion-en-tiempos-de-crisis\/","og_site_name":"Auren Argentina","article_publisher":"https:\/\/www.facebook.com\/AurenArg\/","og_image":[{"width":980,"height":497,"url":"https:\/\/auren.com\/ar\/wp-content\/uploads\/2020\/05\/descarga-2-2-1.jpg","type":"image\/jpeg"}],"twitter_card":"summary_large_image","twitter_site":"@AUREN_Argentina","twitter_misc":{"Tiempo de lectura":"4 minutos"},"schema":{"@context":"https:\/\/schema.org","@graph":[{"@type":"WebPage","@id":"https:\/\/auren.com\/ar\/blog\/cuando-el-mundo-tira-para-abajo-es-mejor-tener-un-plan-comunicacion-en-tiempos-de-crisis\/","url":"https:\/\/auren.com\/ar\/blog\/cuando-el-mundo-tira-para-abajo-es-mejor-tener-un-plan-comunicacion-en-tiempos-de-crisis\/","name":"Cuando el mundo tira para abajo, es mejor tener un plan. Comunicaci\u00f3n en tiempos de crisis. - Auren Argentina","isPartOf":{"@id":"https:\/\/auren.com\/ar\/#website"},"primaryImageOfPage":{"@id":"https:\/\/auren.com\/ar\/blog\/cuando-el-mundo-tira-para-abajo-es-mejor-tener-un-plan-comunicacion-en-tiempos-de-crisis\/#primaryimage"},"image":{"@id":"https:\/\/auren.com\/ar\/blog\/cuando-el-mundo-tira-para-abajo-es-mejor-tener-un-plan-comunicacion-en-tiempos-de-crisis\/#primaryimage"},"thumbnailUrl":"https:\/\/auren.com\/ar\/wp-content\/uploads\/2020\/05\/descarga-2-2-1.jpg","datePublished":"2020-05-08T12:41:44+00:00","breadcrumb":{"@id":"https:\/\/auren.com\/ar\/blog\/cuando-el-mundo-tira-para-abajo-es-mejor-tener-un-plan-comunicacion-en-tiempos-de-crisis\/#breadcrumb"},"inLanguage":"es","potentialAction":[{"@type":"ReadAction","target":["https:\/\/auren.com\/ar\/blog\/cuando-el-mundo-tira-para-abajo-es-mejor-tener-un-plan-comunicacion-en-tiempos-de-crisis\/"]}]},{"@type":"ImageObject","inLanguage":"es","@id":"https:\/\/auren.com\/ar\/blog\/cuando-el-mundo-tira-para-abajo-es-mejor-tener-un-plan-comunicacion-en-tiempos-de-crisis\/#primaryimage","url":"https:\/\/auren.com\/ar\/wp-content\/uploads\/2020\/05\/descarga-2-2-1.jpg","contentUrl":"https:\/\/auren.com\/ar\/wp-content\/uploads\/2020\/05\/descarga-2-2-1.jpg","width":980,"height":497},{"@type":"BreadcrumbList","@id":"https:\/\/auren.com\/ar\/blog\/cuando-el-mundo-tira-para-abajo-es-mejor-tener-un-plan-comunicacion-en-tiempos-de-crisis\/#breadcrumb","itemListElement":[{"@type":"ListItem","position":1,"name":"Portada","item":"https:\/\/auren.com\/ar\/"},{"@type":"ListItem","position":2,"name":"Cuando el mundo tira para abajo, es mejor tener un plan. Comunicaci\u00f3n en tiempos de crisis."}]},{"@type":"WebSite","@id":"https:\/\/auren.com\/ar\/#website","url":"https:\/\/auren.com\/ar\/","name":"Auren Argentina","description":"","publisher":{"@id":"https:\/\/auren.com\/ar\/#organization"},"potentialAction":[{"@type":"SearchAction","target":{"@type":"EntryPoint","urlTemplate":"https:\/\/auren.com\/ar\/?s={search_term_string}"},"query-input":{"@type":"PropertyValueSpecification","valueRequired":true,"valueName":"search_term_string"}}],"inLanguage":"es"},{"@type":"Organization","@id":"https:\/\/auren.com\/ar\/#organization","name":"Auren Argentina","url":"https:\/\/auren.com\/ar\/","logo":{"@type":"ImageObject","inLanguage":"es","@id":"https:\/\/auren.com\/ar\/#\/schema\/logo\/image\/","url":"https:\/\/auren.com\/ar\/wp-content\/uploads\/2025\/01\/cropped-cropped-favicon-Auren.png","contentUrl":"https:\/\/auren.com\/ar\/wp-content\/uploads\/2025\/01\/cropped-cropped-favicon-Auren.png","width":512,"height":512,"caption":"Auren Argentina"},"image":{"@id":"https:\/\/auren.com\/ar\/#\/schema\/logo\/image\/"},"sameAs":["https:\/\/www.facebook.com\/AurenArg\/","https:\/\/x.com\/AUREN_Argentina","https:\/\/www.linkedin.com\/company\/aurenargentina","https:\/\/www.youtube.com\/channel\/UCSCseiHMECB0uMBGF9wtjSw","https:\/\/www.instagram.com\/aurenargentina\/"]}]}},"_links":{"self":[{"href":"https:\/\/auren.com\/ar\/wp-json\/wp\/v2\/blog\/12004","targetHints":{"allow":["GET"]}}],"collection":[{"href":"https:\/\/auren.com\/ar\/wp-json\/wp\/v2\/blog"}],"about":[{"href":"https:\/\/auren.com\/ar\/wp-json\/wp\/v2\/types\/blog"}],"version-history":[{"count":0,"href":"https:\/\/auren.com\/ar\/wp-json\/wp\/v2\/blog\/12004\/revisions"}],"wp:featuredmedia":[{"embeddable":true,"href":"https:\/\/auren.com\/ar\/wp-json\/wp\/v2\/media\/12005"}],"wp:attachment":[{"href":"https:\/\/auren.com\/ar\/wp-json\/wp\/v2\/media?parent=12004"}],"wp:term":[{"taxonomy":"blog-category","embeddable":true,"href":"https:\/\/auren.com\/ar\/wp-json\/wp\/v2\/blog-category?post=12004"}],"curies":[{"name":"wp","href":"https:\/\/api.w.org\/{rel}","templated":true}]}}