{"id":12011,"date":"2020-05-07T12:16:16","date_gmt":"2020-05-07T10:16:16","guid":{"rendered":"https:\/\/auren.com\/ar\/blog\/prorroga-de-la-prohibicion-de-cierre-de-cuentas-bancarias\/"},"modified":"2020-05-07T12:16:16","modified_gmt":"2020-05-07T10:16:16","slug":"prorroga-de-la-prohibicion-de-cierre-de-cuentas-bancarias","status":"publish","type":"blog","link":"https:\/\/auren.com\/ar\/blog\/prorroga-de-la-prohibicion-de-cierre-de-cuentas-bancarias\/","title":{"rendered":"Pr\u00f3rroga de la prohibici\u00f3n de cierre de cuentas bancarias"},"content":{"rendered":"<p>Con fecha 30 de abril de 2020 el Poder Ejecutivo Nacional dict\u00f3 el Decreto N\u00b0 425\/2020 (el \u201cDecreto\u201d) por el que prorroga hasta el 30 de junio de 2020 la suspensi\u00f3n del pago de multas, cierre de cuentas bancarias y la inhabilitaci\u00f3n prevista por la Ley N\u00b0 25.730, suspensi\u00f3n que fuera originalmente establecida por el Decreto de Necesidad y Urgencia N\u00b0 312\/2020.<\/p>\n<p>La ley referida establece que el librador de un cheque rechazado por falta de fondos, o sin autorizaci\u00f3n para girar en descubierto, o por defectos formales ser\u00e1 sancionado con una multa y que, en caso de no ser satisfecha dicha multa dentro de los 30 d\u00edas del rechazo, corresponder\u00e1 el cierre de la cuenta corriente e inhabilitaci\u00f3n.<\/p>\n<p>De esta manera, las sanciones indicadas no ser\u00e1n aplicadas hasta el 30 de junio de 2020, inclusive.<\/p>\n<p>Por Ferm\u00edn O. Castro Madero (<a href=\"mailto:fcastromadero@bue.auren.com\">fcastromadero@bue.auren.com<\/a>) , Mariano Gramajo (<a href=\"mailto:mgramajo@bue.auren.com\">mgramajo@bue.auren.com<\/a>) y  Mart\u00edn J. Lanfranco (<a href=\"mailto:mlanfranco@bue.auren.com\">mlanfranco@bue.auren.com<\/a>), Socio de Legales <\/p>\n<p><!-- AddThis Advanced Settings generic via filter on the_content --><!-- AddThis Share Buttons generic via filter on the_content --><\/p>\n","protected":false},"excerpt":{"rendered":"<p>Con fecha 30 de abril de 2020 el Poder Ejecutivo Nacional dict\u00f3 el Decreto N\u00b0 425\/2020 (el \u201cDecreto\u201d) por el que prorroga hasta el 30 de junio de 2020 la [&hellip;]<\/p>\n","protected":false},"featured_media":12012,"template":"","meta":{"_acf_changed":false,"footnotes":""},"blog-category":[],"class_list":["post-12011","blog","type-blog","status-publish","has-post-thumbnail","hentry"],"acf":[],"yoast_head":"<!-- This site is optimized with the Yoast SEO plugin v27.5 - https:\/\/yoast.com\/product\/yoast-seo-wordpress\/ -->\n<title>Pr\u00f3rroga de la prohibici\u00f3n de cierre de cuentas bancarias - Auren Argentina<\/title>\n<meta name=\"robots\" content=\"index, follow, max-snippet:-1, max-image-preview:large, max-video-preview:-1\" \/>\n<link rel=\"canonical\" href=\"https:\/\/auren.com\/ar\/blog\/prorroga-de-la-prohibicion-de-cierre-de-cuentas-bancarias\/\" \/>\n<meta property=\"og:locale\" content=\"es_ES\" \/>\n<meta property=\"og:type\" content=\"article\" \/>\n<meta property=\"og:title\" content=\"Pr\u00f3rroga de la prohibici\u00f3n de cierre de cuentas bancarias - Auren Argentina\" \/>\n<meta property=\"og:description\" content=\"Con fecha 30 de abril de 2020 el Poder Ejecutivo Nacional dict\u00f3 el Decreto N\u00b0 425\/2020 (el \u201cDecreto\u201d) por el que prorroga hasta el 30 de junio de 2020 la [&hellip;]\" \/>\n<meta property=\"og:url\" content=\"https:\/\/auren.com\/ar\/blog\/prorroga-de-la-prohibicion-de-cierre-de-cuentas-bancarias\/\" \/>\n<meta property=\"og:site_name\" content=\"Auren Argentina\" \/>\n<meta property=\"article:publisher\" content=\"https:\/\/www.facebook.com\/AurenArg\/\" \/>\n<meta property=\"og:image\" content=\"https:\/\/auren.com\/ar\/wp-content\/uploads\/2020\/05\/cierre-de-cuentas-bancarias-2-scaled-2.jpg\" \/>\n\t<meta property=\"og:image:width\" content=\"2560\" \/>\n\t<meta property=\"og:image:height\" content=\"1703\" \/>\n\t<meta property=\"og:image:type\" content=\"image\/jpeg\" \/>\n<meta name=\"twitter:card\" content=\"summary_large_image\" \/>\n<meta name=\"twitter:site\" content=\"@AUREN_Argentina\" \/>\n<meta name=\"twitter:label1\" content=\"Tiempo de lectura\" \/>\n\t<meta name=\"twitter:data1\" content=\"1 minuto\" \/>\n<script type=\"application\/ld+json\" class=\"yoast-schema-graph\">{\"@context\":\"https:\\\/\\\/schema.org\",\"@graph\":[{\"@type\":\"WebPage\",\"@id\":\"https:\\\/\\\/auren.com\\\/ar\\\/blog\\\/prorroga-de-la-prohibicion-de-cierre-de-cuentas-bancarias\\\/\",\"url\":\"https:\\\/\\\/auren.com\\\/ar\\\/blog\\\/prorroga-de-la-prohibicion-de-cierre-de-cuentas-bancarias\\\/\",\"name\":\"Pr\u00f3rroga de la prohibici\u00f3n de cierre de cuentas bancarias - Auren Argentina\",\"isPartOf\":{\"@id\":\"https:\\\/\\\/auren.com\\\/ar\\\/#website\"},\"primaryImageOfPage\":{\"@id\":\"https:\\\/\\\/auren.com\\\/ar\\\/blog\\\/prorroga-de-la-prohibicion-de-cierre-de-cuentas-bancarias\\\/#primaryimage\"},\"image\":{\"@id\":\"https:\\\/\\\/auren.com\\\/ar\\\/blog\\\/prorroga-de-la-prohibicion-de-cierre-de-cuentas-bancarias\\\/#primaryimage\"},\"thumbnailUrl\":\"https:\\\/\\\/auren.com\\\/ar\\\/wp-content\\\/uploads\\\/2020\\\/05\\\/cierre-de-cuentas-bancarias-2-scaled-2.jpg\",\"datePublished\":\"2020-05-07T10:16:16+00:00\",\"breadcrumb\":{\"@id\":\"https:\\\/\\\/auren.com\\\/ar\\\/blog\\\/prorroga-de-la-prohibicion-de-cierre-de-cuentas-bancarias\\\/#breadcrumb\"},\"inLanguage\":\"es\",\"potentialAction\":[{\"@type\":\"ReadAction\",\"target\":[\"https:\\\/\\\/auren.com\\\/ar\\\/blog\\\/prorroga-de-la-prohibicion-de-cierre-de-cuentas-bancarias\\\/\"]}]},{\"@type\":\"ImageObject\",\"inLanguage\":\"es\",\"@id\":\"https:\\\/\\\/auren.com\\\/ar\\\/blog\\\/prorroga-de-la-prohibicion-de-cierre-de-cuentas-bancarias\\\/#primaryimage\",\"url\":\"https:\\\/\\\/auren.com\\\/ar\\\/wp-content\\\/uploads\\\/2020\\\/05\\\/cierre-de-cuentas-bancarias-2-scaled-2.jpg\",\"contentUrl\":\"https:\\\/\\\/auren.com\\\/ar\\\/wp-content\\\/uploads\\\/2020\\\/05\\\/cierre-de-cuentas-bancarias-2-scaled-2.jpg\",\"width\":2560,\"height\":1703},{\"@type\":\"BreadcrumbList\",\"@id\":\"https:\\\/\\\/auren.com\\\/ar\\\/blog\\\/prorroga-de-la-prohibicion-de-cierre-de-cuentas-bancarias\\\/#breadcrumb\",\"itemListElement\":[{\"@type\":\"ListItem\",\"position\":1,\"name\":\"Portada\",\"item\":\"https:\\\/\\\/auren.com\\\/ar\\\/\"},{\"@type\":\"ListItem\",\"position\":2,\"name\":\"Pr\u00f3rroga de la prohibici\u00f3n de cierre de cuentas bancarias\"}]},{\"@type\":\"WebSite\",\"@id\":\"https:\\\/\\\/auren.com\\\/ar\\\/#website\",\"url\":\"https:\\\/\\\/auren.com\\\/ar\\\/\",\"name\":\"Auren Argentina\",\"description\":\"\",\"publisher\":{\"@id\":\"https:\\\/\\\/auren.com\\\/ar\\\/#organization\"},\"potentialAction\":[{\"@type\":\"SearchAction\",\"target\":{\"@type\":\"EntryPoint\",\"urlTemplate\":\"https:\\\/\\\/auren.com\\\/ar\\\/?s={search_term_string}\"},\"query-input\":{\"@type\":\"PropertyValueSpecification\",\"valueRequired\":true,\"valueName\":\"search_term_string\"}}],\"inLanguage\":\"es\"},{\"@type\":\"Organization\",\"@id\":\"https:\\\/\\\/auren.com\\\/ar\\\/#organization\",\"name\":\"Auren Argentina\",\"url\":\"https:\\\/\\\/auren.com\\\/ar\\\/\",\"logo\":{\"@type\":\"ImageObject\",\"inLanguage\":\"es\",\"@id\":\"https:\\\/\\\/auren.com\\\/ar\\\/#\\\/schema\\\/logo\\\/image\\\/\",\"url\":\"https:\\\/\\\/auren.com\\\/ar\\\/wp-content\\\/uploads\\\/2025\\\/01\\\/cropped-cropped-favicon-Auren.png\",\"contentUrl\":\"https:\\\/\\\/auren.com\\\/ar\\\/wp-content\\\/uploads\\\/2025\\\/01\\\/cropped-cropped-favicon-Auren.png\",\"width\":512,\"height\":512,\"caption\":\"Auren Argentina\"},\"image\":{\"@id\":\"https:\\\/\\\/auren.com\\\/ar\\\/#\\\/schema\\\/logo\\\/image\\\/\"},\"sameAs\":[\"https:\\\/\\\/www.facebook.com\\\/AurenArg\\\/\",\"https:\\\/\\\/x.com\\\/AUREN_Argentina\",\"https:\\\/\\\/www.linkedin.com\\\/company\\\/aurenargentina\",\"https:\\\/\\\/www.youtube.com\\\/channel\\\/UCSCseiHMECB0uMBGF9wtjSw\",\"https:\\\/\\\/www.instagram.com\\\/aurenargentina\\\/\"]}]}<\/script>\n<!-- \/ Yoast SEO plugin. -->","yoast_head_json":{"title":"Pr\u00f3rroga de la prohibici\u00f3n de cierre de cuentas bancarias - Auren Argentina","robots":{"index":"index","follow":"follow","max-snippet":"max-snippet:-1","max-image-preview":"max-image-preview:large","max-video-preview":"max-video-preview:-1"},"canonical":"https:\/\/auren.com\/ar\/blog\/prorroga-de-la-prohibicion-de-cierre-de-cuentas-bancarias\/","og_locale":"es_ES","og_type":"article","og_title":"Pr\u00f3rroga de la prohibici\u00f3n de cierre de cuentas bancarias - Auren Argentina","og_description":"Con fecha 30 de abril de 2020 el Poder Ejecutivo Nacional dict\u00f3 el Decreto N\u00b0 425\/2020 (el \u201cDecreto\u201d) por el que prorroga hasta el 30 de junio de 2020 la [&hellip;]","og_url":"https:\/\/auren.com\/ar\/blog\/prorroga-de-la-prohibicion-de-cierre-de-cuentas-bancarias\/","og_site_name":"Auren Argentina","article_publisher":"https:\/\/www.facebook.com\/AurenArg\/","og_image":[{"width":2560,"height":1703,"url":"https:\/\/auren.com\/ar\/wp-content\/uploads\/2020\/05\/cierre-de-cuentas-bancarias-2-scaled-2.jpg","type":"image\/jpeg"}],"twitter_card":"summary_large_image","twitter_site":"@AUREN_Argentina","twitter_misc":{"Tiempo de lectura":"1 minuto"},"schema":{"@context":"https:\/\/schema.org","@graph":[{"@type":"WebPage","@id":"https:\/\/auren.com\/ar\/blog\/prorroga-de-la-prohibicion-de-cierre-de-cuentas-bancarias\/","url":"https:\/\/auren.com\/ar\/blog\/prorroga-de-la-prohibicion-de-cierre-de-cuentas-bancarias\/","name":"Pr\u00f3rroga de la prohibici\u00f3n de cierre de cuentas bancarias - Auren Argentina","isPartOf":{"@id":"https:\/\/auren.com\/ar\/#website"},"primaryImageOfPage":{"@id":"https:\/\/auren.com\/ar\/blog\/prorroga-de-la-prohibicion-de-cierre-de-cuentas-bancarias\/#primaryimage"},"image":{"@id":"https:\/\/auren.com\/ar\/blog\/prorroga-de-la-prohibicion-de-cierre-de-cuentas-bancarias\/#primaryimage"},"thumbnailUrl":"https:\/\/auren.com\/ar\/wp-content\/uploads\/2020\/05\/cierre-de-cuentas-bancarias-2-scaled-2.jpg","datePublished":"2020-05-07T10:16:16+00:00","breadcrumb":{"@id":"https:\/\/auren.com\/ar\/blog\/prorroga-de-la-prohibicion-de-cierre-de-cuentas-bancarias\/#breadcrumb"},"inLanguage":"es","potentialAction":[{"@type":"ReadAction","target":["https:\/\/auren.com\/ar\/blog\/prorroga-de-la-prohibicion-de-cierre-de-cuentas-bancarias\/"]}]},{"@type":"ImageObject","inLanguage":"es","@id":"https:\/\/auren.com\/ar\/blog\/prorroga-de-la-prohibicion-de-cierre-de-cuentas-bancarias\/#primaryimage","url":"https:\/\/auren.com\/ar\/wp-content\/uploads\/2020\/05\/cierre-de-cuentas-bancarias-2-scaled-2.jpg","contentUrl":"https:\/\/auren.com\/ar\/wp-content\/uploads\/2020\/05\/cierre-de-cuentas-bancarias-2-scaled-2.jpg","width":2560,"height":1703},{"@type":"BreadcrumbList","@id":"https:\/\/auren.com\/ar\/blog\/prorroga-de-la-prohibicion-de-cierre-de-cuentas-bancarias\/#breadcrumb","itemListElement":[{"@type":"ListItem","position":1,"name":"Portada","item":"https:\/\/auren.com\/ar\/"},{"@type":"ListItem","position":2,"name":"Pr\u00f3rroga de la prohibici\u00f3n de cierre de cuentas bancarias"}]},{"@type":"WebSite","@id":"https:\/\/auren.com\/ar\/#website","url":"https:\/\/auren.com\/ar\/","name":"Auren Argentina","description":"","publisher":{"@id":"https:\/\/auren.com\/ar\/#organization"},"potentialAction":[{"@type":"SearchAction","target":{"@type":"EntryPoint","urlTemplate":"https:\/\/auren.com\/ar\/?s={search_term_string}"},"query-input":{"@type":"PropertyValueSpecification","valueRequired":true,"valueName":"search_term_string"}}],"inLanguage":"es"},{"@type":"Organization","@id":"https:\/\/auren.com\/ar\/#organization","name":"Auren Argentina","url":"https:\/\/auren.com\/ar\/","logo":{"@type":"ImageObject","inLanguage":"es","@id":"https:\/\/auren.com\/ar\/#\/schema\/logo\/image\/","url":"https:\/\/auren.com\/ar\/wp-content\/uploads\/2025\/01\/cropped-cropped-favicon-Auren.png","contentUrl":"https:\/\/auren.com\/ar\/wp-content\/uploads\/2025\/01\/cropped-cropped-favicon-Auren.png","width":512,"height":512,"caption":"Auren Argentina"},"image":{"@id":"https:\/\/auren.com\/ar\/#\/schema\/logo\/image\/"},"sameAs":["https:\/\/www.facebook.com\/AurenArg\/","https:\/\/x.com\/AUREN_Argentina","https:\/\/www.linkedin.com\/company\/aurenargentina","https:\/\/www.youtube.com\/channel\/UCSCseiHMECB0uMBGF9wtjSw","https:\/\/www.instagram.com\/aurenargentina\/"]}]}},"_links":{"self":[{"href":"https:\/\/auren.com\/ar\/wp-json\/wp\/v2\/blog\/12011","targetHints":{"allow":["GET"]}}],"collection":[{"href":"https:\/\/auren.com\/ar\/wp-json\/wp\/v2\/blog"}],"about":[{"href":"https:\/\/auren.com\/ar\/wp-json\/wp\/v2\/types\/blog"}],"version-history":[{"count":0,"href":"https:\/\/auren.com\/ar\/wp-json\/wp\/v2\/blog\/12011\/revisions"}],"wp:featuredmedia":[{"embeddable":true,"href":"https:\/\/auren.com\/ar\/wp-json\/wp\/v2\/media\/12012"}],"wp:attachment":[{"href":"https:\/\/auren.com\/ar\/wp-json\/wp\/v2\/media?parent=12011"}],"wp:term":[{"taxonomy":"blog-category","embeddable":true,"href":"https:\/\/auren.com\/ar\/wp-json\/wp\/v2\/blog-category?post=12011"}],"curies":[{"name":"wp","href":"https:\/\/api.w.org\/{rel}","templated":true}]}}