{"id":12031,"date":"2020-04-21T09:36:27","date_gmt":"2020-04-21T07:36:27","guid":{"rendered":"https:\/\/auren.com\/ar\/blog\/aplicando-change-management-al-contexto-de-crisis\/"},"modified":"2020-04-21T09:36:27","modified_gmt":"2020-04-21T07:36:27","slug":"aplicando-change-management-al-contexto-de-crisis","status":"publish","type":"blog","link":"https:\/\/auren.com\/ar\/blog\/aplicando-change-management-al-contexto-de-crisis\/","title":{"rendered":"Aplicando Change Management al contexto de crisis"},"content":{"rendered":"<p>Comparto con ustedes una herramienta del enfoque de Gesti\u00f3n de Cambio que considero aplicable al momento actual.<\/p>\n<p>Lo hago porque considero clave para todo individuo y organizaci\u00f3n que, a pesar del contexto de incertidumbre y de la consecuente necesidad de tomar decisiones en plazos muy cortos, seamos <strong>capaces de proteger nuestro pensamiento estrat\u00e9gico en medio del \u201cclima de tormenta\u201d imperante<\/strong>. Esto nos presenta una dificultad como seres humanos y como empresas, ya que, a pesar de todo lo que est\u00e9 sucediendo, necesitaremos ser capaces de detenernos, hacer a un lado las urgencias, y <strong>recrear espacios favorables a la reflexi\u00f3n, al an\u00e1lisis y a la prospecci\u00f3n<\/strong>. Sabemos que los planes de acci\u00f3n que surjan en estos momentos tan vol\u00e1tiles no ameritan ser sumamente detallados y, muchos menos, r\u00edgidos. Pero en mi experiencia, <strong>contar con un plan flexible es siempre mejor que las decisiones derivadas de la improvisaci\u00f3n continua<\/strong>.<\/p>\n<p>La situaci\u00f3n actual se presenta como un profundo y disruptivo <strong><u>proceso<\/u> de cambio<\/strong>. Hago hincapi\u00e9 en la palabra \u201cproceso\u201d porque, si bien podr\u00edamos identificar una serie de hitos de origen, los mismos han puesto en marcha una <strong>secuencia continua de modificaciones<\/strong> que se acumulan como lo har\u00eda una bola de nieve rodando cuesta bajo.<\/p>\n<p>Entonces queda claro que nos encontramos ante un hecho identificable (Covid-19), que origina una serie de consecuencias que nos impactan. En primer lugar, sufrimos los efectos directos que el virus produce en nosotros. En segundo lugar, los resultados de las decisiones que tomamos con miras a mitigar tales impactos inmediatos, como son las acciones de aislamiento y de detenci\u00f3n parcial de la econom\u00eda, por ejemplo.<\/p>\n<p>Cuando enfocamos este fen\u00f3meno desde el punto de vista de la disciplina \u201c<strong>Gesti\u00f3n de Cambio<\/strong>\u201d, comenzamos por analizar la secuencia hist\u00f3rica que ha construido el momento presente tal cual es (As Is). Lo hacemos teniendo en cuenta diversas dimensiones que, articuladas, presentan un modelo que nos explica <strong>el contexto como punto de partida del proceso de cambio<\/strong>.<\/p>\n<p>El siguiente paso metodol\u00f3gico consistir\u00e1 en <strong>generar escenarios futuros probables<\/strong> (To Be), para lo cual <strong>nos apoyamos en nuestra capacidad de proyecci\u00f3n<\/strong>. Nos valdremos de toda informaci\u00f3n disponible y confiable que podamos recabar y analizar, pero sobre todo (es importante decirlo en el contexto de alta incertidumbre actual), ser\u00e1 siempre un ingrediente clave <strong>la experiencia e intuici\u00f3n del equipo de l\u00edderes y expertos de la organizaci\u00f3n<\/strong>.<\/p>\n<p>Como dijo Albert Einstein, \u201c<em>la imaginaci\u00f3n es m\u00e1s importante que el conocimiento<\/em>\u201d, frase que adquiere mayor relevancia cuando la informaci\u00f3n del pasado es limitada para proyectar una visi\u00f3n de futuro. Estamos viviendo una situaci\u00f3n sin precedentes por su alcance global, y es por esto que considero a\u00fan m\u00e1s necesario implementar en la din\u00e1mica de trabajo, espacios para la visualizaci\u00f3n de escenarios futuros posibles. De estas conversaciones puede surgir tambi\u00e9n la posibilidad de anticipar estrategias y t\u00e1cticas orientativas para el negocio, para el aprovechamiento de oportunidades, la minimizaci\u00f3n de riesgos potenciales, el cuidado de la experiencia de los empleados y del cliente, entre tantas otras.<\/p>\n<p><strong>Contando con estos dos extremos (\u201cAs Is\u201d y \u201cTo Be\u201d) y analizando la brecha resultante, podremos delinear los potenciales impactos que recibir\u00e1 la organizaci\u00f3n y, en particular, las personas que componen nuestros equipos.<\/strong> Surge de este modo, la posibilidad de construir un plan flexible y de alto nivel para la gesti\u00f3n del cambio, y de una toma de decisiones m\u00e1s segura y agilizada por la reflexi\u00f3n anticipada.<\/p>\n<p>En resumen, en momentos de crisis, es natural que nuestra atenci\u00f3n s\u00f3lo se dirija a la resoluci\u00f3n de los problemas de corto plazo, pero tengamos en cuenta que actuar \u00fanicamente motivados por lo urgente, no solamente afectar\u00e1 negativamente nuestro estado de \u00e1nimo, sino que tambi\u00e9n maximizar\u00e1 la posibilidad de cometer errores que nos pongan en riesgo y, no menos importante, nos cegar\u00e1 ante las oportunidades que las situaciones de crisis suelen contener. Notamos m\u00e1s que nunca que el ejercicio que supone <strong>la realizaci\u00f3n de un An\u00e1lisis de Impactos y el resultante Plan de Gesti\u00f3n de Cambio facilita un proceso reflexivo necesario en la organizaci\u00f3n<\/strong>. Esta construcci\u00f3n colectiva aporta claridad al momento presente, y activa la capacidad prospectiva de posibles escenarios futuros, generando de este modo una visi\u00f3n compartida y un<strong> plan de crisis<\/strong> enfocado en objetivos integrados.<\/p>\n<p><strong>Por<a href=\"https:\/\/www.linkedin.com\/in\/josensaha\/\"> Jos\u00e9 Saha<\/a>, Director de Consultor\u00eda HR de Auren<\/strong><\/p>\n<p><!-- AddThis Advanced Settings generic via filter on the_content --><!-- AddThis Share Buttons generic via filter on the_content --><\/p>\n","protected":false},"excerpt":{"rendered":"<p>Comparto con ustedes una herramienta del enfoque de Gesti\u00f3n de Cambio que considero aplicable al momento actual. Lo hago porque considero clave para todo individuo y organizaci\u00f3n que, a pesar [&hellip;]<\/p>\n","protected":false},"featured_media":12032,"template":"","meta":{"_acf_changed":false,"footnotes":""},"blog-category":[],"class_list":["post-12031","blog","type-blog","status-publish","has-post-thumbnail","hentry"],"acf":[],"yoast_head":"<!-- This site is optimized with the Yoast SEO plugin v27.5 - https:\/\/yoast.com\/product\/yoast-seo-wordpress\/ -->\n<title>Aplicando Change Management al contexto de crisis - Auren Argentina<\/title>\n<meta name=\"robots\" content=\"index, follow, max-snippet:-1, max-image-preview:large, max-video-preview:-1\" \/>\n<link rel=\"canonical\" href=\"https:\/\/auren.com\/ar\/blog\/aplicando-change-management-al-contexto-de-crisis\/\" \/>\n<meta property=\"og:locale\" content=\"es_ES\" \/>\n<meta property=\"og:type\" content=\"article\" \/>\n<meta property=\"og:title\" content=\"Aplicando Change Management al contexto de crisis - Auren Argentina\" \/>\n<meta property=\"og:description\" content=\"Comparto con ustedes una herramienta del enfoque de Gesti\u00f3n de Cambio que considero aplicable al momento actual. Lo hago porque considero clave para todo individuo y organizaci\u00f3n que, a pesar [&hellip;]\" \/>\n<meta property=\"og:url\" content=\"https:\/\/auren.com\/ar\/blog\/aplicando-change-management-al-contexto-de-crisis\/\" \/>\n<meta property=\"og:site_name\" content=\"Auren Argentina\" \/>\n<meta property=\"article:publisher\" content=\"https:\/\/www.facebook.com\/AurenArg\/\" \/>\n<meta property=\"og:image\" content=\"https:\/\/auren.com\/ar\/wp-content\/uploads\/2020\/04\/blog_change_management-1.jpg\" \/>\n\t<meta property=\"og:image:width\" content=\"1280\" \/>\n\t<meta property=\"og:image:height\" content=\"600\" \/>\n\t<meta property=\"og:image:type\" content=\"image\/jpeg\" \/>\n<meta name=\"twitter:card\" content=\"summary_large_image\" \/>\n<meta name=\"twitter:site\" content=\"@AUREN_Argentina\" \/>\n<meta name=\"twitter:label1\" content=\"Tiempo de lectura\" \/>\n\t<meta name=\"twitter:data1\" content=\"4 minutos\" \/>\n<script type=\"application\/ld+json\" class=\"yoast-schema-graph\">{\"@context\":\"https:\\\/\\\/schema.org\",\"@graph\":[{\"@type\":\"WebPage\",\"@id\":\"https:\\\/\\\/auren.com\\\/ar\\\/blog\\\/aplicando-change-management-al-contexto-de-crisis\\\/\",\"url\":\"https:\\\/\\\/auren.com\\\/ar\\\/blog\\\/aplicando-change-management-al-contexto-de-crisis\\\/\",\"name\":\"Aplicando Change Management al contexto de crisis - Auren Argentina\",\"isPartOf\":{\"@id\":\"https:\\\/\\\/auren.com\\\/ar\\\/#website\"},\"primaryImageOfPage\":{\"@id\":\"https:\\\/\\\/auren.com\\\/ar\\\/blog\\\/aplicando-change-management-al-contexto-de-crisis\\\/#primaryimage\"},\"image\":{\"@id\":\"https:\\\/\\\/auren.com\\\/ar\\\/blog\\\/aplicando-change-management-al-contexto-de-crisis\\\/#primaryimage\"},\"thumbnailUrl\":\"https:\\\/\\\/auren.com\\\/ar\\\/wp-content\\\/uploads\\\/2020\\\/04\\\/blog_change_management-1.jpg\",\"datePublished\":\"2020-04-21T07:36:27+00:00\",\"breadcrumb\":{\"@id\":\"https:\\\/\\\/auren.com\\\/ar\\\/blog\\\/aplicando-change-management-al-contexto-de-crisis\\\/#breadcrumb\"},\"inLanguage\":\"es\",\"potentialAction\":[{\"@type\":\"ReadAction\",\"target\":[\"https:\\\/\\\/auren.com\\\/ar\\\/blog\\\/aplicando-change-management-al-contexto-de-crisis\\\/\"]}]},{\"@type\":\"ImageObject\",\"inLanguage\":\"es\",\"@id\":\"https:\\\/\\\/auren.com\\\/ar\\\/blog\\\/aplicando-change-management-al-contexto-de-crisis\\\/#primaryimage\",\"url\":\"https:\\\/\\\/auren.com\\\/ar\\\/wp-content\\\/uploads\\\/2020\\\/04\\\/blog_change_management-1.jpg\",\"contentUrl\":\"https:\\\/\\\/auren.com\\\/ar\\\/wp-content\\\/uploads\\\/2020\\\/04\\\/blog_change_management-1.jpg\",\"width\":1280,\"height\":600},{\"@type\":\"BreadcrumbList\",\"@id\":\"https:\\\/\\\/auren.com\\\/ar\\\/blog\\\/aplicando-change-management-al-contexto-de-crisis\\\/#breadcrumb\",\"itemListElement\":[{\"@type\":\"ListItem\",\"position\":1,\"name\":\"Portada\",\"item\":\"https:\\\/\\\/auren.com\\\/ar\\\/\"},{\"@type\":\"ListItem\",\"position\":2,\"name\":\"Aplicando Change Management al contexto de crisis\"}]},{\"@type\":\"WebSite\",\"@id\":\"https:\\\/\\\/auren.com\\\/ar\\\/#website\",\"url\":\"https:\\\/\\\/auren.com\\\/ar\\\/\",\"name\":\"Auren Argentina\",\"description\":\"\",\"publisher\":{\"@id\":\"https:\\\/\\\/auren.com\\\/ar\\\/#organization\"},\"potentialAction\":[{\"@type\":\"SearchAction\",\"target\":{\"@type\":\"EntryPoint\",\"urlTemplate\":\"https:\\\/\\\/auren.com\\\/ar\\\/?s={search_term_string}\"},\"query-input\":{\"@type\":\"PropertyValueSpecification\",\"valueRequired\":true,\"valueName\":\"search_term_string\"}}],\"inLanguage\":\"es\"},{\"@type\":\"Organization\",\"@id\":\"https:\\\/\\\/auren.com\\\/ar\\\/#organization\",\"name\":\"Auren Argentina\",\"url\":\"https:\\\/\\\/auren.com\\\/ar\\\/\",\"logo\":{\"@type\":\"ImageObject\",\"inLanguage\":\"es\",\"@id\":\"https:\\\/\\\/auren.com\\\/ar\\\/#\\\/schema\\\/logo\\\/image\\\/\",\"url\":\"https:\\\/\\\/auren.com\\\/ar\\\/wp-content\\\/uploads\\\/2025\\\/01\\\/cropped-cropped-favicon-Auren.png\",\"contentUrl\":\"https:\\\/\\\/auren.com\\\/ar\\\/wp-content\\\/uploads\\\/2025\\\/01\\\/cropped-cropped-favicon-Auren.png\",\"width\":512,\"height\":512,\"caption\":\"Auren Argentina\"},\"image\":{\"@id\":\"https:\\\/\\\/auren.com\\\/ar\\\/#\\\/schema\\\/logo\\\/image\\\/\"},\"sameAs\":[\"https:\\\/\\\/www.facebook.com\\\/AurenArg\\\/\",\"https:\\\/\\\/x.com\\\/AUREN_Argentina\",\"https:\\\/\\\/www.linkedin.com\\\/company\\\/aurenargentina\",\"https:\\\/\\\/www.youtube.com\\\/channel\\\/UCSCseiHMECB0uMBGF9wtjSw\",\"https:\\\/\\\/www.instagram.com\\\/aurenargentina\\\/\"]}]}<\/script>\n<!-- \/ Yoast SEO plugin. -->","yoast_head_json":{"title":"Aplicando Change Management al contexto de crisis - Auren Argentina","robots":{"index":"index","follow":"follow","max-snippet":"max-snippet:-1","max-image-preview":"max-image-preview:large","max-video-preview":"max-video-preview:-1"},"canonical":"https:\/\/auren.com\/ar\/blog\/aplicando-change-management-al-contexto-de-crisis\/","og_locale":"es_ES","og_type":"article","og_title":"Aplicando Change Management al contexto de crisis - Auren Argentina","og_description":"Comparto con ustedes una herramienta del enfoque de Gesti\u00f3n de Cambio que considero aplicable al momento actual. Lo hago porque considero clave para todo individuo y organizaci\u00f3n que, a pesar [&hellip;]","og_url":"https:\/\/auren.com\/ar\/blog\/aplicando-change-management-al-contexto-de-crisis\/","og_site_name":"Auren Argentina","article_publisher":"https:\/\/www.facebook.com\/AurenArg\/","og_image":[{"width":1280,"height":600,"url":"https:\/\/auren.com\/ar\/wp-content\/uploads\/2020\/04\/blog_change_management-1.jpg","type":"image\/jpeg"}],"twitter_card":"summary_large_image","twitter_site":"@AUREN_Argentina","twitter_misc":{"Tiempo de lectura":"4 minutos"},"schema":{"@context":"https:\/\/schema.org","@graph":[{"@type":"WebPage","@id":"https:\/\/auren.com\/ar\/blog\/aplicando-change-management-al-contexto-de-crisis\/","url":"https:\/\/auren.com\/ar\/blog\/aplicando-change-management-al-contexto-de-crisis\/","name":"Aplicando Change Management al contexto de crisis - Auren Argentina","isPartOf":{"@id":"https:\/\/auren.com\/ar\/#website"},"primaryImageOfPage":{"@id":"https:\/\/auren.com\/ar\/blog\/aplicando-change-management-al-contexto-de-crisis\/#primaryimage"},"image":{"@id":"https:\/\/auren.com\/ar\/blog\/aplicando-change-management-al-contexto-de-crisis\/#primaryimage"},"thumbnailUrl":"https:\/\/auren.com\/ar\/wp-content\/uploads\/2020\/04\/blog_change_management-1.jpg","datePublished":"2020-04-21T07:36:27+00:00","breadcrumb":{"@id":"https:\/\/auren.com\/ar\/blog\/aplicando-change-management-al-contexto-de-crisis\/#breadcrumb"},"inLanguage":"es","potentialAction":[{"@type":"ReadAction","target":["https:\/\/auren.com\/ar\/blog\/aplicando-change-management-al-contexto-de-crisis\/"]}]},{"@type":"ImageObject","inLanguage":"es","@id":"https:\/\/auren.com\/ar\/blog\/aplicando-change-management-al-contexto-de-crisis\/#primaryimage","url":"https:\/\/auren.com\/ar\/wp-content\/uploads\/2020\/04\/blog_change_management-1.jpg","contentUrl":"https:\/\/auren.com\/ar\/wp-content\/uploads\/2020\/04\/blog_change_management-1.jpg","width":1280,"height":600},{"@type":"BreadcrumbList","@id":"https:\/\/auren.com\/ar\/blog\/aplicando-change-management-al-contexto-de-crisis\/#breadcrumb","itemListElement":[{"@type":"ListItem","position":1,"name":"Portada","item":"https:\/\/auren.com\/ar\/"},{"@type":"ListItem","position":2,"name":"Aplicando Change Management al contexto de crisis"}]},{"@type":"WebSite","@id":"https:\/\/auren.com\/ar\/#website","url":"https:\/\/auren.com\/ar\/","name":"Auren Argentina","description":"","publisher":{"@id":"https:\/\/auren.com\/ar\/#organization"},"potentialAction":[{"@type":"SearchAction","target":{"@type":"EntryPoint","urlTemplate":"https:\/\/auren.com\/ar\/?s={search_term_string}"},"query-input":{"@type":"PropertyValueSpecification","valueRequired":true,"valueName":"search_term_string"}}],"inLanguage":"es"},{"@type":"Organization","@id":"https:\/\/auren.com\/ar\/#organization","name":"Auren Argentina","url":"https:\/\/auren.com\/ar\/","logo":{"@type":"ImageObject","inLanguage":"es","@id":"https:\/\/auren.com\/ar\/#\/schema\/logo\/image\/","url":"https:\/\/auren.com\/ar\/wp-content\/uploads\/2025\/01\/cropped-cropped-favicon-Auren.png","contentUrl":"https:\/\/auren.com\/ar\/wp-content\/uploads\/2025\/01\/cropped-cropped-favicon-Auren.png","width":512,"height":512,"caption":"Auren Argentina"},"image":{"@id":"https:\/\/auren.com\/ar\/#\/schema\/logo\/image\/"},"sameAs":["https:\/\/www.facebook.com\/AurenArg\/","https:\/\/x.com\/AUREN_Argentina","https:\/\/www.linkedin.com\/company\/aurenargentina","https:\/\/www.youtube.com\/channel\/UCSCseiHMECB0uMBGF9wtjSw","https:\/\/www.instagram.com\/aurenargentina\/"]}]}},"_links":{"self":[{"href":"https:\/\/auren.com\/ar\/wp-json\/wp\/v2\/blog\/12031","targetHints":{"allow":["GET"]}}],"collection":[{"href":"https:\/\/auren.com\/ar\/wp-json\/wp\/v2\/blog"}],"about":[{"href":"https:\/\/auren.com\/ar\/wp-json\/wp\/v2\/types\/blog"}],"version-history":[{"count":0,"href":"https:\/\/auren.com\/ar\/wp-json\/wp\/v2\/blog\/12031\/revisions"}],"wp:featuredmedia":[{"embeddable":true,"href":"https:\/\/auren.com\/ar\/wp-json\/wp\/v2\/media\/12032"}],"wp:attachment":[{"href":"https:\/\/auren.com\/ar\/wp-json\/wp\/v2\/media?parent=12031"}],"wp:term":[{"taxonomy":"blog-category","embeddable":true,"href":"https:\/\/auren.com\/ar\/wp-json\/wp\/v2\/blog-category?post=12031"}],"curies":[{"name":"wp","href":"https:\/\/api.w.org\/{rel}","templated":true}]}}