{"id":12190,"date":"2019-12-05T16:27:06","date_gmt":"2019-12-05T15:27:06","guid":{"rendered":"https:\/\/auren.com\/ar\/blog\/regimen-de-retencion-sobre-la-renta-financiera-en-cordoba\/"},"modified":"2019-12-05T16:27:06","modified_gmt":"2019-12-05T15:27:06","slug":"regimen-de-retencion-sobre-la-renta-financiera-en-cordoba","status":"publish","type":"blog","link":"https:\/\/auren.com\/ar\/blog\/regimen-de-retencion-sobre-la-renta-financiera-en-cordoba\/","title":{"rendered":"R\u00e9gimen de retenci\u00f3n sobre la renta financiera en C\u00f3rdoba"},"content":{"rendered":"<p class=\"text-justify\">Es importante destacar que las modificaciones al c\u00f3digo tributario en relaci\u00f3n al r\u00e9gimen de retenci\u00f3n aplicado sobre la renta financiera en la provincia de C\u00f3rdoba en realidad salieron a principio de este a\u00f1o. Lo que ahora se establece es un r\u00e9gimen de retenci\u00f3n sobre estos conceptos.<\/p>\n<p class=\"text-justify\">Se trata de un r\u00e9gimen de retenci\u00f3n que debe aplicarse cuando se perciban ingresos por:&nbsp;&nbsp;<\/p>\n<p> a) intereses y\/o rendimientos de obligaciones negociables, cuotapartes de fondos comunes de inversi\u00f3n, t\u00edtulos de deuda de fideicomisos financieros y contratos similares, bonos y dem\u00e1s valores en moneda nacional o extranjera.<\/p>\n<p>b) intereses, rendimientos y\/o toda otra suma que sea el producto de la colocaci\u00f3n de capital cualquiera sea su denominaci\u00f3n o forma de pago, efectuada en empresas o entidades denominadas concentradoras, agrupadoras o agregadores de pago (Administradores de Sistemas de Pagos);<\/p>\n<p>c) enajenaci\u00f3n de acciones, valores representativos, cuotas o participaciones sociales, incluidos los rescates de las cuotapartes de fondos comunes de inversi\u00f3n y certificados de participaci\u00f3n en fideicomisos financieros y cualquier otro derecho sobre fideicomisos y contratos similares y<\/p>\n<p>d) dividendos y\/o utilidades asimilables.<\/p>\n<p class=\"text-justify\">Los obligados a actuar como agentes de retenci\u00f3n son los sujetos encargados de realizar tales pagos y los sujetos pasibles todas las personas jur\u00eddicas (sociedades, contratos asociativos, fideicomisos y toda otra asociaci\u00f3n, condominio, entidad y empresa o patrimonio constituido para un fin determinado) siempre que asuman la calidad de contribuyentes del Impuesto sobre los ingresos brutos en la Provincia de Cba \u2013tanto locales como comprendidos en las normas de Convenio Multilateral-, quedando excluidas de este r\u00e9gimen las personas f\u00edsicas.&nbsp;&nbsp;<\/p>\n<p class=\"text-justify\">Lo llamativo de este r\u00e9gimen es que el importe a retener se determina aplicando sobre los importes pagados, distribuidos o puestos a disposici\u00f3n, la al\u00edcuota que fija la Direcci\u00f3n para cada tipo de renta, sin tener en cuenta las deducciones que pudieren computarse (como gastos, comisiones, etc).<\/p>\n<p class=\"text-justify\">Esto va a ocasionar grandes saldos a favor para los sujetos pasibles de retenci\u00f3n, situaci\u00f3n que ya se viene presentando para muchos contribuyentes en el \u00faltimo tiempo.<\/p>\n<p><strong>Rosario Escudero Ar\u00e1oz &#8211; Especialista de impuestos de Auren C\u00f3rdoba&nbsp; &nbsp;<\/strong><\/p>\n<p><!-- AddThis Advanced Settings generic via filter on the_content --><!-- AddThis Share Buttons generic via filter on the_content --><\/p>\n","protected":false},"excerpt":{"rendered":"<p>Es importante destacar que las modificaciones al c\u00f3digo tributario en relaci\u00f3n al r\u00e9gimen de retenci\u00f3n aplicado sobre la renta financiera en la provincia de C\u00f3rdoba en realidad salieron a principio de este a\u00f1o. Lo que ahora se establece es un r\u00e9gimen de retenci\u00f3n sobre estos conceptos.&nbsp;<\/p>\n","protected":false},"featured_media":12191,"template":"","meta":{"_acf_changed":false,"footnotes":""},"blog-category":[],"class_list":["post-12190","blog","type-blog","status-publish","has-post-thumbnail","hentry"],"acf":[],"yoast_head":"<!-- This site is optimized with the Yoast SEO plugin v27.5 - https:\/\/yoast.com\/product\/yoast-seo-wordpress\/ -->\n<title>R\u00e9gimen de retenci\u00f3n sobre la renta financiera en C\u00f3rdoba - Auren Argentina<\/title>\n<meta name=\"robots\" content=\"index, follow, max-snippet:-1, max-image-preview:large, max-video-preview:-1\" \/>\n<link rel=\"canonical\" href=\"https:\/\/auren.com\/ar\/blog\/regimen-de-retencion-sobre-la-renta-financiera-en-cordoba\/\" \/>\n<meta property=\"og:locale\" content=\"es_ES\" \/>\n<meta property=\"og:type\" content=\"article\" \/>\n<meta property=\"og:title\" content=\"R\u00e9gimen de retenci\u00f3n sobre la renta financiera en C\u00f3rdoba - Auren Argentina\" \/>\n<meta property=\"og:description\" content=\"Es importante destacar que las modificaciones al c\u00f3digo tributario en relaci\u00f3n al r\u00e9gimen de retenci\u00f3n aplicado sobre la renta financiera en la provincia de C\u00f3rdoba en realidad salieron a principio de este a\u00f1o. Lo que ahora se establece es un r\u00e9gimen de retenci\u00f3n sobre estos conceptos.&nbsp;\" \/>\n<meta property=\"og:url\" content=\"https:\/\/auren.com\/ar\/blog\/regimen-de-retencion-sobre-la-renta-financiera-en-cordoba\/\" \/>\n<meta property=\"og:site_name\" content=\"Auren Argentina\" \/>\n<meta property=\"article:publisher\" content=\"https:\/\/www.facebook.com\/AurenArg\/\" \/>\n<meta property=\"og:image\" content=\"https:\/\/auren.com\/ar\/wp-content\/uploads\/2019\/12\/centrales-de-riesgo-1.jpg\" \/>\n\t<meta property=\"og:image:width\" content=\"1000\" \/>\n\t<meta property=\"og:image:height\" content=\"667\" \/>\n\t<meta property=\"og:image:type\" content=\"image\/jpeg\" \/>\n<meta name=\"twitter:card\" content=\"summary_large_image\" \/>\n<meta name=\"twitter:site\" content=\"@AUREN_Argentina\" \/>\n<meta name=\"twitter:label1\" content=\"Tiempo de lectura\" \/>\n\t<meta name=\"twitter:data1\" content=\"2 minutos\" \/>\n<script type=\"application\/ld+json\" class=\"yoast-schema-graph\">{\"@context\":\"https:\\\/\\\/schema.org\",\"@graph\":[{\"@type\":\"WebPage\",\"@id\":\"https:\\\/\\\/auren.com\\\/ar\\\/blog\\\/regimen-de-retencion-sobre-la-renta-financiera-en-cordoba\\\/\",\"url\":\"https:\\\/\\\/auren.com\\\/ar\\\/blog\\\/regimen-de-retencion-sobre-la-renta-financiera-en-cordoba\\\/\",\"name\":\"R\u00e9gimen de retenci\u00f3n sobre la renta financiera en C\u00f3rdoba - Auren Argentina\",\"isPartOf\":{\"@id\":\"https:\\\/\\\/auren.com\\\/ar\\\/#website\"},\"primaryImageOfPage\":{\"@id\":\"https:\\\/\\\/auren.com\\\/ar\\\/blog\\\/regimen-de-retencion-sobre-la-renta-financiera-en-cordoba\\\/#primaryimage\"},\"image\":{\"@id\":\"https:\\\/\\\/auren.com\\\/ar\\\/blog\\\/regimen-de-retencion-sobre-la-renta-financiera-en-cordoba\\\/#primaryimage\"},\"thumbnailUrl\":\"https:\\\/\\\/auren.com\\\/ar\\\/wp-content\\\/uploads\\\/2019\\\/12\\\/centrales-de-riesgo-1.jpg\",\"datePublished\":\"2019-12-05T15:27:06+00:00\",\"breadcrumb\":{\"@id\":\"https:\\\/\\\/auren.com\\\/ar\\\/blog\\\/regimen-de-retencion-sobre-la-renta-financiera-en-cordoba\\\/#breadcrumb\"},\"inLanguage\":\"es\",\"potentialAction\":[{\"@type\":\"ReadAction\",\"target\":[\"https:\\\/\\\/auren.com\\\/ar\\\/blog\\\/regimen-de-retencion-sobre-la-renta-financiera-en-cordoba\\\/\"]}]},{\"@type\":\"ImageObject\",\"inLanguage\":\"es\",\"@id\":\"https:\\\/\\\/auren.com\\\/ar\\\/blog\\\/regimen-de-retencion-sobre-la-renta-financiera-en-cordoba\\\/#primaryimage\",\"url\":\"https:\\\/\\\/auren.com\\\/ar\\\/wp-content\\\/uploads\\\/2019\\\/12\\\/centrales-de-riesgo-1.jpg\",\"contentUrl\":\"https:\\\/\\\/auren.com\\\/ar\\\/wp-content\\\/uploads\\\/2019\\\/12\\\/centrales-de-riesgo-1.jpg\",\"width\":1000,\"height\":667},{\"@type\":\"BreadcrumbList\",\"@id\":\"https:\\\/\\\/auren.com\\\/ar\\\/blog\\\/regimen-de-retencion-sobre-la-renta-financiera-en-cordoba\\\/#breadcrumb\",\"itemListElement\":[{\"@type\":\"ListItem\",\"position\":1,\"name\":\"Portada\",\"item\":\"https:\\\/\\\/auren.com\\\/ar\\\/\"},{\"@type\":\"ListItem\",\"position\":2,\"name\":\"R\u00e9gimen de retenci\u00f3n sobre la renta financiera en C\u00f3rdoba\"}]},{\"@type\":\"WebSite\",\"@id\":\"https:\\\/\\\/auren.com\\\/ar\\\/#website\",\"url\":\"https:\\\/\\\/auren.com\\\/ar\\\/\",\"name\":\"Auren Argentina\",\"description\":\"\",\"publisher\":{\"@id\":\"https:\\\/\\\/auren.com\\\/ar\\\/#organization\"},\"potentialAction\":[{\"@type\":\"SearchAction\",\"target\":{\"@type\":\"EntryPoint\",\"urlTemplate\":\"https:\\\/\\\/auren.com\\\/ar\\\/?s={search_term_string}\"},\"query-input\":{\"@type\":\"PropertyValueSpecification\",\"valueRequired\":true,\"valueName\":\"search_term_string\"}}],\"inLanguage\":\"es\"},{\"@type\":\"Organization\",\"@id\":\"https:\\\/\\\/auren.com\\\/ar\\\/#organization\",\"name\":\"Auren Argentina\",\"url\":\"https:\\\/\\\/auren.com\\\/ar\\\/\",\"logo\":{\"@type\":\"ImageObject\",\"inLanguage\":\"es\",\"@id\":\"https:\\\/\\\/auren.com\\\/ar\\\/#\\\/schema\\\/logo\\\/image\\\/\",\"url\":\"https:\\\/\\\/auren.com\\\/ar\\\/wp-content\\\/uploads\\\/2025\\\/01\\\/cropped-cropped-favicon-Auren.png\",\"contentUrl\":\"https:\\\/\\\/auren.com\\\/ar\\\/wp-content\\\/uploads\\\/2025\\\/01\\\/cropped-cropped-favicon-Auren.png\",\"width\":512,\"height\":512,\"caption\":\"Auren Argentina\"},\"image\":{\"@id\":\"https:\\\/\\\/auren.com\\\/ar\\\/#\\\/schema\\\/logo\\\/image\\\/\"},\"sameAs\":[\"https:\\\/\\\/www.facebook.com\\\/AurenArg\\\/\",\"https:\\\/\\\/x.com\\\/AUREN_Argentina\",\"https:\\\/\\\/www.linkedin.com\\\/company\\\/aurenargentina\",\"https:\\\/\\\/www.youtube.com\\\/channel\\\/UCSCseiHMECB0uMBGF9wtjSw\",\"https:\\\/\\\/www.instagram.com\\\/aurenargentina\\\/\"]}]}<\/script>\n<!-- \/ Yoast SEO plugin. -->","yoast_head_json":{"title":"R\u00e9gimen de retenci\u00f3n sobre la renta financiera en C\u00f3rdoba - Auren Argentina","robots":{"index":"index","follow":"follow","max-snippet":"max-snippet:-1","max-image-preview":"max-image-preview:large","max-video-preview":"max-video-preview:-1"},"canonical":"https:\/\/auren.com\/ar\/blog\/regimen-de-retencion-sobre-la-renta-financiera-en-cordoba\/","og_locale":"es_ES","og_type":"article","og_title":"R\u00e9gimen de retenci\u00f3n sobre la renta financiera en C\u00f3rdoba - Auren Argentina","og_description":"Es importante destacar que las modificaciones al c\u00f3digo tributario en relaci\u00f3n al r\u00e9gimen de retenci\u00f3n aplicado sobre la renta financiera en la provincia de C\u00f3rdoba en realidad salieron a principio de este a\u00f1o. Lo que ahora se establece es un r\u00e9gimen de retenci\u00f3n sobre estos conceptos.&nbsp;","og_url":"https:\/\/auren.com\/ar\/blog\/regimen-de-retencion-sobre-la-renta-financiera-en-cordoba\/","og_site_name":"Auren Argentina","article_publisher":"https:\/\/www.facebook.com\/AurenArg\/","og_image":[{"width":1000,"height":667,"url":"https:\/\/auren.com\/ar\/wp-content\/uploads\/2019\/12\/centrales-de-riesgo-1.jpg","type":"image\/jpeg"}],"twitter_card":"summary_large_image","twitter_site":"@AUREN_Argentina","twitter_misc":{"Tiempo de lectura":"2 minutos"},"schema":{"@context":"https:\/\/schema.org","@graph":[{"@type":"WebPage","@id":"https:\/\/auren.com\/ar\/blog\/regimen-de-retencion-sobre-la-renta-financiera-en-cordoba\/","url":"https:\/\/auren.com\/ar\/blog\/regimen-de-retencion-sobre-la-renta-financiera-en-cordoba\/","name":"R\u00e9gimen de retenci\u00f3n sobre la renta financiera en C\u00f3rdoba - Auren Argentina","isPartOf":{"@id":"https:\/\/auren.com\/ar\/#website"},"primaryImageOfPage":{"@id":"https:\/\/auren.com\/ar\/blog\/regimen-de-retencion-sobre-la-renta-financiera-en-cordoba\/#primaryimage"},"image":{"@id":"https:\/\/auren.com\/ar\/blog\/regimen-de-retencion-sobre-la-renta-financiera-en-cordoba\/#primaryimage"},"thumbnailUrl":"https:\/\/auren.com\/ar\/wp-content\/uploads\/2019\/12\/centrales-de-riesgo-1.jpg","datePublished":"2019-12-05T15:27:06+00:00","breadcrumb":{"@id":"https:\/\/auren.com\/ar\/blog\/regimen-de-retencion-sobre-la-renta-financiera-en-cordoba\/#breadcrumb"},"inLanguage":"es","potentialAction":[{"@type":"ReadAction","target":["https:\/\/auren.com\/ar\/blog\/regimen-de-retencion-sobre-la-renta-financiera-en-cordoba\/"]}]},{"@type":"ImageObject","inLanguage":"es","@id":"https:\/\/auren.com\/ar\/blog\/regimen-de-retencion-sobre-la-renta-financiera-en-cordoba\/#primaryimage","url":"https:\/\/auren.com\/ar\/wp-content\/uploads\/2019\/12\/centrales-de-riesgo-1.jpg","contentUrl":"https:\/\/auren.com\/ar\/wp-content\/uploads\/2019\/12\/centrales-de-riesgo-1.jpg","width":1000,"height":667},{"@type":"BreadcrumbList","@id":"https:\/\/auren.com\/ar\/blog\/regimen-de-retencion-sobre-la-renta-financiera-en-cordoba\/#breadcrumb","itemListElement":[{"@type":"ListItem","position":1,"name":"Portada","item":"https:\/\/auren.com\/ar\/"},{"@type":"ListItem","position":2,"name":"R\u00e9gimen de retenci\u00f3n sobre la renta financiera en C\u00f3rdoba"}]},{"@type":"WebSite","@id":"https:\/\/auren.com\/ar\/#website","url":"https:\/\/auren.com\/ar\/","name":"Auren Argentina","description":"","publisher":{"@id":"https:\/\/auren.com\/ar\/#organization"},"potentialAction":[{"@type":"SearchAction","target":{"@type":"EntryPoint","urlTemplate":"https:\/\/auren.com\/ar\/?s={search_term_string}"},"query-input":{"@type":"PropertyValueSpecification","valueRequired":true,"valueName":"search_term_string"}}],"inLanguage":"es"},{"@type":"Organization","@id":"https:\/\/auren.com\/ar\/#organization","name":"Auren Argentina","url":"https:\/\/auren.com\/ar\/","logo":{"@type":"ImageObject","inLanguage":"es","@id":"https:\/\/auren.com\/ar\/#\/schema\/logo\/image\/","url":"https:\/\/auren.com\/ar\/wp-content\/uploads\/2025\/01\/cropped-cropped-favicon-Auren.png","contentUrl":"https:\/\/auren.com\/ar\/wp-content\/uploads\/2025\/01\/cropped-cropped-favicon-Auren.png","width":512,"height":512,"caption":"Auren Argentina"},"image":{"@id":"https:\/\/auren.com\/ar\/#\/schema\/logo\/image\/"},"sameAs":["https:\/\/www.facebook.com\/AurenArg\/","https:\/\/x.com\/AUREN_Argentina","https:\/\/www.linkedin.com\/company\/aurenargentina","https:\/\/www.youtube.com\/channel\/UCSCseiHMECB0uMBGF9wtjSw","https:\/\/www.instagram.com\/aurenargentina\/"]}]}},"_links":{"self":[{"href":"https:\/\/auren.com\/ar\/wp-json\/wp\/v2\/blog\/12190","targetHints":{"allow":["GET"]}}],"collection":[{"href":"https:\/\/auren.com\/ar\/wp-json\/wp\/v2\/blog"}],"about":[{"href":"https:\/\/auren.com\/ar\/wp-json\/wp\/v2\/types\/blog"}],"version-history":[{"count":0,"href":"https:\/\/auren.com\/ar\/wp-json\/wp\/v2\/blog\/12190\/revisions"}],"wp:featuredmedia":[{"embeddable":true,"href":"https:\/\/auren.com\/ar\/wp-json\/wp\/v2\/media\/12191"}],"wp:attachment":[{"href":"https:\/\/auren.com\/ar\/wp-json\/wp\/v2\/media?parent=12190"}],"wp:term":[{"taxonomy":"blog-category","embeddable":true,"href":"https:\/\/auren.com\/ar\/wp-json\/wp\/v2\/blog-category?post=12190"}],"curies":[{"name":"wp","href":"https:\/\/api.w.org\/{rel}","templated":true}]}}