{"id":12198,"date":"2019-11-15T13:25:11","date_gmt":"2019-11-15T12:25:11","guid":{"rendered":"https:\/\/auren.com\/ar\/blog\/prorroga-de-la-suspension-a-la-traba-de-embargos-por-parte-de-la-afip\/"},"modified":"2019-11-15T13:25:11","modified_gmt":"2019-11-15T12:25:11","slug":"prorroga-de-la-suspension-a-la-traba-de-embargos-por-parte-de-la-afip","status":"publish","type":"blog","link":"https:\/\/auren.com\/ar\/blog\/prorroga-de-la-suspension-a-la-traba-de-embargos-por-parte-de-la-afip\/","title":{"rendered":"Pr\u00f3rroga de la suspensi\u00f3n a la traba de embargos por parte de la AFIP"},"content":{"rendered":"<p class=\"text-justify\">Como comentamos recientemente el lunes 11 pasado venci\u00f3 el plazo de suspensi\u00f3n para la traba de medidas cautelares por parte de AFIP, por obligaciones impositivas y de los recursos de la seguridad social, para los sujetos que revisten la condici\u00f3n de Micro, Peque\u00f1as y Medianas Empresas, inscriptos en el \u00abRegistro de Empresas MiPyMES\u00bb, as\u00ed como tambi\u00e9n para aquellos contribuyentes que se encuentren caracterizados como \u00abPotencial Micro, Peque\u00f1a y Mediana Empresa &#8211; Tramo I y II\u00bb en el \u00abSistema Registral\u00bb. Esta suspensi\u00f3n fue instrumentada originalmente mediante la RG 4557, para facilitar el acogimiento de las empresas al plan de facilidades de pago. Sin embargo la AFIP, atendiendo pedidos interpuestos por CAME, y otras entidades, dado que la fecha de vencimiento del plazo de acogimiento al plan de pagos se prorrog\u00f3 al 30 de noviembre mediante la R.G. 4616, dispuso mantener la suspensi\u00f3n de la traba de medidas cautelares hasta esa fecha a trav\u00e9s de la R.G. 4630.<\/p>\n<p><strong><em>Victor Hern\u00e1ndez &#8211; Socio de Impuestos de Auren<\/em><\/strong><\/p>\n<\/p>\n<p><!-- AddThis Advanced Settings generic via filter on the_content --><!-- AddThis Share Buttons generic via filter on the_content --><\/p>\n","protected":false},"excerpt":{"rendered":"<p>Bolet\u00edn Oficial. Resoluci\u00f3n General 4630&nbsp;<\/p>\n","protected":false},"featured_media":12199,"template":"","meta":{"_acf_changed":false,"footnotes":""},"blog-category":[],"class_list":["post-12198","blog","type-blog","status-publish","has-post-thumbnail","hentry"],"acf":[],"yoast_head":"<!-- This site is optimized with the Yoast SEO plugin v27.5 - https:\/\/yoast.com\/product\/yoast-seo-wordpress\/ -->\n<title>Pr\u00f3rroga de la suspensi\u00f3n a la traba de embargos por parte de la AFIP - Auren Argentina<\/title>\n<meta name=\"robots\" content=\"index, follow, max-snippet:-1, max-image-preview:large, max-video-preview:-1\" \/>\n<link rel=\"canonical\" href=\"https:\/\/auren.com\/ar\/blog\/prorroga-de-la-suspension-a-la-traba-de-embargos-por-parte-de-la-afip\/\" \/>\n<meta property=\"og:locale\" content=\"es_ES\" \/>\n<meta property=\"og:type\" content=\"article\" \/>\n<meta property=\"og:title\" content=\"Pr\u00f3rroga de la suspensi\u00f3n a la traba de embargos por parte de la AFIP - Auren Argentina\" \/>\n<meta property=\"og:description\" content=\"Bolet\u00edn Oficial. Resoluci\u00f3n General 4630&nbsp;\" \/>\n<meta property=\"og:url\" content=\"https:\/\/auren.com\/ar\/blog\/prorroga-de-la-suspension-a-la-traba-de-embargos-por-parte-de-la-afip\/\" \/>\n<meta property=\"og:site_name\" content=\"Auren Argentina\" \/>\n<meta property=\"article:publisher\" content=\"https:\/\/www.facebook.com\/AurenArg\/\" \/>\n<meta property=\"og:image\" content=\"https:\/\/auren.com\/ar\/wp-content\/uploads\/2019\/11\/sociedades-reguladas-1.jpg\" \/>\n\t<meta property=\"og:image:width\" content=\"1000\" \/>\n\t<meta property=\"og:image:height\" content=\"667\" \/>\n\t<meta property=\"og:image:type\" content=\"image\/jpeg\" \/>\n<meta name=\"twitter:card\" content=\"summary_large_image\" \/>\n<meta name=\"twitter:site\" content=\"@AUREN_Argentina\" \/>\n<meta name=\"twitter:label1\" content=\"Tiempo de lectura\" \/>\n\t<meta name=\"twitter:data1\" content=\"1 minuto\" \/>\n<script type=\"application\/ld+json\" class=\"yoast-schema-graph\">{\"@context\":\"https:\\\/\\\/schema.org\",\"@graph\":[{\"@type\":\"WebPage\",\"@id\":\"https:\\\/\\\/auren.com\\\/ar\\\/blog\\\/prorroga-de-la-suspension-a-la-traba-de-embargos-por-parte-de-la-afip\\\/\",\"url\":\"https:\\\/\\\/auren.com\\\/ar\\\/blog\\\/prorroga-de-la-suspension-a-la-traba-de-embargos-por-parte-de-la-afip\\\/\",\"name\":\"Pr\u00f3rroga de la suspensi\u00f3n a la traba de embargos por parte de la AFIP - Auren Argentina\",\"isPartOf\":{\"@id\":\"https:\\\/\\\/auren.com\\\/ar\\\/#website\"},\"primaryImageOfPage\":{\"@id\":\"https:\\\/\\\/auren.com\\\/ar\\\/blog\\\/prorroga-de-la-suspension-a-la-traba-de-embargos-por-parte-de-la-afip\\\/#primaryimage\"},\"image\":{\"@id\":\"https:\\\/\\\/auren.com\\\/ar\\\/blog\\\/prorroga-de-la-suspension-a-la-traba-de-embargos-por-parte-de-la-afip\\\/#primaryimage\"},\"thumbnailUrl\":\"https:\\\/\\\/auren.com\\\/ar\\\/wp-content\\\/uploads\\\/2019\\\/11\\\/sociedades-reguladas-1.jpg\",\"datePublished\":\"2019-11-15T12:25:11+00:00\",\"breadcrumb\":{\"@id\":\"https:\\\/\\\/auren.com\\\/ar\\\/blog\\\/prorroga-de-la-suspension-a-la-traba-de-embargos-por-parte-de-la-afip\\\/#breadcrumb\"},\"inLanguage\":\"es\",\"potentialAction\":[{\"@type\":\"ReadAction\",\"target\":[\"https:\\\/\\\/auren.com\\\/ar\\\/blog\\\/prorroga-de-la-suspension-a-la-traba-de-embargos-por-parte-de-la-afip\\\/\"]}]},{\"@type\":\"ImageObject\",\"inLanguage\":\"es\",\"@id\":\"https:\\\/\\\/auren.com\\\/ar\\\/blog\\\/prorroga-de-la-suspension-a-la-traba-de-embargos-por-parte-de-la-afip\\\/#primaryimage\",\"url\":\"https:\\\/\\\/auren.com\\\/ar\\\/wp-content\\\/uploads\\\/2019\\\/11\\\/sociedades-reguladas-1.jpg\",\"contentUrl\":\"https:\\\/\\\/auren.com\\\/ar\\\/wp-content\\\/uploads\\\/2019\\\/11\\\/sociedades-reguladas-1.jpg\",\"width\":1000,\"height\":667},{\"@type\":\"BreadcrumbList\",\"@id\":\"https:\\\/\\\/auren.com\\\/ar\\\/blog\\\/prorroga-de-la-suspension-a-la-traba-de-embargos-por-parte-de-la-afip\\\/#breadcrumb\",\"itemListElement\":[{\"@type\":\"ListItem\",\"position\":1,\"name\":\"Portada\",\"item\":\"https:\\\/\\\/auren.com\\\/ar\\\/\"},{\"@type\":\"ListItem\",\"position\":2,\"name\":\"Pr\u00f3rroga de la suspensi\u00f3n a la traba de embargos por parte de la AFIP\"}]},{\"@type\":\"WebSite\",\"@id\":\"https:\\\/\\\/auren.com\\\/ar\\\/#website\",\"url\":\"https:\\\/\\\/auren.com\\\/ar\\\/\",\"name\":\"Auren Argentina\",\"description\":\"\",\"publisher\":{\"@id\":\"https:\\\/\\\/auren.com\\\/ar\\\/#organization\"},\"potentialAction\":[{\"@type\":\"SearchAction\",\"target\":{\"@type\":\"EntryPoint\",\"urlTemplate\":\"https:\\\/\\\/auren.com\\\/ar\\\/?s={search_term_string}\"},\"query-input\":{\"@type\":\"PropertyValueSpecification\",\"valueRequired\":true,\"valueName\":\"search_term_string\"}}],\"inLanguage\":\"es\"},{\"@type\":\"Organization\",\"@id\":\"https:\\\/\\\/auren.com\\\/ar\\\/#organization\",\"name\":\"Auren Argentina\",\"url\":\"https:\\\/\\\/auren.com\\\/ar\\\/\",\"logo\":{\"@type\":\"ImageObject\",\"inLanguage\":\"es\",\"@id\":\"https:\\\/\\\/auren.com\\\/ar\\\/#\\\/schema\\\/logo\\\/image\\\/\",\"url\":\"https:\\\/\\\/auren.com\\\/ar\\\/wp-content\\\/uploads\\\/2025\\\/01\\\/cropped-cropped-favicon-Auren.png\",\"contentUrl\":\"https:\\\/\\\/auren.com\\\/ar\\\/wp-content\\\/uploads\\\/2025\\\/01\\\/cropped-cropped-favicon-Auren.png\",\"width\":512,\"height\":512,\"caption\":\"Auren Argentina\"},\"image\":{\"@id\":\"https:\\\/\\\/auren.com\\\/ar\\\/#\\\/schema\\\/logo\\\/image\\\/\"},\"sameAs\":[\"https:\\\/\\\/www.facebook.com\\\/AurenArg\\\/\",\"https:\\\/\\\/x.com\\\/AUREN_Argentina\",\"https:\\\/\\\/www.linkedin.com\\\/company\\\/aurenargentina\",\"https:\\\/\\\/www.youtube.com\\\/channel\\\/UCSCseiHMECB0uMBGF9wtjSw\",\"https:\\\/\\\/www.instagram.com\\\/aurenargentina\\\/\"]}]}<\/script>\n<!-- \/ Yoast SEO plugin. -->","yoast_head_json":{"title":"Pr\u00f3rroga de la suspensi\u00f3n a la traba de embargos por parte de la AFIP - Auren Argentina","robots":{"index":"index","follow":"follow","max-snippet":"max-snippet:-1","max-image-preview":"max-image-preview:large","max-video-preview":"max-video-preview:-1"},"canonical":"https:\/\/auren.com\/ar\/blog\/prorroga-de-la-suspension-a-la-traba-de-embargos-por-parte-de-la-afip\/","og_locale":"es_ES","og_type":"article","og_title":"Pr\u00f3rroga de la suspensi\u00f3n a la traba de embargos por parte de la AFIP - Auren Argentina","og_description":"Bolet\u00edn Oficial. Resoluci\u00f3n General 4630&nbsp;","og_url":"https:\/\/auren.com\/ar\/blog\/prorroga-de-la-suspension-a-la-traba-de-embargos-por-parte-de-la-afip\/","og_site_name":"Auren Argentina","article_publisher":"https:\/\/www.facebook.com\/AurenArg\/","og_image":[{"width":1000,"height":667,"url":"https:\/\/auren.com\/ar\/wp-content\/uploads\/2019\/11\/sociedades-reguladas-1.jpg","type":"image\/jpeg"}],"twitter_card":"summary_large_image","twitter_site":"@AUREN_Argentina","twitter_misc":{"Tiempo de lectura":"1 minuto"},"schema":{"@context":"https:\/\/schema.org","@graph":[{"@type":"WebPage","@id":"https:\/\/auren.com\/ar\/blog\/prorroga-de-la-suspension-a-la-traba-de-embargos-por-parte-de-la-afip\/","url":"https:\/\/auren.com\/ar\/blog\/prorroga-de-la-suspension-a-la-traba-de-embargos-por-parte-de-la-afip\/","name":"Pr\u00f3rroga de la suspensi\u00f3n a la traba de embargos por parte de la AFIP - Auren Argentina","isPartOf":{"@id":"https:\/\/auren.com\/ar\/#website"},"primaryImageOfPage":{"@id":"https:\/\/auren.com\/ar\/blog\/prorroga-de-la-suspension-a-la-traba-de-embargos-por-parte-de-la-afip\/#primaryimage"},"image":{"@id":"https:\/\/auren.com\/ar\/blog\/prorroga-de-la-suspension-a-la-traba-de-embargos-por-parte-de-la-afip\/#primaryimage"},"thumbnailUrl":"https:\/\/auren.com\/ar\/wp-content\/uploads\/2019\/11\/sociedades-reguladas-1.jpg","datePublished":"2019-11-15T12:25:11+00:00","breadcrumb":{"@id":"https:\/\/auren.com\/ar\/blog\/prorroga-de-la-suspension-a-la-traba-de-embargos-por-parte-de-la-afip\/#breadcrumb"},"inLanguage":"es","potentialAction":[{"@type":"ReadAction","target":["https:\/\/auren.com\/ar\/blog\/prorroga-de-la-suspension-a-la-traba-de-embargos-por-parte-de-la-afip\/"]}]},{"@type":"ImageObject","inLanguage":"es","@id":"https:\/\/auren.com\/ar\/blog\/prorroga-de-la-suspension-a-la-traba-de-embargos-por-parte-de-la-afip\/#primaryimage","url":"https:\/\/auren.com\/ar\/wp-content\/uploads\/2019\/11\/sociedades-reguladas-1.jpg","contentUrl":"https:\/\/auren.com\/ar\/wp-content\/uploads\/2019\/11\/sociedades-reguladas-1.jpg","width":1000,"height":667},{"@type":"BreadcrumbList","@id":"https:\/\/auren.com\/ar\/blog\/prorroga-de-la-suspension-a-la-traba-de-embargos-por-parte-de-la-afip\/#breadcrumb","itemListElement":[{"@type":"ListItem","position":1,"name":"Portada","item":"https:\/\/auren.com\/ar\/"},{"@type":"ListItem","position":2,"name":"Pr\u00f3rroga de la suspensi\u00f3n a la traba de embargos por parte de la AFIP"}]},{"@type":"WebSite","@id":"https:\/\/auren.com\/ar\/#website","url":"https:\/\/auren.com\/ar\/","name":"Auren Argentina","description":"","publisher":{"@id":"https:\/\/auren.com\/ar\/#organization"},"potentialAction":[{"@type":"SearchAction","target":{"@type":"EntryPoint","urlTemplate":"https:\/\/auren.com\/ar\/?s={search_term_string}"},"query-input":{"@type":"PropertyValueSpecification","valueRequired":true,"valueName":"search_term_string"}}],"inLanguage":"es"},{"@type":"Organization","@id":"https:\/\/auren.com\/ar\/#organization","name":"Auren Argentina","url":"https:\/\/auren.com\/ar\/","logo":{"@type":"ImageObject","inLanguage":"es","@id":"https:\/\/auren.com\/ar\/#\/schema\/logo\/image\/","url":"https:\/\/auren.com\/ar\/wp-content\/uploads\/2025\/01\/cropped-cropped-favicon-Auren.png","contentUrl":"https:\/\/auren.com\/ar\/wp-content\/uploads\/2025\/01\/cropped-cropped-favicon-Auren.png","width":512,"height":512,"caption":"Auren Argentina"},"image":{"@id":"https:\/\/auren.com\/ar\/#\/schema\/logo\/image\/"},"sameAs":["https:\/\/www.facebook.com\/AurenArg\/","https:\/\/x.com\/AUREN_Argentina","https:\/\/www.linkedin.com\/company\/aurenargentina","https:\/\/www.youtube.com\/channel\/UCSCseiHMECB0uMBGF9wtjSw","https:\/\/www.instagram.com\/aurenargentina\/"]}]}},"_links":{"self":[{"href":"https:\/\/auren.com\/ar\/wp-json\/wp\/v2\/blog\/12198","targetHints":{"allow":["GET"]}}],"collection":[{"href":"https:\/\/auren.com\/ar\/wp-json\/wp\/v2\/blog"}],"about":[{"href":"https:\/\/auren.com\/ar\/wp-json\/wp\/v2\/types\/blog"}],"version-history":[{"count":0,"href":"https:\/\/auren.com\/ar\/wp-json\/wp\/v2\/blog\/12198\/revisions"}],"wp:featuredmedia":[{"embeddable":true,"href":"https:\/\/auren.com\/ar\/wp-json\/wp\/v2\/media\/12199"}],"wp:attachment":[{"href":"https:\/\/auren.com\/ar\/wp-json\/wp\/v2\/media?parent=12198"}],"wp:term":[{"taxonomy":"blog-category","embeddable":true,"href":"https:\/\/auren.com\/ar\/wp-json\/wp\/v2\/blog-category?post=12198"}],"curies":[{"name":"wp","href":"https:\/\/api.w.org\/{rel}","templated":true}]}}