{"id":12254,"date":"2019-09-03T18:02:22","date_gmt":"2019-09-03T16:02:22","guid":{"rendered":"https:\/\/auren.com\/ar\/blog\/como-evaluar-la-gestion-a-traves-de-la-medicion-de-la-creacion-de-valor-de-las-empresas\/"},"modified":"2019-09-03T18:02:22","modified_gmt":"2019-09-03T16:02:22","slug":"como-evaluar-la-gestion-a-traves-de-la-medicion-de-la-creacion-de-valor-de-las-empresas","status":"publish","type":"blog","link":"https:\/\/auren.com\/ar\/blog\/como-evaluar-la-gestion-a-traves-de-la-medicion-de-la-creacion-de-valor-de-las-empresas\/","title":{"rendered":"C\u00f3mo evaluar la gesti\u00f3n a trav\u00e9s de la medici\u00f3n de la creaci\u00f3n de valor de las empresas"},"content":{"rendered":"<p class=\"text-justify\">La administraci\u00f3n siempre tendr\u00e1 un proceso para medir su eficiencia y se realiza con la ayuda de los datos de la compa\u00f1\u00eda sobre su desempe\u00f1o financiero y los comentarios de los clientes y otras partes interesadas sobre su administraci\u00f3n.<\/p>\n<p class=\"text-justify\">El gerente debe gestionar con el gobierno corporativo la construcci\u00f3n de una estrategia que le permita ser proactivo y coherente en la toma de decisiones.&nbsp;Asimismo, como l\u00edder, debe promover la evoluci\u00f3n de una cultura organizacional que permita el desarrollo de la estrategia, basada en los valores de la entidad y alineada con las pol\u00edticas y par\u00e1metros acordados por el gobierno corporativo. <\/p>\n<p class=\"text-justify\">Las herramientas para evaluar y medir la eficiencia de la gesti\u00f3n a trav\u00e9s de indicadores de gesti\u00f3n financiera o basadas en informaci\u00f3n financiera no son una herramienta suficiente para este prop\u00f3sito.&nbsp;Cada vez es m\u00e1s evidente que los grupos de inter\u00e9s en los que se encuentran los accionistas o inversores de la empresa utilizan la informaci\u00f3n no financiera como referencia para la creaci\u00f3n de valor y, por lo tanto, para una buena gesti\u00f3n. <\/p>\n<p class=\"text-justify\">La herramienta de medici\u00f3n de gesti\u00f3n bien podr\u00eda ser el informe integrado realizado en el marco de los principios de IR emitido por el Comit\u00e9 Internacional de Informes Integrados del IIRC, este informe no solo muestra informaci\u00f3n financiera, sino que tambi\u00e9n nos da una idea del modelo de negocio de una empresa, su estrategia, perspectivas y los riesgos y oportunidades que enfrenta.&nbsp;Es decir, relaciona el modelo de negocio de la empresa con el contexto de su entorno y conduce a la creaci\u00f3n de valor sostenible para la empresa. <\/p>\n<p class=\"text-justify\">La informaci\u00f3n es un elemento vital de los mercados de capitales.&nbsp;El Informe integrado permite una mejor comunicaci\u00f3n de los factores materiales que crean valor a corto, mediano y largo plazo.&nbsp;Y constituye un elemento fundamental para contribuir a la estabilidad financiera y al desarrollo econ\u00f3mico sostenible.&nbsp;Es compatible con la toma de decisiones del inversor y la asignaci\u00f3n eficiente de capital. <\/p>\n<p class=\"text-justify\">Los informes integrados se reconocen desde 2010, como la mejor manera de obtener una visi\u00f3n general completa del valor de las empresas, superando las limitaciones de los informes tradicionales (Eccles y Krzus, 2010; Jensen y Berg, 2012; Abeysekera, 2013). <\/p>\n<p class=\"text-justify\">Como la presentaci\u00f3n de los informes integrados es din\u00e1mica y corresponde a un proceso de pensamiento din\u00e1mico a trav\u00e9s del negocio y revela c\u00f3mo se crea el valor y c\u00f3mo se identifica el valor en riesgo, a corto, mediano y largo plazo, a trav\u00e9s de la administraci\u00f3n adecuada humana, natural capital financiero, fabril y social, adem\u00e1s de la creaci\u00f3n de valor para la empresa y la creaci\u00f3n de valor para la sociedad [1].&nbsp;Es el mejor indicador de eficiencia gerencial, por lo tanto, la mejor herramienta para evaluar su gesti\u00f3n. <\/p>\n<p class=\"text-justify\">_________________ <\/p>\n<p class=\"text-justify\">[1] (Alexandra Pe\u00f1uela y H\u00e9ctor Palomino, Subcomit\u00e9 1 de la Comisi\u00f3n IFRS de la revista INCP el contador p\u00fablico, p. 65). <\/p>\n<p class=\"text-justify\">&nbsp;<em>Hernando Ortiz de Auren Colombia<\/em> <\/p>\n<p><!-- AddThis Advanced Settings generic via filter on the_content --><!-- AddThis Share Buttons generic via filter on the_content --><\/p>\n","protected":false},"excerpt":{"rendered":"<p>La administraci\u00f3n siempre tendr\u00e1 un proceso para medir su eficiencia y se realiza con la ayuda de los datos de la compa\u00f1\u00eda sobre su desempe\u00f1o financiero y los comentarios de los clientes y otras partes interesadas sobre su administraci\u00f3n.<\/p>\n","protected":false},"featured_media":12255,"template":"","meta":{"_acf_changed":false,"footnotes":""},"blog-category":[],"class_list":["post-12254","blog","type-blog","status-publish","has-post-thumbnail","hentry"],"acf":[],"yoast_head":"<!-- This site is optimized with the Yoast SEO plugin v27.5 - https:\/\/yoast.com\/product\/yoast-seo-wordpress\/ -->\n<title>C\u00f3mo evaluar la gesti\u00f3n a trav\u00e9s de la medici\u00f3n de la creaci\u00f3n de valor de las empresas - Auren Argentina<\/title>\n<meta name=\"robots\" content=\"index, follow, max-snippet:-1, max-image-preview:large, max-video-preview:-1\" \/>\n<link rel=\"canonical\" href=\"https:\/\/auren.com\/ar\/blog\/como-evaluar-la-gestion-a-traves-de-la-medicion-de-la-creacion-de-valor-de-las-empresas\/\" \/>\n<meta property=\"og:locale\" content=\"es_ES\" \/>\n<meta property=\"og:type\" content=\"article\" \/>\n<meta property=\"og:title\" content=\"C\u00f3mo evaluar la gesti\u00f3n a trav\u00e9s de la medici\u00f3n de la creaci\u00f3n de valor de las empresas - Auren Argentina\" \/>\n<meta property=\"og:description\" content=\"La administraci\u00f3n siempre tendr\u00e1 un proceso para medir su eficiencia y se realiza con la ayuda de los datos de la compa\u00f1\u00eda sobre su desempe\u00f1o financiero y los comentarios de los clientes y otras partes interesadas sobre su administraci\u00f3n.\" \/>\n<meta property=\"og:url\" content=\"https:\/\/auren.com\/ar\/blog\/como-evaluar-la-gestion-a-traves-de-la-medicion-de-la-creacion-de-valor-de-las-empresas\/\" \/>\n<meta property=\"og:site_name\" content=\"Auren Argentina\" \/>\n<meta property=\"article:publisher\" content=\"https:\/\/www.facebook.com\/AurenArg\/\" \/>\n<meta property=\"og:image\" content=\"https:\/\/auren.com\/ar\/wp-content\/uploads\/2019\/09\/como-evaluar-la-gestion-a-traves-de-la-1.jpg\" \/>\n\t<meta property=\"og:image:width\" content=\"1000\" \/>\n\t<meta property=\"og:image:height\" content=\"666\" \/>\n\t<meta property=\"og:image:type\" content=\"image\/jpeg\" \/>\n<meta name=\"twitter:card\" content=\"summary_large_image\" \/>\n<meta name=\"twitter:site\" content=\"@AUREN_Argentina\" \/>\n<meta name=\"twitter:label1\" content=\"Tiempo de lectura\" \/>\n\t<meta name=\"twitter:data1\" content=\"3 minutos\" \/>\n<script type=\"application\/ld+json\" class=\"yoast-schema-graph\">{\"@context\":\"https:\\\/\\\/schema.org\",\"@graph\":[{\"@type\":\"WebPage\",\"@id\":\"https:\\\/\\\/auren.com\\\/ar\\\/blog\\\/como-evaluar-la-gestion-a-traves-de-la-medicion-de-la-creacion-de-valor-de-las-empresas\\\/\",\"url\":\"https:\\\/\\\/auren.com\\\/ar\\\/blog\\\/como-evaluar-la-gestion-a-traves-de-la-medicion-de-la-creacion-de-valor-de-las-empresas\\\/\",\"name\":\"C\u00f3mo evaluar la gesti\u00f3n a trav\u00e9s de la medici\u00f3n de la creaci\u00f3n de valor de las empresas - Auren Argentina\",\"isPartOf\":{\"@id\":\"https:\\\/\\\/auren.com\\\/ar\\\/#website\"},\"primaryImageOfPage\":{\"@id\":\"https:\\\/\\\/auren.com\\\/ar\\\/blog\\\/como-evaluar-la-gestion-a-traves-de-la-medicion-de-la-creacion-de-valor-de-las-empresas\\\/#primaryimage\"},\"image\":{\"@id\":\"https:\\\/\\\/auren.com\\\/ar\\\/blog\\\/como-evaluar-la-gestion-a-traves-de-la-medicion-de-la-creacion-de-valor-de-las-empresas\\\/#primaryimage\"},\"thumbnailUrl\":\"https:\\\/\\\/auren.com\\\/ar\\\/wp-content\\\/uploads\\\/2019\\\/09\\\/como-evaluar-la-gestion-a-traves-de-la-1.jpg\",\"datePublished\":\"2019-09-03T16:02:22+00:00\",\"breadcrumb\":{\"@id\":\"https:\\\/\\\/auren.com\\\/ar\\\/blog\\\/como-evaluar-la-gestion-a-traves-de-la-medicion-de-la-creacion-de-valor-de-las-empresas\\\/#breadcrumb\"},\"inLanguage\":\"es\",\"potentialAction\":[{\"@type\":\"ReadAction\",\"target\":[\"https:\\\/\\\/auren.com\\\/ar\\\/blog\\\/como-evaluar-la-gestion-a-traves-de-la-medicion-de-la-creacion-de-valor-de-las-empresas\\\/\"]}]},{\"@type\":\"ImageObject\",\"inLanguage\":\"es\",\"@id\":\"https:\\\/\\\/auren.com\\\/ar\\\/blog\\\/como-evaluar-la-gestion-a-traves-de-la-medicion-de-la-creacion-de-valor-de-las-empresas\\\/#primaryimage\",\"url\":\"https:\\\/\\\/auren.com\\\/ar\\\/wp-content\\\/uploads\\\/2019\\\/09\\\/como-evaluar-la-gestion-a-traves-de-la-1.jpg\",\"contentUrl\":\"https:\\\/\\\/auren.com\\\/ar\\\/wp-content\\\/uploads\\\/2019\\\/09\\\/como-evaluar-la-gestion-a-traves-de-la-1.jpg\",\"width\":1000,\"height\":666},{\"@type\":\"BreadcrumbList\",\"@id\":\"https:\\\/\\\/auren.com\\\/ar\\\/blog\\\/como-evaluar-la-gestion-a-traves-de-la-medicion-de-la-creacion-de-valor-de-las-empresas\\\/#breadcrumb\",\"itemListElement\":[{\"@type\":\"ListItem\",\"position\":1,\"name\":\"Portada\",\"item\":\"https:\\\/\\\/auren.com\\\/ar\\\/\"},{\"@type\":\"ListItem\",\"position\":2,\"name\":\"C\u00f3mo evaluar la gesti\u00f3n a trav\u00e9s de la medici\u00f3n de la creaci\u00f3n de valor de las empresas\"}]},{\"@type\":\"WebSite\",\"@id\":\"https:\\\/\\\/auren.com\\\/ar\\\/#website\",\"url\":\"https:\\\/\\\/auren.com\\\/ar\\\/\",\"name\":\"Auren Argentina\",\"description\":\"\",\"publisher\":{\"@id\":\"https:\\\/\\\/auren.com\\\/ar\\\/#organization\"},\"potentialAction\":[{\"@type\":\"SearchAction\",\"target\":{\"@type\":\"EntryPoint\",\"urlTemplate\":\"https:\\\/\\\/auren.com\\\/ar\\\/?s={search_term_string}\"},\"query-input\":{\"@type\":\"PropertyValueSpecification\",\"valueRequired\":true,\"valueName\":\"search_term_string\"}}],\"inLanguage\":\"es\"},{\"@type\":\"Organization\",\"@id\":\"https:\\\/\\\/auren.com\\\/ar\\\/#organization\",\"name\":\"Auren Argentina\",\"url\":\"https:\\\/\\\/auren.com\\\/ar\\\/\",\"logo\":{\"@type\":\"ImageObject\",\"inLanguage\":\"es\",\"@id\":\"https:\\\/\\\/auren.com\\\/ar\\\/#\\\/schema\\\/logo\\\/image\\\/\",\"url\":\"https:\\\/\\\/auren.com\\\/ar\\\/wp-content\\\/uploads\\\/2025\\\/01\\\/cropped-cropped-favicon-Auren.png\",\"contentUrl\":\"https:\\\/\\\/auren.com\\\/ar\\\/wp-content\\\/uploads\\\/2025\\\/01\\\/cropped-cropped-favicon-Auren.png\",\"width\":512,\"height\":512,\"caption\":\"Auren Argentina\"},\"image\":{\"@id\":\"https:\\\/\\\/auren.com\\\/ar\\\/#\\\/schema\\\/logo\\\/image\\\/\"},\"sameAs\":[\"https:\\\/\\\/www.facebook.com\\\/AurenArg\\\/\",\"https:\\\/\\\/x.com\\\/AUREN_Argentina\",\"https:\\\/\\\/www.linkedin.com\\\/company\\\/aurenargentina\",\"https:\\\/\\\/www.youtube.com\\\/channel\\\/UCSCseiHMECB0uMBGF9wtjSw\",\"https:\\\/\\\/www.instagram.com\\\/aurenargentina\\\/\"]}]}<\/script>\n<!-- \/ Yoast SEO plugin. -->","yoast_head_json":{"title":"C\u00f3mo evaluar la gesti\u00f3n a trav\u00e9s de la medici\u00f3n de la creaci\u00f3n de valor de las empresas - Auren Argentina","robots":{"index":"index","follow":"follow","max-snippet":"max-snippet:-1","max-image-preview":"max-image-preview:large","max-video-preview":"max-video-preview:-1"},"canonical":"https:\/\/auren.com\/ar\/blog\/como-evaluar-la-gestion-a-traves-de-la-medicion-de-la-creacion-de-valor-de-las-empresas\/","og_locale":"es_ES","og_type":"article","og_title":"C\u00f3mo evaluar la gesti\u00f3n a trav\u00e9s de la medici\u00f3n de la creaci\u00f3n de valor de las empresas - Auren Argentina","og_description":"La administraci\u00f3n siempre tendr\u00e1 un proceso para medir su eficiencia y se realiza con la ayuda de los datos de la compa\u00f1\u00eda sobre su desempe\u00f1o financiero y los comentarios de los clientes y otras partes interesadas sobre su administraci\u00f3n.","og_url":"https:\/\/auren.com\/ar\/blog\/como-evaluar-la-gestion-a-traves-de-la-medicion-de-la-creacion-de-valor-de-las-empresas\/","og_site_name":"Auren Argentina","article_publisher":"https:\/\/www.facebook.com\/AurenArg\/","og_image":[{"width":1000,"height":666,"url":"https:\/\/auren.com\/ar\/wp-content\/uploads\/2019\/09\/como-evaluar-la-gestion-a-traves-de-la-1.jpg","type":"image\/jpeg"}],"twitter_card":"summary_large_image","twitter_site":"@AUREN_Argentina","twitter_misc":{"Tiempo de lectura":"3 minutos"},"schema":{"@context":"https:\/\/schema.org","@graph":[{"@type":"WebPage","@id":"https:\/\/auren.com\/ar\/blog\/como-evaluar-la-gestion-a-traves-de-la-medicion-de-la-creacion-de-valor-de-las-empresas\/","url":"https:\/\/auren.com\/ar\/blog\/como-evaluar-la-gestion-a-traves-de-la-medicion-de-la-creacion-de-valor-de-las-empresas\/","name":"C\u00f3mo evaluar la gesti\u00f3n a trav\u00e9s de la medici\u00f3n de la creaci\u00f3n de valor de las empresas - Auren Argentina","isPartOf":{"@id":"https:\/\/auren.com\/ar\/#website"},"primaryImageOfPage":{"@id":"https:\/\/auren.com\/ar\/blog\/como-evaluar-la-gestion-a-traves-de-la-medicion-de-la-creacion-de-valor-de-las-empresas\/#primaryimage"},"image":{"@id":"https:\/\/auren.com\/ar\/blog\/como-evaluar-la-gestion-a-traves-de-la-medicion-de-la-creacion-de-valor-de-las-empresas\/#primaryimage"},"thumbnailUrl":"https:\/\/auren.com\/ar\/wp-content\/uploads\/2019\/09\/como-evaluar-la-gestion-a-traves-de-la-1.jpg","datePublished":"2019-09-03T16:02:22+00:00","breadcrumb":{"@id":"https:\/\/auren.com\/ar\/blog\/como-evaluar-la-gestion-a-traves-de-la-medicion-de-la-creacion-de-valor-de-las-empresas\/#breadcrumb"},"inLanguage":"es","potentialAction":[{"@type":"ReadAction","target":["https:\/\/auren.com\/ar\/blog\/como-evaluar-la-gestion-a-traves-de-la-medicion-de-la-creacion-de-valor-de-las-empresas\/"]}]},{"@type":"ImageObject","inLanguage":"es","@id":"https:\/\/auren.com\/ar\/blog\/como-evaluar-la-gestion-a-traves-de-la-medicion-de-la-creacion-de-valor-de-las-empresas\/#primaryimage","url":"https:\/\/auren.com\/ar\/wp-content\/uploads\/2019\/09\/como-evaluar-la-gestion-a-traves-de-la-1.jpg","contentUrl":"https:\/\/auren.com\/ar\/wp-content\/uploads\/2019\/09\/como-evaluar-la-gestion-a-traves-de-la-1.jpg","width":1000,"height":666},{"@type":"BreadcrumbList","@id":"https:\/\/auren.com\/ar\/blog\/como-evaluar-la-gestion-a-traves-de-la-medicion-de-la-creacion-de-valor-de-las-empresas\/#breadcrumb","itemListElement":[{"@type":"ListItem","position":1,"name":"Portada","item":"https:\/\/auren.com\/ar\/"},{"@type":"ListItem","position":2,"name":"C\u00f3mo evaluar la gesti\u00f3n a trav\u00e9s de la medici\u00f3n de la creaci\u00f3n de valor de las empresas"}]},{"@type":"WebSite","@id":"https:\/\/auren.com\/ar\/#website","url":"https:\/\/auren.com\/ar\/","name":"Auren Argentina","description":"","publisher":{"@id":"https:\/\/auren.com\/ar\/#organization"},"potentialAction":[{"@type":"SearchAction","target":{"@type":"EntryPoint","urlTemplate":"https:\/\/auren.com\/ar\/?s={search_term_string}"},"query-input":{"@type":"PropertyValueSpecification","valueRequired":true,"valueName":"search_term_string"}}],"inLanguage":"es"},{"@type":"Organization","@id":"https:\/\/auren.com\/ar\/#organization","name":"Auren Argentina","url":"https:\/\/auren.com\/ar\/","logo":{"@type":"ImageObject","inLanguage":"es","@id":"https:\/\/auren.com\/ar\/#\/schema\/logo\/image\/","url":"https:\/\/auren.com\/ar\/wp-content\/uploads\/2025\/01\/cropped-cropped-favicon-Auren.png","contentUrl":"https:\/\/auren.com\/ar\/wp-content\/uploads\/2025\/01\/cropped-cropped-favicon-Auren.png","width":512,"height":512,"caption":"Auren Argentina"},"image":{"@id":"https:\/\/auren.com\/ar\/#\/schema\/logo\/image\/"},"sameAs":["https:\/\/www.facebook.com\/AurenArg\/","https:\/\/x.com\/AUREN_Argentina","https:\/\/www.linkedin.com\/company\/aurenargentina","https:\/\/www.youtube.com\/channel\/UCSCseiHMECB0uMBGF9wtjSw","https:\/\/www.instagram.com\/aurenargentina\/"]}]}},"_links":{"self":[{"href":"https:\/\/auren.com\/ar\/wp-json\/wp\/v2\/blog\/12254","targetHints":{"allow":["GET"]}}],"collection":[{"href":"https:\/\/auren.com\/ar\/wp-json\/wp\/v2\/blog"}],"about":[{"href":"https:\/\/auren.com\/ar\/wp-json\/wp\/v2\/types\/blog"}],"version-history":[{"count":0,"href":"https:\/\/auren.com\/ar\/wp-json\/wp\/v2\/blog\/12254\/revisions"}],"wp:featuredmedia":[{"embeddable":true,"href":"https:\/\/auren.com\/ar\/wp-json\/wp\/v2\/media\/12255"}],"wp:attachment":[{"href":"https:\/\/auren.com\/ar\/wp-json\/wp\/v2\/media?parent=12254"}],"wp:term":[{"taxonomy":"blog-category","embeddable":true,"href":"https:\/\/auren.com\/ar\/wp-json\/wp\/v2\/blog-category?post=12254"}],"curies":[{"name":"wp","href":"https:\/\/api.w.org\/{rel}","templated":true}]}}