{"id":12258,"date":"2019-08-22T13:22:46","date_gmt":"2019-08-22T11:22:46","guid":{"rendered":"https:\/\/auren.com\/ar\/blog\/el-poder-de-la-opinion-publica\/"},"modified":"2019-08-22T13:22:46","modified_gmt":"2019-08-22T11:22:46","slug":"el-poder-de-la-opinion-publica","status":"publish","type":"blog","link":"https:\/\/auren.com\/ar\/blog\/el-poder-de-la-opinion-publica\/","title":{"rendered":"El poder de la Opini\u00f3n P\u00fablica"},"content":{"rendered":"<p class=\"text-justify\">En tiempos tan competitivos para lograr que una empresa sea exitosa no alcanza solo con tener un buen producto\/servicio, se necesita adem\u00e1s una imagen y prestigio que brinde confianza al p\u00fablico interno y externo (stackeholders). Hoy la sociedad y la opini\u00f3n p\u00fablica cumplen un rol importante e influyente en cada organizaci\u00f3n.<\/p>\n<p class=\"text-justify\">Este desaf\u00edo es uno de los factores estrat\u00e9gicos para que una organizaci\u00f3n pueda mantenerse y crecer sostenidamente. Demostrar que la RSE no es un slogan, una estrategia publicitaria, sino que es algo m\u00e1s internalizado, una forma de hacer empresa y de compromiso social.&nbsp;&nbsp;<\/p>\n<p class=\"text-justify\">Por esto, desde la Direcci\u00f3n y enmarcados en un plan estrat\u00e9gico de negocios, los socios son los responsables de trasladar la convicci\u00f3n, el compromiso, la \u00e9tica y prestigio de su organizaci\u00f3n.<\/p>\n<p class=\"text-justify\">Las organizaciones tambi\u00e9n como sistemas sociales somos responsables de las consecuencias de nuestras acciones y decisiones. El feed-back que nos dan sobre la cercan\u00eda que cada socio logra a trav\u00e9s de su talento con el cliente y de sus propios valores con la comunidad representa la coherencia de una marca.<\/p>\n<p class=\"text-justify\">En la actualidad es casi imposible pensar en resultados sostenibles en una organizaci\u00f3n sin tomar en cuenta las necesidades y el grado de satisfacci\u00f3n de los distintos grupos de inter\u00e9s y el compromiso social.     <\/p>\n<p>&nbsp;   <\/p>\n<p><b>Fernando Tezanos Pinto &#8211;&nbsp;<\/b><b>Presidente de Auren Argentina<\/b><\/p>\n<p><!-- AddThis Advanced Settings generic via filter on the_content --><!-- AddThis Share Buttons generic via filter on the_content --><\/p>\n","protected":false},"excerpt":{"rendered":"<p>Hoy la sociedad y la opini\u00f3n p\u00fablica cumplen un rol importante e influyente en cada organizaci\u00f3n.&nbsp;<\/p>\n","protected":false},"featured_media":12259,"template":"","meta":{"_acf_changed":false,"footnotes":""},"blog-category":[],"class_list":["post-12258","blog","type-blog","status-publish","has-post-thumbnail","hentry"],"acf":[],"yoast_head":"<!-- This site is optimized with the Yoast SEO plugin v27.5 - https:\/\/yoast.com\/product\/yoast-seo-wordpress\/ -->\n<title>El poder de la Opini\u00f3n P\u00fablica - Auren Argentina<\/title>\n<meta name=\"robots\" content=\"index, follow, max-snippet:-1, max-image-preview:large, max-video-preview:-1\" \/>\n<link rel=\"canonical\" href=\"https:\/\/auren.com\/ar\/blog\/el-poder-de-la-opinion-publica\/\" \/>\n<meta property=\"og:locale\" content=\"es_ES\" \/>\n<meta property=\"og:type\" content=\"article\" \/>\n<meta property=\"og:title\" content=\"El poder de la Opini\u00f3n P\u00fablica - Auren Argentina\" \/>\n<meta property=\"og:description\" content=\"Hoy la sociedad y la opini\u00f3n p\u00fablica cumplen un rol importante e influyente en cada organizaci\u00f3n.&nbsp;\" \/>\n<meta property=\"og:url\" content=\"https:\/\/auren.com\/ar\/blog\/el-poder-de-la-opinion-publica\/\" \/>\n<meta property=\"og:site_name\" content=\"Auren Argentina\" \/>\n<meta property=\"article:publisher\" content=\"https:\/\/www.facebook.com\/AurenArg\/\" \/>\n<meta property=\"og:image\" content=\"https:\/\/auren.com\/ar\/wp-content\/uploads\/2019\/08\/sustentabilidad-1.jpg\" \/>\n\t<meta property=\"og:image:width\" content=\"1000\" \/>\n\t<meta property=\"og:image:height\" content=\"667\" \/>\n\t<meta property=\"og:image:type\" content=\"image\/jpeg\" \/>\n<meta name=\"twitter:card\" content=\"summary_large_image\" \/>\n<meta name=\"twitter:site\" content=\"@AUREN_Argentina\" \/>\n<meta name=\"twitter:label1\" content=\"Tiempo de lectura\" \/>\n\t<meta name=\"twitter:data1\" content=\"1 minuto\" \/>\n<script type=\"application\/ld+json\" class=\"yoast-schema-graph\">{\"@context\":\"https:\\\/\\\/schema.org\",\"@graph\":[{\"@type\":\"WebPage\",\"@id\":\"https:\\\/\\\/auren.com\\\/ar\\\/blog\\\/el-poder-de-la-opinion-publica\\\/\",\"url\":\"https:\\\/\\\/auren.com\\\/ar\\\/blog\\\/el-poder-de-la-opinion-publica\\\/\",\"name\":\"El poder de la Opini\u00f3n P\u00fablica - Auren Argentina\",\"isPartOf\":{\"@id\":\"https:\\\/\\\/auren.com\\\/ar\\\/#website\"},\"primaryImageOfPage\":{\"@id\":\"https:\\\/\\\/auren.com\\\/ar\\\/blog\\\/el-poder-de-la-opinion-publica\\\/#primaryimage\"},\"image\":{\"@id\":\"https:\\\/\\\/auren.com\\\/ar\\\/blog\\\/el-poder-de-la-opinion-publica\\\/#primaryimage\"},\"thumbnailUrl\":\"https:\\\/\\\/auren.com\\\/ar\\\/wp-content\\\/uploads\\\/2019\\\/08\\\/sustentabilidad-1.jpg\",\"datePublished\":\"2019-08-22T11:22:46+00:00\",\"breadcrumb\":{\"@id\":\"https:\\\/\\\/auren.com\\\/ar\\\/blog\\\/el-poder-de-la-opinion-publica\\\/#breadcrumb\"},\"inLanguage\":\"es\",\"potentialAction\":[{\"@type\":\"ReadAction\",\"target\":[\"https:\\\/\\\/auren.com\\\/ar\\\/blog\\\/el-poder-de-la-opinion-publica\\\/\"]}]},{\"@type\":\"ImageObject\",\"inLanguage\":\"es\",\"@id\":\"https:\\\/\\\/auren.com\\\/ar\\\/blog\\\/el-poder-de-la-opinion-publica\\\/#primaryimage\",\"url\":\"https:\\\/\\\/auren.com\\\/ar\\\/wp-content\\\/uploads\\\/2019\\\/08\\\/sustentabilidad-1.jpg\",\"contentUrl\":\"https:\\\/\\\/auren.com\\\/ar\\\/wp-content\\\/uploads\\\/2019\\\/08\\\/sustentabilidad-1.jpg\",\"width\":1000,\"height\":667},{\"@type\":\"BreadcrumbList\",\"@id\":\"https:\\\/\\\/auren.com\\\/ar\\\/blog\\\/el-poder-de-la-opinion-publica\\\/#breadcrumb\",\"itemListElement\":[{\"@type\":\"ListItem\",\"position\":1,\"name\":\"Portada\",\"item\":\"https:\\\/\\\/auren.com\\\/ar\\\/\"},{\"@type\":\"ListItem\",\"position\":2,\"name\":\"El poder de la Opini\u00f3n P\u00fablica\"}]},{\"@type\":\"WebSite\",\"@id\":\"https:\\\/\\\/auren.com\\\/ar\\\/#website\",\"url\":\"https:\\\/\\\/auren.com\\\/ar\\\/\",\"name\":\"Auren Argentina\",\"description\":\"\",\"publisher\":{\"@id\":\"https:\\\/\\\/auren.com\\\/ar\\\/#organization\"},\"potentialAction\":[{\"@type\":\"SearchAction\",\"target\":{\"@type\":\"EntryPoint\",\"urlTemplate\":\"https:\\\/\\\/auren.com\\\/ar\\\/?s={search_term_string}\"},\"query-input\":{\"@type\":\"PropertyValueSpecification\",\"valueRequired\":true,\"valueName\":\"search_term_string\"}}],\"inLanguage\":\"es\"},{\"@type\":\"Organization\",\"@id\":\"https:\\\/\\\/auren.com\\\/ar\\\/#organization\",\"name\":\"Auren Argentina\",\"url\":\"https:\\\/\\\/auren.com\\\/ar\\\/\",\"logo\":{\"@type\":\"ImageObject\",\"inLanguage\":\"es\",\"@id\":\"https:\\\/\\\/auren.com\\\/ar\\\/#\\\/schema\\\/logo\\\/image\\\/\",\"url\":\"https:\\\/\\\/auren.com\\\/ar\\\/wp-content\\\/uploads\\\/2025\\\/01\\\/cropped-cropped-favicon-Auren.png\",\"contentUrl\":\"https:\\\/\\\/auren.com\\\/ar\\\/wp-content\\\/uploads\\\/2025\\\/01\\\/cropped-cropped-favicon-Auren.png\",\"width\":512,\"height\":512,\"caption\":\"Auren Argentina\"},\"image\":{\"@id\":\"https:\\\/\\\/auren.com\\\/ar\\\/#\\\/schema\\\/logo\\\/image\\\/\"},\"sameAs\":[\"https:\\\/\\\/www.facebook.com\\\/AurenArg\\\/\",\"https:\\\/\\\/x.com\\\/AUREN_Argentina\",\"https:\\\/\\\/www.linkedin.com\\\/company\\\/aurenargentina\",\"https:\\\/\\\/www.youtube.com\\\/channel\\\/UCSCseiHMECB0uMBGF9wtjSw\",\"https:\\\/\\\/www.instagram.com\\\/aurenargentina\\\/\"]}]}<\/script>\n<!-- \/ Yoast SEO plugin. -->","yoast_head_json":{"title":"El poder de la Opini\u00f3n P\u00fablica - Auren Argentina","robots":{"index":"index","follow":"follow","max-snippet":"max-snippet:-1","max-image-preview":"max-image-preview:large","max-video-preview":"max-video-preview:-1"},"canonical":"https:\/\/auren.com\/ar\/blog\/el-poder-de-la-opinion-publica\/","og_locale":"es_ES","og_type":"article","og_title":"El poder de la Opini\u00f3n P\u00fablica - Auren Argentina","og_description":"Hoy la sociedad y la opini\u00f3n p\u00fablica cumplen un rol importante e influyente en cada organizaci\u00f3n.&nbsp;","og_url":"https:\/\/auren.com\/ar\/blog\/el-poder-de-la-opinion-publica\/","og_site_name":"Auren Argentina","article_publisher":"https:\/\/www.facebook.com\/AurenArg\/","og_image":[{"width":1000,"height":667,"url":"https:\/\/auren.com\/ar\/wp-content\/uploads\/2019\/08\/sustentabilidad-1.jpg","type":"image\/jpeg"}],"twitter_card":"summary_large_image","twitter_site":"@AUREN_Argentina","twitter_misc":{"Tiempo de lectura":"1 minuto"},"schema":{"@context":"https:\/\/schema.org","@graph":[{"@type":"WebPage","@id":"https:\/\/auren.com\/ar\/blog\/el-poder-de-la-opinion-publica\/","url":"https:\/\/auren.com\/ar\/blog\/el-poder-de-la-opinion-publica\/","name":"El poder de la Opini\u00f3n P\u00fablica - Auren Argentina","isPartOf":{"@id":"https:\/\/auren.com\/ar\/#website"},"primaryImageOfPage":{"@id":"https:\/\/auren.com\/ar\/blog\/el-poder-de-la-opinion-publica\/#primaryimage"},"image":{"@id":"https:\/\/auren.com\/ar\/blog\/el-poder-de-la-opinion-publica\/#primaryimage"},"thumbnailUrl":"https:\/\/auren.com\/ar\/wp-content\/uploads\/2019\/08\/sustentabilidad-1.jpg","datePublished":"2019-08-22T11:22:46+00:00","breadcrumb":{"@id":"https:\/\/auren.com\/ar\/blog\/el-poder-de-la-opinion-publica\/#breadcrumb"},"inLanguage":"es","potentialAction":[{"@type":"ReadAction","target":["https:\/\/auren.com\/ar\/blog\/el-poder-de-la-opinion-publica\/"]}]},{"@type":"ImageObject","inLanguage":"es","@id":"https:\/\/auren.com\/ar\/blog\/el-poder-de-la-opinion-publica\/#primaryimage","url":"https:\/\/auren.com\/ar\/wp-content\/uploads\/2019\/08\/sustentabilidad-1.jpg","contentUrl":"https:\/\/auren.com\/ar\/wp-content\/uploads\/2019\/08\/sustentabilidad-1.jpg","width":1000,"height":667},{"@type":"BreadcrumbList","@id":"https:\/\/auren.com\/ar\/blog\/el-poder-de-la-opinion-publica\/#breadcrumb","itemListElement":[{"@type":"ListItem","position":1,"name":"Portada","item":"https:\/\/auren.com\/ar\/"},{"@type":"ListItem","position":2,"name":"El poder de la Opini\u00f3n P\u00fablica"}]},{"@type":"WebSite","@id":"https:\/\/auren.com\/ar\/#website","url":"https:\/\/auren.com\/ar\/","name":"Auren Argentina","description":"","publisher":{"@id":"https:\/\/auren.com\/ar\/#organization"},"potentialAction":[{"@type":"SearchAction","target":{"@type":"EntryPoint","urlTemplate":"https:\/\/auren.com\/ar\/?s={search_term_string}"},"query-input":{"@type":"PropertyValueSpecification","valueRequired":true,"valueName":"search_term_string"}}],"inLanguage":"es"},{"@type":"Organization","@id":"https:\/\/auren.com\/ar\/#organization","name":"Auren Argentina","url":"https:\/\/auren.com\/ar\/","logo":{"@type":"ImageObject","inLanguage":"es","@id":"https:\/\/auren.com\/ar\/#\/schema\/logo\/image\/","url":"https:\/\/auren.com\/ar\/wp-content\/uploads\/2025\/01\/cropped-cropped-favicon-Auren.png","contentUrl":"https:\/\/auren.com\/ar\/wp-content\/uploads\/2025\/01\/cropped-cropped-favicon-Auren.png","width":512,"height":512,"caption":"Auren Argentina"},"image":{"@id":"https:\/\/auren.com\/ar\/#\/schema\/logo\/image\/"},"sameAs":["https:\/\/www.facebook.com\/AurenArg\/","https:\/\/x.com\/AUREN_Argentina","https:\/\/www.linkedin.com\/company\/aurenargentina","https:\/\/www.youtube.com\/channel\/UCSCseiHMECB0uMBGF9wtjSw","https:\/\/www.instagram.com\/aurenargentina\/"]}]}},"_links":{"self":[{"href":"https:\/\/auren.com\/ar\/wp-json\/wp\/v2\/blog\/12258","targetHints":{"allow":["GET"]}}],"collection":[{"href":"https:\/\/auren.com\/ar\/wp-json\/wp\/v2\/blog"}],"about":[{"href":"https:\/\/auren.com\/ar\/wp-json\/wp\/v2\/types\/blog"}],"version-history":[{"count":0,"href":"https:\/\/auren.com\/ar\/wp-json\/wp\/v2\/blog\/12258\/revisions"}],"wp:featuredmedia":[{"embeddable":true,"href":"https:\/\/auren.com\/ar\/wp-json\/wp\/v2\/media\/12259"}],"wp:attachment":[{"href":"https:\/\/auren.com\/ar\/wp-json\/wp\/v2\/media?parent=12258"}],"wp:term":[{"taxonomy":"blog-category","embeddable":true,"href":"https:\/\/auren.com\/ar\/wp-json\/wp\/v2\/blog-category?post=12258"}],"curies":[{"name":"wp","href":"https:\/\/api.w.org\/{rel}","templated":true}]}}