{"id":12298,"date":"2019-06-25T14:40:51","date_gmt":"2019-06-25T12:40:51","guid":{"rendered":"https:\/\/auren.com\/ar\/blog\/como-se-forman-los-lideres-positivos\/"},"modified":"2019-06-25T14:40:51","modified_gmt":"2019-06-25T12:40:51","slug":"como-se-forman-los-lideres-positivos","status":"publish","type":"blog","link":"https:\/\/auren.com\/ar\/blog\/como-se-forman-los-lideres-positivos\/","title":{"rendered":"\u00bfC\u00f3mo se forman los l\u00edderes positivos?"},"content":{"rendered":"<p>La formaci\u00f3n de un buen jefe requiere de un enfoque integral de la persona, desde los valores personales y organizacionales hasta la acci\u00f3n, el conjunto de conocimientos y las habilidades que hacen de la excelencia en la ejecuci\u00f3n, pero en ese orden.&nbsp;<\/p>\n<p>Es fundamental explicitar durante los procesos de desarrollo, el prop\u00f3sito de lo que hace la organizaci\u00f3n, teniendo en cuenta no s\u00f3lo los aportes de valor que nuestros servicios y \/ o productos a la comunidad, sino tambi\u00e9n la responsabilidad sobre los impactos de nuestros comportamientos en cada interacci\u00f3n con clientes y proveedores; internos y externos.&nbsp;<\/p>\n<p class=\"text-justify\">La formaci\u00f3n de un l\u00edder tambi\u00e9n debe contemplar la b\u00fasqueda de la excelencia en la comunicaci\u00f3n, resaltando la importancia de la escucha como una herramienta clave para la gesti\u00f3n del equipo.&nbsp;<\/p>\n<p>En general, los planos de carrera que las organizaciones proponen se enfocan en el desarrollo de las competencias t\u00e9cnicas de quienes alcanzan los puestos de supervisi\u00f3n y atenci\u00f3n que se relacionan con el liderazgo. En este punto encontramos personas que ocupan posiciones de jefatura, casi siempre, por ejemplo, cuando surgen los problemas. La realidad es que la cultura de una organizaci\u00f3n se ve plasmada en el d\u00eda al d\u00eda en el estilo de liderazgo de cada jefe con su equipo, es decir, la experiencia de cada empleado se ve impactada por el clima que es capaz de construir para su equipo.<\/p>\n<p>No cabe duda de que estos son los contextos que crean los pilares emocionales sobre los que construyen los equipos, al fin y al cabo,&nbsp;es la relaci\u00f3n de confianza que permite los altos niveles de desempe\u00f1o, el fluir de la colaboraci\u00f3n, el disfrute de los logros compartidos y el foco en la misi\u00f3n del equipo.<\/p>\n<p><strong>Jos\u00e9 Saha<\/strong><\/p>\n<p><strong>Director de HR &#8211;&nbsp;<\/strong><strong>Auren Buenos Aires<\/strong><\/p>\n<\/p>\n<p><!-- AddThis Advanced Settings generic via filter on the_content --><!-- AddThis Share Buttons generic via filter on the_content --><\/p>\n","protected":false},"excerpt":{"rendered":"<p>La formaci\u00f3n de un buen jefe requiere de un enfoque integral de la persona.<\/p>\n","protected":false},"featured_media":12299,"template":"","meta":{"_acf_changed":false,"footnotes":""},"blog-category":[],"class_list":["post-12298","blog","type-blog","status-publish","has-post-thumbnail","hentry"],"acf":[],"yoast_head":"<!-- This site is optimized with the Yoast SEO plugin v27.4 - https:\/\/yoast.com\/product\/yoast-seo-wordpress\/ -->\n<title>\u00bfC\u00f3mo se forman los l\u00edderes positivos? - Auren Argentina<\/title>\n<meta name=\"robots\" content=\"index, follow, max-snippet:-1, max-image-preview:large, max-video-preview:-1\" \/>\n<link rel=\"canonical\" href=\"https:\/\/auren.com\/ar\/blog\/como-se-forman-los-lideres-positivos\/\" \/>\n<meta property=\"og:locale\" content=\"es_ES\" \/>\n<meta property=\"og:type\" content=\"article\" \/>\n<meta property=\"og:title\" content=\"\u00bfC\u00f3mo se forman los l\u00edderes positivos? - Auren Argentina\" \/>\n<meta property=\"og:description\" content=\"La formaci\u00f3n de un buen jefe requiere de un enfoque integral de la persona.\" \/>\n<meta property=\"og:url\" content=\"https:\/\/auren.com\/ar\/blog\/como-se-forman-los-lideres-positivos\/\" \/>\n<meta property=\"og:site_name\" content=\"Auren Argentina\" \/>\n<meta property=\"article:publisher\" content=\"https:\/\/www.facebook.com\/AurenArg\/\" \/>\n<meta property=\"og:image\" content=\"https:\/\/auren.com\/ar\/wp-content\/uploads\/2019\/06\/buenos-jefes-1.jpg\" \/>\n\t<meta property=\"og:image:width\" content=\"1000\" \/>\n\t<meta property=\"og:image:height\" content=\"666\" \/>\n\t<meta property=\"og:image:type\" content=\"image\/jpeg\" \/>\n<meta name=\"twitter:card\" content=\"summary_large_image\" \/>\n<meta name=\"twitter:site\" content=\"@AUREN_Argentina\" \/>\n<meta name=\"twitter:label1\" content=\"Tiempo de lectura\" \/>\n\t<meta name=\"twitter:data1\" content=\"2 minutos\" \/>\n<script type=\"application\/ld+json\" class=\"yoast-schema-graph\">{\"@context\":\"https:\\\/\\\/schema.org\",\"@graph\":[{\"@type\":\"WebPage\",\"@id\":\"https:\\\/\\\/auren.com\\\/ar\\\/blog\\\/como-se-forman-los-lideres-positivos\\\/\",\"url\":\"https:\\\/\\\/auren.com\\\/ar\\\/blog\\\/como-se-forman-los-lideres-positivos\\\/\",\"name\":\"\u00bfC\u00f3mo se forman los l\u00edderes positivos? - Auren Argentina\",\"isPartOf\":{\"@id\":\"https:\\\/\\\/auren.com\\\/ar\\\/#website\"},\"primaryImageOfPage\":{\"@id\":\"https:\\\/\\\/auren.com\\\/ar\\\/blog\\\/como-se-forman-los-lideres-positivos\\\/#primaryimage\"},\"image\":{\"@id\":\"https:\\\/\\\/auren.com\\\/ar\\\/blog\\\/como-se-forman-los-lideres-positivos\\\/#primaryimage\"},\"thumbnailUrl\":\"https:\\\/\\\/auren.com\\\/ar\\\/wp-content\\\/uploads\\\/2019\\\/06\\\/buenos-jefes-1.jpg\",\"datePublished\":\"2019-06-25T12:40:51+00:00\",\"breadcrumb\":{\"@id\":\"https:\\\/\\\/auren.com\\\/ar\\\/blog\\\/como-se-forman-los-lideres-positivos\\\/#breadcrumb\"},\"inLanguage\":\"es\",\"potentialAction\":[{\"@type\":\"ReadAction\",\"target\":[\"https:\\\/\\\/auren.com\\\/ar\\\/blog\\\/como-se-forman-los-lideres-positivos\\\/\"]}]},{\"@type\":\"ImageObject\",\"inLanguage\":\"es\",\"@id\":\"https:\\\/\\\/auren.com\\\/ar\\\/blog\\\/como-se-forman-los-lideres-positivos\\\/#primaryimage\",\"url\":\"https:\\\/\\\/auren.com\\\/ar\\\/wp-content\\\/uploads\\\/2019\\\/06\\\/buenos-jefes-1.jpg\",\"contentUrl\":\"https:\\\/\\\/auren.com\\\/ar\\\/wp-content\\\/uploads\\\/2019\\\/06\\\/buenos-jefes-1.jpg\",\"width\":1000,\"height\":666},{\"@type\":\"BreadcrumbList\",\"@id\":\"https:\\\/\\\/auren.com\\\/ar\\\/blog\\\/como-se-forman-los-lideres-positivos\\\/#breadcrumb\",\"itemListElement\":[{\"@type\":\"ListItem\",\"position\":1,\"name\":\"Portada\",\"item\":\"https:\\\/\\\/auren.com\\\/ar\\\/\"},{\"@type\":\"ListItem\",\"position\":2,\"name\":\"\u00bfC\u00f3mo se forman los l\u00edderes positivos?\"}]},{\"@type\":\"WebSite\",\"@id\":\"https:\\\/\\\/auren.com\\\/ar\\\/#website\",\"url\":\"https:\\\/\\\/auren.com\\\/ar\\\/\",\"name\":\"Auren Argentina\",\"description\":\"\",\"publisher\":{\"@id\":\"https:\\\/\\\/auren.com\\\/ar\\\/#organization\"},\"potentialAction\":[{\"@type\":\"SearchAction\",\"target\":{\"@type\":\"EntryPoint\",\"urlTemplate\":\"https:\\\/\\\/auren.com\\\/ar\\\/?s={search_term_string}\"},\"query-input\":{\"@type\":\"PropertyValueSpecification\",\"valueRequired\":true,\"valueName\":\"search_term_string\"}}],\"inLanguage\":\"es\"},{\"@type\":\"Organization\",\"@id\":\"https:\\\/\\\/auren.com\\\/ar\\\/#organization\",\"name\":\"Auren Argentina\",\"url\":\"https:\\\/\\\/auren.com\\\/ar\\\/\",\"logo\":{\"@type\":\"ImageObject\",\"inLanguage\":\"es\",\"@id\":\"https:\\\/\\\/auren.com\\\/ar\\\/#\\\/schema\\\/logo\\\/image\\\/\",\"url\":\"https:\\\/\\\/auren.com\\\/ar\\\/wp-content\\\/uploads\\\/2025\\\/01\\\/cropped-cropped-favicon-Auren.png\",\"contentUrl\":\"https:\\\/\\\/auren.com\\\/ar\\\/wp-content\\\/uploads\\\/2025\\\/01\\\/cropped-cropped-favicon-Auren.png\",\"width\":512,\"height\":512,\"caption\":\"Auren Argentina\"},\"image\":{\"@id\":\"https:\\\/\\\/auren.com\\\/ar\\\/#\\\/schema\\\/logo\\\/image\\\/\"},\"sameAs\":[\"https:\\\/\\\/www.facebook.com\\\/AurenArg\\\/\",\"https:\\\/\\\/x.com\\\/AUREN_Argentina\",\"https:\\\/\\\/www.linkedin.com\\\/company\\\/aurenargentina\",\"https:\\\/\\\/www.youtube.com\\\/channel\\\/UCSCseiHMECB0uMBGF9wtjSw\",\"https:\\\/\\\/www.instagram.com\\\/aurenargentina\\\/\"]}]}<\/script>\n<!-- \/ Yoast SEO plugin. -->","yoast_head_json":{"title":"\u00bfC\u00f3mo se forman los l\u00edderes positivos? - Auren Argentina","robots":{"index":"index","follow":"follow","max-snippet":"max-snippet:-1","max-image-preview":"max-image-preview:large","max-video-preview":"max-video-preview:-1"},"canonical":"https:\/\/auren.com\/ar\/blog\/como-se-forman-los-lideres-positivos\/","og_locale":"es_ES","og_type":"article","og_title":"\u00bfC\u00f3mo se forman los l\u00edderes positivos? - Auren Argentina","og_description":"La formaci\u00f3n de un buen jefe requiere de un enfoque integral de la persona.","og_url":"https:\/\/auren.com\/ar\/blog\/como-se-forman-los-lideres-positivos\/","og_site_name":"Auren Argentina","article_publisher":"https:\/\/www.facebook.com\/AurenArg\/","og_image":[{"width":1000,"height":666,"url":"https:\/\/auren.com\/ar\/wp-content\/uploads\/2019\/06\/buenos-jefes-1.jpg","type":"image\/jpeg"}],"twitter_card":"summary_large_image","twitter_site":"@AUREN_Argentina","twitter_misc":{"Tiempo de lectura":"2 minutos"},"schema":{"@context":"https:\/\/schema.org","@graph":[{"@type":"WebPage","@id":"https:\/\/auren.com\/ar\/blog\/como-se-forman-los-lideres-positivos\/","url":"https:\/\/auren.com\/ar\/blog\/como-se-forman-los-lideres-positivos\/","name":"\u00bfC\u00f3mo se forman los l\u00edderes positivos? - Auren Argentina","isPartOf":{"@id":"https:\/\/auren.com\/ar\/#website"},"primaryImageOfPage":{"@id":"https:\/\/auren.com\/ar\/blog\/como-se-forman-los-lideres-positivos\/#primaryimage"},"image":{"@id":"https:\/\/auren.com\/ar\/blog\/como-se-forman-los-lideres-positivos\/#primaryimage"},"thumbnailUrl":"https:\/\/auren.com\/ar\/wp-content\/uploads\/2019\/06\/buenos-jefes-1.jpg","datePublished":"2019-06-25T12:40:51+00:00","breadcrumb":{"@id":"https:\/\/auren.com\/ar\/blog\/como-se-forman-los-lideres-positivos\/#breadcrumb"},"inLanguage":"es","potentialAction":[{"@type":"ReadAction","target":["https:\/\/auren.com\/ar\/blog\/como-se-forman-los-lideres-positivos\/"]}]},{"@type":"ImageObject","inLanguage":"es","@id":"https:\/\/auren.com\/ar\/blog\/como-se-forman-los-lideres-positivos\/#primaryimage","url":"https:\/\/auren.com\/ar\/wp-content\/uploads\/2019\/06\/buenos-jefes-1.jpg","contentUrl":"https:\/\/auren.com\/ar\/wp-content\/uploads\/2019\/06\/buenos-jefes-1.jpg","width":1000,"height":666},{"@type":"BreadcrumbList","@id":"https:\/\/auren.com\/ar\/blog\/como-se-forman-los-lideres-positivos\/#breadcrumb","itemListElement":[{"@type":"ListItem","position":1,"name":"Portada","item":"https:\/\/auren.com\/ar\/"},{"@type":"ListItem","position":2,"name":"\u00bfC\u00f3mo se forman los l\u00edderes positivos?"}]},{"@type":"WebSite","@id":"https:\/\/auren.com\/ar\/#website","url":"https:\/\/auren.com\/ar\/","name":"Auren Argentina","description":"","publisher":{"@id":"https:\/\/auren.com\/ar\/#organization"},"potentialAction":[{"@type":"SearchAction","target":{"@type":"EntryPoint","urlTemplate":"https:\/\/auren.com\/ar\/?s={search_term_string}"},"query-input":{"@type":"PropertyValueSpecification","valueRequired":true,"valueName":"search_term_string"}}],"inLanguage":"es"},{"@type":"Organization","@id":"https:\/\/auren.com\/ar\/#organization","name":"Auren Argentina","url":"https:\/\/auren.com\/ar\/","logo":{"@type":"ImageObject","inLanguage":"es","@id":"https:\/\/auren.com\/ar\/#\/schema\/logo\/image\/","url":"https:\/\/auren.com\/ar\/wp-content\/uploads\/2025\/01\/cropped-cropped-favicon-Auren.png","contentUrl":"https:\/\/auren.com\/ar\/wp-content\/uploads\/2025\/01\/cropped-cropped-favicon-Auren.png","width":512,"height":512,"caption":"Auren Argentina"},"image":{"@id":"https:\/\/auren.com\/ar\/#\/schema\/logo\/image\/"},"sameAs":["https:\/\/www.facebook.com\/AurenArg\/","https:\/\/x.com\/AUREN_Argentina","https:\/\/www.linkedin.com\/company\/aurenargentina","https:\/\/www.youtube.com\/channel\/UCSCseiHMECB0uMBGF9wtjSw","https:\/\/www.instagram.com\/aurenargentina\/"]}]}},"_links":{"self":[{"href":"https:\/\/auren.com\/ar\/wp-json\/wp\/v2\/blog\/12298","targetHints":{"allow":["GET"]}}],"collection":[{"href":"https:\/\/auren.com\/ar\/wp-json\/wp\/v2\/blog"}],"about":[{"href":"https:\/\/auren.com\/ar\/wp-json\/wp\/v2\/types\/blog"}],"version-history":[{"count":0,"href":"https:\/\/auren.com\/ar\/wp-json\/wp\/v2\/blog\/12298\/revisions"}],"wp:featuredmedia":[{"embeddable":true,"href":"https:\/\/auren.com\/ar\/wp-json\/wp\/v2\/media\/12299"}],"wp:attachment":[{"href":"https:\/\/auren.com\/ar\/wp-json\/wp\/v2\/media?parent=12298"}],"wp:term":[{"taxonomy":"blog-category","embeddable":true,"href":"https:\/\/auren.com\/ar\/wp-json\/wp\/v2\/blog-category?post=12298"}],"curies":[{"name":"wp","href":"https:\/\/api.w.org\/{rel}","templated":true}]}}