{"id":12330,"date":"2019-03-28T17:50:40","date_gmt":"2019-03-28T16:50:40","guid":{"rendered":"https:\/\/auren.com\/ar\/blog\/cooperativas-y-mutuales-presentacion-de-estados-contables\/"},"modified":"2019-03-28T17:50:40","modified_gmt":"2019-03-28T16:50:40","slug":"cooperativas-y-mutuales-presentacion-de-estados-contables","status":"publish","type":"blog","link":"https:\/\/auren.com\/ar\/blog\/cooperativas-y-mutuales-presentacion-de-estados-contables\/","title":{"rendered":"Cooperativas y mutuales. Presentaci\u00f3n de Estados Contables"},"content":{"rendered":"<p class=\"text-justify\">El Instituto Nacional de Asociativismo y Econom\u00eda Social, resolvi\u00f3 en el d\u00eda de la fecha, mediante la presente Resoluci\u00f3n, que los Estados Contables de cooperativas y mutuales anuales o por per\u00edodos intermedios o especiales, que cierren a partir del 31 de marzo de 2019 inclusive deber\u00e1n presentarse expresados en moneda constante u homog\u00e9nea, aplicando la metodolog\u00eda de reexpresi\u00f3n que establece la RTN\u00b06, de acuerdo con las normas para su aplicaci\u00f3n previstas en la Resoluci\u00f3n N\u00b0 539\/18 de la Junta de Gobierno de la FACPCE.<\/p>\n<p class=\"text-justify\">Para los Estados Contables que cierren entre el 31 de diciembre de 2018 y el 30 de marzo de 2019, se admitir\u00e1 la presentaci\u00f3n en moneda constante u homog\u00e9nea.<\/p>\n<p class=\"text-justify\">En aquellos Estados Contables cuyos cierres se hayan producido entre el 1\u00b0 de julio de 2018 y el 30 de diciembre de 2018, y en aquellos cierres comprendidos entre el 31 de diciembre de 2018 y el 30 de marzo de 2019 en los que no se ejerza la opci\u00f3n de aplicaci\u00f3n anticipada, (siempre que en ambos casos se encuentren pendientes de aprobaci\u00f3n por el \u00d3rgano de Administraci\u00f3n de la entidad a la fecha de entrada en vigencia de la presente resoluci\u00f3n) deber\u00e1 informase en notas a los Estados Contables, que se ha definido un contexto de inflaci\u00f3n tal que tendr\u00e1 que aplicarse la reexpresi\u00f3n en los cierres que se produzcan a partir del 31 de marzo de 2019 inclusive, junto con una descripci\u00f3n y los impactos cualitativos en los Estados Contables de los efectos que podr\u00eda ocasionar la reexpresi\u00f3n.<\/p>\n<p class=\"text-justify\">Para aquellos Estados Contables cuyos cierres se hayan producido entre el 1\u00b0 de julio de 2018 y la fecha de entrada en vigencia de la presente resoluci\u00f3n, en los que no se haya dado cumplimiento a lo normado por esta resoluci\u00f3n y ya hubiesen sido aprobados por el \u00d3rgano de Administraci\u00f3n de la entidad, no se requerir\u00e1 elaborarlos nuevamente, siendo aceptada su presentaci\u00f3n en el I.N.A.E.S.<\/p>\n<p class=\"text-justify\">Por \u00faltimo, el \u00edndice a aplicar para la reexpresi\u00f3n es el determinado por la FACPCE en la Resoluci\u00f3n N\u00b0 539\/18, para la aplicaci\u00f3n de la Resoluci\u00f3n T\u00e9cnica N\u00b06.<\/p>\n<p class=\"text-justify\">\n<p><strong>Dami\u00e1n Cardone&nbsp;<\/strong><\/p>\n<p><strong>Socio de Auditor\u00eda \u2013 Auren Buenos Aires<\/strong><\/p>\n<p><!-- AddThis Advanced Settings generic via filter on the_content --><!-- AddThis Share Buttons generic via filter on the_content --><\/p>\n","protected":false},"excerpt":{"rendered":"<p>El Instituto Nacional de Asociativismo y Econom\u00eda Social resolvi\u00f3 que los Estados Contables de cooperativas y mutuales anuales o por per\u00edodos intermedios o especiales, que cierren a partir del 31 de marzo de 2019 inclusive deber\u00e1n presentarse expresados en moneda constante u homog\u00e9nea, aplicando la metodolog\u00eda de reexpresi\u00f3n que establece la RTN\u00b06, de acuerdo con las normas para su aplicaci\u00f3n previstas en la Resoluci\u00f3n N\u00b0 539\/18 de la Junta de Gobierno de la FACPCE.<\/p>\n","protected":false},"featured_media":12331,"template":"","meta":{"_acf_changed":false,"footnotes":""},"blog-category":[],"class_list":["post-12330","blog","type-blog","status-publish","has-post-thumbnail","hentry"],"acf":[],"yoast_head":"<!-- This site is optimized with the Yoast SEO plugin v27.4 - https:\/\/yoast.com\/product\/yoast-seo-wordpress\/ -->\n<title>Cooperativas y mutuales. Presentaci\u00f3n de Estados Contables - Auren Argentina<\/title>\n<meta name=\"robots\" content=\"index, follow, max-snippet:-1, max-image-preview:large, max-video-preview:-1\" \/>\n<link rel=\"canonical\" href=\"https:\/\/auren.com\/ar\/blog\/cooperativas-y-mutuales-presentacion-de-estados-contables\/\" \/>\n<meta property=\"og:locale\" content=\"es_ES\" \/>\n<meta property=\"og:type\" content=\"article\" \/>\n<meta property=\"og:title\" content=\"Cooperativas y mutuales. Presentaci\u00f3n de Estados Contables - Auren Argentina\" \/>\n<meta property=\"og:description\" content=\"El Instituto Nacional de Asociativismo y Econom\u00eda Social resolvi\u00f3 que los Estados Contables de cooperativas y mutuales anuales o por per\u00edodos intermedios o especiales, que cierren a partir del 31 de marzo de 2019 inclusive deber\u00e1n presentarse expresados en moneda constante u homog\u00e9nea, aplicando la metodolog\u00eda de reexpresi\u00f3n que establece la RTN\u00b06, de acuerdo con las normas para su aplicaci\u00f3n previstas en la Resoluci\u00f3n N\u00b0 539\/18 de la Junta de Gobierno de la FACPCE.\" \/>\n<meta property=\"og:url\" content=\"https:\/\/auren.com\/ar\/blog\/cooperativas-y-mutuales-presentacion-de-estados-contables\/\" \/>\n<meta property=\"og:site_name\" content=\"Auren Argentina\" \/>\n<meta property=\"article:publisher\" content=\"https:\/\/www.facebook.com\/AurenArg\/\" \/>\n<meta property=\"og:image\" content=\"https:\/\/auren.com\/ar\/wp-content\/uploads\/2019\/03\/1903-los-datos-comerciales-son-datos-personales-1.jpg\" \/>\n\t<meta property=\"og:image:width\" content=\"1920\" \/>\n\t<meta property=\"og:image:height\" content=\"655\" \/>\n\t<meta property=\"og:image:type\" content=\"image\/jpeg\" \/>\n<meta name=\"twitter:card\" content=\"summary_large_image\" \/>\n<meta name=\"twitter:site\" content=\"@AUREN_Argentina\" \/>\n<meta name=\"twitter:label1\" content=\"Tiempo de lectura\" \/>\n\t<meta name=\"twitter:data1\" content=\"2 minutos\" \/>\n<script type=\"application\/ld+json\" class=\"yoast-schema-graph\">{\"@context\":\"https:\\\/\\\/schema.org\",\"@graph\":[{\"@type\":\"WebPage\",\"@id\":\"https:\\\/\\\/auren.com\\\/ar\\\/blog\\\/cooperativas-y-mutuales-presentacion-de-estados-contables\\\/\",\"url\":\"https:\\\/\\\/auren.com\\\/ar\\\/blog\\\/cooperativas-y-mutuales-presentacion-de-estados-contables\\\/\",\"name\":\"Cooperativas y mutuales. Presentaci\u00f3n de Estados Contables - Auren Argentina\",\"isPartOf\":{\"@id\":\"https:\\\/\\\/auren.com\\\/ar\\\/#website\"},\"primaryImageOfPage\":{\"@id\":\"https:\\\/\\\/auren.com\\\/ar\\\/blog\\\/cooperativas-y-mutuales-presentacion-de-estados-contables\\\/#primaryimage\"},\"image\":{\"@id\":\"https:\\\/\\\/auren.com\\\/ar\\\/blog\\\/cooperativas-y-mutuales-presentacion-de-estados-contables\\\/#primaryimage\"},\"thumbnailUrl\":\"https:\\\/\\\/auren.com\\\/ar\\\/wp-content\\\/uploads\\\/2019\\\/03\\\/1903-los-datos-comerciales-son-datos-personales-1.jpg\",\"datePublished\":\"2019-03-28T16:50:40+00:00\",\"breadcrumb\":{\"@id\":\"https:\\\/\\\/auren.com\\\/ar\\\/blog\\\/cooperativas-y-mutuales-presentacion-de-estados-contables\\\/#breadcrumb\"},\"inLanguage\":\"es\",\"potentialAction\":[{\"@type\":\"ReadAction\",\"target\":[\"https:\\\/\\\/auren.com\\\/ar\\\/blog\\\/cooperativas-y-mutuales-presentacion-de-estados-contables\\\/\"]}]},{\"@type\":\"ImageObject\",\"inLanguage\":\"es\",\"@id\":\"https:\\\/\\\/auren.com\\\/ar\\\/blog\\\/cooperativas-y-mutuales-presentacion-de-estados-contables\\\/#primaryimage\",\"url\":\"https:\\\/\\\/auren.com\\\/ar\\\/wp-content\\\/uploads\\\/2019\\\/03\\\/1903-los-datos-comerciales-son-datos-personales-1.jpg\",\"contentUrl\":\"https:\\\/\\\/auren.com\\\/ar\\\/wp-content\\\/uploads\\\/2019\\\/03\\\/1903-los-datos-comerciales-son-datos-personales-1.jpg\",\"width\":1920,\"height\":655},{\"@type\":\"BreadcrumbList\",\"@id\":\"https:\\\/\\\/auren.com\\\/ar\\\/blog\\\/cooperativas-y-mutuales-presentacion-de-estados-contables\\\/#breadcrumb\",\"itemListElement\":[{\"@type\":\"ListItem\",\"position\":1,\"name\":\"Portada\",\"item\":\"https:\\\/\\\/auren.com\\\/ar\\\/\"},{\"@type\":\"ListItem\",\"position\":2,\"name\":\"Cooperativas y mutuales. Presentaci\u00f3n de Estados Contables\"}]},{\"@type\":\"WebSite\",\"@id\":\"https:\\\/\\\/auren.com\\\/ar\\\/#website\",\"url\":\"https:\\\/\\\/auren.com\\\/ar\\\/\",\"name\":\"Auren Argentina\",\"description\":\"\",\"publisher\":{\"@id\":\"https:\\\/\\\/auren.com\\\/ar\\\/#organization\"},\"potentialAction\":[{\"@type\":\"SearchAction\",\"target\":{\"@type\":\"EntryPoint\",\"urlTemplate\":\"https:\\\/\\\/auren.com\\\/ar\\\/?s={search_term_string}\"},\"query-input\":{\"@type\":\"PropertyValueSpecification\",\"valueRequired\":true,\"valueName\":\"search_term_string\"}}],\"inLanguage\":\"es\"},{\"@type\":\"Organization\",\"@id\":\"https:\\\/\\\/auren.com\\\/ar\\\/#organization\",\"name\":\"Auren Argentina\",\"url\":\"https:\\\/\\\/auren.com\\\/ar\\\/\",\"logo\":{\"@type\":\"ImageObject\",\"inLanguage\":\"es\",\"@id\":\"https:\\\/\\\/auren.com\\\/ar\\\/#\\\/schema\\\/logo\\\/image\\\/\",\"url\":\"https:\\\/\\\/auren.com\\\/ar\\\/wp-content\\\/uploads\\\/2025\\\/01\\\/cropped-cropped-favicon-Auren.png\",\"contentUrl\":\"https:\\\/\\\/auren.com\\\/ar\\\/wp-content\\\/uploads\\\/2025\\\/01\\\/cropped-cropped-favicon-Auren.png\",\"width\":512,\"height\":512,\"caption\":\"Auren Argentina\"},\"image\":{\"@id\":\"https:\\\/\\\/auren.com\\\/ar\\\/#\\\/schema\\\/logo\\\/image\\\/\"},\"sameAs\":[\"https:\\\/\\\/www.facebook.com\\\/AurenArg\\\/\",\"https:\\\/\\\/x.com\\\/AUREN_Argentina\",\"https:\\\/\\\/www.linkedin.com\\\/company\\\/aurenargentina\",\"https:\\\/\\\/www.youtube.com\\\/channel\\\/UCSCseiHMECB0uMBGF9wtjSw\",\"https:\\\/\\\/www.instagram.com\\\/aurenargentina\\\/\"]}]}<\/script>\n<!-- \/ Yoast SEO plugin. -->","yoast_head_json":{"title":"Cooperativas y mutuales. Presentaci\u00f3n de Estados Contables - Auren Argentina","robots":{"index":"index","follow":"follow","max-snippet":"max-snippet:-1","max-image-preview":"max-image-preview:large","max-video-preview":"max-video-preview:-1"},"canonical":"https:\/\/auren.com\/ar\/blog\/cooperativas-y-mutuales-presentacion-de-estados-contables\/","og_locale":"es_ES","og_type":"article","og_title":"Cooperativas y mutuales. Presentaci\u00f3n de Estados Contables - Auren Argentina","og_description":"El Instituto Nacional de Asociativismo y Econom\u00eda Social resolvi\u00f3 que los Estados Contables de cooperativas y mutuales anuales o por per\u00edodos intermedios o especiales, que cierren a partir del 31 de marzo de 2019 inclusive deber\u00e1n presentarse expresados en moneda constante u homog\u00e9nea, aplicando la metodolog\u00eda de reexpresi\u00f3n que establece la RTN\u00b06, de acuerdo con las normas para su aplicaci\u00f3n previstas en la Resoluci\u00f3n N\u00b0 539\/18 de la Junta de Gobierno de la FACPCE.","og_url":"https:\/\/auren.com\/ar\/blog\/cooperativas-y-mutuales-presentacion-de-estados-contables\/","og_site_name":"Auren Argentina","article_publisher":"https:\/\/www.facebook.com\/AurenArg\/","og_image":[{"width":1920,"height":655,"url":"https:\/\/auren.com\/ar\/wp-content\/uploads\/2019\/03\/1903-los-datos-comerciales-son-datos-personales-1.jpg","type":"image\/jpeg"}],"twitter_card":"summary_large_image","twitter_site":"@AUREN_Argentina","twitter_misc":{"Tiempo de lectura":"2 minutos"},"schema":{"@context":"https:\/\/schema.org","@graph":[{"@type":"WebPage","@id":"https:\/\/auren.com\/ar\/blog\/cooperativas-y-mutuales-presentacion-de-estados-contables\/","url":"https:\/\/auren.com\/ar\/blog\/cooperativas-y-mutuales-presentacion-de-estados-contables\/","name":"Cooperativas y mutuales. Presentaci\u00f3n de Estados Contables - Auren Argentina","isPartOf":{"@id":"https:\/\/auren.com\/ar\/#website"},"primaryImageOfPage":{"@id":"https:\/\/auren.com\/ar\/blog\/cooperativas-y-mutuales-presentacion-de-estados-contables\/#primaryimage"},"image":{"@id":"https:\/\/auren.com\/ar\/blog\/cooperativas-y-mutuales-presentacion-de-estados-contables\/#primaryimage"},"thumbnailUrl":"https:\/\/auren.com\/ar\/wp-content\/uploads\/2019\/03\/1903-los-datos-comerciales-son-datos-personales-1.jpg","datePublished":"2019-03-28T16:50:40+00:00","breadcrumb":{"@id":"https:\/\/auren.com\/ar\/blog\/cooperativas-y-mutuales-presentacion-de-estados-contables\/#breadcrumb"},"inLanguage":"es","potentialAction":[{"@type":"ReadAction","target":["https:\/\/auren.com\/ar\/blog\/cooperativas-y-mutuales-presentacion-de-estados-contables\/"]}]},{"@type":"ImageObject","inLanguage":"es","@id":"https:\/\/auren.com\/ar\/blog\/cooperativas-y-mutuales-presentacion-de-estados-contables\/#primaryimage","url":"https:\/\/auren.com\/ar\/wp-content\/uploads\/2019\/03\/1903-los-datos-comerciales-son-datos-personales-1.jpg","contentUrl":"https:\/\/auren.com\/ar\/wp-content\/uploads\/2019\/03\/1903-los-datos-comerciales-son-datos-personales-1.jpg","width":1920,"height":655},{"@type":"BreadcrumbList","@id":"https:\/\/auren.com\/ar\/blog\/cooperativas-y-mutuales-presentacion-de-estados-contables\/#breadcrumb","itemListElement":[{"@type":"ListItem","position":1,"name":"Portada","item":"https:\/\/auren.com\/ar\/"},{"@type":"ListItem","position":2,"name":"Cooperativas y mutuales. Presentaci\u00f3n de Estados Contables"}]},{"@type":"WebSite","@id":"https:\/\/auren.com\/ar\/#website","url":"https:\/\/auren.com\/ar\/","name":"Auren Argentina","description":"","publisher":{"@id":"https:\/\/auren.com\/ar\/#organization"},"potentialAction":[{"@type":"SearchAction","target":{"@type":"EntryPoint","urlTemplate":"https:\/\/auren.com\/ar\/?s={search_term_string}"},"query-input":{"@type":"PropertyValueSpecification","valueRequired":true,"valueName":"search_term_string"}}],"inLanguage":"es"},{"@type":"Organization","@id":"https:\/\/auren.com\/ar\/#organization","name":"Auren Argentina","url":"https:\/\/auren.com\/ar\/","logo":{"@type":"ImageObject","inLanguage":"es","@id":"https:\/\/auren.com\/ar\/#\/schema\/logo\/image\/","url":"https:\/\/auren.com\/ar\/wp-content\/uploads\/2025\/01\/cropped-cropped-favicon-Auren.png","contentUrl":"https:\/\/auren.com\/ar\/wp-content\/uploads\/2025\/01\/cropped-cropped-favicon-Auren.png","width":512,"height":512,"caption":"Auren Argentina"},"image":{"@id":"https:\/\/auren.com\/ar\/#\/schema\/logo\/image\/"},"sameAs":["https:\/\/www.facebook.com\/AurenArg\/","https:\/\/x.com\/AUREN_Argentina","https:\/\/www.linkedin.com\/company\/aurenargentina","https:\/\/www.youtube.com\/channel\/UCSCseiHMECB0uMBGF9wtjSw","https:\/\/www.instagram.com\/aurenargentina\/"]}]}},"_links":{"self":[{"href":"https:\/\/auren.com\/ar\/wp-json\/wp\/v2\/blog\/12330","targetHints":{"allow":["GET"]}}],"collection":[{"href":"https:\/\/auren.com\/ar\/wp-json\/wp\/v2\/blog"}],"about":[{"href":"https:\/\/auren.com\/ar\/wp-json\/wp\/v2\/types\/blog"}],"version-history":[{"count":0,"href":"https:\/\/auren.com\/ar\/wp-json\/wp\/v2\/blog\/12330\/revisions"}],"wp:featuredmedia":[{"embeddable":true,"href":"https:\/\/auren.com\/ar\/wp-json\/wp\/v2\/media\/12331"}],"wp:attachment":[{"href":"https:\/\/auren.com\/ar\/wp-json\/wp\/v2\/media?parent=12330"}],"wp:term":[{"taxonomy":"blog-category","embeddable":true,"href":"https:\/\/auren.com\/ar\/wp-json\/wp\/v2\/blog-category?post=12330"}],"curies":[{"name":"wp","href":"https:\/\/api.w.org\/{rel}","templated":true}]}}