{"id":12342,"date":"2019-02-07T17:52:45","date_gmt":"2019-02-07T16:52:45","guid":{"rendered":"https:\/\/auren.com\/ar\/blog\/la-gestion-del-cambio-desde-recursos-humanos\/"},"modified":"2019-02-07T17:52:45","modified_gmt":"2019-02-07T16:52:45","slug":"la-gestion-del-cambio-desde-recursos-humanos","status":"publish","type":"blog","link":"https:\/\/auren.com\/ar\/blog\/la-gestion-del-cambio-desde-recursos-humanos\/","title":{"rendered":"La gesti\u00f3n del cambio desde Recursos Humanos"},"content":{"rendered":"<p>Durante toda nuestra historia, el mundo ha vivido cambios de todo tipo, y estos han sido resistidos en su mayor\u00eda. Ejemplos como la revoluci\u00f3n industrial o la globalizaci\u00f3n, todo ha tenido resistencia.<\/p>\n<p>En la actualidad las empresas se encuentran en un proceso de transformaci\u00f3n constante pensando en el futuro e invirtiendo gran parte de su presupuesto en hacer que los cambios generados por la transformaci\u00f3n digital y las nuevas metodolog\u00edas sean \u00e1giles al nuevo modelo de negocios.<\/p>\n<p>Estos cambios calan profundo en la cultura de las compa\u00f1\u00edas, y por ende en sus colaboradores. Ahora les tendremos que decir que deben ser m\u00e1s \u201c\u00e1giles\u201d o m\u00e1s \u201cdigitales\u201d.<\/p>\n<p>En este momento es donde se debe contener a los colaboradores que m\u00e1s lo necesiten, probablemente las generaciones m\u00e1s antiguas de la empresa. Su \u201cresistencia\u201d al cambio lejos est\u00e1 de ser producto de una posici\u00f3n negativa, sino de una posici\u00f3n de miedo al cambio y lo que ello genere.<\/p>\n<p>En un mercado con tanto dinamismo y con una gran impronta de la tecnolog\u00eda en todos los sectores, las habilidades blandas ganan protagonismo. Adem\u00e1s, una de las patas m\u00e1s importantes de Recursos Humanos de la gesti\u00f3n del cambio debe ser la contenci\u00f3n.<\/p>\n<p>Contener las emociones generadas por las decisiones de transformaci\u00f3n y adaptaci\u00f3n al cambio. &nbsp;Otra muy importante es c\u00f3mo comunicamos el cambio, la comunicaci\u00f3n debe contener a cada integrante de la organizaci\u00f3n siendo franca y cercana.<\/p>\n<p>La \u00faltima pero no menos importante es la reconversi\u00f3n de talentos, por medio de entrenamiento, y esta debe estar pensada a medida para cada colaborador, a sus necesidades humanas y de conocimiento t\u00e9cnico.<\/p>\n<p>Las cualidades que todo proceso de cambio deber\u00e1 tener tanto de la firma como de sus miembros son las skills de la comunicaci\u00f3n, relaciones interpersonales, flexibilidad y empat\u00eda.<\/p>\n<p>La clave del \u00e9xito es no apurar el cambio, no pensar emp\u00e1ticamente sobre los colaboradores de la empresa. Las personas son la energ\u00eda de la empresa y quienes asegurar\u00e1n la continuidad del negocio en situaci\u00f3n de cambio.<\/p>\n<p>&nbsp;   <\/p>\n<p>Juan Galo Martinez Nigro<\/p>\n<p>Socio HR &#8211; Auren Buenos Aires<\/p>\n<p>&nbsp;<\/p>\n<p>&nbsp;   <\/p>\n<p>&nbsp; <\/p>\n<p><!-- AddThis Advanced Settings generic via filter on the_content --><!-- AddThis Share Buttons generic via filter on the_content --><\/p>\n","protected":false},"excerpt":{"rendered":"<p>En la actualidad las empresas se encuentran en un proceso de transformaci\u00f3n constante pensando en el futuro e invirtiendo gran parte de su presupuesto en hacer que los cambios generados por la transformaci\u00f3n digital y las nuevas metodolog\u00edas sean \u00e1giles al nuevo modelo de negocios.<\/p>\n","protected":false},"featured_media":12343,"template":"","meta":{"_acf_changed":false,"footnotes":""},"blog-category":[],"class_list":["post-12342","blog","type-blog","status-publish","has-post-thumbnail","hentry"],"acf":[],"yoast_head":"<!-- This site is optimized with the Yoast SEO plugin v27.5 - https:\/\/yoast.com\/product\/yoast-seo-wordpress\/ -->\n<title>La gesti\u00f3n del cambio desde Recursos Humanos - Auren Argentina<\/title>\n<meta name=\"robots\" content=\"index, follow, max-snippet:-1, max-image-preview:large, max-video-preview:-1\" \/>\n<link rel=\"canonical\" href=\"https:\/\/auren.com\/ar\/blog\/la-gestion-del-cambio-desde-recursos-humanos\/\" \/>\n<meta property=\"og:locale\" content=\"es_ES\" \/>\n<meta property=\"og:type\" content=\"article\" \/>\n<meta property=\"og:title\" content=\"La gesti\u00f3n del cambio desde Recursos Humanos - Auren Argentina\" \/>\n<meta property=\"og:description\" content=\"En la actualidad las empresas se encuentran en un proceso de transformaci\u00f3n constante pensando en el futuro e invirtiendo gran parte de su presupuesto en hacer que los cambios generados por la transformaci\u00f3n digital y las nuevas metodolog\u00edas sean \u00e1giles al nuevo modelo de negocios.\" \/>\n<meta property=\"og:url\" content=\"https:\/\/auren.com\/ar\/blog\/la-gestion-del-cambio-desde-recursos-humanos\/\" \/>\n<meta property=\"og:site_name\" content=\"Auren Argentina\" \/>\n<meta property=\"article:publisher\" content=\"https:\/\/www.facebook.com\/AurenArg\/\" \/>\n<meta property=\"og:image\" content=\"https:\/\/auren.com\/ar\/wp-content\/uploads\/2019\/02\/foto-familiar-3-1.jpg\" \/>\n\t<meta property=\"og:image:width\" content=\"900\" \/>\n\t<meta property=\"og:image:height\" content=\"583\" \/>\n\t<meta property=\"og:image:type\" content=\"image\/jpeg\" \/>\n<meta name=\"twitter:card\" content=\"summary_large_image\" \/>\n<meta name=\"twitter:site\" content=\"@AUREN_Argentina\" \/>\n<meta name=\"twitter:label1\" content=\"Tiempo de lectura\" \/>\n\t<meta name=\"twitter:data1\" content=\"2 minutos\" \/>\n<script type=\"application\/ld+json\" class=\"yoast-schema-graph\">{\"@context\":\"https:\\\/\\\/schema.org\",\"@graph\":[{\"@type\":\"WebPage\",\"@id\":\"https:\\\/\\\/auren.com\\\/ar\\\/blog\\\/la-gestion-del-cambio-desde-recursos-humanos\\\/\",\"url\":\"https:\\\/\\\/auren.com\\\/ar\\\/blog\\\/la-gestion-del-cambio-desde-recursos-humanos\\\/\",\"name\":\"La gesti\u00f3n del cambio desde Recursos Humanos - Auren Argentina\",\"isPartOf\":{\"@id\":\"https:\\\/\\\/auren.com\\\/ar\\\/#website\"},\"primaryImageOfPage\":{\"@id\":\"https:\\\/\\\/auren.com\\\/ar\\\/blog\\\/la-gestion-del-cambio-desde-recursos-humanos\\\/#primaryimage\"},\"image\":{\"@id\":\"https:\\\/\\\/auren.com\\\/ar\\\/blog\\\/la-gestion-del-cambio-desde-recursos-humanos\\\/#primaryimage\"},\"thumbnailUrl\":\"https:\\\/\\\/auren.com\\\/ar\\\/wp-content\\\/uploads\\\/2019\\\/02\\\/foto-familiar-3-1.jpg\",\"datePublished\":\"2019-02-07T16:52:45+00:00\",\"breadcrumb\":{\"@id\":\"https:\\\/\\\/auren.com\\\/ar\\\/blog\\\/la-gestion-del-cambio-desde-recursos-humanos\\\/#breadcrumb\"},\"inLanguage\":\"es\",\"potentialAction\":[{\"@type\":\"ReadAction\",\"target\":[\"https:\\\/\\\/auren.com\\\/ar\\\/blog\\\/la-gestion-del-cambio-desde-recursos-humanos\\\/\"]}]},{\"@type\":\"ImageObject\",\"inLanguage\":\"es\",\"@id\":\"https:\\\/\\\/auren.com\\\/ar\\\/blog\\\/la-gestion-del-cambio-desde-recursos-humanos\\\/#primaryimage\",\"url\":\"https:\\\/\\\/auren.com\\\/ar\\\/wp-content\\\/uploads\\\/2019\\\/02\\\/foto-familiar-3-1.jpg\",\"contentUrl\":\"https:\\\/\\\/auren.com\\\/ar\\\/wp-content\\\/uploads\\\/2019\\\/02\\\/foto-familiar-3-1.jpg\",\"width\":900,\"height\":583},{\"@type\":\"BreadcrumbList\",\"@id\":\"https:\\\/\\\/auren.com\\\/ar\\\/blog\\\/la-gestion-del-cambio-desde-recursos-humanos\\\/#breadcrumb\",\"itemListElement\":[{\"@type\":\"ListItem\",\"position\":1,\"name\":\"Portada\",\"item\":\"https:\\\/\\\/auren.com\\\/ar\\\/\"},{\"@type\":\"ListItem\",\"position\":2,\"name\":\"La gesti\u00f3n del cambio desde Recursos Humanos\"}]},{\"@type\":\"WebSite\",\"@id\":\"https:\\\/\\\/auren.com\\\/ar\\\/#website\",\"url\":\"https:\\\/\\\/auren.com\\\/ar\\\/\",\"name\":\"Auren Argentina\",\"description\":\"\",\"publisher\":{\"@id\":\"https:\\\/\\\/auren.com\\\/ar\\\/#organization\"},\"potentialAction\":[{\"@type\":\"SearchAction\",\"target\":{\"@type\":\"EntryPoint\",\"urlTemplate\":\"https:\\\/\\\/auren.com\\\/ar\\\/?s={search_term_string}\"},\"query-input\":{\"@type\":\"PropertyValueSpecification\",\"valueRequired\":true,\"valueName\":\"search_term_string\"}}],\"inLanguage\":\"es\"},{\"@type\":\"Organization\",\"@id\":\"https:\\\/\\\/auren.com\\\/ar\\\/#organization\",\"name\":\"Auren Argentina\",\"url\":\"https:\\\/\\\/auren.com\\\/ar\\\/\",\"logo\":{\"@type\":\"ImageObject\",\"inLanguage\":\"es\",\"@id\":\"https:\\\/\\\/auren.com\\\/ar\\\/#\\\/schema\\\/logo\\\/image\\\/\",\"url\":\"https:\\\/\\\/auren.com\\\/ar\\\/wp-content\\\/uploads\\\/2025\\\/01\\\/cropped-cropped-favicon-Auren.png\",\"contentUrl\":\"https:\\\/\\\/auren.com\\\/ar\\\/wp-content\\\/uploads\\\/2025\\\/01\\\/cropped-cropped-favicon-Auren.png\",\"width\":512,\"height\":512,\"caption\":\"Auren Argentina\"},\"image\":{\"@id\":\"https:\\\/\\\/auren.com\\\/ar\\\/#\\\/schema\\\/logo\\\/image\\\/\"},\"sameAs\":[\"https:\\\/\\\/www.facebook.com\\\/AurenArg\\\/\",\"https:\\\/\\\/x.com\\\/AUREN_Argentina\",\"https:\\\/\\\/www.linkedin.com\\\/company\\\/aurenargentina\",\"https:\\\/\\\/www.youtube.com\\\/channel\\\/UCSCseiHMECB0uMBGF9wtjSw\",\"https:\\\/\\\/www.instagram.com\\\/aurenargentina\\\/\"]}]}<\/script>\n<!-- \/ Yoast SEO plugin. -->","yoast_head_json":{"title":"La gesti\u00f3n del cambio desde Recursos Humanos - Auren Argentina","robots":{"index":"index","follow":"follow","max-snippet":"max-snippet:-1","max-image-preview":"max-image-preview:large","max-video-preview":"max-video-preview:-1"},"canonical":"https:\/\/auren.com\/ar\/blog\/la-gestion-del-cambio-desde-recursos-humanos\/","og_locale":"es_ES","og_type":"article","og_title":"La gesti\u00f3n del cambio desde Recursos Humanos - Auren Argentina","og_description":"En la actualidad las empresas se encuentran en un proceso de transformaci\u00f3n constante pensando en el futuro e invirtiendo gran parte de su presupuesto en hacer que los cambios generados por la transformaci\u00f3n digital y las nuevas metodolog\u00edas sean \u00e1giles al nuevo modelo de negocios.","og_url":"https:\/\/auren.com\/ar\/blog\/la-gestion-del-cambio-desde-recursos-humanos\/","og_site_name":"Auren Argentina","article_publisher":"https:\/\/www.facebook.com\/AurenArg\/","og_image":[{"width":900,"height":583,"url":"https:\/\/auren.com\/ar\/wp-content\/uploads\/2019\/02\/foto-familiar-3-1.jpg","type":"image\/jpeg"}],"twitter_card":"summary_large_image","twitter_site":"@AUREN_Argentina","twitter_misc":{"Tiempo de lectura":"2 minutos"},"schema":{"@context":"https:\/\/schema.org","@graph":[{"@type":"WebPage","@id":"https:\/\/auren.com\/ar\/blog\/la-gestion-del-cambio-desde-recursos-humanos\/","url":"https:\/\/auren.com\/ar\/blog\/la-gestion-del-cambio-desde-recursos-humanos\/","name":"La gesti\u00f3n del cambio desde Recursos Humanos - Auren Argentina","isPartOf":{"@id":"https:\/\/auren.com\/ar\/#website"},"primaryImageOfPage":{"@id":"https:\/\/auren.com\/ar\/blog\/la-gestion-del-cambio-desde-recursos-humanos\/#primaryimage"},"image":{"@id":"https:\/\/auren.com\/ar\/blog\/la-gestion-del-cambio-desde-recursos-humanos\/#primaryimage"},"thumbnailUrl":"https:\/\/auren.com\/ar\/wp-content\/uploads\/2019\/02\/foto-familiar-3-1.jpg","datePublished":"2019-02-07T16:52:45+00:00","breadcrumb":{"@id":"https:\/\/auren.com\/ar\/blog\/la-gestion-del-cambio-desde-recursos-humanos\/#breadcrumb"},"inLanguage":"es","potentialAction":[{"@type":"ReadAction","target":["https:\/\/auren.com\/ar\/blog\/la-gestion-del-cambio-desde-recursos-humanos\/"]}]},{"@type":"ImageObject","inLanguage":"es","@id":"https:\/\/auren.com\/ar\/blog\/la-gestion-del-cambio-desde-recursos-humanos\/#primaryimage","url":"https:\/\/auren.com\/ar\/wp-content\/uploads\/2019\/02\/foto-familiar-3-1.jpg","contentUrl":"https:\/\/auren.com\/ar\/wp-content\/uploads\/2019\/02\/foto-familiar-3-1.jpg","width":900,"height":583},{"@type":"BreadcrumbList","@id":"https:\/\/auren.com\/ar\/blog\/la-gestion-del-cambio-desde-recursos-humanos\/#breadcrumb","itemListElement":[{"@type":"ListItem","position":1,"name":"Portada","item":"https:\/\/auren.com\/ar\/"},{"@type":"ListItem","position":2,"name":"La gesti\u00f3n del cambio desde Recursos Humanos"}]},{"@type":"WebSite","@id":"https:\/\/auren.com\/ar\/#website","url":"https:\/\/auren.com\/ar\/","name":"Auren Argentina","description":"","publisher":{"@id":"https:\/\/auren.com\/ar\/#organization"},"potentialAction":[{"@type":"SearchAction","target":{"@type":"EntryPoint","urlTemplate":"https:\/\/auren.com\/ar\/?s={search_term_string}"},"query-input":{"@type":"PropertyValueSpecification","valueRequired":true,"valueName":"search_term_string"}}],"inLanguage":"es"},{"@type":"Organization","@id":"https:\/\/auren.com\/ar\/#organization","name":"Auren Argentina","url":"https:\/\/auren.com\/ar\/","logo":{"@type":"ImageObject","inLanguage":"es","@id":"https:\/\/auren.com\/ar\/#\/schema\/logo\/image\/","url":"https:\/\/auren.com\/ar\/wp-content\/uploads\/2025\/01\/cropped-cropped-favicon-Auren.png","contentUrl":"https:\/\/auren.com\/ar\/wp-content\/uploads\/2025\/01\/cropped-cropped-favicon-Auren.png","width":512,"height":512,"caption":"Auren Argentina"},"image":{"@id":"https:\/\/auren.com\/ar\/#\/schema\/logo\/image\/"},"sameAs":["https:\/\/www.facebook.com\/AurenArg\/","https:\/\/x.com\/AUREN_Argentina","https:\/\/www.linkedin.com\/company\/aurenargentina","https:\/\/www.youtube.com\/channel\/UCSCseiHMECB0uMBGF9wtjSw","https:\/\/www.instagram.com\/aurenargentina\/"]}]}},"_links":{"self":[{"href":"https:\/\/auren.com\/ar\/wp-json\/wp\/v2\/blog\/12342","targetHints":{"allow":["GET"]}}],"collection":[{"href":"https:\/\/auren.com\/ar\/wp-json\/wp\/v2\/blog"}],"about":[{"href":"https:\/\/auren.com\/ar\/wp-json\/wp\/v2\/types\/blog"}],"version-history":[{"count":0,"href":"https:\/\/auren.com\/ar\/wp-json\/wp\/v2\/blog\/12342\/revisions"}],"wp:featuredmedia":[{"embeddable":true,"href":"https:\/\/auren.com\/ar\/wp-json\/wp\/v2\/media\/12343"}],"wp:attachment":[{"href":"https:\/\/auren.com\/ar\/wp-json\/wp\/v2\/media?parent=12342"}],"wp:term":[{"taxonomy":"blog-category","embeddable":true,"href":"https:\/\/auren.com\/ar\/wp-json\/wp\/v2\/blog-category?post=12342"}],"curies":[{"name":"wp","href":"https:\/\/api.w.org\/{rel}","templated":true}]}}