{"id":12346,"date":"2019-01-24T17:19:46","date_gmt":"2019-01-24T16:19:46","guid":{"rendered":"https:\/\/auren.com\/ar\/blog\/las-exportaciones-de-servicios-comienzan-a-pagar-retenciones-del-12\/"},"modified":"2019-01-24T17:19:46","modified_gmt":"2019-01-24T16:19:46","slug":"las-exportaciones-de-servicios-comienzan-a-pagar-retenciones-del-12","status":"publish","type":"blog","link":"https:\/\/auren.com\/ar\/blog\/las-exportaciones-de-servicios-comienzan-a-pagar-retenciones-del-12\/","title":{"rendered":"Las exportaciones de servicios comienzan a pagar retenciones del 12%"},"content":{"rendered":"<p>A trav\u00e9s del Decreto 1201\/2018 el PEN puso en vigencia una retenci\u00f3n del 12% sobre las exportaciones de servicios desde el 1\u00b0 de enero de 2019&nbsp;hasta el 31 de diciembre de 2020, que surtir\u00e1 efecto para las operaciones que sean prestadas y facturadas a partir de esa fecha.<\/p>\n<p>Se&nbsp;considera prestaci\u00f3n de servicios a \u00abcualquier locaci\u00f3n y prestaci\u00f3n realizada en el pa\u00eds a t\u00edtulo oneroso y sin relaci\u00f3n de dependencia, cuya utilizaci\u00f3n o explotaci\u00f3n efectiva se lleve a cabo en el exterior\u00bb.<\/p>\n<p>Este derecho de exportaci\u00f3n, seg\u00fan la normativa, no podr\u00e1 exceder los $4 por cada d\u00f3lar del valor imponible. Tambi\u00e9n establece que los derechos de exportaci\u00f3n&nbsp;<strong>deber\u00e1n ser abonados dentro de los primeros 15 d\u00edas h\u00e1biles del mes posterior a la facturaci\u00f3n de las operaciones<\/strong>, luego de la presentaci\u00f3n de una declaraci\u00f3n jurada a trav\u00e9s del \u201cSistema de Cuentas Tributarias\u201d de AFIP.<\/p>\n<p>En el caso de tratarse de exportadores que en el a\u00f1o calendario inmediato anterior al de la fecha de la declaraci\u00f3n jurada, hayan exportado servicios por menos de U$S&nbsp;2.000.000, se conceder\u00e1 un plazo de espera de 45 d\u00edas corridos, sin intereses, contados a partir del d\u00eda siguiente al vencimiento de la declaraci\u00f3n jurada correspondiente para el ingreso del derecho respectivo.<\/p>\n<p>Las cancelaciones, anulaciones, ajustes de precios, descuentos o similares, deber\u00e1n considerarse para el c\u00e1lculo de los derechos previstos en esta norma al tipo de cambio considerado para las operaciones involucradas.   <\/p>\n<p>La AFIP con fecha 23 de enero public\u00f3 dos resoluciones Generales: N\u00b04400 y 4401 que reglamenta las disposiciones para la aplicaci\u00f3n del Dto. 1201\/2018.   <\/p>\n<p>Adicionalmente tambi\u00e9n se reglamenta una nueva normativa respecto de los comprobantes a emitir por este concepto. Las referidas prestaciones de servicios deber\u00e1n documentarse en comprobantes independientes a otras operaciones de exportaci\u00f3n, por lo que est\u00e1n alcanzados los siguientes comprobantes:<\/p>\n<p>a) Facturas de exportaci\u00f3n clase \u201cE\u201d.   <\/p>\n<p>b) Notas de cr\u00e9dito y notas de d\u00e9bito clase \u201cE\u201d.   <\/p>\n<p>La normativa fija un beneficio para las Micro y Peque\u00f1as empresas que facturen en el a\u00f1o calendario menos de u$s 600.000 (anuales) y que no deber\u00e1n abonar el derecho.   <\/p>\n<p>Podes leer la reglamentaci\u00f3n completa en <a href=\"https:\/\/www.auren.com\/edit\/es-AR\/noticias\/publicaciones\/2019-01-24\/decreto-12012018\">https:\/\/www.auren.com\/edit\/es-AR\/noticias\/publicaciones\/2019-01-24\/decreto-12012018<\/a>   <\/p>\n<p>&nbsp;   <\/p>\n<p><strong>Por Andrea Lamas<\/strong>   <\/p>\n<p><strong>Gerente de Impuestos de&nbsp;&nbsp;<\/strong><strong>Auren Buenos Aires&nbsp;<\/strong><\/p>\n<p><!-- AddThis Advanced Settings generic via filter on the_content --><!-- AddThis Share Buttons generic via filter on the_content --><\/p>\n","protected":false},"excerpt":{"rendered":"<p>A trav\u00e9s del Decreto 1201\/2018 el PEN puso en vigencia una retenci\u00f3n del 12% sobre las exportaciones de servicios desde el 1\u00b0 de enero de 2019&nbsp;hasta el 31 de diciembre de 2020, que surtir\u00e1 efecto para las operaciones que sean prestadas y facturadas a partir de esa fecha.<\/p>\n","protected":false},"featured_media":12347,"template":"","meta":{"_acf_changed":false,"footnotes":""},"blog-category":[],"class_list":["post-12346","blog","type-blog","status-publish","has-post-thumbnail","hentry"],"acf":[],"yoast_head":"<!-- This site is optimized with the Yoast SEO plugin v27.5 - https:\/\/yoast.com\/product\/yoast-seo-wordpress\/ -->\n<title>Las exportaciones de servicios comienzan a pagar retenciones del 12% - Auren Argentina<\/title>\n<meta name=\"robots\" content=\"index, follow, max-snippet:-1, max-image-preview:large, max-video-preview:-1\" \/>\n<link rel=\"canonical\" href=\"https:\/\/auren.com\/ar\/blog\/las-exportaciones-de-servicios-comienzan-a-pagar-retenciones-del-12\/\" \/>\n<meta property=\"og:locale\" content=\"es_ES\" \/>\n<meta property=\"og:type\" content=\"article\" \/>\n<meta property=\"og:title\" content=\"Las exportaciones de servicios comienzan a pagar retenciones del 12% - Auren Argentina\" \/>\n<meta property=\"og:description\" content=\"A trav\u00e9s del Decreto 1201\/2018 el PEN puso en vigencia una retenci\u00f3n del 12% sobre las exportaciones de servicios desde el 1\u00b0 de enero de 2019&nbsp;hasta el 31 de diciembre de 2020, que surtir\u00e1 efecto para las operaciones que sean prestadas y facturadas a partir de esa fecha.\" \/>\n<meta property=\"og:url\" content=\"https:\/\/auren.com\/ar\/blog\/las-exportaciones-de-servicios-comienzan-a-pagar-retenciones-del-12\/\" \/>\n<meta property=\"og:site_name\" content=\"Auren Argentina\" \/>\n<meta property=\"article:publisher\" content=\"https:\/\/www.facebook.com\/AurenArg\/\" \/>\n<meta property=\"og:image\" content=\"https:\/\/auren.com\/ar\/wp-content\/uploads\/2019\/01\/retenciones-a-las-exporatciones-de-servicios-1.jpg\" \/>\n\t<meta property=\"og:image:width\" content=\"1000\" \/>\n\t<meta property=\"og:image:height\" content=\"666\" \/>\n\t<meta property=\"og:image:type\" content=\"image\/jpeg\" \/>\n<meta name=\"twitter:card\" content=\"summary_large_image\" \/>\n<meta name=\"twitter:site\" content=\"@AUREN_Argentina\" \/>\n<meta name=\"twitter:label1\" content=\"Tiempo de lectura\" \/>\n\t<meta name=\"twitter:data1\" content=\"2 minutos\" \/>\n<script type=\"application\/ld+json\" class=\"yoast-schema-graph\">{\"@context\":\"https:\\\/\\\/schema.org\",\"@graph\":[{\"@type\":\"WebPage\",\"@id\":\"https:\\\/\\\/auren.com\\\/ar\\\/blog\\\/las-exportaciones-de-servicios-comienzan-a-pagar-retenciones-del-12\\\/\",\"url\":\"https:\\\/\\\/auren.com\\\/ar\\\/blog\\\/las-exportaciones-de-servicios-comienzan-a-pagar-retenciones-del-12\\\/\",\"name\":\"Las exportaciones de servicios comienzan a pagar retenciones del 12% - Auren Argentina\",\"isPartOf\":{\"@id\":\"https:\\\/\\\/auren.com\\\/ar\\\/#website\"},\"primaryImageOfPage\":{\"@id\":\"https:\\\/\\\/auren.com\\\/ar\\\/blog\\\/las-exportaciones-de-servicios-comienzan-a-pagar-retenciones-del-12\\\/#primaryimage\"},\"image\":{\"@id\":\"https:\\\/\\\/auren.com\\\/ar\\\/blog\\\/las-exportaciones-de-servicios-comienzan-a-pagar-retenciones-del-12\\\/#primaryimage\"},\"thumbnailUrl\":\"https:\\\/\\\/auren.com\\\/ar\\\/wp-content\\\/uploads\\\/2019\\\/01\\\/retenciones-a-las-exporatciones-de-servicios-1.jpg\",\"datePublished\":\"2019-01-24T16:19:46+00:00\",\"breadcrumb\":{\"@id\":\"https:\\\/\\\/auren.com\\\/ar\\\/blog\\\/las-exportaciones-de-servicios-comienzan-a-pagar-retenciones-del-12\\\/#breadcrumb\"},\"inLanguage\":\"es\",\"potentialAction\":[{\"@type\":\"ReadAction\",\"target\":[\"https:\\\/\\\/auren.com\\\/ar\\\/blog\\\/las-exportaciones-de-servicios-comienzan-a-pagar-retenciones-del-12\\\/\"]}]},{\"@type\":\"ImageObject\",\"inLanguage\":\"es\",\"@id\":\"https:\\\/\\\/auren.com\\\/ar\\\/blog\\\/las-exportaciones-de-servicios-comienzan-a-pagar-retenciones-del-12\\\/#primaryimage\",\"url\":\"https:\\\/\\\/auren.com\\\/ar\\\/wp-content\\\/uploads\\\/2019\\\/01\\\/retenciones-a-las-exporatciones-de-servicios-1.jpg\",\"contentUrl\":\"https:\\\/\\\/auren.com\\\/ar\\\/wp-content\\\/uploads\\\/2019\\\/01\\\/retenciones-a-las-exporatciones-de-servicios-1.jpg\",\"width\":1000,\"height\":666},{\"@type\":\"BreadcrumbList\",\"@id\":\"https:\\\/\\\/auren.com\\\/ar\\\/blog\\\/las-exportaciones-de-servicios-comienzan-a-pagar-retenciones-del-12\\\/#breadcrumb\",\"itemListElement\":[{\"@type\":\"ListItem\",\"position\":1,\"name\":\"Portada\",\"item\":\"https:\\\/\\\/auren.com\\\/ar\\\/\"},{\"@type\":\"ListItem\",\"position\":2,\"name\":\"Las exportaciones de servicios comienzan a pagar retenciones del 12%\"}]},{\"@type\":\"WebSite\",\"@id\":\"https:\\\/\\\/auren.com\\\/ar\\\/#website\",\"url\":\"https:\\\/\\\/auren.com\\\/ar\\\/\",\"name\":\"Auren Argentina\",\"description\":\"\",\"publisher\":{\"@id\":\"https:\\\/\\\/auren.com\\\/ar\\\/#organization\"},\"potentialAction\":[{\"@type\":\"SearchAction\",\"target\":{\"@type\":\"EntryPoint\",\"urlTemplate\":\"https:\\\/\\\/auren.com\\\/ar\\\/?s={search_term_string}\"},\"query-input\":{\"@type\":\"PropertyValueSpecification\",\"valueRequired\":true,\"valueName\":\"search_term_string\"}}],\"inLanguage\":\"es\"},{\"@type\":\"Organization\",\"@id\":\"https:\\\/\\\/auren.com\\\/ar\\\/#organization\",\"name\":\"Auren Argentina\",\"url\":\"https:\\\/\\\/auren.com\\\/ar\\\/\",\"logo\":{\"@type\":\"ImageObject\",\"inLanguage\":\"es\",\"@id\":\"https:\\\/\\\/auren.com\\\/ar\\\/#\\\/schema\\\/logo\\\/image\\\/\",\"url\":\"https:\\\/\\\/auren.com\\\/ar\\\/wp-content\\\/uploads\\\/2025\\\/01\\\/cropped-cropped-favicon-Auren.png\",\"contentUrl\":\"https:\\\/\\\/auren.com\\\/ar\\\/wp-content\\\/uploads\\\/2025\\\/01\\\/cropped-cropped-favicon-Auren.png\",\"width\":512,\"height\":512,\"caption\":\"Auren Argentina\"},\"image\":{\"@id\":\"https:\\\/\\\/auren.com\\\/ar\\\/#\\\/schema\\\/logo\\\/image\\\/\"},\"sameAs\":[\"https:\\\/\\\/www.facebook.com\\\/AurenArg\\\/\",\"https:\\\/\\\/x.com\\\/AUREN_Argentina\",\"https:\\\/\\\/www.linkedin.com\\\/company\\\/aurenargentina\",\"https:\\\/\\\/www.youtube.com\\\/channel\\\/UCSCseiHMECB0uMBGF9wtjSw\",\"https:\\\/\\\/www.instagram.com\\\/aurenargentina\\\/\"]}]}<\/script>\n<!-- \/ Yoast SEO plugin. -->","yoast_head_json":{"title":"Las exportaciones de servicios comienzan a pagar retenciones del 12% - Auren Argentina","robots":{"index":"index","follow":"follow","max-snippet":"max-snippet:-1","max-image-preview":"max-image-preview:large","max-video-preview":"max-video-preview:-1"},"canonical":"https:\/\/auren.com\/ar\/blog\/las-exportaciones-de-servicios-comienzan-a-pagar-retenciones-del-12\/","og_locale":"es_ES","og_type":"article","og_title":"Las exportaciones de servicios comienzan a pagar retenciones del 12% - Auren Argentina","og_description":"A trav\u00e9s del Decreto 1201\/2018 el PEN puso en vigencia una retenci\u00f3n del 12% sobre las exportaciones de servicios desde el 1\u00b0 de enero de 2019&nbsp;hasta el 31 de diciembre de 2020, que surtir\u00e1 efecto para las operaciones que sean prestadas y facturadas a partir de esa fecha.","og_url":"https:\/\/auren.com\/ar\/blog\/las-exportaciones-de-servicios-comienzan-a-pagar-retenciones-del-12\/","og_site_name":"Auren Argentina","article_publisher":"https:\/\/www.facebook.com\/AurenArg\/","og_image":[{"width":1000,"height":666,"url":"https:\/\/auren.com\/ar\/wp-content\/uploads\/2019\/01\/retenciones-a-las-exporatciones-de-servicios-1.jpg","type":"image\/jpeg"}],"twitter_card":"summary_large_image","twitter_site":"@AUREN_Argentina","twitter_misc":{"Tiempo de lectura":"2 minutos"},"schema":{"@context":"https:\/\/schema.org","@graph":[{"@type":"WebPage","@id":"https:\/\/auren.com\/ar\/blog\/las-exportaciones-de-servicios-comienzan-a-pagar-retenciones-del-12\/","url":"https:\/\/auren.com\/ar\/blog\/las-exportaciones-de-servicios-comienzan-a-pagar-retenciones-del-12\/","name":"Las exportaciones de servicios comienzan a pagar retenciones del 12% - Auren Argentina","isPartOf":{"@id":"https:\/\/auren.com\/ar\/#website"},"primaryImageOfPage":{"@id":"https:\/\/auren.com\/ar\/blog\/las-exportaciones-de-servicios-comienzan-a-pagar-retenciones-del-12\/#primaryimage"},"image":{"@id":"https:\/\/auren.com\/ar\/blog\/las-exportaciones-de-servicios-comienzan-a-pagar-retenciones-del-12\/#primaryimage"},"thumbnailUrl":"https:\/\/auren.com\/ar\/wp-content\/uploads\/2019\/01\/retenciones-a-las-exporatciones-de-servicios-1.jpg","datePublished":"2019-01-24T16:19:46+00:00","breadcrumb":{"@id":"https:\/\/auren.com\/ar\/blog\/las-exportaciones-de-servicios-comienzan-a-pagar-retenciones-del-12\/#breadcrumb"},"inLanguage":"es","potentialAction":[{"@type":"ReadAction","target":["https:\/\/auren.com\/ar\/blog\/las-exportaciones-de-servicios-comienzan-a-pagar-retenciones-del-12\/"]}]},{"@type":"ImageObject","inLanguage":"es","@id":"https:\/\/auren.com\/ar\/blog\/las-exportaciones-de-servicios-comienzan-a-pagar-retenciones-del-12\/#primaryimage","url":"https:\/\/auren.com\/ar\/wp-content\/uploads\/2019\/01\/retenciones-a-las-exporatciones-de-servicios-1.jpg","contentUrl":"https:\/\/auren.com\/ar\/wp-content\/uploads\/2019\/01\/retenciones-a-las-exporatciones-de-servicios-1.jpg","width":1000,"height":666},{"@type":"BreadcrumbList","@id":"https:\/\/auren.com\/ar\/blog\/las-exportaciones-de-servicios-comienzan-a-pagar-retenciones-del-12\/#breadcrumb","itemListElement":[{"@type":"ListItem","position":1,"name":"Portada","item":"https:\/\/auren.com\/ar\/"},{"@type":"ListItem","position":2,"name":"Las exportaciones de servicios comienzan a pagar retenciones del 12%"}]},{"@type":"WebSite","@id":"https:\/\/auren.com\/ar\/#website","url":"https:\/\/auren.com\/ar\/","name":"Auren Argentina","description":"","publisher":{"@id":"https:\/\/auren.com\/ar\/#organization"},"potentialAction":[{"@type":"SearchAction","target":{"@type":"EntryPoint","urlTemplate":"https:\/\/auren.com\/ar\/?s={search_term_string}"},"query-input":{"@type":"PropertyValueSpecification","valueRequired":true,"valueName":"search_term_string"}}],"inLanguage":"es"},{"@type":"Organization","@id":"https:\/\/auren.com\/ar\/#organization","name":"Auren Argentina","url":"https:\/\/auren.com\/ar\/","logo":{"@type":"ImageObject","inLanguage":"es","@id":"https:\/\/auren.com\/ar\/#\/schema\/logo\/image\/","url":"https:\/\/auren.com\/ar\/wp-content\/uploads\/2025\/01\/cropped-cropped-favicon-Auren.png","contentUrl":"https:\/\/auren.com\/ar\/wp-content\/uploads\/2025\/01\/cropped-cropped-favicon-Auren.png","width":512,"height":512,"caption":"Auren Argentina"},"image":{"@id":"https:\/\/auren.com\/ar\/#\/schema\/logo\/image\/"},"sameAs":["https:\/\/www.facebook.com\/AurenArg\/","https:\/\/x.com\/AUREN_Argentina","https:\/\/www.linkedin.com\/company\/aurenargentina","https:\/\/www.youtube.com\/channel\/UCSCseiHMECB0uMBGF9wtjSw","https:\/\/www.instagram.com\/aurenargentina\/"]}]}},"_links":{"self":[{"href":"https:\/\/auren.com\/ar\/wp-json\/wp\/v2\/blog\/12346","targetHints":{"allow":["GET"]}}],"collection":[{"href":"https:\/\/auren.com\/ar\/wp-json\/wp\/v2\/blog"}],"about":[{"href":"https:\/\/auren.com\/ar\/wp-json\/wp\/v2\/types\/blog"}],"version-history":[{"count":0,"href":"https:\/\/auren.com\/ar\/wp-json\/wp\/v2\/blog\/12346\/revisions"}],"wp:featuredmedia":[{"embeddable":true,"href":"https:\/\/auren.com\/ar\/wp-json\/wp\/v2\/media\/12347"}],"wp:attachment":[{"href":"https:\/\/auren.com\/ar\/wp-json\/wp\/v2\/media?parent=12346"}],"wp:term":[{"taxonomy":"blog-category","embeddable":true,"href":"https:\/\/auren.com\/ar\/wp-json\/wp\/v2\/blog-category?post=12346"}],"curies":[{"name":"wp","href":"https:\/\/api.w.org\/{rel}","templated":true}]}}