{"id":27412,"date":"2025-01-30T15:49:48","date_gmt":"2025-01-30T14:49:48","guid":{"rendered":"https:\/\/auren.com\/ar\/?post_type=blog&#038;p=27412"},"modified":"2025-01-30T15:49:53","modified_gmt":"2025-01-30T14:49:53","slug":"igj-moratoria-para-presentar-balances-adeudados","status":"publish","type":"blog","link":"https:\/\/auren.com\/ar\/blog\/igj-moratoria-para-presentar-balances-adeudados\/","title":{"rendered":"IGJ Moratoria para presentar balances adeudados"},"content":{"rendered":"\n<p>El r\u00e9gimen de regularizaci\u00f3n podr\u00e1 llevarse a cabo entre el 1 de Febrero de 2025 y el 31 de diciembre de 2025 mediante la presentaci\u00f3n de presentaciones de estados contables aplicable a las Sociedades por Acciones, las de Responsabilidad Limitada, las Entidades Constituidas en el Extranjero y las Asociaciones Civiles y Fundaciones, que adeuden ante la entidad.<\/p>\n\n\n\n<p>Se realiza con el pago de un \u00fanico formulario de \u00abPresentaci\u00f3n fuera de termino de estados contables\u00bb seg\u00fan el tipo de entidad que corresponda, y sin perjuicio de la documentaci\u00f3n relativa a ejercicios anteriores que voluntariamente quisieran presentar.<\/p>\n\n\n\n<p>Quedan excluidas de este procedimiento aquellas entidades sobre las que hubiere reca\u00eddo sanci\u00f3n firme de una o m\u00e1s multas por el incumplimiento en la presentaci\u00f3n de estados contables, hasta tanto las mismas no hubieran sido abonadas y, en su caso, las costas generadas en el juicio de ejecuci\u00f3n no hubieran sido saldadas.<\/p>\n\n\n\n<p>Esta Resoluci\u00f3n General 4\/2025 publicada en el Bolet\u00edn Oficial entra en vigencia a<strong> partir del 1 de febrero de 2025.<\/strong><br><br>Por <a data-type=\"link\" data-id=\"https:\/\/auren.com\/ar\/servicios\/impuestos\/\" href=\"https:\/\/auren.com\/ar\/servicios\/impuestos\/\">Impuestos<\/a><\/p>\n","protected":false},"excerpt":{"rendered":"<p>El r\u00e9gimen de regularizaci\u00f3n podr\u00e1 llevarse a cabo entre el 1 de Febrero de 2025 y el 31 de diciembre de 2025 mediante la presentaci\u00f3n de presentaciones de estados contables aplicable a las Sociedades por Acciones, las de Responsabilidad Limitada, las Entidades Constituidas en el Extranjero y las Asociaciones Civiles y Fundaciones, que adeuden ante [&hellip;]<\/p>\n","protected":false},"featured_media":27403,"template":"","meta":{"_acf_changed":false,"footnotes":""},"blog-category":[327,323],"class_list":["post-27412","blog","type-blog","status-publish","has-post-thumbnail","hentry","blog-category-balances","blog-category-impuestos"],"acf":[],"yoast_head":"<!-- This site is optimized with the Yoast SEO plugin v27.5 - https:\/\/yoast.com\/product\/yoast-seo-wordpress\/ -->\n<title>IGJ Moratoria para presentar balances adeudados - Auren Argentina<\/title>\n<meta name=\"description\" content=\"Esta Resoluci\u00f3n General 4\/2025 IGJ publicada en el Bolet\u00edn Oficial entra en vigencia a partir del 1 de febrero de 2025. Moratoria.\" \/>\n<meta name=\"robots\" content=\"index, follow, max-snippet:-1, max-image-preview:large, max-video-preview:-1\" \/>\n<link rel=\"canonical\" href=\"https:\/\/auren.com\/ar\/blog\/igj-moratoria-para-presentar-balances-adeudados\/\" \/>\n<meta property=\"og:locale\" content=\"es_ES\" \/>\n<meta property=\"og:type\" content=\"article\" \/>\n<meta property=\"og:title\" content=\"IGJ Moratoria para presentar balances adeudados - Auren Argentina\" \/>\n<meta property=\"og:description\" content=\"Esta Resoluci\u00f3n General 4\/2025 IGJ publicada en el Bolet\u00edn Oficial entra en vigencia a partir del 1 de febrero de 2025. Moratoria.\" \/>\n<meta property=\"og:url\" content=\"https:\/\/auren.com\/ar\/blog\/igj-moratoria-para-presentar-balances-adeudados\/\" \/>\n<meta property=\"og:site_name\" content=\"Auren Argentina\" \/>\n<meta property=\"article:publisher\" content=\"https:\/\/www.facebook.com\/AurenArg\/\" \/>\n<meta property=\"article:modified_time\" content=\"2025-01-30T14:49:53+00:00\" \/>\n<meta property=\"og:image\" content=\"https:\/\/auren.com\/ar\/wp-content\/uploads\/2025\/01\/902623-g0659867.jpg\" \/>\n\t<meta property=\"og:image:width\" content=\"700\" \/>\n\t<meta property=\"og:image:height\" content=\"467\" \/>\n\t<meta property=\"og:image:type\" content=\"image\/jpeg\" \/>\n<meta name=\"twitter:card\" content=\"summary_large_image\" \/>\n<meta name=\"twitter:site\" content=\"@AUREN_Argentina\" \/>\n<meta name=\"twitter:label1\" content=\"Tiempo de lectura\" \/>\n\t<meta name=\"twitter:data1\" content=\"1 minuto\" \/>\n<script type=\"application\/ld+json\" class=\"yoast-schema-graph\">{\"@context\":\"https:\\\/\\\/schema.org\",\"@graph\":[{\"@type\":\"WebPage\",\"@id\":\"https:\\\/\\\/auren.com\\\/ar\\\/blog\\\/igj-moratoria-para-presentar-balances-adeudados\\\/\",\"url\":\"https:\\\/\\\/auren.com\\\/ar\\\/blog\\\/igj-moratoria-para-presentar-balances-adeudados\\\/\",\"name\":\"IGJ Moratoria para presentar balances adeudados - Auren Argentina\",\"isPartOf\":{\"@id\":\"https:\\\/\\\/auren.com\\\/ar\\\/#website\"},\"primaryImageOfPage\":{\"@id\":\"https:\\\/\\\/auren.com\\\/ar\\\/blog\\\/igj-moratoria-para-presentar-balances-adeudados\\\/#primaryimage\"},\"image\":{\"@id\":\"https:\\\/\\\/auren.com\\\/ar\\\/blog\\\/igj-moratoria-para-presentar-balances-adeudados\\\/#primaryimage\"},\"thumbnailUrl\":\"https:\\\/\\\/auren.com\\\/ar\\\/wp-content\\\/uploads\\\/2025\\\/01\\\/902623-g0659867.jpg\",\"datePublished\":\"2025-01-30T14:49:48+00:00\",\"dateModified\":\"2025-01-30T14:49:53+00:00\",\"description\":\"Esta Resoluci\u00f3n General 4\\\/2025 IGJ publicada en el Bolet\u00edn Oficial entra en vigencia a partir del 1 de febrero de 2025. Moratoria.\",\"breadcrumb\":{\"@id\":\"https:\\\/\\\/auren.com\\\/ar\\\/blog\\\/igj-moratoria-para-presentar-balances-adeudados\\\/#breadcrumb\"},\"inLanguage\":\"es\",\"potentialAction\":[{\"@type\":\"ReadAction\",\"target\":[\"https:\\\/\\\/auren.com\\\/ar\\\/blog\\\/igj-moratoria-para-presentar-balances-adeudados\\\/\"]}]},{\"@type\":\"ImageObject\",\"inLanguage\":\"es\",\"@id\":\"https:\\\/\\\/auren.com\\\/ar\\\/blog\\\/igj-moratoria-para-presentar-balances-adeudados\\\/#primaryimage\",\"url\":\"https:\\\/\\\/auren.com\\\/ar\\\/wp-content\\\/uploads\\\/2025\\\/01\\\/902623-g0659867.jpg\",\"contentUrl\":\"https:\\\/\\\/auren.com\\\/ar\\\/wp-content\\\/uploads\\\/2025\\\/01\\\/902623-g0659867.jpg\",\"width\":700,\"height\":467},{\"@type\":\"BreadcrumbList\",\"@id\":\"https:\\\/\\\/auren.com\\\/ar\\\/blog\\\/igj-moratoria-para-presentar-balances-adeudados\\\/#breadcrumb\",\"itemListElement\":[{\"@type\":\"ListItem\",\"position\":1,\"name\":\"Portada\",\"item\":\"https:\\\/\\\/auren.com\\\/ar\\\/\"},{\"@type\":\"ListItem\",\"position\":2,\"name\":\"IGJ Moratoria para presentar balances adeudados\"}]},{\"@type\":\"WebSite\",\"@id\":\"https:\\\/\\\/auren.com\\\/ar\\\/#website\",\"url\":\"https:\\\/\\\/auren.com\\\/ar\\\/\",\"name\":\"Auren Argentina\",\"description\":\"\",\"publisher\":{\"@id\":\"https:\\\/\\\/auren.com\\\/ar\\\/#organization\"},\"potentialAction\":[{\"@type\":\"SearchAction\",\"target\":{\"@type\":\"EntryPoint\",\"urlTemplate\":\"https:\\\/\\\/auren.com\\\/ar\\\/?s={search_term_string}\"},\"query-input\":{\"@type\":\"PropertyValueSpecification\",\"valueRequired\":true,\"valueName\":\"search_term_string\"}}],\"inLanguage\":\"es\"},{\"@type\":\"Organization\",\"@id\":\"https:\\\/\\\/auren.com\\\/ar\\\/#organization\",\"name\":\"Auren Argentina\",\"url\":\"https:\\\/\\\/auren.com\\\/ar\\\/\",\"logo\":{\"@type\":\"ImageObject\",\"inLanguage\":\"es\",\"@id\":\"https:\\\/\\\/auren.com\\\/ar\\\/#\\\/schema\\\/logo\\\/image\\\/\",\"url\":\"https:\\\/\\\/auren.com\\\/ar\\\/wp-content\\\/uploads\\\/2025\\\/01\\\/cropped-cropped-favicon-Auren.png\",\"contentUrl\":\"https:\\\/\\\/auren.com\\\/ar\\\/wp-content\\\/uploads\\\/2025\\\/01\\\/cropped-cropped-favicon-Auren.png\",\"width\":512,\"height\":512,\"caption\":\"Auren Argentina\"},\"image\":{\"@id\":\"https:\\\/\\\/auren.com\\\/ar\\\/#\\\/schema\\\/logo\\\/image\\\/\"},\"sameAs\":[\"https:\\\/\\\/www.facebook.com\\\/AurenArg\\\/\",\"https:\\\/\\\/x.com\\\/AUREN_Argentina\",\"https:\\\/\\\/www.linkedin.com\\\/company\\\/aurenargentina\",\"https:\\\/\\\/www.youtube.com\\\/channel\\\/UCSCseiHMECB0uMBGF9wtjSw\",\"https:\\\/\\\/www.instagram.com\\\/aurenargentina\\\/\"]}]}<\/script>\n<!-- \/ Yoast SEO plugin. -->","yoast_head_json":{"title":"IGJ Moratoria para presentar balances adeudados - Auren Argentina","description":"Esta Resoluci\u00f3n General 4\/2025 IGJ publicada en el Bolet\u00edn Oficial entra en vigencia a partir del 1 de febrero de 2025. Moratoria.","robots":{"index":"index","follow":"follow","max-snippet":"max-snippet:-1","max-image-preview":"max-image-preview:large","max-video-preview":"max-video-preview:-1"},"canonical":"https:\/\/auren.com\/ar\/blog\/igj-moratoria-para-presentar-balances-adeudados\/","og_locale":"es_ES","og_type":"article","og_title":"IGJ Moratoria para presentar balances adeudados - Auren Argentina","og_description":"Esta Resoluci\u00f3n General 4\/2025 IGJ publicada en el Bolet\u00edn Oficial entra en vigencia a partir del 1 de febrero de 2025. Moratoria.","og_url":"https:\/\/auren.com\/ar\/blog\/igj-moratoria-para-presentar-balances-adeudados\/","og_site_name":"Auren Argentina","article_publisher":"https:\/\/www.facebook.com\/AurenArg\/","article_modified_time":"2025-01-30T14:49:53+00:00","og_image":[{"width":700,"height":467,"url":"https:\/\/auren.com\/ar\/wp-content\/uploads\/2025\/01\/902623-g0659867.jpg","type":"image\/jpeg"}],"twitter_card":"summary_large_image","twitter_site":"@AUREN_Argentina","twitter_misc":{"Tiempo de lectura":"1 minuto"},"schema":{"@context":"https:\/\/schema.org","@graph":[{"@type":"WebPage","@id":"https:\/\/auren.com\/ar\/blog\/igj-moratoria-para-presentar-balances-adeudados\/","url":"https:\/\/auren.com\/ar\/blog\/igj-moratoria-para-presentar-balances-adeudados\/","name":"IGJ Moratoria para presentar balances adeudados - Auren Argentina","isPartOf":{"@id":"https:\/\/auren.com\/ar\/#website"},"primaryImageOfPage":{"@id":"https:\/\/auren.com\/ar\/blog\/igj-moratoria-para-presentar-balances-adeudados\/#primaryimage"},"image":{"@id":"https:\/\/auren.com\/ar\/blog\/igj-moratoria-para-presentar-balances-adeudados\/#primaryimage"},"thumbnailUrl":"https:\/\/auren.com\/ar\/wp-content\/uploads\/2025\/01\/902623-g0659867.jpg","datePublished":"2025-01-30T14:49:48+00:00","dateModified":"2025-01-30T14:49:53+00:00","description":"Esta Resoluci\u00f3n General 4\/2025 IGJ publicada en el Bolet\u00edn Oficial entra en vigencia a partir del 1 de febrero de 2025. Moratoria.","breadcrumb":{"@id":"https:\/\/auren.com\/ar\/blog\/igj-moratoria-para-presentar-balances-adeudados\/#breadcrumb"},"inLanguage":"es","potentialAction":[{"@type":"ReadAction","target":["https:\/\/auren.com\/ar\/blog\/igj-moratoria-para-presentar-balances-adeudados\/"]}]},{"@type":"ImageObject","inLanguage":"es","@id":"https:\/\/auren.com\/ar\/blog\/igj-moratoria-para-presentar-balances-adeudados\/#primaryimage","url":"https:\/\/auren.com\/ar\/wp-content\/uploads\/2025\/01\/902623-g0659867.jpg","contentUrl":"https:\/\/auren.com\/ar\/wp-content\/uploads\/2025\/01\/902623-g0659867.jpg","width":700,"height":467},{"@type":"BreadcrumbList","@id":"https:\/\/auren.com\/ar\/blog\/igj-moratoria-para-presentar-balances-adeudados\/#breadcrumb","itemListElement":[{"@type":"ListItem","position":1,"name":"Portada","item":"https:\/\/auren.com\/ar\/"},{"@type":"ListItem","position":2,"name":"IGJ Moratoria para presentar balances adeudados"}]},{"@type":"WebSite","@id":"https:\/\/auren.com\/ar\/#website","url":"https:\/\/auren.com\/ar\/","name":"Auren Argentina","description":"","publisher":{"@id":"https:\/\/auren.com\/ar\/#organization"},"potentialAction":[{"@type":"SearchAction","target":{"@type":"EntryPoint","urlTemplate":"https:\/\/auren.com\/ar\/?s={search_term_string}"},"query-input":{"@type":"PropertyValueSpecification","valueRequired":true,"valueName":"search_term_string"}}],"inLanguage":"es"},{"@type":"Organization","@id":"https:\/\/auren.com\/ar\/#organization","name":"Auren Argentina","url":"https:\/\/auren.com\/ar\/","logo":{"@type":"ImageObject","inLanguage":"es","@id":"https:\/\/auren.com\/ar\/#\/schema\/logo\/image\/","url":"https:\/\/auren.com\/ar\/wp-content\/uploads\/2025\/01\/cropped-cropped-favicon-Auren.png","contentUrl":"https:\/\/auren.com\/ar\/wp-content\/uploads\/2025\/01\/cropped-cropped-favicon-Auren.png","width":512,"height":512,"caption":"Auren Argentina"},"image":{"@id":"https:\/\/auren.com\/ar\/#\/schema\/logo\/image\/"},"sameAs":["https:\/\/www.facebook.com\/AurenArg\/","https:\/\/x.com\/AUREN_Argentina","https:\/\/www.linkedin.com\/company\/aurenargentina","https:\/\/www.youtube.com\/channel\/UCSCseiHMECB0uMBGF9wtjSw","https:\/\/www.instagram.com\/aurenargentina\/"]}]}},"_links":{"self":[{"href":"https:\/\/auren.com\/ar\/wp-json\/wp\/v2\/blog\/27412","targetHints":{"allow":["GET"]}}],"collection":[{"href":"https:\/\/auren.com\/ar\/wp-json\/wp\/v2\/blog"}],"about":[{"href":"https:\/\/auren.com\/ar\/wp-json\/wp\/v2\/types\/blog"}],"version-history":[{"count":0,"href":"https:\/\/auren.com\/ar\/wp-json\/wp\/v2\/blog\/27412\/revisions"}],"wp:featuredmedia":[{"embeddable":true,"href":"https:\/\/auren.com\/ar\/wp-json\/wp\/v2\/media\/27403"}],"wp:attachment":[{"href":"https:\/\/auren.com\/ar\/wp-json\/wp\/v2\/media?parent=27412"}],"wp:term":[{"taxonomy":"blog-category","embeddable":true,"href":"https:\/\/auren.com\/ar\/wp-json\/wp\/v2\/blog-category?post=27412"}],"curies":[{"name":"wp","href":"https:\/\/api.w.org\/{rel}","templated":true}]}}