{"id":39047,"date":"2026-03-03T14:25:55","date_gmt":"2026-03-03T13:25:55","guid":{"rendered":"https:\/\/auren.com\/ar\/?post_type=blog&#038;p=39047"},"modified":"2026-03-03T14:26:01","modified_gmt":"2026-03-03T13:26:01","slug":"integrar-ia-y-sostenibilidad-retos-oportunidades-y-claves-para-una-adopcion-responsable","status":"publish","type":"blog","link":"https:\/\/auren.com\/ar\/blog\/integrar-ia-y-sostenibilidad-retos-oportunidades-y-claves-para-una-adopcion-responsable\/","title":{"rendered":"Integrar IA y sostenibilidad: retos, oportunidades y claves para una adopci\u00f3n responsable"},"content":{"rendered":"\n<p>La inteligencia artificial se ha consolidado como una de las tecnolog\u00edas m\u00e1s transformadoras de la era digital, y su impacto ya es tangible en la competitividad empresarial. Pero, \u00bfc\u00f3mo se conecta este despliegue tecnol\u00f3gico con la sostenibilidad y los criterios ASG?<\/p>\n\n\n\n<p>La respuesta es clara: bien aplicada, la<a href=\"https:\/\/auren.com\/ar\/l\/agente-de-ia\/\" type=\"link\" id=\"https:\/\/auren.com\/ar\/l\/agente-de-ia\/\"> IA<\/a> puede convertirse en un acelerador real de la sostenibilidad, con potencial para contribuir hasta un 24% de los Objetivos de Desarrollo Sostenible (ODS), transformando la manera en que las empresas miden, gestionan y optimizan su desempe\u00f1o ambiental, social y de gobernanza.<\/p>\n\n\n\n<p>\u00bfD\u00f3nde puede aportar m\u00e1s valor la IA en sostenibilidad?<\/p>\n\n\n\n<p>La IA puede impulsar cambios relevantes en varios frentes clave:<\/p>\n\n\n\n<ul class=\"wp-block-list\">\n<li>Econom\u00eda circular y eficiencia de recursos: optimizando procesos, reduciendo desperdicios y facilitando nuevos modelos (reutilizaci\u00f3n, \u201cproducto como servicio\u201d).<\/li>\n\n\n\n<li>Eficiencia energ\u00e9tica y descarbonizaci\u00f3n: identificando oportunidades de ahorro, optimizando consumos y reduciendo emisiones.<\/li>\n\n\n\n<li>Competitividad y resiliencia: mejorando la capacidad de anticiparse a riesgos y adaptarse con rapidez.<\/li>\n<\/ul>\n\n\n\n<p>Ahora bien, la condici\u00f3n para que esto sea positivo es no perder de vista un principio central: el desarrollo y uso de la IA debe ser \u00e9tico, transparente y centrado en las personas, para maximizar el impacto y minimizar los riesgos.<\/p>\n\n\n\n<p>La gobernanza ya es parte del \u201cc\u00f3mo\u201d<\/p>\n\n\n\n<p>Los 5 principales retos para integrar IA en sostenibilidad (sin caer en greenwashing tecnol\u00f3gico)<\/p>\n\n\n\n<ol start=\"1\" class=\"wp-block-list\">\n<li>Impacto ambiental de la propia IA<br>Entrenar modelos avanzados puede requerir altos consumos de energ\u00eda y agua, adem\u00e1s de generar residuos electr\u00f3nicos. Esto obliga a buscar soluciones m\u00e1s eficientes y avanzar centros de datos m\u00e1s sostenibles.<\/li>\n\n\n\n<li>Calidad y disponibilidad del dato ASG<br>La IA depende de datos precisos, verificables y estructurados. Si el dato ASG es incompleto o poco confiable, la IA puede amplificar errores en lugar de solucionarlos.<\/li>\n\n\n\n<li>Medici\u00f3n del impacto<br>Muchas empresas a\u00fan no tienen m\u00e9tricas claras para evaluar c\u00f3mo la IA contribuye a criterios ASG. Sin m\u00e9tricas, es dif\u00edcil integrar IA de forma estrat\u00e9gica y sostener un reporting robusto.<\/li>\n\n\n\n<li>\u00c9tica y gobernanza<br>Los riesgos incluyen sesgos, desigualdades y vulneraci\u00f3n de privacidad. La respuesta pasa por transparencia, responsabilidad y alineamiento con derechos humanos.<\/li>\n\n\n\n<li>Falta de formaci\u00f3n y perfiles h\u00edbridos<br>Existe escasez de talento que combina IA + sostenibilidad. Sin capacidades internas (o socios adecuados), la implementaci\u00f3n se vuelve superficial o se queda en pilotos.<\/li>\n<\/ol>\n\n\n\n<p>Las 5 oportunidades m\u00e1s claras (d\u00f3nde suele \u201cpagar\u201d antes)<\/p>\n\n\n\n<ol start=\"1\" class=\"wp-block-list\">\n<li>Eficiencia operativa y energ\u00e9tica<br>Optimiza procesos, reduce costes y puede apoyar la reducci\u00f3n de emisiones, acelerando la descarbonizaci\u00f3n.<\/li>\n\n\n\n<li>Mayor aceptaci\u00f3n social (si se hace bien)<br>Hay una percepci\u00f3n positiva de la IA como aliada de la sostenibilidad, lo que abre espacio para innovaci\u00f3n responsable y propuestas de valor cre\u00edbles.<\/li>\n\n\n\n<li>Mejora del reporting ASG<br>Ayuda a estructurar y analizar datos de forma m\u00e1s fiable, facilitando el cumplimiento normativo y mejorando la trazabilidad del desempe\u00f1o.<\/li>\n\n\n\n<li>Optimizaci\u00f3n de la cadena de suministro<br>Mejor planificaci\u00f3n, menor desperdicio, reducci\u00f3n de emisiones y mayor control sobre proveedores (aspecto cr\u00edtico en ASG).<\/li>\n\n\n\n<li>Innovaci\u00f3n en productos y modelos de negocio<br>Impulsa ecodise\u00f1o, mantenimiento predictivo y modelos circulares.<\/li>\n<\/ol>\n\n\n\n<p>Situaci\u00f3n actual: inter\u00e9s alto, adopci\u00f3n todav\u00eda incipiente<\/p>\n\n\n\n<p>La conversaci\u00f3n sobre IA y sostenibilidad est\u00e1 avanzando m\u00e1s r\u00e1pido que su implementaci\u00f3n.<\/p>\n\n\n\n<ul class=\"wp-block-list\">\n<li>En conocimiento y formaci\u00f3n:\n<ul class=\"wp-block-list\">\n<li>55% declara tener claridad y formaci\u00f3n adecuada<\/li>\n\n\n\n<li>33% tiene conocimientos b\u00e1sicos<\/li>\n\n\n\n<li>12% reconoce el desconocimiento<\/li>\n<\/ul>\n<\/li>\n\n\n\n<li>En percepci\u00f3n de eficacia para objetivos ASG:\n<ul class=\"wp-block-list\">\n<li>60% la ve como herramienta complementaria<\/li>\n\n\n\n<li>22% como indispensable<\/li>\n\n\n\n<li>17% desconoce<\/li>\n\n\n\n<li>1% no le ve utilidad<\/li>\n<\/ul>\n<\/li>\n\n\n\n<li>En aplicaciones donde m\u00e1s valor se identifica:\n<ul class=\"wp-block-list\">\n<li>Predicci\u00f3n de impactos y riesgos financieros y no financieros: 41%<\/li>\n\n\n\n<li>Recolecci\u00f3n\/an\u00e1lisis de datos ASG para reporting: 36%<\/li>\n\n\n\n<li>Reducci\u00f3n de huella de carbono: 27%<\/li>\n\n\n\n<li>Eficiencia energ\u00e9tica: 20%<\/li>\n\n\n\n<li>Eficiencia operativa: 20%<\/li>\n\n\n\n<li>Trazabilidad de proveedores: 18%<\/li>\n<\/ul>\n<\/li>\n\n\n\n<li>En implementaci\u00f3n real:<br>Solo 7\u20138% de las empresas en LATAM ya ha implementado IA en sostenibilidad, pero el inter\u00e9s es fuerte: 23% est\u00e1 definiendo estrategia y 65% \u200b\u200bplanea desarrollarla.<\/li>\n<\/ul>\n\n\n\n<p>Hay una ventana competitiva para quienes pasan de la intenci\u00f3n a la ejecuci\u00f3n con buen gobierno del dato y del riesgo.<\/p>\n\n\n\n<p>La IA puede ser un catalizador para avanzar en ODS y ASG, pero no \u201cautom\u00e1ticamente\u201d. El mayor valor aparece cuando se combina con:<\/p>\n\n\n\n<ul class=\"wp-block-list\">\n<li>Datos ASG de calidad (sin esto no hay IA fiable)<\/li>\n\n\n\n<li>M\u00e9tricas claras de impacto y contribuci\u00f3n a objetivos<\/li>\n\n\n\n<li>Gobernanza \u00e9tica y normativa desde el dise\u00f1o<\/li>\n\n\n\n<li>Formaci\u00f3n y capacidades h\u00edbridas (tecnolog\u00eda + sostenibilidad)<\/li>\n<\/ul>\n\n\n\n<p>En s\u00edntesis: la IA puede ayudar a predecir riesgos, mejorar los informes, reducir la huella de carbono y optimizar las operaciones, pero el \u00e9xito depende menos de la herramienta y m\u00e1s de c\u00f3mo la empresa la integra, la gobierna y la mide.<\/p>\n\n\n\n<p>Por <a href=\"https:\/\/www.linkedin.com\/in\/fabiangarofalo\/\" type=\"link\" id=\"https:\/\/www.linkedin.com\/in\/fabiangarofalo\/\">Fabi\u00e1n Gar\u00f3falo<\/a>, L\u00edder de <a href=\"https:\/\/auren.com\/ar\/servicios\/consultoria\/\" type=\"link\" id=\"https:\/\/auren.com\/ar\/servicios\/consultoria\/\">Sostenibilidad &#8211; Consultor\u00eda<\/a> de <a href=\"https:\/\/auren.com\/ar\/\" type=\"link\" id=\"https:\/\/auren.com\/ar\/\">Auren Argentina<\/a><\/p>\n","protected":false},"excerpt":{"rendered":"<p>La inteligencia artificial se ha consolidado como una de las tecnolog\u00edas m\u00e1s transformadoras de la era digital, y su impacto ya es tangible en la competitividad empresarial. Pero, \u00bfc\u00f3mo se conecta este despliegue tecnol\u00f3gico con la sostenibilidad y los criterios ASG? La respuesta es clara: bien aplicada, la IA puede convertirse en un acelerador real [&hellip;]<\/p>\n","protected":false},"featured_media":39048,"template":"","meta":{"_acf_changed":true,"footnotes":""},"blog-category":[517,400,344],"class_list":["post-39047","blog","type-blog","status-publish","has-post-thumbnail","hentry","blog-category-competitividad","blog-category-consultoria","blog-category-ia"],"acf":[],"yoast_head":"<!-- This site is optimized with the Yoast SEO plugin v27.5 - https:\/\/yoast.com\/product\/yoast-seo-wordpress\/ -->\n<title>Integrar IA y sostenibilidad: retos, oportunidades y claves para una adopci\u00f3n responsable - Auren Argentina<\/title>\n<meta name=\"description\" content=\"La inteligencia artificial esuna de las tecnolog\u00edas m\u00e1s transformadoras de la era digital, y su impacto en la sostenibilidad empresarial.\" \/>\n<meta name=\"robots\" content=\"index, follow, max-snippet:-1, max-image-preview:large, max-video-preview:-1\" \/>\n<link rel=\"canonical\" href=\"https:\/\/auren.com\/ar\/blog\/integrar-ia-y-sostenibilidad-retos-oportunidades-y-claves-para-una-adopcion-responsable\/\" \/>\n<meta property=\"og:locale\" content=\"es_ES\" \/>\n<meta property=\"og:type\" content=\"article\" \/>\n<meta property=\"og:title\" content=\"Integrar IA y sostenibilidad: retos, oportunidades y claves para una adopci\u00f3n responsable - Auren Argentina\" \/>\n<meta property=\"og:description\" content=\"La inteligencia artificial esuna de las tecnolog\u00edas m\u00e1s transformadoras de la era digital, y su impacto en la sostenibilidad empresarial.\" \/>\n<meta property=\"og:url\" content=\"https:\/\/auren.com\/ar\/blog\/integrar-ia-y-sostenibilidad-retos-oportunidades-y-claves-para-una-adopcion-responsable\/\" \/>\n<meta property=\"og:site_name\" content=\"Auren Argentina\" \/>\n<meta property=\"article:publisher\" content=\"https:\/\/www.facebook.com\/AurenArg\/\" \/>\n<meta property=\"article:modified_time\" content=\"2026-03-03T13:26:01+00:00\" \/>\n<meta property=\"og:image\" content=\"https:\/\/auren.com\/ar\/wp-content\/uploads\/2026\/03\/sostenibilidad-ia.jpeg\" \/>\n\t<meta property=\"og:image:width\" content=\"294\" \/>\n\t<meta property=\"og:image:height\" content=\"171\" \/>\n\t<meta property=\"og:image:type\" content=\"image\/jpeg\" \/>\n<meta name=\"twitter:card\" content=\"summary_large_image\" \/>\n<meta name=\"twitter:site\" content=\"@AUREN_Argentina\" \/>\n<meta name=\"twitter:label1\" content=\"Tiempo de lectura\" \/>\n\t<meta name=\"twitter:data1\" content=\"4 minutos\" \/>\n<script type=\"application\/ld+json\" class=\"yoast-schema-graph\">{\"@context\":\"https:\\\/\\\/schema.org\",\"@graph\":[{\"@type\":\"WebPage\",\"@id\":\"https:\\\/\\\/auren.com\\\/ar\\\/blog\\\/integrar-ia-y-sostenibilidad-retos-oportunidades-y-claves-para-una-adopcion-responsable\\\/\",\"url\":\"https:\\\/\\\/auren.com\\\/ar\\\/blog\\\/integrar-ia-y-sostenibilidad-retos-oportunidades-y-claves-para-una-adopcion-responsable\\\/\",\"name\":\"Integrar IA y sostenibilidad: retos, oportunidades y claves para una adopci\u00f3n responsable - Auren Argentina\",\"isPartOf\":{\"@id\":\"https:\\\/\\\/auren.com\\\/ar\\\/#website\"},\"primaryImageOfPage\":{\"@id\":\"https:\\\/\\\/auren.com\\\/ar\\\/blog\\\/integrar-ia-y-sostenibilidad-retos-oportunidades-y-claves-para-una-adopcion-responsable\\\/#primaryimage\"},\"image\":{\"@id\":\"https:\\\/\\\/auren.com\\\/ar\\\/blog\\\/integrar-ia-y-sostenibilidad-retos-oportunidades-y-claves-para-una-adopcion-responsable\\\/#primaryimage\"},\"thumbnailUrl\":\"https:\\\/\\\/auren.com\\\/ar\\\/wp-content\\\/uploads\\\/2026\\\/03\\\/sostenibilidad-ia.jpeg\",\"datePublished\":\"2026-03-03T13:25:55+00:00\",\"dateModified\":\"2026-03-03T13:26:01+00:00\",\"description\":\"La inteligencia artificial esuna de las tecnolog\u00edas m\u00e1s transformadoras de la era digital, y su impacto en la sostenibilidad empresarial.\",\"breadcrumb\":{\"@id\":\"https:\\\/\\\/auren.com\\\/ar\\\/blog\\\/integrar-ia-y-sostenibilidad-retos-oportunidades-y-claves-para-una-adopcion-responsable\\\/#breadcrumb\"},\"inLanguage\":\"es\",\"potentialAction\":[{\"@type\":\"ReadAction\",\"target\":[\"https:\\\/\\\/auren.com\\\/ar\\\/blog\\\/integrar-ia-y-sostenibilidad-retos-oportunidades-y-claves-para-una-adopcion-responsable\\\/\"]}]},{\"@type\":\"ImageObject\",\"inLanguage\":\"es\",\"@id\":\"https:\\\/\\\/auren.com\\\/ar\\\/blog\\\/integrar-ia-y-sostenibilidad-retos-oportunidades-y-claves-para-una-adopcion-responsable\\\/#primaryimage\",\"url\":\"https:\\\/\\\/auren.com\\\/ar\\\/wp-content\\\/uploads\\\/2026\\\/03\\\/sostenibilidad-ia.jpeg\",\"contentUrl\":\"https:\\\/\\\/auren.com\\\/ar\\\/wp-content\\\/uploads\\\/2026\\\/03\\\/sostenibilidad-ia.jpeg\",\"width\":294,\"height\":171},{\"@type\":\"BreadcrumbList\",\"@id\":\"https:\\\/\\\/auren.com\\\/ar\\\/blog\\\/integrar-ia-y-sostenibilidad-retos-oportunidades-y-claves-para-una-adopcion-responsable\\\/#breadcrumb\",\"itemListElement\":[{\"@type\":\"ListItem\",\"position\":1,\"name\":\"Portada\",\"item\":\"https:\\\/\\\/auren.com\\\/ar\\\/\"},{\"@type\":\"ListItem\",\"position\":2,\"name\":\"Integrar IA y sostenibilidad: retos, oportunidades y claves para una adopci\u00f3n responsable\"}]},{\"@type\":\"WebSite\",\"@id\":\"https:\\\/\\\/auren.com\\\/ar\\\/#website\",\"url\":\"https:\\\/\\\/auren.com\\\/ar\\\/\",\"name\":\"Auren Argentina\",\"description\":\"\",\"publisher\":{\"@id\":\"https:\\\/\\\/auren.com\\\/ar\\\/#organization\"},\"potentialAction\":[{\"@type\":\"SearchAction\",\"target\":{\"@type\":\"EntryPoint\",\"urlTemplate\":\"https:\\\/\\\/auren.com\\\/ar\\\/?s={search_term_string}\"},\"query-input\":{\"@type\":\"PropertyValueSpecification\",\"valueRequired\":true,\"valueName\":\"search_term_string\"}}],\"inLanguage\":\"es\"},{\"@type\":\"Organization\",\"@id\":\"https:\\\/\\\/auren.com\\\/ar\\\/#organization\",\"name\":\"Auren Argentina\",\"url\":\"https:\\\/\\\/auren.com\\\/ar\\\/\",\"logo\":{\"@type\":\"ImageObject\",\"inLanguage\":\"es\",\"@id\":\"https:\\\/\\\/auren.com\\\/ar\\\/#\\\/schema\\\/logo\\\/image\\\/\",\"url\":\"https:\\\/\\\/auren.com\\\/ar\\\/wp-content\\\/uploads\\\/2025\\\/01\\\/cropped-cropped-favicon-Auren.png\",\"contentUrl\":\"https:\\\/\\\/auren.com\\\/ar\\\/wp-content\\\/uploads\\\/2025\\\/01\\\/cropped-cropped-favicon-Auren.png\",\"width\":512,\"height\":512,\"caption\":\"Auren Argentina\"},\"image\":{\"@id\":\"https:\\\/\\\/auren.com\\\/ar\\\/#\\\/schema\\\/logo\\\/image\\\/\"},\"sameAs\":[\"https:\\\/\\\/www.facebook.com\\\/AurenArg\\\/\",\"https:\\\/\\\/x.com\\\/AUREN_Argentina\",\"https:\\\/\\\/www.linkedin.com\\\/company\\\/aurenargentina\",\"https:\\\/\\\/www.youtube.com\\\/channel\\\/UCSCseiHMECB0uMBGF9wtjSw\",\"https:\\\/\\\/www.instagram.com\\\/aurenargentina\\\/\"]}]}<\/script>\n<!-- \/ Yoast SEO plugin. -->","yoast_head_json":{"title":"Integrar IA y sostenibilidad: retos, oportunidades y claves para una adopci\u00f3n responsable - Auren Argentina","description":"La inteligencia artificial esuna de las tecnolog\u00edas m\u00e1s transformadoras de la era digital, y su impacto en la sostenibilidad empresarial.","robots":{"index":"index","follow":"follow","max-snippet":"max-snippet:-1","max-image-preview":"max-image-preview:large","max-video-preview":"max-video-preview:-1"},"canonical":"https:\/\/auren.com\/ar\/blog\/integrar-ia-y-sostenibilidad-retos-oportunidades-y-claves-para-una-adopcion-responsable\/","og_locale":"es_ES","og_type":"article","og_title":"Integrar IA y sostenibilidad: retos, oportunidades y claves para una adopci\u00f3n responsable - Auren Argentina","og_description":"La inteligencia artificial esuna de las tecnolog\u00edas m\u00e1s transformadoras de la era digital, y su impacto en la sostenibilidad empresarial.","og_url":"https:\/\/auren.com\/ar\/blog\/integrar-ia-y-sostenibilidad-retos-oportunidades-y-claves-para-una-adopcion-responsable\/","og_site_name":"Auren Argentina","article_publisher":"https:\/\/www.facebook.com\/AurenArg\/","article_modified_time":"2026-03-03T13:26:01+00:00","og_image":[{"width":294,"height":171,"url":"https:\/\/auren.com\/ar\/wp-content\/uploads\/2026\/03\/sostenibilidad-ia.jpeg","type":"image\/jpeg"}],"twitter_card":"summary_large_image","twitter_site":"@AUREN_Argentina","twitter_misc":{"Tiempo de lectura":"4 minutos"},"schema":{"@context":"https:\/\/schema.org","@graph":[{"@type":"WebPage","@id":"https:\/\/auren.com\/ar\/blog\/integrar-ia-y-sostenibilidad-retos-oportunidades-y-claves-para-una-adopcion-responsable\/","url":"https:\/\/auren.com\/ar\/blog\/integrar-ia-y-sostenibilidad-retos-oportunidades-y-claves-para-una-adopcion-responsable\/","name":"Integrar IA y sostenibilidad: retos, oportunidades y claves para una adopci\u00f3n responsable - Auren Argentina","isPartOf":{"@id":"https:\/\/auren.com\/ar\/#website"},"primaryImageOfPage":{"@id":"https:\/\/auren.com\/ar\/blog\/integrar-ia-y-sostenibilidad-retos-oportunidades-y-claves-para-una-adopcion-responsable\/#primaryimage"},"image":{"@id":"https:\/\/auren.com\/ar\/blog\/integrar-ia-y-sostenibilidad-retos-oportunidades-y-claves-para-una-adopcion-responsable\/#primaryimage"},"thumbnailUrl":"https:\/\/auren.com\/ar\/wp-content\/uploads\/2026\/03\/sostenibilidad-ia.jpeg","datePublished":"2026-03-03T13:25:55+00:00","dateModified":"2026-03-03T13:26:01+00:00","description":"La inteligencia artificial esuna de las tecnolog\u00edas m\u00e1s transformadoras de la era digital, y su impacto en la sostenibilidad empresarial.","breadcrumb":{"@id":"https:\/\/auren.com\/ar\/blog\/integrar-ia-y-sostenibilidad-retos-oportunidades-y-claves-para-una-adopcion-responsable\/#breadcrumb"},"inLanguage":"es","potentialAction":[{"@type":"ReadAction","target":["https:\/\/auren.com\/ar\/blog\/integrar-ia-y-sostenibilidad-retos-oportunidades-y-claves-para-una-adopcion-responsable\/"]}]},{"@type":"ImageObject","inLanguage":"es","@id":"https:\/\/auren.com\/ar\/blog\/integrar-ia-y-sostenibilidad-retos-oportunidades-y-claves-para-una-adopcion-responsable\/#primaryimage","url":"https:\/\/auren.com\/ar\/wp-content\/uploads\/2026\/03\/sostenibilidad-ia.jpeg","contentUrl":"https:\/\/auren.com\/ar\/wp-content\/uploads\/2026\/03\/sostenibilidad-ia.jpeg","width":294,"height":171},{"@type":"BreadcrumbList","@id":"https:\/\/auren.com\/ar\/blog\/integrar-ia-y-sostenibilidad-retos-oportunidades-y-claves-para-una-adopcion-responsable\/#breadcrumb","itemListElement":[{"@type":"ListItem","position":1,"name":"Portada","item":"https:\/\/auren.com\/ar\/"},{"@type":"ListItem","position":2,"name":"Integrar IA y sostenibilidad: retos, oportunidades y claves para una adopci\u00f3n responsable"}]},{"@type":"WebSite","@id":"https:\/\/auren.com\/ar\/#website","url":"https:\/\/auren.com\/ar\/","name":"Auren Argentina","description":"","publisher":{"@id":"https:\/\/auren.com\/ar\/#organization"},"potentialAction":[{"@type":"SearchAction","target":{"@type":"EntryPoint","urlTemplate":"https:\/\/auren.com\/ar\/?s={search_term_string}"},"query-input":{"@type":"PropertyValueSpecification","valueRequired":true,"valueName":"search_term_string"}}],"inLanguage":"es"},{"@type":"Organization","@id":"https:\/\/auren.com\/ar\/#organization","name":"Auren Argentina","url":"https:\/\/auren.com\/ar\/","logo":{"@type":"ImageObject","inLanguage":"es","@id":"https:\/\/auren.com\/ar\/#\/schema\/logo\/image\/","url":"https:\/\/auren.com\/ar\/wp-content\/uploads\/2025\/01\/cropped-cropped-favicon-Auren.png","contentUrl":"https:\/\/auren.com\/ar\/wp-content\/uploads\/2025\/01\/cropped-cropped-favicon-Auren.png","width":512,"height":512,"caption":"Auren Argentina"},"image":{"@id":"https:\/\/auren.com\/ar\/#\/schema\/logo\/image\/"},"sameAs":["https:\/\/www.facebook.com\/AurenArg\/","https:\/\/x.com\/AUREN_Argentina","https:\/\/www.linkedin.com\/company\/aurenargentina","https:\/\/www.youtube.com\/channel\/UCSCseiHMECB0uMBGF9wtjSw","https:\/\/www.instagram.com\/aurenargentina\/"]}]}},"_links":{"self":[{"href":"https:\/\/auren.com\/ar\/wp-json\/wp\/v2\/blog\/39047","targetHints":{"allow":["GET"]}}],"collection":[{"href":"https:\/\/auren.com\/ar\/wp-json\/wp\/v2\/blog"}],"about":[{"href":"https:\/\/auren.com\/ar\/wp-json\/wp\/v2\/types\/blog"}],"version-history":[{"count":0,"href":"https:\/\/auren.com\/ar\/wp-json\/wp\/v2\/blog\/39047\/revisions"}],"wp:featuredmedia":[{"embeddable":true,"href":"https:\/\/auren.com\/ar\/wp-json\/wp\/v2\/media\/39048"}],"wp:attachment":[{"href":"https:\/\/auren.com\/ar\/wp-json\/wp\/v2\/media?parent=39047"}],"wp:term":[{"taxonomy":"blog-category","embeddable":true,"href":"https:\/\/auren.com\/ar\/wp-json\/wp\/v2\/blog-category?post=39047"}],"curies":[{"name":"wp","href":"https:\/\/api.w.org\/{rel}","templated":true}]}}