{"id":43161,"date":"2026-09-01T10:00:00","date_gmt":"2026-09-01T08:00:00","guid":{"rendered":"https:\/\/auren.com\/ar\/?post_type=blog&#038;p=43161"},"modified":"2026-08-27T19:19:43","modified_gmt":"2026-08-27T17:19:43","slug":"inteligencia-artificial-y-primer-empleo-las-habilidades-que-marcaran-la-diferencia","status":"publish","type":"blog","link":"https:\/\/auren.com\/ar\/blog\/inteligencia-artificial-y-primer-empleo-las-habilidades-que-marcaran-la-diferencia\/","title":{"rendered":"Inteligencia artificial y primer empleo: las habilidades que marcar\u00e1n la diferencia"},"content":{"rendered":"\n<p class=\"wp-block-paragraph\">La incorporaci\u00f3n de inteligencia artificial en las organizaciones puede generar preocupaci\u00f3n entre quienes est\u00e1n comenzando su carrera profesional. Sin embargo, su impacto est\u00e1 siendo m\u00e1s transformador que destructivo.<\/p>\n\n\n\n<p class=\"wp-block-paragraph\">Algunas tareas operativas y repetitivas tienden a automatizarse, pero al mismo tiempo aparecen nuevas funciones vinculadas con el uso, la implementaci\u00f3n, la supervisi\u00f3n y el an\u00e1lisis de herramientas basadas en inteligencia artificial.<\/p>\n\n\n\n<p class=\"wp-block-paragraph\">La tecnolog\u00eda no est\u00e1 reemplazando completamente los empleos. Est\u00e1 modificando la forma de trabajar y elevando las competencias que se esperan de las personas.<\/p>\n\n\n\n<p class=\"wp-block-paragraph\">Por este motivo, aprender a utilizar herramientas de inteligencia artificial comienza a convertirse en una ventaja competitiva, incluso para los perfiles junior.<\/p>\n\n\n\n<p class=\"wp-block-paragraph\"><strong>Perfiles h\u00edbridos y nuevas capacidades<\/strong><\/p>\n\n\n\n<p class=\"wp-block-paragraph\">Las empresas muestran una creciente valoraci\u00f3n de los perfiles h\u00edbridos: personas capaces de combinar conocimientos t\u00e9cnicos con comprensi\u00f3n del negocio, pensamiento anal\u00edtico y habilidades de comunicaci\u00f3n.<\/p>\n\n\n\n<p class=\"wp-block-paragraph\">No se espera necesariamente que todos los candidatos sepan desarrollar sistemas de inteligencia artificial. Sin embargo, s\u00ed resulta cada vez m\u00e1s importante que puedan utilizar estas herramientas para investigar, analizar informaci\u00f3n, automatizar tareas, resolver problemas y mejorar su productividad.<\/p>\n\n\n\n<p class=\"wp-block-paragraph\">La diferencia no estar\u00e1 solamente en conocer una tecnolog\u00eda, sino en comprender c\u00f3mo aplicarla de manera responsable y efectiva dentro de un contexto de trabajo.<\/p>\n\n\n\n<p class=\"wp-block-paragraph\"><strong>Las habilidades m\u00e1s demandadas<\/strong><\/p>\n\n\n\n<p class=\"wp-block-paragraph\">M\u00e1s all\u00e1 de la formaci\u00f3n acad\u00e9mica, las organizaciones valoran cada vez m\u00e1s determinadas competencias transversales. Entre las principales se encuentran:<\/p>\n\n\n\n<ul class=\"wp-block-list\">\n<li>Adaptabilidad al cambio.<\/li>\n\n\n\n<li>Aprendizaje continuo.<\/li>\n\n\n\n<li>Pensamiento anal\u00edtico.<\/li>\n\n\n\n<li>Comunicaci\u00f3n efectiva.<\/li>\n\n\n\n<li>Trabajo colaborativo.<\/li>\n\n\n\n<li>Resoluci\u00f3n de problemas.<\/li>\n\n\n\n<li>Manejo de herramientas digitales.<\/li>\n\n\n\n<li>Ingl\u00e9s y otros idiomas.<\/li>\n<\/ul>\n\n\n\n<p class=\"wp-block-paragraph\">La combinaci\u00f3n entre conocimientos t\u00e9cnicos y habilidades humanas se convirti\u00f3 en uno de los factores que m\u00e1s influye en la empleabilidad.<\/p>\n\n\n\n<p class=\"wp-block-paragraph\">Las herramientas pueden acelerar tareas y procesar informaci\u00f3n, pero siguen siendo necesarias capacidades como el criterio, la creatividad, la empat\u00eda y la toma de decisiones.<\/p>\n\n\n\n<p class=\"wp-block-paragraph\"><strong>Aprender a demostrar habilidades<\/strong><\/p>\n\n\n\n<p class=\"wp-block-paragraph\">Para quienes buscan su primera experiencia laboral, el desaf\u00edo no consiste \u00fanicamente en adquirir conocimientos, sino tambi\u00e9n en demostrar c\u00f3mo pueden aplicarlos.<\/p>\n\n\n\n<p class=\"wp-block-paragraph\">Los proyectos acad\u00e9micos, cursos, trabajos pr\u00e1cticos, voluntariados y experiencias personales pueden funcionar como evidencia de aprendizaje, iniciativa y capacidad para resolver situaciones concretas.<\/p>\n\n\n\n<p class=\"wp-block-paragraph\">Tambi\u00e9n es importante construir una presencia profesional clara, especialmente en LinkedIn, y comunicar las habilidades desarrolladas de manera sencilla y espec\u00edfica.<\/p>\n\n\n\n<p class=\"wp-block-paragraph\">La inteligencia artificial no elimina la necesidad de talento joven. Cambia las tareas, redefine algunos roles y exige una preparaci\u00f3n diferente.<\/p>\n\n\n\n<p class=\"wp-block-paragraph\">Quienes logren combinar formaci\u00f3n, curiosidad, herramientas digitales y capacidad de aprendizaje estar\u00e1n mejor posicionados para aprovechar las oportunidades de un mercado laboral en transformaci\u00f3n.<br><\/p>\n\n\n\n<p class=\"wp-block-paragraph\">Por <a href=\"https:\/\/www.linkedin.com\/in\/monicacanevari\/\" data-type=\"link\" data-id=\"https:\/\/www.linkedin.com\/in\/monicacanevari\/\">M\u00f3nica Canevari,<\/a> Directora de <a href=\"https:\/\/auren.com\/ar\/servicios\/outsourcing\/bpo-2\/\" data-type=\"link\" data-id=\"https:\/\/auren.com\/ar\/servicios\/outsourcing\/bpo-2\">BPO<\/a> de <a href=\"https:\/\/auren.com\/ar\/\" data-type=\"link\" data-id=\"https:\/\/auren.com\/ar\/\">Auren Argentina<\/a><\/p>\n","protected":false},"excerpt":{"rendered":"<p>La incorporaci\u00f3n de inteligencia artificial en las organizaciones puede generar preocupaci\u00f3n entre quienes est\u00e1n comenzando su carrera profesional. Sin embargo, su impacto est\u00e1 siendo m\u00e1s transformador que destructivo. Algunas tareas operativas y repetitivas tienden a automatizarse, pero al mismo tiempo aparecen nuevas funciones vinculadas con el uso, la implementaci\u00f3n, la supervisi\u00f3n y el an\u00e1lisis de [&hellip;]<\/p>\n","protected":false},"featured_media":43162,"template":"","meta":{"_acf_changed":true,"footnotes":""},"blog-category":[617,413,400,348,476,344,345,347],"class_list":["post-43161","blog","type-blog","status-publish","has-post-thumbnail","hentry","blog-category-automatizacion","blog-category-bpo","blog-category-consultoria","blog-category-digitalizacion","blog-category-empleo","blog-category-ia","blog-category-inteligencia-artificial","blog-category-tecnologia"],"acf":[],"yoast_head":"<!-- This site is optimized with the Yoast SEO plugin v28.3 - https:\/\/yoast.com\/product\/yoast-seo-wordpress\/ -->\n<title>Inteligencia artificial y primer empleo: las habilidades que marcar\u00e1n la diferencia - Auren Argentina<\/title>\n<meta name=\"description\" content=\"La incorporaci\u00f3n de inteligencia artificial en el empleo de as organizaciones. Su impacto est\u00e1 siendo m\u00e1s transformador que destructivo.\" \/>\n<meta name=\"robots\" content=\"index, follow, max-snippet:-1, max-image-preview:large, max-video-preview:-1\" \/>\n<link rel=\"canonical\" href=\"https:\/\/auren.com\/ar\/blog\/inteligencia-artificial-y-primer-empleo-las-habilidades-que-marcaran-la-diferencia\/\" \/>\n<meta property=\"og:locale\" content=\"es_ES\" \/>\n<meta property=\"og:type\" content=\"article\" \/>\n<meta property=\"og:title\" content=\"Inteligencia artificial y primer empleo: las habilidades que marcar\u00e1n la diferencia - Auren Argentina\" \/>\n<meta property=\"og:description\" content=\"La incorporaci\u00f3n de inteligencia artificial en el empleo de as organizaciones. Su impacto est\u00e1 siendo m\u00e1s transformador que destructivo.\" \/>\n<meta property=\"og:url\" content=\"https:\/\/auren.com\/ar\/blog\/inteligencia-artificial-y-primer-empleo-las-habilidades-que-marcaran-la-diferencia\/\" \/>\n<meta property=\"og:site_name\" content=\"Auren Argentina\" \/>\n<meta property=\"article:publisher\" content=\"https:\/\/www.facebook.com\/AurenArg\/\" \/>\n<meta property=\"og:image\" content=\"https:\/\/auren.com\/ar\/wp-content\/uploads\/2026\/08\/IA-en-el-trabajo-del-futurp.webp\" \/>\n\t<meta property=\"og:image:width\" content=\"1000\" \/>\n\t<meta property=\"og:image:height\" content=\"634\" \/>\n\t<meta property=\"og:image:type\" content=\"image\/webp\" \/>\n<meta name=\"twitter:card\" content=\"summary_large_image\" \/>\n<meta name=\"twitter:site\" content=\"@AUREN_Argentina\" \/>\n<meta name=\"twitter:label1\" content=\"Tiempo de lectura\" \/>\n\t<meta name=\"twitter:data1\" content=\"3 minutos\" \/>\n<script type=\"application\/ld+json\" class=\"yoast-schema-graph\">{\"@context\":\"https:\\\/\\\/schema.org\",\"@graph\":[{\"@type\":\"WebPage\",\"@id\":\"https:\\\/\\\/auren.com\\\/ar\\\/blog\\\/inteligencia-artificial-y-primer-empleo-las-habilidades-que-marcaran-la-diferencia\\\/\",\"url\":\"https:\\\/\\\/auren.com\\\/ar\\\/blog\\\/inteligencia-artificial-y-primer-empleo-las-habilidades-que-marcaran-la-diferencia\\\/\",\"name\":\"Inteligencia artificial y primer empleo: las habilidades que marcar\u00e1n la diferencia - Auren Argentina\",\"isPartOf\":{\"@id\":\"https:\\\/\\\/auren.com\\\/ar\\\/#website\"},\"primaryImageOfPage\":{\"@id\":\"https:\\\/\\\/auren.com\\\/ar\\\/blog\\\/inteligencia-artificial-y-primer-empleo-las-habilidades-que-marcaran-la-diferencia\\\/#primaryimage\"},\"image\":{\"@id\":\"https:\\\/\\\/auren.com\\\/ar\\\/blog\\\/inteligencia-artificial-y-primer-empleo-las-habilidades-que-marcaran-la-diferencia\\\/#primaryimage\"},\"thumbnailUrl\":\"https:\\\/\\\/auren.com\\\/ar\\\/wp-content\\\/uploads\\\/2026\\\/08\\\/IA-en-el-trabajo-del-futurp.webp\",\"datePublished\":\"2026-09-01T08:00:00+00:00\",\"description\":\"La incorporaci\u00f3n de inteligencia artificial en el empleo de as organizaciones. Su impacto est\u00e1 siendo m\u00e1s transformador que destructivo.\",\"breadcrumb\":{\"@id\":\"https:\\\/\\\/auren.com\\\/ar\\\/blog\\\/inteligencia-artificial-y-primer-empleo-las-habilidades-que-marcaran-la-diferencia\\\/#breadcrumb\"},\"inLanguage\":\"es\",\"potentialAction\":[{\"@type\":\"ReadAction\",\"target\":[\"https:\\\/\\\/auren.com\\\/ar\\\/blog\\\/inteligencia-artificial-y-primer-empleo-las-habilidades-que-marcaran-la-diferencia\\\/\"]}]},{\"@type\":\"ImageObject\",\"inLanguage\":\"es\",\"@id\":\"https:\\\/\\\/auren.com\\\/ar\\\/blog\\\/inteligencia-artificial-y-primer-empleo-las-habilidades-que-marcaran-la-diferencia\\\/#primaryimage\",\"url\":\"https:\\\/\\\/auren.com\\\/ar\\\/wp-content\\\/uploads\\\/2026\\\/08\\\/IA-en-el-trabajo-del-futurp.webp\",\"contentUrl\":\"https:\\\/\\\/auren.com\\\/ar\\\/wp-content\\\/uploads\\\/2026\\\/08\\\/IA-en-el-trabajo-del-futurp.webp\",\"width\":1000,\"height\":634},{\"@type\":\"BreadcrumbList\",\"@id\":\"https:\\\/\\\/auren.com\\\/ar\\\/blog\\\/inteligencia-artificial-y-primer-empleo-las-habilidades-que-marcaran-la-diferencia\\\/#breadcrumb\",\"itemListElement\":[{\"@type\":\"ListItem\",\"position\":1,\"name\":\"Portada\",\"item\":\"https:\\\/\\\/auren.com\\\/ar\\\/\"},{\"@type\":\"ListItem\",\"position\":2,\"name\":\"Inteligencia artificial y primer empleo: las habilidades que marcar\u00e1n la diferencia\"}]},{\"@type\":\"WebSite\",\"@id\":\"https:\\\/\\\/auren.com\\\/ar\\\/#website\",\"url\":\"https:\\\/\\\/auren.com\\\/ar\\\/\",\"name\":\"Auren Argentina\",\"description\":\"\",\"publisher\":{\"@id\":\"https:\\\/\\\/auren.com\\\/ar\\\/#organization\"},\"potentialAction\":[{\"@type\":\"SearchAction\",\"target\":{\"@type\":\"EntryPoint\",\"urlTemplate\":\"https:\\\/\\\/auren.com\\\/ar\\\/?s={search_term_string}\"},\"query-input\":{\"@type\":\"PropertyValueSpecification\",\"valueRequired\":true,\"valueName\":\"search_term_string\"}}],\"inLanguage\":\"es\"},{\"@type\":\"Organization\",\"@id\":\"https:\\\/\\\/auren.com\\\/ar\\\/#organization\",\"name\":\"Auren Argentina\",\"url\":\"https:\\\/\\\/auren.com\\\/ar\\\/\",\"logo\":{\"@type\":\"ImageObject\",\"inLanguage\":\"es\",\"@id\":\"https:\\\/\\\/auren.com\\\/ar\\\/#\\\/schema\\\/logo\\\/image\\\/\",\"url\":\"https:\\\/\\\/auren.com\\\/ar\\\/wp-content\\\/uploads\\\/2025\\\/01\\\/cropped-cropped-favicon-Auren.png\",\"contentUrl\":\"https:\\\/\\\/auren.com\\\/ar\\\/wp-content\\\/uploads\\\/2025\\\/01\\\/cropped-cropped-favicon-Auren.png\",\"width\":512,\"height\":512,\"caption\":\"Auren Argentina\"},\"image\":{\"@id\":\"https:\\\/\\\/auren.com\\\/ar\\\/#\\\/schema\\\/logo\\\/image\\\/\"},\"sameAs\":[\"https:\\\/\\\/www.facebook.com\\\/AurenArg\\\/\",\"https:\\\/\\\/x.com\\\/AUREN_Argentina\",\"https:\\\/\\\/www.linkedin.com\\\/company\\\/aurenargentina\",\"https:\\\/\\\/www.youtube.com\\\/channel\\\/UCSCseiHMECB0uMBGF9wtjSw\",\"https:\\\/\\\/www.instagram.com\\\/aurenargentina\\\/\"]}]}<\/script>\n<!-- \/ Yoast SEO plugin. -->","yoast_head_json":{"title":"Inteligencia artificial y primer empleo: las habilidades que marcar\u00e1n la diferencia - Auren Argentina","description":"La incorporaci\u00f3n de inteligencia artificial en el empleo de as organizaciones. Su impacto est\u00e1 siendo m\u00e1s transformador que destructivo.","robots":{"index":"index","follow":"follow","max-snippet":"max-snippet:-1","max-image-preview":"max-image-preview:large","max-video-preview":"max-video-preview:-1"},"canonical":"https:\/\/auren.com\/ar\/blog\/inteligencia-artificial-y-primer-empleo-las-habilidades-que-marcaran-la-diferencia\/","og_locale":"es_ES","og_type":"article","og_title":"Inteligencia artificial y primer empleo: las habilidades que marcar\u00e1n la diferencia - Auren Argentina","og_description":"La incorporaci\u00f3n de inteligencia artificial en el empleo de as organizaciones. Su impacto est\u00e1 siendo m\u00e1s transformador que destructivo.","og_url":"https:\/\/auren.com\/ar\/blog\/inteligencia-artificial-y-primer-empleo-las-habilidades-que-marcaran-la-diferencia\/","og_site_name":"Auren Argentina","article_publisher":"https:\/\/www.facebook.com\/AurenArg\/","og_image":[{"width":1000,"height":634,"url":"https:\/\/auren.com\/ar\/wp-content\/uploads\/2026\/08\/IA-en-el-trabajo-del-futurp.webp","type":"image\/webp"}],"twitter_card":"summary_large_image","twitter_site":"@AUREN_Argentina","twitter_misc":{"Tiempo de lectura":"3 minutos"},"schema":{"@context":"https:\/\/schema.org","@graph":[{"@type":"WebPage","@id":"https:\/\/auren.com\/ar\/blog\/inteligencia-artificial-y-primer-empleo-las-habilidades-que-marcaran-la-diferencia\/","url":"https:\/\/auren.com\/ar\/blog\/inteligencia-artificial-y-primer-empleo-las-habilidades-que-marcaran-la-diferencia\/","name":"Inteligencia artificial y primer empleo: las habilidades que marcar\u00e1n la diferencia - Auren Argentina","isPartOf":{"@id":"https:\/\/auren.com\/ar\/#website"},"primaryImageOfPage":{"@id":"https:\/\/auren.com\/ar\/blog\/inteligencia-artificial-y-primer-empleo-las-habilidades-que-marcaran-la-diferencia\/#primaryimage"},"image":{"@id":"https:\/\/auren.com\/ar\/blog\/inteligencia-artificial-y-primer-empleo-las-habilidades-que-marcaran-la-diferencia\/#primaryimage"},"thumbnailUrl":"https:\/\/auren.com\/ar\/wp-content\/uploads\/2026\/08\/IA-en-el-trabajo-del-futurp.webp","datePublished":"2026-09-01T08:00:00+00:00","description":"La incorporaci\u00f3n de inteligencia artificial en el empleo de as organizaciones. Su impacto est\u00e1 siendo m\u00e1s transformador que destructivo.","breadcrumb":{"@id":"https:\/\/auren.com\/ar\/blog\/inteligencia-artificial-y-primer-empleo-las-habilidades-que-marcaran-la-diferencia\/#breadcrumb"},"inLanguage":"es","potentialAction":[{"@type":"ReadAction","target":["https:\/\/auren.com\/ar\/blog\/inteligencia-artificial-y-primer-empleo-las-habilidades-que-marcaran-la-diferencia\/"]}]},{"@type":"ImageObject","inLanguage":"es","@id":"https:\/\/auren.com\/ar\/blog\/inteligencia-artificial-y-primer-empleo-las-habilidades-que-marcaran-la-diferencia\/#primaryimage","url":"https:\/\/auren.com\/ar\/wp-content\/uploads\/2026\/08\/IA-en-el-trabajo-del-futurp.webp","contentUrl":"https:\/\/auren.com\/ar\/wp-content\/uploads\/2026\/08\/IA-en-el-trabajo-del-futurp.webp","width":1000,"height":634},{"@type":"BreadcrumbList","@id":"https:\/\/auren.com\/ar\/blog\/inteligencia-artificial-y-primer-empleo-las-habilidades-que-marcaran-la-diferencia\/#breadcrumb","itemListElement":[{"@type":"ListItem","position":1,"name":"Portada","item":"https:\/\/auren.com\/ar\/"},{"@type":"ListItem","position":2,"name":"Inteligencia artificial y primer empleo: las habilidades que marcar\u00e1n la diferencia"}]},{"@type":"WebSite","@id":"https:\/\/auren.com\/ar\/#website","url":"https:\/\/auren.com\/ar\/","name":"Auren Argentina","description":"","publisher":{"@id":"https:\/\/auren.com\/ar\/#organization"},"potentialAction":[{"@type":"SearchAction","target":{"@type":"EntryPoint","urlTemplate":"https:\/\/auren.com\/ar\/?s={search_term_string}"},"query-input":{"@type":"PropertyValueSpecification","valueRequired":true,"valueName":"search_term_string"}}],"inLanguage":"es"},{"@type":"Organization","@id":"https:\/\/auren.com\/ar\/#organization","name":"Auren Argentina","url":"https:\/\/auren.com\/ar\/","logo":{"@type":"ImageObject","inLanguage":"es","@id":"https:\/\/auren.com\/ar\/#\/schema\/logo\/image\/","url":"https:\/\/auren.com\/ar\/wp-content\/uploads\/2025\/01\/cropped-cropped-favicon-Auren.png","contentUrl":"https:\/\/auren.com\/ar\/wp-content\/uploads\/2025\/01\/cropped-cropped-favicon-Auren.png","width":512,"height":512,"caption":"Auren Argentina"},"image":{"@id":"https:\/\/auren.com\/ar\/#\/schema\/logo\/image\/"},"sameAs":["https:\/\/www.facebook.com\/AurenArg\/","https:\/\/x.com\/AUREN_Argentina","https:\/\/www.linkedin.com\/company\/aurenargentina","https:\/\/www.youtube.com\/channel\/UCSCseiHMECB0uMBGF9wtjSw","https:\/\/www.instagram.com\/aurenargentina\/"]}]}},"_links":{"self":[{"href":"https:\/\/auren.com\/ar\/wp-json\/wp\/v2\/blog\/43161","targetHints":{"allow":["GET"]}}],"collection":[{"href":"https:\/\/auren.com\/ar\/wp-json\/wp\/v2\/blog"}],"about":[{"href":"https:\/\/auren.com\/ar\/wp-json\/wp\/v2\/types\/blog"}],"version-history":[{"count":0,"href":"https:\/\/auren.com\/ar\/wp-json\/wp\/v2\/blog\/43161\/revisions"}],"wp:featuredmedia":[{"embeddable":true,"href":"https:\/\/auren.com\/ar\/wp-json\/wp\/v2\/media\/43162"}],"wp:attachment":[{"href":"https:\/\/auren.com\/ar\/wp-json\/wp\/v2\/media?parent=43161"}],"wp:term":[{"taxonomy":"blog-category","embeddable":true,"href":"https:\/\/auren.com\/ar\/wp-json\/wp\/v2\/blog-category?post=43161"}],"curies":[{"name":"wp","href":"https:\/\/api.w.org\/{rel}","templated":true}]}}