{"id":4089,"date":"2019-03-08T12:08:59","date_gmt":"2019-03-08T11:08:59","guid":{"rendered":"https:\/\/auren.com\/cl\/blog\/los-datos-comerciales-son-datos-personales\/"},"modified":"2019-03-08T12:08:59","modified_gmt":"2019-03-08T11:08:59","slug":"los-datos-comerciales-son-datos-personales","status":"publish","type":"blog","link":"https:\/\/auren.com\/cl\/blog\/los-datos-comerciales-son-datos-personales\/","title":{"rendered":"Los datos comerciales \u00bfson datos personales?"},"content":{"rendered":"<p>En el \u00e1mbito empresarial <strong>es muy frecuente mantener todo tipo de comunicaciones con otras empresas o<\/strong> -de forma m\u00e1s precisa- <strong>con las personas que forman parte de ellas<\/strong>. Esta comunicaci\u00f3n <strong>puede llevarse a cabo a trav\u00e9s de<\/strong> <strong>n\u00fameros de tel\u00e9fono profesionales o correos electr\u00f3nicos corporativos<\/strong>.<\/p>\n<p><strong>Llegados a este punto, preguntarse si esos datos de contacto son datos personales<\/strong>. Si no lo son \u00bfpodemos tratarlos de cualquier manera (meterlos en ficheros, cederlos,&#8230;)? Y si lo son \u00bfnecesitamos obtener el consentimiento para tratarlos?<\/p>\n<p>Empecemos por el principio. <strong>Seg\u00fan el RGPD, un dato personal es<\/strong> <em>\u00ab<strong>toda informaci\u00f3n sobre una persona f\u00edsica identificada o identificable<\/strong>\u00ab<\/em>.<\/p>\n<p>Lo primero que vemos es que solo se refiere a personas f\u00edsicas, de manera que <strong>cualquier informaci\u00f3n sobre personas jur\u00eddicas <\/strong>(sociedades, asociaciones,&#8230;) <strong>no es un dato de car\u00e1cter personal<\/strong>. Por tanto, el tratamiento de esa informaci\u00f3n no est\u00e1 regulado por el RGPD o la normativa nacional de desarrollo.<\/p>\n<p>Pero \u00bf<strong>qu\u00e9 pasa con los datos corporativos de una persona f\u00edsica que trabaja para una persona jur\u00eddica<\/strong>? <strong>\u00bfPodemos, por ejemplo, contactar con Fulanito P\u00e9rez en tanto que Director de Marketing de la empresa X, usando para ello su correo empresarial fulanito@empresax.es?<\/strong><\/p>\n<p><strong>La respuesta es que s\u00ed<\/strong>.<\/p>\n<p>Ya hab\u00eda resoluciones de la Agencia Espa\u00f1ola de Protecci\u00f3n de Datos que apuntaban en este sentido, <strong>pero desde la aprobaci\u00f3n de la nueva LOPDGDD la cosa ha quedado mucho m\u00e1s detallada. De hecho, si acudimos a su art\u00edculo 19 vemos que ya aparece titulado como<\/strong> <em>\u00ab<strong><u>Tratamiento de datos de contacto, de empresarios individuales y de profesionales liberales<\/u>\u00ab<\/strong><\/em><strong>. <\/strong>Toda una declaraci\u00f3n de intenciones.<\/p>\n<p>Y el contenido concreto del art\u00edculo es todav\u00eda m\u00e1s clarificador. Se nos explica que, salvo prueba en contrario, <strong>se presume que <u>es leg\u00edtimo<\/u><\/strong> <em>\u00ab<strong>el tratamiento de los datos de contacto y en su caso los relativos a la funci\u00f3n o puesto desempe\u00f1ado de las personas f\u00edsicas que presten servicios en una persona jur\u00eddica<\/strong>\u00ab<\/em>.<\/p>\n<p>Por tanto, <strong>la Ley nos autoriza a tratar esos datos<\/strong>, pero para ello, <strong>la LOPDGDD nos impone dos condiciones<\/strong>:<\/p>\n<ul>\n<li>Que el tratamiento se refiera \u00fanicamente a los datos necesarios para su <strong>localizaci\u00f3n profesional<\/strong> (podremos tratar su n\u00famero de tel\u00e9fono o correo electr\u00f3nico, pero no si es aficionado al f\u00fatbol o el color de sus ojos).<\/li>\n<li>Que la finalidad del tratamiento sea \u00fanicamente <strong>mantener relaciones de cualquier \u00edndole con la persona jur\u00eddica<\/strong> en la que el afectado preste sus servicios (no podremos contactar con el interesado, por ejemplo, para venderle un coche a \u00e9l).<\/li>\n<\/ul>\n<p>De modo que el r\u00e9gimen queda claro: si se trata de una relaci\u00f3n puramente empresarial, y contactamos con la persona en esa calidad, el tratamiento se considera leg\u00edtimo. Por tanto, <strong>no necesitaremos un consentimiento expreso para tratar esos datos con esa finalidad<\/strong>.<\/p>\n<p>Tengamos en cuenta, eso s\u00ed, que <strong>el hecho de que el tratamiento sea leg\u00edtimo no nos exime de<\/strong> <strong>cumplir con otras obligaciones<\/strong> (por ejemplo, deberemos darle al interesado informaci\u00f3n sobre sus datos o responder a cualquiera de sus solicitudes de ejercicio de derechos).<\/p>\n<p>La \u00faltima pregunta que quiz\u00e1 nos surja ahora es \u00bf<strong>qu\u00e9 pasa con los datos de aut\u00f3nomos o empresarios que no est\u00e9n dentro de una persona jur\u00eddica<\/strong>? \u00bfPodemos tratar su informaci\u00f3n de contacto?<\/p>\n<p>La LOPDGDD tambi\u00e9n responde a eso de forma afirmativa. Nos dice que <strong>se aplica la misma presunci\u00f3n<\/strong> que acabamos de ver <em>\u00ab<strong>para el tratamiento de los datos relativos a los empresarios individuales y a los profesionales liberales, cuando se refieran a ellos \u00fanicamente en dicha condici\u00f3n y no se traten para entablar una relaci\u00f3n con los mismos como personas f\u00edsicas<\/strong>\u00ab<\/em>.<\/p>\n<p>Es decir, que si contactamos con estas personas en tanto que empresarias -y no en tanto que personas f\u00edsicas- el tratamiento es leg\u00edtimo.<\/p>\n<p>En general con este sistema no habr\u00e1 dudas. Pero a veces la diferenciaci\u00f3n podr\u00e1 ser compleja: \u00bfC\u00f3mo podemos tener la certeza de que estamos ofreciendo un servicio a la persona-empresaria y no a la persona-no empresaria? \u00bfY si lo que ofrecemos se mueve en una zona gris dif\u00edcil de determinar con exactitud?<\/p>\n<p><strong>Si nos vemos en esta situaci\u00f3n deberemos recordar que, en caso de duda, la carga de la prueba respecto a si un tratamiento es l\u00edcito la tiene quien hace el tratamiento<\/strong>. Por ello, si surge esa duda siempre es mejor optar por no tratar esos datos o, alternativamente, obtener un consentimiento expreso para tal fin.<\/p>\n<p><strong>Fabi\u00e1n Plaza Miranda, Auren Abogados y Asesores Fiscales<\/strong><\/p>\n<p><!-- AddThis Advanced Settings generic via filter on the_content --><!-- AddThis Share Buttons generic via filter on the_content --><\/p>\n","protected":false},"excerpt":{"rendered":"<p>En el \u00e1mbito empresarial&nbsp;es muy frecuente mantener todo tipo de comunicaciones con otras empresas o&nbsp;-de forma m\u00e1s precisa-&nbsp;con las personas que forman parte de ellas. Esta comunicaci\u00f3n&nbsp;puede llevarse a cabo a trav\u00e9s de&nbsp;n\u00fameros de tel\u00e9fono profesionales o correos electr\u00f3nicos corporativos.<\/p>\n","protected":false},"featured_media":4090,"template":"","meta":{"_acf_changed":false,"footnotes":""},"blog-category":[],"class_list":["post-4089","blog","type-blog","status-publish","has-post-thumbnail","hentry"],"acf":[],"yoast_head":"<!-- This site is optimized with the Yoast SEO plugin v27.4 - https:\/\/yoast.com\/product\/yoast-seo-wordpress\/ -->\n<title>Los datos comerciales \u00bfson datos personales? - Auren Chile<\/title>\n<meta name=\"robots\" content=\"index, follow, max-snippet:-1, max-image-preview:large, max-video-preview:-1\" \/>\n<link rel=\"canonical\" href=\"https:\/\/auren.com\/cl\/blog\/los-datos-comerciales-son-datos-personales\/\" \/>\n<meta property=\"og:locale\" content=\"es_ES\" \/>\n<meta property=\"og:type\" content=\"article\" \/>\n<meta property=\"og:title\" content=\"Los datos comerciales \u00bfson datos personales? - Auren Chile\" \/>\n<meta property=\"og:description\" content=\"En el \u00e1mbito empresarial&nbsp;es muy frecuente mantener todo tipo de comunicaciones con otras empresas o&nbsp;-de forma m\u00e1s precisa-&nbsp;con las personas que forman parte de ellas. Esta comunicaci\u00f3n&nbsp;puede llevarse a cabo a trav\u00e9s de&nbsp;n\u00fameros de tel\u00e9fono profesionales o correos electr\u00f3nicos corporativos.\" \/>\n<meta property=\"og:url\" content=\"https:\/\/auren.com\/cl\/blog\/los-datos-comerciales-son-datos-personales\/\" \/>\n<meta property=\"og:site_name\" content=\"Auren Chile\" \/>\n<meta property=\"article:publisher\" content=\"https:\/\/www.facebook.com\/Auren-Chile-102082852427361\/\" \/>\n<meta property=\"og:image\" content=\"https:\/\/auren.com\/cl\/wp-content\/uploads\/2019\/03\/1903-los-datos-comerciales-son-datos-personales.jpg\" \/>\n\t<meta property=\"og:image:width\" content=\"1920\" \/>\n\t<meta property=\"og:image:height\" content=\"655\" \/>\n\t<meta property=\"og:image:type\" content=\"image\/jpeg\" \/>\n<meta name=\"twitter:card\" content=\"summary_large_image\" \/>\n<meta name=\"twitter:site\" content=\"@aurenchile\" \/>\n<meta name=\"twitter:label1\" content=\"Tiempo de lectura\" \/>\n\t<meta name=\"twitter:data1\" content=\"4 minutos\" \/>\n<script type=\"application\/ld+json\" class=\"yoast-schema-graph\">{\"@context\":\"https:\\\/\\\/schema.org\",\"@graph\":[{\"@type\":\"WebPage\",\"@id\":\"https:\\\/\\\/auren.com\\\/cl\\\/blog\\\/los-datos-comerciales-son-datos-personales\\\/\",\"url\":\"https:\\\/\\\/auren.com\\\/cl\\\/blog\\\/los-datos-comerciales-son-datos-personales\\\/\",\"name\":\"Los datos comerciales \u00bfson datos personales? - Auren Chile\",\"isPartOf\":{\"@id\":\"https:\\\/\\\/auren.com\\\/cl\\\/#website\"},\"primaryImageOfPage\":{\"@id\":\"https:\\\/\\\/auren.com\\\/cl\\\/blog\\\/los-datos-comerciales-son-datos-personales\\\/#primaryimage\"},\"image\":{\"@id\":\"https:\\\/\\\/auren.com\\\/cl\\\/blog\\\/los-datos-comerciales-son-datos-personales\\\/#primaryimage\"},\"thumbnailUrl\":\"https:\\\/\\\/auren.com\\\/cl\\\/wp-content\\\/uploads\\\/2019\\\/03\\\/1903-los-datos-comerciales-son-datos-personales.jpg\",\"datePublished\":\"2019-03-08T11:08:59+00:00\",\"breadcrumb\":{\"@id\":\"https:\\\/\\\/auren.com\\\/cl\\\/blog\\\/los-datos-comerciales-son-datos-personales\\\/#breadcrumb\"},\"inLanguage\":\"es\",\"potentialAction\":[{\"@type\":\"ReadAction\",\"target\":[\"https:\\\/\\\/auren.com\\\/cl\\\/blog\\\/los-datos-comerciales-son-datos-personales\\\/\"]}]},{\"@type\":\"ImageObject\",\"inLanguage\":\"es\",\"@id\":\"https:\\\/\\\/auren.com\\\/cl\\\/blog\\\/los-datos-comerciales-son-datos-personales\\\/#primaryimage\",\"url\":\"https:\\\/\\\/auren.com\\\/cl\\\/wp-content\\\/uploads\\\/2019\\\/03\\\/1903-los-datos-comerciales-son-datos-personales.jpg\",\"contentUrl\":\"https:\\\/\\\/auren.com\\\/cl\\\/wp-content\\\/uploads\\\/2019\\\/03\\\/1903-los-datos-comerciales-son-datos-personales.jpg\",\"width\":1920,\"height\":655},{\"@type\":\"BreadcrumbList\",\"@id\":\"https:\\\/\\\/auren.com\\\/cl\\\/blog\\\/los-datos-comerciales-son-datos-personales\\\/#breadcrumb\",\"itemListElement\":[{\"@type\":\"ListItem\",\"position\":1,\"name\":\"Portada\",\"item\":\"https:\\\/\\\/auren.com\\\/cl\\\/\"},{\"@type\":\"ListItem\",\"position\":2,\"name\":\"Los datos comerciales \u00bfson datos personales?\"}]},{\"@type\":\"WebSite\",\"@id\":\"https:\\\/\\\/auren.com\\\/cl\\\/#website\",\"url\":\"https:\\\/\\\/auren.com\\\/cl\\\/\",\"name\":\"Auren Chile\",\"description\":\"\",\"publisher\":{\"@id\":\"https:\\\/\\\/auren.com\\\/cl\\\/#organization\"},\"potentialAction\":[{\"@type\":\"SearchAction\",\"target\":{\"@type\":\"EntryPoint\",\"urlTemplate\":\"https:\\\/\\\/auren.com\\\/cl\\\/?s={search_term_string}\"},\"query-input\":{\"@type\":\"PropertyValueSpecification\",\"valueRequired\":true,\"valueName\":\"search_term_string\"}}],\"inLanguage\":\"es\"},{\"@type\":\"Organization\",\"@id\":\"https:\\\/\\\/auren.com\\\/cl\\\/#organization\",\"name\":\"Auren Chile\",\"url\":\"https:\\\/\\\/auren.com\\\/cl\\\/\",\"logo\":{\"@type\":\"ImageObject\",\"inLanguage\":\"es\",\"@id\":\"https:\\\/\\\/auren.com\\\/cl\\\/#\\\/schema\\\/logo\\\/image\\\/\",\"url\":\"https:\\\/\\\/auren.com\\\/cl\\\/wp-content\\\/uploads\\\/2025\\\/01\\\/cropped-cropped-favicon-Auren.png\",\"contentUrl\":\"https:\\\/\\\/auren.com\\\/cl\\\/wp-content\\\/uploads\\\/2025\\\/01\\\/cropped-cropped-favicon-Auren.png\",\"width\":512,\"height\":512,\"caption\":\"Auren Chile\"},\"image\":{\"@id\":\"https:\\\/\\\/auren.com\\\/cl\\\/#\\\/schema\\\/logo\\\/image\\\/\"},\"sameAs\":[\"https:\\\/\\\/www.facebook.com\\\/Auren-Chile-102082852427361\\\/\",\"https:\\\/\\\/x.com\\\/aurenchile\",\"https:\\\/\\\/cl.linkedin.com\\\/company\\\/aurengroupchile\",\"https:\\\/\\\/www.youtube.com\\\/channel\\\/UC1INxEQ1wu0Jy5-btcBdzdA\",\"https:\\\/\\\/www.instagram.com\\\/auren.chile\\\/\"]}]}<\/script>\n<!-- \/ Yoast SEO plugin. -->","yoast_head_json":{"title":"Los datos comerciales \u00bfson datos personales? - Auren Chile","robots":{"index":"index","follow":"follow","max-snippet":"max-snippet:-1","max-image-preview":"max-image-preview:large","max-video-preview":"max-video-preview:-1"},"canonical":"https:\/\/auren.com\/cl\/blog\/los-datos-comerciales-son-datos-personales\/","og_locale":"es_ES","og_type":"article","og_title":"Los datos comerciales \u00bfson datos personales? - Auren Chile","og_description":"En el \u00e1mbito empresarial&nbsp;es muy frecuente mantener todo tipo de comunicaciones con otras empresas o&nbsp;-de forma m\u00e1s precisa-&nbsp;con las personas que forman parte de ellas. Esta comunicaci\u00f3n&nbsp;puede llevarse a cabo a trav\u00e9s de&nbsp;n\u00fameros de tel\u00e9fono profesionales o correos electr\u00f3nicos corporativos.","og_url":"https:\/\/auren.com\/cl\/blog\/los-datos-comerciales-son-datos-personales\/","og_site_name":"Auren Chile","article_publisher":"https:\/\/www.facebook.com\/Auren-Chile-102082852427361\/","og_image":[{"width":1920,"height":655,"url":"https:\/\/auren.com\/cl\/wp-content\/uploads\/2019\/03\/1903-los-datos-comerciales-son-datos-personales.jpg","type":"image\/jpeg"}],"twitter_card":"summary_large_image","twitter_site":"@aurenchile","twitter_misc":{"Tiempo de lectura":"4 minutos"},"schema":{"@context":"https:\/\/schema.org","@graph":[{"@type":"WebPage","@id":"https:\/\/auren.com\/cl\/blog\/los-datos-comerciales-son-datos-personales\/","url":"https:\/\/auren.com\/cl\/blog\/los-datos-comerciales-son-datos-personales\/","name":"Los datos comerciales \u00bfson datos personales? - Auren Chile","isPartOf":{"@id":"https:\/\/auren.com\/cl\/#website"},"primaryImageOfPage":{"@id":"https:\/\/auren.com\/cl\/blog\/los-datos-comerciales-son-datos-personales\/#primaryimage"},"image":{"@id":"https:\/\/auren.com\/cl\/blog\/los-datos-comerciales-son-datos-personales\/#primaryimage"},"thumbnailUrl":"https:\/\/auren.com\/cl\/wp-content\/uploads\/2019\/03\/1903-los-datos-comerciales-son-datos-personales.jpg","datePublished":"2019-03-08T11:08:59+00:00","breadcrumb":{"@id":"https:\/\/auren.com\/cl\/blog\/los-datos-comerciales-son-datos-personales\/#breadcrumb"},"inLanguage":"es","potentialAction":[{"@type":"ReadAction","target":["https:\/\/auren.com\/cl\/blog\/los-datos-comerciales-son-datos-personales\/"]}]},{"@type":"ImageObject","inLanguage":"es","@id":"https:\/\/auren.com\/cl\/blog\/los-datos-comerciales-son-datos-personales\/#primaryimage","url":"https:\/\/auren.com\/cl\/wp-content\/uploads\/2019\/03\/1903-los-datos-comerciales-son-datos-personales.jpg","contentUrl":"https:\/\/auren.com\/cl\/wp-content\/uploads\/2019\/03\/1903-los-datos-comerciales-son-datos-personales.jpg","width":1920,"height":655},{"@type":"BreadcrumbList","@id":"https:\/\/auren.com\/cl\/blog\/los-datos-comerciales-son-datos-personales\/#breadcrumb","itemListElement":[{"@type":"ListItem","position":1,"name":"Portada","item":"https:\/\/auren.com\/cl\/"},{"@type":"ListItem","position":2,"name":"Los datos comerciales \u00bfson datos personales?"}]},{"@type":"WebSite","@id":"https:\/\/auren.com\/cl\/#website","url":"https:\/\/auren.com\/cl\/","name":"Auren Chile","description":"","publisher":{"@id":"https:\/\/auren.com\/cl\/#organization"},"potentialAction":[{"@type":"SearchAction","target":{"@type":"EntryPoint","urlTemplate":"https:\/\/auren.com\/cl\/?s={search_term_string}"},"query-input":{"@type":"PropertyValueSpecification","valueRequired":true,"valueName":"search_term_string"}}],"inLanguage":"es"},{"@type":"Organization","@id":"https:\/\/auren.com\/cl\/#organization","name":"Auren Chile","url":"https:\/\/auren.com\/cl\/","logo":{"@type":"ImageObject","inLanguage":"es","@id":"https:\/\/auren.com\/cl\/#\/schema\/logo\/image\/","url":"https:\/\/auren.com\/cl\/wp-content\/uploads\/2025\/01\/cropped-cropped-favicon-Auren.png","contentUrl":"https:\/\/auren.com\/cl\/wp-content\/uploads\/2025\/01\/cropped-cropped-favicon-Auren.png","width":512,"height":512,"caption":"Auren Chile"},"image":{"@id":"https:\/\/auren.com\/cl\/#\/schema\/logo\/image\/"},"sameAs":["https:\/\/www.facebook.com\/Auren-Chile-102082852427361\/","https:\/\/x.com\/aurenchile","https:\/\/cl.linkedin.com\/company\/aurengroupchile","https:\/\/www.youtube.com\/channel\/UC1INxEQ1wu0Jy5-btcBdzdA","https:\/\/www.instagram.com\/auren.chile\/"]}]}},"_links":{"self":[{"href":"https:\/\/auren.com\/cl\/wp-json\/wp\/v2\/blog\/4089","targetHints":{"allow":["GET"]}}],"collection":[{"href":"https:\/\/auren.com\/cl\/wp-json\/wp\/v2\/blog"}],"about":[{"href":"https:\/\/auren.com\/cl\/wp-json\/wp\/v2\/types\/blog"}],"version-history":[{"count":0,"href":"https:\/\/auren.com\/cl\/wp-json\/wp\/v2\/blog\/4089\/revisions"}],"wp:featuredmedia":[{"embeddable":true,"href":"https:\/\/auren.com\/cl\/wp-json\/wp\/v2\/media\/4090"}],"wp:attachment":[{"href":"https:\/\/auren.com\/cl\/wp-json\/wp\/v2\/media?parent=4089"}],"wp:term":[{"taxonomy":"blog-category","embeddable":true,"href":"https:\/\/auren.com\/cl\/wp-json\/wp\/v2\/blog-category?post=4089"}],"curies":[{"name":"wp","href":"https:\/\/api.w.org\/{rel}","templated":true}]}}