{"id":4270,"date":"2018-05-16T11:31:04","date_gmt":"2018-05-16T09:31:04","guid":{"rendered":"https:\/\/auren.com\/cl\/blog\/que-es-un-delegado-de-proteccion-de-datos\/"},"modified":"2018-05-16T11:31:04","modified_gmt":"2018-05-16T09:31:04","slug":"que-es-un-delegado-de-proteccion-de-datos","status":"publish","type":"blog","link":"https:\/\/auren.com\/cl\/blog\/que-es-un-delegado-de-proteccion-de-datos\/","title":{"rendered":"\u00bfQu\u00e9 es un Delegado de Protecci\u00f3n de Datos?"},"content":{"rendered":"<p class=\"text-justify\">El \u0093Delegado de Protecci\u00f3n de Datos\u0094 o, en ingl\u00e9s, \u0093Data Protection Officer\u0094 (DPO), es una nueva figura, especialista en derecho de protecci\u00f3n de datos, que se crea al lado de las figuras del responsable y del encargado del tratamiento de los datos.<\/p>\n<p class=\"text-justify\">El Delegado de Protecci\u00f3n de Datos tiene las siguientes funciones: <\/p>\n<ul class=\"text-justify\">\n<li class=\"text-justify\">Informar y asesorar a los responsables y encargados del tratamiento de datos personales (y a sus empleados) de las obligaciones que tienen, derivadas tanto de la legislaci\u00f3n europea como de la espa\u00f1ola. <\/li>\n<li class=\"text-justify\">Ofrecer el asesoramiento que se le solicite para hacer la evaluaci\u00f3n de impacto de un tratamiento de datos personales, cuando entra\u00f1e un alto riesgo para los derechos y libertades de las personas f\u00edsicas, y supervisar luego su aplicaci\u00f3n. <\/li>\n<li class=\"text-justify\">Supervisar el cumplimiento de dicha legislaci\u00f3n y de la pol\u00edtica de protecci\u00f3n de datos de una Administraci\u00f3n P\u00fablica, empresa o entidad privada: asignaci\u00f3n de responsabilidades, concienciaci\u00f3n y formaci\u00f3n del personal, auditor\u00edas, etc. <\/li>\n<li class=\"text-justify\">Cooperar con las \u0093autoridades de control\u0094 (Agencias de Protecci\u00f3n de Datos) <\/li>\n<li class=\"text-justify\">Actuar como \u0093punto de contacto\u0094 de las autoridades de control para cualquier consulta sobre el tratamiento de datos personales; especialmente, la consulta previa obligatoria en los casos en los que el tratamiento entra\u00f1e un alto riesgo. <\/li>\n<\/ul>\n<p class=\"text-justify\"><strong>\u00bfRepresenta a los ciudadanos?<\/strong> <\/p>\n<p class=\"text-justify\">Los titulares, afectados o interesados pueden dirigirse al Delegado de Protecci\u00f3n de Datos para todas las cuestiones relativas al tratamiento de sus datos personales y al ejercicio de sus derechos, incluidas posibles reclamaciones e indemnizaciones. <\/p>\n<p class=\"text-justify\"><strong>\u00bfQui\u00e9n est\u00e1 obligado a tener un DPO?<\/strong><\/p>\n<p class=\"text-justify\">Est\u00e1n obligados a nombrar un Delegado de Protecci\u00f3n de Datos: <\/p>\n<ul class=\"text-justify\">\n<li class=\"text-justify\">Las Administraciones P\u00fablicas (autoridades y organismos, excepto Tribunales) <\/li>\n<li class=\"text-justify\">Empresas y otras entidades cuya actividad principal consista en el tratamiento masivo de datos personales que, por su naturaleza, alcance o fines, requieran una observaci\u00f3n habitual, sistem\u00e1tica y a gran escala de sus titulares. <\/li>\n<li class=\"text-justify\">Empresas y otras entidades cuya actividad principal consista en el tratamiento a gran escala de categor\u00edas de datos personales especialmente protegidas (art\u00edculo 9) y de datos relativos a condenas e infracciones penales (art\u00edculo 10). <\/li>\n<\/ul>\n<p class=\"text-justify\">En cambio, <strong>no est\u00e1n obligados<\/strong> a tener delegado de Protecci\u00f3n de Datos, pero es conveniente:<\/p>\n<ul class=\"text-justify\">\n<li class=\"text-justify\">Empresas (normalmente, PYMEs) y otras entidades cuya actividad principal NO consista en el tratamiento masivo de datos personales que est\u00e9n especialmente protegidos o que requieran una observaci\u00f3n a gran escala de sus titulares. <\/li>\n<\/ul>\n<p class=\"text-justify\"><strong>\u00bfEl DPO tiene que formar parte de la plantilla?<\/strong> El Delegado de Protecci\u00f3n de Datos puede formar parte de la plantilla de una Administraci\u00f3n P\u00fablica, una Empresa o una Entidad privada, o ser un profesional ajeno que desempe\u00f1e sus funciones a trav\u00e9s de un contrato de servicios. En todo caso, debe garantizarse su independencia: no puede recibir instrucciones, ni puede ser destituido ni sancionado por lo que respecta al desempe\u00f1o de sus funciones<\/p>\n<p><!-- AddThis Advanced Settings generic via filter on the_content --><!-- AddThis Share Buttons generic via filter on the_content --><\/p>\n","protected":false},"excerpt":{"rendered":"<p>El \u0093Delegado de Protecci\u00f3n de Datos\u0094 o, en ingl\u00e9s, \u0093Data Protection Officer\u0094 (DPO), es una nueva figura, especialista en derecho de protecci\u00f3n de datos, que se crea al lado de las figuras del responsable y del encargado del tratamiento de los datos.<br \/>\nEl Delegado de Protecci\u00f3n de Datos tiene las siguientes funciones: <\/p>\n","protected":false},"featured_media":0,"template":"","meta":{"_acf_changed":false,"footnotes":""},"blog-category":[],"class_list":["post-4270","blog","type-blog","status-publish","hentry"],"acf":[],"yoast_head":"<!-- This site is optimized with the Yoast SEO plugin v27.4 - https:\/\/yoast.com\/product\/yoast-seo-wordpress\/ -->\n<title>\u00bfQu\u00e9 es un Delegado de Protecci\u00f3n de Datos? - Auren Chile<\/title>\n<meta name=\"robots\" content=\"index, follow, max-snippet:-1, max-image-preview:large, max-video-preview:-1\" \/>\n<link rel=\"canonical\" href=\"https:\/\/auren.com\/cl\/blog\/que-es-un-delegado-de-proteccion-de-datos\/\" \/>\n<meta property=\"og:locale\" content=\"es_ES\" \/>\n<meta property=\"og:type\" content=\"article\" \/>\n<meta property=\"og:title\" content=\"\u00bfQu\u00e9 es un Delegado de Protecci\u00f3n de Datos? - Auren Chile\" \/>\n<meta property=\"og:description\" content=\"El \u0093Delegado de Protecci\u00f3n de Datos\u0094 o, en ingl\u00e9s, \u0093Data Protection Officer\u0094 (DPO), es una nueva figura, especialista en derecho de protecci\u00f3n de datos, que se crea al lado de las figuras del responsable y del encargado del tratamiento de los datos. El Delegado de Protecci\u00f3n de Datos tiene las siguientes funciones:\" \/>\n<meta property=\"og:url\" content=\"https:\/\/auren.com\/cl\/blog\/que-es-un-delegado-de-proteccion-de-datos\/\" \/>\n<meta property=\"og:site_name\" content=\"Auren Chile\" \/>\n<meta property=\"article:publisher\" content=\"https:\/\/www.facebook.com\/Auren-Chile-102082852427361\/\" \/>\n<meta name=\"twitter:card\" content=\"summary_large_image\" \/>\n<meta name=\"twitter:site\" content=\"@aurenchile\" \/>\n<meta name=\"twitter:label1\" content=\"Tiempo de lectura\" \/>\n\t<meta name=\"twitter:data1\" content=\"2 minutos\" \/>\n<script type=\"application\/ld+json\" class=\"yoast-schema-graph\">{\"@context\":\"https:\\\/\\\/schema.org\",\"@graph\":[{\"@type\":\"WebPage\",\"@id\":\"https:\\\/\\\/auren.com\\\/cl\\\/blog\\\/que-es-un-delegado-de-proteccion-de-datos\\\/\",\"url\":\"https:\\\/\\\/auren.com\\\/cl\\\/blog\\\/que-es-un-delegado-de-proteccion-de-datos\\\/\",\"name\":\"\u00bfQu\u00e9 es un Delegado de Protecci\u00f3n de Datos? - Auren Chile\",\"isPartOf\":{\"@id\":\"https:\\\/\\\/auren.com\\\/cl\\\/#website\"},\"datePublished\":\"2018-05-16T09:31:04+00:00\",\"breadcrumb\":{\"@id\":\"https:\\\/\\\/auren.com\\\/cl\\\/blog\\\/que-es-un-delegado-de-proteccion-de-datos\\\/#breadcrumb\"},\"inLanguage\":\"es\",\"potentialAction\":[{\"@type\":\"ReadAction\",\"target\":[\"https:\\\/\\\/auren.com\\\/cl\\\/blog\\\/que-es-un-delegado-de-proteccion-de-datos\\\/\"]}]},{\"@type\":\"BreadcrumbList\",\"@id\":\"https:\\\/\\\/auren.com\\\/cl\\\/blog\\\/que-es-un-delegado-de-proteccion-de-datos\\\/#breadcrumb\",\"itemListElement\":[{\"@type\":\"ListItem\",\"position\":1,\"name\":\"Portada\",\"item\":\"https:\\\/\\\/auren.com\\\/cl\\\/\"},{\"@type\":\"ListItem\",\"position\":2,\"name\":\"\u00bfQu\u00e9 es un Delegado de Protecci\u00f3n de Datos?\"}]},{\"@type\":\"WebSite\",\"@id\":\"https:\\\/\\\/auren.com\\\/cl\\\/#website\",\"url\":\"https:\\\/\\\/auren.com\\\/cl\\\/\",\"name\":\"Auren Chile\",\"description\":\"\",\"publisher\":{\"@id\":\"https:\\\/\\\/auren.com\\\/cl\\\/#organization\"},\"potentialAction\":[{\"@type\":\"SearchAction\",\"target\":{\"@type\":\"EntryPoint\",\"urlTemplate\":\"https:\\\/\\\/auren.com\\\/cl\\\/?s={search_term_string}\"},\"query-input\":{\"@type\":\"PropertyValueSpecification\",\"valueRequired\":true,\"valueName\":\"search_term_string\"}}],\"inLanguage\":\"es\"},{\"@type\":\"Organization\",\"@id\":\"https:\\\/\\\/auren.com\\\/cl\\\/#organization\",\"name\":\"Auren Chile\",\"url\":\"https:\\\/\\\/auren.com\\\/cl\\\/\",\"logo\":{\"@type\":\"ImageObject\",\"inLanguage\":\"es\",\"@id\":\"https:\\\/\\\/auren.com\\\/cl\\\/#\\\/schema\\\/logo\\\/image\\\/\",\"url\":\"https:\\\/\\\/auren.com\\\/cl\\\/wp-content\\\/uploads\\\/2025\\\/01\\\/cropped-cropped-favicon-Auren.png\",\"contentUrl\":\"https:\\\/\\\/auren.com\\\/cl\\\/wp-content\\\/uploads\\\/2025\\\/01\\\/cropped-cropped-favicon-Auren.png\",\"width\":512,\"height\":512,\"caption\":\"Auren Chile\"},\"image\":{\"@id\":\"https:\\\/\\\/auren.com\\\/cl\\\/#\\\/schema\\\/logo\\\/image\\\/\"},\"sameAs\":[\"https:\\\/\\\/www.facebook.com\\\/Auren-Chile-102082852427361\\\/\",\"https:\\\/\\\/x.com\\\/aurenchile\",\"https:\\\/\\\/cl.linkedin.com\\\/company\\\/aurengroupchile\",\"https:\\\/\\\/www.youtube.com\\\/channel\\\/UC1INxEQ1wu0Jy5-btcBdzdA\",\"https:\\\/\\\/www.instagram.com\\\/auren.chile\\\/\"]}]}<\/script>\n<!-- \/ Yoast SEO plugin. -->","yoast_head_json":{"title":"\u00bfQu\u00e9 es un Delegado de Protecci\u00f3n de Datos? - Auren Chile","robots":{"index":"index","follow":"follow","max-snippet":"max-snippet:-1","max-image-preview":"max-image-preview:large","max-video-preview":"max-video-preview:-1"},"canonical":"https:\/\/auren.com\/cl\/blog\/que-es-un-delegado-de-proteccion-de-datos\/","og_locale":"es_ES","og_type":"article","og_title":"\u00bfQu\u00e9 es un Delegado de Protecci\u00f3n de Datos? - Auren Chile","og_description":"El \u0093Delegado de Protecci\u00f3n de Datos\u0094 o, en ingl\u00e9s, \u0093Data Protection Officer\u0094 (DPO), es una nueva figura, especialista en derecho de protecci\u00f3n de datos, que se crea al lado de las figuras del responsable y del encargado del tratamiento de los datos. El Delegado de Protecci\u00f3n de Datos tiene las siguientes funciones:","og_url":"https:\/\/auren.com\/cl\/blog\/que-es-un-delegado-de-proteccion-de-datos\/","og_site_name":"Auren Chile","article_publisher":"https:\/\/www.facebook.com\/Auren-Chile-102082852427361\/","twitter_card":"summary_large_image","twitter_site":"@aurenchile","twitter_misc":{"Tiempo de lectura":"2 minutos"},"schema":{"@context":"https:\/\/schema.org","@graph":[{"@type":"WebPage","@id":"https:\/\/auren.com\/cl\/blog\/que-es-un-delegado-de-proteccion-de-datos\/","url":"https:\/\/auren.com\/cl\/blog\/que-es-un-delegado-de-proteccion-de-datos\/","name":"\u00bfQu\u00e9 es un Delegado de Protecci\u00f3n de Datos? - Auren Chile","isPartOf":{"@id":"https:\/\/auren.com\/cl\/#website"},"datePublished":"2018-05-16T09:31:04+00:00","breadcrumb":{"@id":"https:\/\/auren.com\/cl\/blog\/que-es-un-delegado-de-proteccion-de-datos\/#breadcrumb"},"inLanguage":"es","potentialAction":[{"@type":"ReadAction","target":["https:\/\/auren.com\/cl\/blog\/que-es-un-delegado-de-proteccion-de-datos\/"]}]},{"@type":"BreadcrumbList","@id":"https:\/\/auren.com\/cl\/blog\/que-es-un-delegado-de-proteccion-de-datos\/#breadcrumb","itemListElement":[{"@type":"ListItem","position":1,"name":"Portada","item":"https:\/\/auren.com\/cl\/"},{"@type":"ListItem","position":2,"name":"\u00bfQu\u00e9 es un Delegado de Protecci\u00f3n de Datos?"}]},{"@type":"WebSite","@id":"https:\/\/auren.com\/cl\/#website","url":"https:\/\/auren.com\/cl\/","name":"Auren Chile","description":"","publisher":{"@id":"https:\/\/auren.com\/cl\/#organization"},"potentialAction":[{"@type":"SearchAction","target":{"@type":"EntryPoint","urlTemplate":"https:\/\/auren.com\/cl\/?s={search_term_string}"},"query-input":{"@type":"PropertyValueSpecification","valueRequired":true,"valueName":"search_term_string"}}],"inLanguage":"es"},{"@type":"Organization","@id":"https:\/\/auren.com\/cl\/#organization","name":"Auren Chile","url":"https:\/\/auren.com\/cl\/","logo":{"@type":"ImageObject","inLanguage":"es","@id":"https:\/\/auren.com\/cl\/#\/schema\/logo\/image\/","url":"https:\/\/auren.com\/cl\/wp-content\/uploads\/2025\/01\/cropped-cropped-favicon-Auren.png","contentUrl":"https:\/\/auren.com\/cl\/wp-content\/uploads\/2025\/01\/cropped-cropped-favicon-Auren.png","width":512,"height":512,"caption":"Auren Chile"},"image":{"@id":"https:\/\/auren.com\/cl\/#\/schema\/logo\/image\/"},"sameAs":["https:\/\/www.facebook.com\/Auren-Chile-102082852427361\/","https:\/\/x.com\/aurenchile","https:\/\/cl.linkedin.com\/company\/aurengroupchile","https:\/\/www.youtube.com\/channel\/UC1INxEQ1wu0Jy5-btcBdzdA","https:\/\/www.instagram.com\/auren.chile\/"]}]}},"_links":{"self":[{"href":"https:\/\/auren.com\/cl\/wp-json\/wp\/v2\/blog\/4270","targetHints":{"allow":["GET"]}}],"collection":[{"href":"https:\/\/auren.com\/cl\/wp-json\/wp\/v2\/blog"}],"about":[{"href":"https:\/\/auren.com\/cl\/wp-json\/wp\/v2\/types\/blog"}],"version-history":[{"count":0,"href":"https:\/\/auren.com\/cl\/wp-json\/wp\/v2\/blog\/4270\/revisions"}],"wp:attachment":[{"href":"https:\/\/auren.com\/cl\/wp-json\/wp\/v2\/media?parent=4270"}],"wp:term":[{"taxonomy":"blog-category","embeddable":true,"href":"https:\/\/auren.com\/cl\/wp-json\/wp\/v2\/blog-category?post=4270"}],"curies":[{"name":"wp","href":"https:\/\/api.w.org\/{rel}","templated":true}]}}