{"id":4307,"date":"2018-03-27T08:01:32","date_gmt":"2018-03-27T06:01:32","guid":{"rendered":"https:\/\/auren.com\/cl\/blog\/avances-en-la-nueva-obligacion-informativa-que-afecta-a-la-cesion-de-uso-de-viviendas-con-fines-turisticos\/"},"modified":"2018-03-27T08:01:32","modified_gmt":"2018-03-27T06:01:32","slug":"avances-en-la-nueva-obligacion-informativa-que-afecta-a-la-cesion-de-uso-de-viviendas-con-fines-turisticos","status":"publish","type":"blog","link":"https:\/\/auren.com\/cl\/blog\/avances-en-la-nueva-obligacion-informativa-que-afecta-a-la-cesion-de-uso-de-viviendas-con-fines-turisticos\/","title":{"rendered":"Avances en la nueva obligaci\u00f3n informativa que afecta a la cesi\u00f3n de uso de viviendas con fines tur\u00edsticos."},"content":{"rendered":"<p class=\"text-justify\">Seg\u00fan se dispuso en el art\u00edculo 54.ter del Reglamento de Aplicaci\u00f3n de los Tributos, las exigencias respecto del contenido y procedimiento para la presentaci\u00f3n y cumplimiento de la nueva obligaci\u00f3n de suministro de informaci\u00f3n deb\u00eda desarrollarse a trav\u00e9s de una Orden Ministerial.<\/p>\n<p class=\"text-justify\">El pasado 5 de marzo de 2018 se ha dado publicidad al proyecto de Orden Ministerial en el que se concretan \u00e9stas exigencias respecto de la forma, el lugar y el plazo de presentaci\u00f3n del nuevo modelo oficial 179 a trav\u00e9s del que se declarar\u00e1 la informaci\u00f3n referida a la cesi\u00f3n de uso de viviendas con fines tur\u00edsticos.<\/p>\n<p class=\"text-justify\"><strong><em>\u00bfQui\u00e9nes estar\u00e1n obligados a presentar la nueva declaraci\u00f3n modelo 179?<\/em><\/strong><\/p>\n<p class=\"text-justify\">La obligaci\u00f3n afectar\u00e1 a las personas y entidades que intermedien entre cedentes y cesionarios del uso de viviendas con fines tur\u00edsticos, ya sea a t\u00edtulo oneroso o gratuito.<\/p>\n<p class=\"text-justify\">En particular estar\u00e1n obligados las personas o entidades que constituidas como plataformas colaborativas intermedien en la cesi\u00f3n de uso y tengan la consideraci\u00f3n de prestaci\u00f3n de servicios de la sociedad de la informaci\u00f3n.<\/p>\n<p class=\"text-justify\"><strong><em>\u00bfQu\u00e9 informaci\u00f3n se debe suministrar en la declaraci\u00f3n modelo 179?<\/em><\/strong><\/p>\n<p class=\"text-justify\">En este modelo de declaraci\u00f3n informativa deber\u00e1n hacerse constar los siguientes datos:<\/p>\n<ul class=\"text-justify\">\n<li class=\"text-justify\">Identificaci\u00f3n del titular o titulares de la vivienda, del titular del derecho en virtud del cual se cede la vivienda (si es distinta del titular de la vivienda) y de las personas o entidades cesionarias. <\/li>\n<li class=\"text-justify\">Identificaci\u00f3n del inmueble con la direcci\u00f3n completa y especificaci\u00f3n de la referencia catastral, en el caso de que la tuvieran asignada. <\/li>\n<li class=\"text-justify\">N\u00famero de d\u00edas de disfrute de la vivienda con fines tur\u00edsticos, as\u00ed como la fecha de inicio de la cesi\u00f3n de la misma. <\/li>\n<li class=\"text-justify\">Importe percibido, en su caso, por el titular cedente del uso de la vivienda.<\/li>\n<\/ul>\n<p class=\"text-justify\">Adem\u00e1s se dispone que opcionalmente se podr\u00e1 indicar la siguiente informaci\u00f3n:<\/p>\n<ul>\n<li>N\u00famero de contrato en virtud del cual el en virtud del cual el declarante intermedia en la cesi\u00f3n de uso de la vivienda.<\/li>\n<li>Fecha de intermediaci\u00f3n en la operaci\u00f3n.<\/li>\n<li>Identificaci\u00f3n del medio de pago utilizado (transferencia, tarjeta de cr\u00e9dito o d\u00e9bito u otro medio de pago).<\/li>\n<\/ul>\n<p><strong><em>\u00bfCu\u00e1l es el plazo para la presentaci\u00f3n de la declaraci\u00f3n modelo 179?<\/em><\/strong><\/p>\n<p class=\"text-justify\">La declaraci\u00f3n tendr\u00e1 una periodicidad trimestral y deber\u00e1 presentarse durante el mes natural siguiente a la finalizaci\u00f3n de cada trimestre natural. No obstante, para las declaraciones correspondientes al primer y segundo trimestre del ejercicio 2018 podr\u00e1n presentarse desde el 1 de julio hasta el 31 de diciembre de 2018.<\/p>\n<p class=\"text-justify\"><strong><em>\u00bfCu\u00e1l es el procedimiento para la presentaci\u00f3n de la declaraci\u00f3n modelo 179?<\/em><\/strong><\/p>\n<p class=\"text-justify\">La presentaci\u00f3n de la declaraci\u00f3n se efectuar\u00e1 mediante el env\u00edo telem\u00e1tico de mensajes inform\u00e1ticos a trav\u00e9s de la Sede Electr\u00f3nica de la Agencia Tributaria, seg\u00fan lo dispuesto en la vigente Orden HAP\/2194\/2013, y el mensaje inform\u00e1tico de respuesta por parte de la Agencia Tributaria contendr\u00e1 las relaciones de registros aceptados, aceptados con errores y rechazados junto con la expresi\u00f3n del motivo por el que no hayan sido aceptadas.<\/p>\n<p class=\"text-justify\">En definitiva estamos ante el establecimiento de nuevas formas de control de posibles manifestaciones de actividad en el \u00e1mbito del alquiler tur\u00edstico de viviendas, y en particular de aquella actividad que se realice empleando las plataformas digitales que intervienen en la denominada econom\u00eda colaborativa.<\/p>\n<p class=\"text-justify\"><strong>Soledad Ortol\u00e1 Domenech y Ricard P\u00e9rez Mi\u00f1ana, Auren Abogados y Asesores Fiscales SP, S.L.P.<\/strong><\/p>\n<p class=\"text-justify\">&nbsp; <\/p>\n<p class=\"text-justify\">&nbsp; <\/p>\n<p class=\"text-justify\">&nbsp; <\/p>\n<p><!-- AddThis Advanced Settings generic via filter on the_content --><!-- AddThis Share Buttons generic via filter on the_content --><\/p>\n","protected":false},"excerpt":{"rendered":"<p>Seg\u00fan se dispuso en el art\u00edculo 54.ter del Reglamento de Aplicaci\u00f3n de los Tributos, las exigencias respecto del contenido y procedimiento para la presentaci\u00f3n y cumplimiento de la nueva obligaci\u00f3n de suministro de informaci\u00f3n deb\u00eda desarrollarse a trav\u00e9s de una Orden Ministerial.<\/p>\n","protected":false},"featured_media":4308,"template":"","meta":{"_acf_changed":false,"footnotes":""},"blog-category":[],"class_list":["post-4307","blog","type-blog","status-publish","has-post-thumbnail","hentry"],"acf":[],"yoast_head":"<!-- This site is optimized with the Yoast SEO plugin v27.5 - https:\/\/yoast.com\/product\/yoast-seo-wordpress\/ -->\n<title>Avances en la nueva obligaci\u00f3n informativa que afecta a la cesi\u00f3n de uso de viviendas con fines tur\u00edsticos. - Auren Chile<\/title>\n<meta name=\"robots\" content=\"index, follow, max-snippet:-1, max-image-preview:large, max-video-preview:-1\" \/>\n<link rel=\"canonical\" href=\"https:\/\/auren.com\/cl\/blog\/avances-en-la-nueva-obligacion-informativa-que-afecta-a-la-cesion-de-uso-de-viviendas-con-fines-turisticos\/\" \/>\n<meta property=\"og:locale\" content=\"es_ES\" \/>\n<meta property=\"og:type\" content=\"article\" \/>\n<meta property=\"og:title\" content=\"Avances en la nueva obligaci\u00f3n informativa que afecta a la cesi\u00f3n de uso de viviendas con fines tur\u00edsticos. - Auren Chile\" \/>\n<meta property=\"og:description\" content=\"Seg\u00fan se dispuso en el art\u00edculo 54.ter del Reglamento de Aplicaci\u00f3n de los Tributos, las exigencias respecto del contenido y procedimiento para la presentaci\u00f3n y cumplimiento de la nueva obligaci\u00f3n de suministro de informaci\u00f3n deb\u00eda desarrollarse a trav\u00e9s de una Orden Ministerial.\" \/>\n<meta property=\"og:url\" content=\"https:\/\/auren.com\/cl\/blog\/avances-en-la-nueva-obligacion-informativa-que-afecta-a-la-cesion-de-uso-de-viviendas-con-fines-turisticos\/\" \/>\n<meta property=\"og:site_name\" content=\"Auren Chile\" \/>\n<meta property=\"article:publisher\" content=\"https:\/\/www.facebook.com\/Auren-Chile-102082852427361\/\" \/>\n<meta property=\"og:image\" content=\"https:\/\/auren.com\/cl\/wp-content\/uploads\/2018\/03\/avances-cesion-viviendas-fines-turisticos-soledad-ortola-ricard-perez.jpg\" \/>\n\t<meta property=\"og:image:width\" content=\"1920\" \/>\n\t<meta property=\"og:image:height\" content=\"655\" \/>\n\t<meta property=\"og:image:type\" content=\"image\/jpeg\" \/>\n<meta name=\"twitter:card\" content=\"summary_large_image\" \/>\n<meta name=\"twitter:site\" content=\"@aurenchile\" \/>\n<meta name=\"twitter:label1\" content=\"Tiempo de lectura\" \/>\n\t<meta name=\"twitter:data1\" content=\"3 minutos\" \/>\n<script type=\"application\/ld+json\" class=\"yoast-schema-graph\">{\"@context\":\"https:\\\/\\\/schema.org\",\"@graph\":[{\"@type\":\"WebPage\",\"@id\":\"https:\\\/\\\/auren.com\\\/cl\\\/blog\\\/avances-en-la-nueva-obligacion-informativa-que-afecta-a-la-cesion-de-uso-de-viviendas-con-fines-turisticos\\\/\",\"url\":\"https:\\\/\\\/auren.com\\\/cl\\\/blog\\\/avances-en-la-nueva-obligacion-informativa-que-afecta-a-la-cesion-de-uso-de-viviendas-con-fines-turisticos\\\/\",\"name\":\"Avances en la nueva obligaci\u00f3n informativa que afecta a la cesi\u00f3n de uso de viviendas con fines tur\u00edsticos. - Auren Chile\",\"isPartOf\":{\"@id\":\"https:\\\/\\\/auren.com\\\/cl\\\/#website\"},\"primaryImageOfPage\":{\"@id\":\"https:\\\/\\\/auren.com\\\/cl\\\/blog\\\/avances-en-la-nueva-obligacion-informativa-que-afecta-a-la-cesion-de-uso-de-viviendas-con-fines-turisticos\\\/#primaryimage\"},\"image\":{\"@id\":\"https:\\\/\\\/auren.com\\\/cl\\\/blog\\\/avances-en-la-nueva-obligacion-informativa-que-afecta-a-la-cesion-de-uso-de-viviendas-con-fines-turisticos\\\/#primaryimage\"},\"thumbnailUrl\":\"https:\\\/\\\/auren.com\\\/cl\\\/wp-content\\\/uploads\\\/2018\\\/03\\\/avances-cesion-viviendas-fines-turisticos-soledad-ortola-ricard-perez.jpg\",\"datePublished\":\"2018-03-27T06:01:32+00:00\",\"breadcrumb\":{\"@id\":\"https:\\\/\\\/auren.com\\\/cl\\\/blog\\\/avances-en-la-nueva-obligacion-informativa-que-afecta-a-la-cesion-de-uso-de-viviendas-con-fines-turisticos\\\/#breadcrumb\"},\"inLanguage\":\"es\",\"potentialAction\":[{\"@type\":\"ReadAction\",\"target\":[\"https:\\\/\\\/auren.com\\\/cl\\\/blog\\\/avances-en-la-nueva-obligacion-informativa-que-afecta-a-la-cesion-de-uso-de-viviendas-con-fines-turisticos\\\/\"]}]},{\"@type\":\"ImageObject\",\"inLanguage\":\"es\",\"@id\":\"https:\\\/\\\/auren.com\\\/cl\\\/blog\\\/avances-en-la-nueva-obligacion-informativa-que-afecta-a-la-cesion-de-uso-de-viviendas-con-fines-turisticos\\\/#primaryimage\",\"url\":\"https:\\\/\\\/auren.com\\\/cl\\\/wp-content\\\/uploads\\\/2018\\\/03\\\/avances-cesion-viviendas-fines-turisticos-soledad-ortola-ricard-perez.jpg\",\"contentUrl\":\"https:\\\/\\\/auren.com\\\/cl\\\/wp-content\\\/uploads\\\/2018\\\/03\\\/avances-cesion-viviendas-fines-turisticos-soledad-ortola-ricard-perez.jpg\",\"width\":1920,\"height\":655},{\"@type\":\"BreadcrumbList\",\"@id\":\"https:\\\/\\\/auren.com\\\/cl\\\/blog\\\/avances-en-la-nueva-obligacion-informativa-que-afecta-a-la-cesion-de-uso-de-viviendas-con-fines-turisticos\\\/#breadcrumb\",\"itemListElement\":[{\"@type\":\"ListItem\",\"position\":1,\"name\":\"Portada\",\"item\":\"https:\\\/\\\/auren.com\\\/cl\\\/\"},{\"@type\":\"ListItem\",\"position\":2,\"name\":\"Avances en la nueva obligaci\u00f3n informativa que afecta a la cesi\u00f3n de uso de viviendas con fines tur\u00edsticos.\"}]},{\"@type\":\"WebSite\",\"@id\":\"https:\\\/\\\/auren.com\\\/cl\\\/#website\",\"url\":\"https:\\\/\\\/auren.com\\\/cl\\\/\",\"name\":\"Auren Chile\",\"description\":\"\",\"publisher\":{\"@id\":\"https:\\\/\\\/auren.com\\\/cl\\\/#organization\"},\"potentialAction\":[{\"@type\":\"SearchAction\",\"target\":{\"@type\":\"EntryPoint\",\"urlTemplate\":\"https:\\\/\\\/auren.com\\\/cl\\\/?s={search_term_string}\"},\"query-input\":{\"@type\":\"PropertyValueSpecification\",\"valueRequired\":true,\"valueName\":\"search_term_string\"}}],\"inLanguage\":\"es\"},{\"@type\":\"Organization\",\"@id\":\"https:\\\/\\\/auren.com\\\/cl\\\/#organization\",\"name\":\"Auren Chile\",\"url\":\"https:\\\/\\\/auren.com\\\/cl\\\/\",\"logo\":{\"@type\":\"ImageObject\",\"inLanguage\":\"es\",\"@id\":\"https:\\\/\\\/auren.com\\\/cl\\\/#\\\/schema\\\/logo\\\/image\\\/\",\"url\":\"https:\\\/\\\/auren.com\\\/cl\\\/wp-content\\\/uploads\\\/2025\\\/01\\\/cropped-cropped-favicon-Auren.png\",\"contentUrl\":\"https:\\\/\\\/auren.com\\\/cl\\\/wp-content\\\/uploads\\\/2025\\\/01\\\/cropped-cropped-favicon-Auren.png\",\"width\":512,\"height\":512,\"caption\":\"Auren Chile\"},\"image\":{\"@id\":\"https:\\\/\\\/auren.com\\\/cl\\\/#\\\/schema\\\/logo\\\/image\\\/\"},\"sameAs\":[\"https:\\\/\\\/www.facebook.com\\\/Auren-Chile-102082852427361\\\/\",\"https:\\\/\\\/x.com\\\/aurenchile\",\"https:\\\/\\\/cl.linkedin.com\\\/company\\\/aurengroupchile\",\"https:\\\/\\\/www.youtube.com\\\/channel\\\/UC1INxEQ1wu0Jy5-btcBdzdA\",\"https:\\\/\\\/www.instagram.com\\\/auren.chile\\\/\"]}]}<\/script>\n<!-- \/ Yoast SEO plugin. -->","yoast_head_json":{"title":"Avances en la nueva obligaci\u00f3n informativa que afecta a la cesi\u00f3n de uso de viviendas con fines tur\u00edsticos. - Auren Chile","robots":{"index":"index","follow":"follow","max-snippet":"max-snippet:-1","max-image-preview":"max-image-preview:large","max-video-preview":"max-video-preview:-1"},"canonical":"https:\/\/auren.com\/cl\/blog\/avances-en-la-nueva-obligacion-informativa-que-afecta-a-la-cesion-de-uso-de-viviendas-con-fines-turisticos\/","og_locale":"es_ES","og_type":"article","og_title":"Avances en la nueva obligaci\u00f3n informativa que afecta a la cesi\u00f3n de uso de viviendas con fines tur\u00edsticos. - Auren Chile","og_description":"Seg\u00fan se dispuso en el art\u00edculo 54.ter del Reglamento de Aplicaci\u00f3n de los Tributos, las exigencias respecto del contenido y procedimiento para la presentaci\u00f3n y cumplimiento de la nueva obligaci\u00f3n de suministro de informaci\u00f3n deb\u00eda desarrollarse a trav\u00e9s de una Orden Ministerial.","og_url":"https:\/\/auren.com\/cl\/blog\/avances-en-la-nueva-obligacion-informativa-que-afecta-a-la-cesion-de-uso-de-viviendas-con-fines-turisticos\/","og_site_name":"Auren Chile","article_publisher":"https:\/\/www.facebook.com\/Auren-Chile-102082852427361\/","og_image":[{"width":1920,"height":655,"url":"https:\/\/auren.com\/cl\/wp-content\/uploads\/2018\/03\/avances-cesion-viviendas-fines-turisticos-soledad-ortola-ricard-perez.jpg","type":"image\/jpeg"}],"twitter_card":"summary_large_image","twitter_site":"@aurenchile","twitter_misc":{"Tiempo de lectura":"3 minutos"},"schema":{"@context":"https:\/\/schema.org","@graph":[{"@type":"WebPage","@id":"https:\/\/auren.com\/cl\/blog\/avances-en-la-nueva-obligacion-informativa-que-afecta-a-la-cesion-de-uso-de-viviendas-con-fines-turisticos\/","url":"https:\/\/auren.com\/cl\/blog\/avances-en-la-nueva-obligacion-informativa-que-afecta-a-la-cesion-de-uso-de-viviendas-con-fines-turisticos\/","name":"Avances en la nueva obligaci\u00f3n informativa que afecta a la cesi\u00f3n de uso de viviendas con fines tur\u00edsticos. - Auren Chile","isPartOf":{"@id":"https:\/\/auren.com\/cl\/#website"},"primaryImageOfPage":{"@id":"https:\/\/auren.com\/cl\/blog\/avances-en-la-nueva-obligacion-informativa-que-afecta-a-la-cesion-de-uso-de-viviendas-con-fines-turisticos\/#primaryimage"},"image":{"@id":"https:\/\/auren.com\/cl\/blog\/avances-en-la-nueva-obligacion-informativa-que-afecta-a-la-cesion-de-uso-de-viviendas-con-fines-turisticos\/#primaryimage"},"thumbnailUrl":"https:\/\/auren.com\/cl\/wp-content\/uploads\/2018\/03\/avances-cesion-viviendas-fines-turisticos-soledad-ortola-ricard-perez.jpg","datePublished":"2018-03-27T06:01:32+00:00","breadcrumb":{"@id":"https:\/\/auren.com\/cl\/blog\/avances-en-la-nueva-obligacion-informativa-que-afecta-a-la-cesion-de-uso-de-viviendas-con-fines-turisticos\/#breadcrumb"},"inLanguage":"es","potentialAction":[{"@type":"ReadAction","target":["https:\/\/auren.com\/cl\/blog\/avances-en-la-nueva-obligacion-informativa-que-afecta-a-la-cesion-de-uso-de-viviendas-con-fines-turisticos\/"]}]},{"@type":"ImageObject","inLanguage":"es","@id":"https:\/\/auren.com\/cl\/blog\/avances-en-la-nueva-obligacion-informativa-que-afecta-a-la-cesion-de-uso-de-viviendas-con-fines-turisticos\/#primaryimage","url":"https:\/\/auren.com\/cl\/wp-content\/uploads\/2018\/03\/avances-cesion-viviendas-fines-turisticos-soledad-ortola-ricard-perez.jpg","contentUrl":"https:\/\/auren.com\/cl\/wp-content\/uploads\/2018\/03\/avances-cesion-viviendas-fines-turisticos-soledad-ortola-ricard-perez.jpg","width":1920,"height":655},{"@type":"BreadcrumbList","@id":"https:\/\/auren.com\/cl\/blog\/avances-en-la-nueva-obligacion-informativa-que-afecta-a-la-cesion-de-uso-de-viviendas-con-fines-turisticos\/#breadcrumb","itemListElement":[{"@type":"ListItem","position":1,"name":"Portada","item":"https:\/\/auren.com\/cl\/"},{"@type":"ListItem","position":2,"name":"Avances en la nueva obligaci\u00f3n informativa que afecta a la cesi\u00f3n de uso de viviendas con fines tur\u00edsticos."}]},{"@type":"WebSite","@id":"https:\/\/auren.com\/cl\/#website","url":"https:\/\/auren.com\/cl\/","name":"Auren Chile","description":"","publisher":{"@id":"https:\/\/auren.com\/cl\/#organization"},"potentialAction":[{"@type":"SearchAction","target":{"@type":"EntryPoint","urlTemplate":"https:\/\/auren.com\/cl\/?s={search_term_string}"},"query-input":{"@type":"PropertyValueSpecification","valueRequired":true,"valueName":"search_term_string"}}],"inLanguage":"es"},{"@type":"Organization","@id":"https:\/\/auren.com\/cl\/#organization","name":"Auren Chile","url":"https:\/\/auren.com\/cl\/","logo":{"@type":"ImageObject","inLanguage":"es","@id":"https:\/\/auren.com\/cl\/#\/schema\/logo\/image\/","url":"https:\/\/auren.com\/cl\/wp-content\/uploads\/2025\/01\/cropped-cropped-favicon-Auren.png","contentUrl":"https:\/\/auren.com\/cl\/wp-content\/uploads\/2025\/01\/cropped-cropped-favicon-Auren.png","width":512,"height":512,"caption":"Auren Chile"},"image":{"@id":"https:\/\/auren.com\/cl\/#\/schema\/logo\/image\/"},"sameAs":["https:\/\/www.facebook.com\/Auren-Chile-102082852427361\/","https:\/\/x.com\/aurenchile","https:\/\/cl.linkedin.com\/company\/aurengroupchile","https:\/\/www.youtube.com\/channel\/UC1INxEQ1wu0Jy5-btcBdzdA","https:\/\/www.instagram.com\/auren.chile\/"]}]}},"_links":{"self":[{"href":"https:\/\/auren.com\/cl\/wp-json\/wp\/v2\/blog\/4307","targetHints":{"allow":["GET"]}}],"collection":[{"href":"https:\/\/auren.com\/cl\/wp-json\/wp\/v2\/blog"}],"about":[{"href":"https:\/\/auren.com\/cl\/wp-json\/wp\/v2\/types\/blog"}],"version-history":[{"count":0,"href":"https:\/\/auren.com\/cl\/wp-json\/wp\/v2\/blog\/4307\/revisions"}],"wp:featuredmedia":[{"embeddable":true,"href":"https:\/\/auren.com\/cl\/wp-json\/wp\/v2\/media\/4308"}],"wp:attachment":[{"href":"https:\/\/auren.com\/cl\/wp-json\/wp\/v2\/media?parent=4307"}],"wp:term":[{"taxonomy":"blog-category","embeddable":true,"href":"https:\/\/auren.com\/cl\/wp-json\/wp\/v2\/blog-category?post=4307"}],"curies":[{"name":"wp","href":"https:\/\/api.w.org\/{rel}","templated":true}]}}