{"id":10525,"date":"2019-11-26T15:41:52","date_gmt":"2019-11-26T14:41:52","guid":{"rendered":"https:\/\/auren.com\/co\/blog\/como-se-ratifican-las-decisiones-sociales-tomadas-en-reuniones-declaradas-ineficaces\/"},"modified":"2019-11-26T15:41:52","modified_gmt":"2019-11-26T14:41:52","slug":"como-se-ratifican-las-decisiones-sociales-tomadas-en-reuniones-declaradas-ineficaces","status":"publish","type":"blog","link":"https:\/\/auren.com\/co\/blog\/como-se-ratifican-las-decisiones-sociales-tomadas-en-reuniones-declaradas-ineficaces\/","title":{"rendered":"\u00bfC\u00f3mo se ratifican las decisiones sociales tomadas en reuniones declaradas ineficaces?"},"content":{"rendered":"<p class=\"text-justify\">En reciente concepto, la Superintendencia de Sociedades explic\u00f3 la forma en que deben ratificarse las decisiones sociales tomadas en reuniones declaradas ineficaces en v\u00eda judicial, en las cuales se hab\u00edan aprobado estados financieros de varios a\u00f1os.<\/p>\n<p class=\"text-justify\">Al respecto, la entidad se\u00f1al\u00f3 que aunque por v\u00eda judicial se haya declarado la ineficacia de las reuniones en las que se aprobaron los balances de fin de ejercicio, subsiste para la sociedad la obligaci\u00f3n de considerar las cuentas de fin de ejercicio, as\u00ed como resolver sobre la distribuci\u00f3n de utilidades y acordar todas las providencias tendientes a asegurar el cumplimiento del objeto social. Por tanto, concluy\u00f3 la Superintendencia que no puede obviarse tal aprobaci\u00f3n por parte de la Asamblea y en consecuencia, debe el representante legal convocar al m\u00e1ximo \u00f3rgano social para que confirme, valide o apruebe las decisiones que fueron objeto de reconocimiento de ineficacia por parte del juez.<\/p>\n<p class=\"text-justify\">\n<p class=\"text-justify\">Por su parte, al ser consultada acerca de si el representante legal que ejerc\u00eda en ese tiempo y que en la actualidad es socio, puede votar por tales estados financieros, manifest\u00f3 la Superintendencia que si bien existe una norma que impide a los administradores votar los balances y cuentas de fin de ejercicio mientras est\u00e9n en ejercicio de sus cargos, la misma es de interpretaci\u00f3n restrictiva, por lo que en criterio de la entidad su alcance no puede extenderse a eventos distintos del contemplado: \u201cmientras est\u00e9n en ejercicio de sus cargos\u201d. Por tanto, concluy\u00f3 la entidad que el socio que hoy no tenga la calidad de administrador, tiene capacidad para aprobar las cuentas y balances de fin de ejercicio, aunque se trate de aquellas preparadas durante su gesti\u00f3n.&nbsp;<\/p>\n<p><em><strong>Fuente: <\/strong>Superintendencia de Sociedades, Oficio 220-120842 del 29 de octubre de 2019<\/em><\/p>\n<\/p>\n<p><!-- AddThis Advanced Settings generic via filter on the_content --><!-- AddThis Share Buttons generic via filter on the_content --><\/p>\n","protected":false},"excerpt":{"rendered":"<p>En reciente concepto, la Superintendencia de Sociedades explic\u00f3 la forma en que deben ratificarse las decisiones sociales tomadas en reuniones declaradas ineficaces en v\u00eda judicial&#8230;<\/p>\n","protected":false},"featured_media":10526,"template":"","meta":{"_acf_changed":false,"footnotes":""},"blog-category":[],"class_list":["post-10525","blog","type-blog","status-publish","has-post-thumbnail","hentry"],"acf":[],"yoast_head":"<!-- This site is optimized with the Yoast SEO plugin v27.4 - https:\/\/yoast.com\/product\/yoast-seo-wordpress\/ -->\n<title>\u00bfC\u00f3mo se ratifican las decisiones sociales tomadas en reuniones declaradas ineficaces? - Auren Colombia<\/title>\n<meta name=\"robots\" content=\"index, follow, max-snippet:-1, max-image-preview:large, max-video-preview:-1\" \/>\n<link rel=\"canonical\" href=\"https:\/\/auren.com\/co\/blog\/como-se-ratifican-las-decisiones-sociales-tomadas-en-reuniones-declaradas-ineficaces\/\" \/>\n<meta property=\"og:locale\" content=\"es_ES\" \/>\n<meta property=\"og:type\" content=\"article\" \/>\n<meta property=\"og:title\" content=\"\u00bfC\u00f3mo se ratifican las decisiones sociales tomadas en reuniones declaradas ineficaces? - Auren Colombia\" \/>\n<meta property=\"og:description\" content=\"En reciente concepto, la Superintendencia de Sociedades explic\u00f3 la forma en que deben ratificarse las decisiones sociales tomadas en reuniones declaradas ineficaces en v\u00eda judicial&#8230;\" \/>\n<meta property=\"og:url\" content=\"https:\/\/auren.com\/co\/blog\/como-se-ratifican-las-decisiones-sociales-tomadas-en-reuniones-declaradas-ineficaces\/\" \/>\n<meta property=\"og:site_name\" content=\"Auren Colombia\" \/>\n<meta property=\"og:image\" content=\"https:\/\/auren.com\/co\/wp-content\/uploads\/2019\/11\/sociedades-reguladas-1.jpg\" \/>\n\t<meta property=\"og:image:width\" content=\"1000\" \/>\n\t<meta property=\"og:image:height\" content=\"667\" \/>\n\t<meta property=\"og:image:type\" content=\"image\/jpeg\" \/>\n<meta name=\"twitter:card\" content=\"summary_large_image\" \/>\n<meta name=\"twitter:site\" content=\"@AurenColombia\" \/>\n<meta name=\"twitter:label1\" content=\"Tiempo de lectura\" \/>\n\t<meta name=\"twitter:data1\" content=\"2 minutos\" \/>\n<script type=\"application\/ld+json\" class=\"yoast-schema-graph\">{\"@context\":\"https:\\\/\\\/schema.org\",\"@graph\":[{\"@type\":\"WebPage\",\"@id\":\"https:\\\/\\\/auren.com\\\/co\\\/blog\\\/como-se-ratifican-las-decisiones-sociales-tomadas-en-reuniones-declaradas-ineficaces\\\/\",\"url\":\"https:\\\/\\\/auren.com\\\/co\\\/blog\\\/como-se-ratifican-las-decisiones-sociales-tomadas-en-reuniones-declaradas-ineficaces\\\/\",\"name\":\"\u00bfC\u00f3mo se ratifican las decisiones sociales tomadas en reuniones declaradas ineficaces? - Auren Colombia\",\"isPartOf\":{\"@id\":\"https:\\\/\\\/auren.com\\\/co\\\/#website\"},\"primaryImageOfPage\":{\"@id\":\"https:\\\/\\\/auren.com\\\/co\\\/blog\\\/como-se-ratifican-las-decisiones-sociales-tomadas-en-reuniones-declaradas-ineficaces\\\/#primaryimage\"},\"image\":{\"@id\":\"https:\\\/\\\/auren.com\\\/co\\\/blog\\\/como-se-ratifican-las-decisiones-sociales-tomadas-en-reuniones-declaradas-ineficaces\\\/#primaryimage\"},\"thumbnailUrl\":\"https:\\\/\\\/auren.com\\\/co\\\/wp-content\\\/uploads\\\/2019\\\/11\\\/sociedades-reguladas-1.jpg\",\"datePublished\":\"2019-11-26T14:41:52+00:00\",\"breadcrumb\":{\"@id\":\"https:\\\/\\\/auren.com\\\/co\\\/blog\\\/como-se-ratifican-las-decisiones-sociales-tomadas-en-reuniones-declaradas-ineficaces\\\/#breadcrumb\"},\"inLanguage\":\"es\",\"potentialAction\":[{\"@type\":\"ReadAction\",\"target\":[\"https:\\\/\\\/auren.com\\\/co\\\/blog\\\/como-se-ratifican-las-decisiones-sociales-tomadas-en-reuniones-declaradas-ineficaces\\\/\"]}]},{\"@type\":\"ImageObject\",\"inLanguage\":\"es\",\"@id\":\"https:\\\/\\\/auren.com\\\/co\\\/blog\\\/como-se-ratifican-las-decisiones-sociales-tomadas-en-reuniones-declaradas-ineficaces\\\/#primaryimage\",\"url\":\"https:\\\/\\\/auren.com\\\/co\\\/wp-content\\\/uploads\\\/2019\\\/11\\\/sociedades-reguladas-1.jpg\",\"contentUrl\":\"https:\\\/\\\/auren.com\\\/co\\\/wp-content\\\/uploads\\\/2019\\\/11\\\/sociedades-reguladas-1.jpg\",\"width\":1000,\"height\":667},{\"@type\":\"BreadcrumbList\",\"@id\":\"https:\\\/\\\/auren.com\\\/co\\\/blog\\\/como-se-ratifican-las-decisiones-sociales-tomadas-en-reuniones-declaradas-ineficaces\\\/#breadcrumb\",\"itemListElement\":[{\"@type\":\"ListItem\",\"position\":1,\"name\":\"Portada\",\"item\":\"https:\\\/\\\/auren.com\\\/co\\\/\"},{\"@type\":\"ListItem\",\"position\":2,\"name\":\"\u00bfC\u00f3mo se ratifican las decisiones sociales tomadas en reuniones declaradas ineficaces?\"}]},{\"@type\":\"WebSite\",\"@id\":\"https:\\\/\\\/auren.com\\\/co\\\/#website\",\"url\":\"https:\\\/\\\/auren.com\\\/co\\\/\",\"name\":\"Auren Colombia\",\"description\":\"\",\"publisher\":{\"@id\":\"https:\\\/\\\/auren.com\\\/co\\\/#organization\"},\"potentialAction\":[{\"@type\":\"SearchAction\",\"target\":{\"@type\":\"EntryPoint\",\"urlTemplate\":\"https:\\\/\\\/auren.com\\\/co\\\/?s={search_term_string}\"},\"query-input\":{\"@type\":\"PropertyValueSpecification\",\"valueRequired\":true,\"valueName\":\"search_term_string\"}}],\"inLanguage\":\"es\"},{\"@type\":\"Organization\",\"@id\":\"https:\\\/\\\/auren.com\\\/co\\\/#organization\",\"name\":\"Auren Colombia\",\"url\":\"https:\\\/\\\/auren.com\\\/co\\\/\",\"logo\":{\"@type\":\"ImageObject\",\"inLanguage\":\"es\",\"@id\":\"https:\\\/\\\/auren.com\\\/co\\\/#\\\/schema\\\/logo\\\/image\\\/\",\"url\":\"https:\\\/\\\/auren.com\\\/co\\\/wp-content\\\/uploads\\\/2025\\\/01\\\/cropped-cropped-favicon-Auren.png\",\"contentUrl\":\"https:\\\/\\\/auren.com\\\/co\\\/wp-content\\\/uploads\\\/2025\\\/01\\\/cropped-cropped-favicon-Auren.png\",\"width\":512,\"height\":512,\"caption\":\"Auren Colombia\"},\"image\":{\"@id\":\"https:\\\/\\\/auren.com\\\/co\\\/#\\\/schema\\\/logo\\\/image\\\/\"},\"sameAs\":[\"https:\\\/\\\/x.com\\\/AurenColombia\",\"https:\\\/\\\/www.instagram.com\\\/aurencolombia\\\/\",\"https:\\\/\\\/www.youtube.com\\\/channel\\\/UCRYoGRMR_k4oVWesdErApmA\",\"https:\\\/\\\/www.linkedin.com\\\/company\\\/auren-colombia\"]}]}<\/script>\n<!-- \/ Yoast SEO plugin. -->","yoast_head_json":{"title":"\u00bfC\u00f3mo se ratifican las decisiones sociales tomadas en reuniones declaradas ineficaces? - Auren Colombia","robots":{"index":"index","follow":"follow","max-snippet":"max-snippet:-1","max-image-preview":"max-image-preview:large","max-video-preview":"max-video-preview:-1"},"canonical":"https:\/\/auren.com\/co\/blog\/como-se-ratifican-las-decisiones-sociales-tomadas-en-reuniones-declaradas-ineficaces\/","og_locale":"es_ES","og_type":"article","og_title":"\u00bfC\u00f3mo se ratifican las decisiones sociales tomadas en reuniones declaradas ineficaces? - Auren Colombia","og_description":"En reciente concepto, la Superintendencia de Sociedades explic\u00f3 la forma en que deben ratificarse las decisiones sociales tomadas en reuniones declaradas ineficaces en v\u00eda judicial&#8230;","og_url":"https:\/\/auren.com\/co\/blog\/como-se-ratifican-las-decisiones-sociales-tomadas-en-reuniones-declaradas-ineficaces\/","og_site_name":"Auren Colombia","og_image":[{"width":1000,"height":667,"url":"https:\/\/auren.com\/co\/wp-content\/uploads\/2019\/11\/sociedades-reguladas-1.jpg","type":"image\/jpeg"}],"twitter_card":"summary_large_image","twitter_site":"@AurenColombia","twitter_misc":{"Tiempo de lectura":"2 minutos"},"schema":{"@context":"https:\/\/schema.org","@graph":[{"@type":"WebPage","@id":"https:\/\/auren.com\/co\/blog\/como-se-ratifican-las-decisiones-sociales-tomadas-en-reuniones-declaradas-ineficaces\/","url":"https:\/\/auren.com\/co\/blog\/como-se-ratifican-las-decisiones-sociales-tomadas-en-reuniones-declaradas-ineficaces\/","name":"\u00bfC\u00f3mo se ratifican las decisiones sociales tomadas en reuniones declaradas ineficaces? - Auren Colombia","isPartOf":{"@id":"https:\/\/auren.com\/co\/#website"},"primaryImageOfPage":{"@id":"https:\/\/auren.com\/co\/blog\/como-se-ratifican-las-decisiones-sociales-tomadas-en-reuniones-declaradas-ineficaces\/#primaryimage"},"image":{"@id":"https:\/\/auren.com\/co\/blog\/como-se-ratifican-las-decisiones-sociales-tomadas-en-reuniones-declaradas-ineficaces\/#primaryimage"},"thumbnailUrl":"https:\/\/auren.com\/co\/wp-content\/uploads\/2019\/11\/sociedades-reguladas-1.jpg","datePublished":"2019-11-26T14:41:52+00:00","breadcrumb":{"@id":"https:\/\/auren.com\/co\/blog\/como-se-ratifican-las-decisiones-sociales-tomadas-en-reuniones-declaradas-ineficaces\/#breadcrumb"},"inLanguage":"es","potentialAction":[{"@type":"ReadAction","target":["https:\/\/auren.com\/co\/blog\/como-se-ratifican-las-decisiones-sociales-tomadas-en-reuniones-declaradas-ineficaces\/"]}]},{"@type":"ImageObject","inLanguage":"es","@id":"https:\/\/auren.com\/co\/blog\/como-se-ratifican-las-decisiones-sociales-tomadas-en-reuniones-declaradas-ineficaces\/#primaryimage","url":"https:\/\/auren.com\/co\/wp-content\/uploads\/2019\/11\/sociedades-reguladas-1.jpg","contentUrl":"https:\/\/auren.com\/co\/wp-content\/uploads\/2019\/11\/sociedades-reguladas-1.jpg","width":1000,"height":667},{"@type":"BreadcrumbList","@id":"https:\/\/auren.com\/co\/blog\/como-se-ratifican-las-decisiones-sociales-tomadas-en-reuniones-declaradas-ineficaces\/#breadcrumb","itemListElement":[{"@type":"ListItem","position":1,"name":"Portada","item":"https:\/\/auren.com\/co\/"},{"@type":"ListItem","position":2,"name":"\u00bfC\u00f3mo se ratifican las decisiones sociales tomadas en reuniones declaradas ineficaces?"}]},{"@type":"WebSite","@id":"https:\/\/auren.com\/co\/#website","url":"https:\/\/auren.com\/co\/","name":"Auren Colombia","description":"","publisher":{"@id":"https:\/\/auren.com\/co\/#organization"},"potentialAction":[{"@type":"SearchAction","target":{"@type":"EntryPoint","urlTemplate":"https:\/\/auren.com\/co\/?s={search_term_string}"},"query-input":{"@type":"PropertyValueSpecification","valueRequired":true,"valueName":"search_term_string"}}],"inLanguage":"es"},{"@type":"Organization","@id":"https:\/\/auren.com\/co\/#organization","name":"Auren Colombia","url":"https:\/\/auren.com\/co\/","logo":{"@type":"ImageObject","inLanguage":"es","@id":"https:\/\/auren.com\/co\/#\/schema\/logo\/image\/","url":"https:\/\/auren.com\/co\/wp-content\/uploads\/2025\/01\/cropped-cropped-favicon-Auren.png","contentUrl":"https:\/\/auren.com\/co\/wp-content\/uploads\/2025\/01\/cropped-cropped-favicon-Auren.png","width":512,"height":512,"caption":"Auren Colombia"},"image":{"@id":"https:\/\/auren.com\/co\/#\/schema\/logo\/image\/"},"sameAs":["https:\/\/x.com\/AurenColombia","https:\/\/www.instagram.com\/aurencolombia\/","https:\/\/www.youtube.com\/channel\/UCRYoGRMR_k4oVWesdErApmA","https:\/\/www.linkedin.com\/company\/auren-colombia"]}]}},"_links":{"self":[{"href":"https:\/\/auren.com\/co\/wp-json\/wp\/v2\/blog\/10525","targetHints":{"allow":["GET"]}}],"collection":[{"href":"https:\/\/auren.com\/co\/wp-json\/wp\/v2\/blog"}],"about":[{"href":"https:\/\/auren.com\/co\/wp-json\/wp\/v2\/types\/blog"}],"version-history":[{"count":0,"href":"https:\/\/auren.com\/co\/wp-json\/wp\/v2\/blog\/10525\/revisions"}],"wp:featuredmedia":[{"embeddable":true,"href":"https:\/\/auren.com\/co\/wp-json\/wp\/v2\/media\/10526"}],"wp:attachment":[{"href":"https:\/\/auren.com\/co\/wp-json\/wp\/v2\/media?parent=10525"}],"wp:term":[{"taxonomy":"blog-category","embeddable":true,"href":"https:\/\/auren.com\/co\/wp-json\/wp\/v2\/blog-category?post=10525"}],"curies":[{"name":"wp","href":"https:\/\/api.w.org\/{rel}","templated":true}]}}