{"id":10534,"date":"2019-11-12T14:39:27","date_gmt":"2019-11-12T13:39:27","guid":{"rendered":"https:\/\/auren.com\/co\/blog\/obligatoriedad-de-los-examenes-ocupacionales-en-el-marco-de-la-relacion-laboral\/"},"modified":"2019-11-12T14:39:27","modified_gmt":"2019-11-12T13:39:27","slug":"obligatoriedad-de-los-examenes-ocupacionales-en-el-marco-de-la-relacion-laboral","status":"publish","type":"blog","link":"https:\/\/auren.com\/co\/blog\/obligatoriedad-de-los-examenes-ocupacionales-en-el-marco-de-la-relacion-laboral\/","title":{"rendered":"Obligatoriedad de los ex\u00e1menes ocupacionales en el marco de la relaci\u00f3n laboral"},"content":{"rendered":"<p>Los ex\u00e1menes m\u00e9dicos ocupacionales de ingreso, peri\u00f3dicos y de retiro o egreso, en materia de salud ocupacional son necesarios para identificaci\u00f3n y control del riesgo, para efectos de establecer el estado de salud de los trabajadores al iniciar una labor, desempe\u00f1ar un cargo o funci\u00f3n determinada, ex\u00e1menes que son a cargo y por cuenta del empleador.<\/p>\n<p>La pr\u00e1ctica de evaluaciones m\u00e9dicas ocupacionales, as\u00ed como el manejo y contenido de las historias cl\u00ednicas ocupacionales, se regula en las Resoluciones 2346 de 2007 y 1918 de 2009, las cuales determinan los tipos de evaluaciones m\u00e9dicas ocupacionales que deben ser realizadas por el empleador p\u00fablico y privado en forma obligatoria, las cuales hacen parte del programa de salud ocupacional, de los sistemas de gesti\u00f3n que desarrolle el empleador como parte de la promoci\u00f3n de la salud de los trabajadores y de los mecanismos de prevenci\u00f3n y control de alteraciones de la salud.<\/p>\n<p>En virtud a ello, se\u00f1al\u00f3 el Ministerio del Trabajo que independiente del tipo de contrato que se suscriba con el trabajador, los ex\u00e1menes ocupacionales deber\u00e1n practicarse a costo del empleador, haciendo relevancia a que la periodicidad de la pr\u00e1ctica de los mismos, obedece al tipo, magnitud y frecuencia de la exposici\u00f3n a cada factor de riesgo, as\u00ed como al estado de salud del trabajador.<\/p>\n<p>Para el Ministerio, con el inicio de cada relaci\u00f3n laboral surgen los derechos y obligaciones que ella implica para las partes intervinientes y que as\u00ed las cosas, al iniciar una labor, deber\u00e1 el empleador cumplir con el deber legal para identificaci\u00f3n y control del riesgo, practicar los ex\u00e1menes m\u00e9dicos ocupacionales de ingreso, peri\u00f3dicos.<\/p>\n<p><em><strong>Fuente<\/strong>: Ministerio del Trabajo, Concepto 42429 de septiembre de 2019<\/em><\/p>\n<p><!-- AddThis Advanced Settings generic via filter on the_content --><!-- AddThis Share Buttons generic via filter on the_content --><\/p>\n","protected":false},"excerpt":{"rendered":"<p>Los ex\u00e1menes m\u00e9dicos ocupacionales de ingreso, peri\u00f3dicos y de retiro o egreso, en materia de salud ocupacional son necesarios para identificaci\u00f3n y control del riesgo&#8230;<\/p>\n","protected":false},"featured_media":10535,"template":"","meta":{"_acf_changed":false,"footnotes":""},"blog-category":[],"class_list":["post-10534","blog","type-blog","status-publish","has-post-thumbnail","hentry"],"acf":[],"yoast_head":"<!-- This site is optimized with the Yoast SEO plugin v27.4 - https:\/\/yoast.com\/product\/yoast-seo-wordpress\/ -->\n<title>Obligatoriedad de los ex\u00e1menes ocupacionales en el marco de la relaci\u00f3n laboral - Auren Colombia<\/title>\n<meta name=\"robots\" content=\"index, follow, max-snippet:-1, max-image-preview:large, max-video-preview:-1\" \/>\n<link rel=\"canonical\" href=\"https:\/\/auren.com\/co\/blog\/obligatoriedad-de-los-examenes-ocupacionales-en-el-marco-de-la-relacion-laboral\/\" \/>\n<meta property=\"og:locale\" content=\"es_ES\" \/>\n<meta property=\"og:type\" content=\"article\" \/>\n<meta property=\"og:title\" content=\"Obligatoriedad de los ex\u00e1menes ocupacionales en el marco de la relaci\u00f3n laboral - Auren Colombia\" \/>\n<meta property=\"og:description\" content=\"Los ex\u00e1menes m\u00e9dicos ocupacionales de ingreso, peri\u00f3dicos y de retiro o egreso, en materia de salud ocupacional son necesarios para identificaci\u00f3n y control del riesgo&#8230;\" \/>\n<meta property=\"og:url\" content=\"https:\/\/auren.com\/co\/blog\/obligatoriedad-de-los-examenes-ocupacionales-en-el-marco-de-la-relacion-laboral\/\" \/>\n<meta property=\"og:site_name\" content=\"Auren Colombia\" \/>\n<meta property=\"og:image\" content=\"https:\/\/auren.com\/co\/wp-content\/uploads\/2019\/11\/examen-ocupacional-1.jpg\" \/>\n\t<meta property=\"og:image:width\" content=\"1000\" \/>\n\t<meta property=\"og:image:height\" content=\"667\" \/>\n\t<meta property=\"og:image:type\" content=\"image\/jpeg\" \/>\n<meta name=\"twitter:card\" content=\"summary_large_image\" \/>\n<meta name=\"twitter:site\" content=\"@AurenColombia\" \/>\n<meta name=\"twitter:label1\" content=\"Tiempo de lectura\" \/>\n\t<meta name=\"twitter:data1\" content=\"1 minuto\" \/>\n<script type=\"application\/ld+json\" class=\"yoast-schema-graph\">{\"@context\":\"https:\\\/\\\/schema.org\",\"@graph\":[{\"@type\":\"WebPage\",\"@id\":\"https:\\\/\\\/auren.com\\\/co\\\/blog\\\/obligatoriedad-de-los-examenes-ocupacionales-en-el-marco-de-la-relacion-laboral\\\/\",\"url\":\"https:\\\/\\\/auren.com\\\/co\\\/blog\\\/obligatoriedad-de-los-examenes-ocupacionales-en-el-marco-de-la-relacion-laboral\\\/\",\"name\":\"Obligatoriedad de los ex\u00e1menes ocupacionales en el marco de la relaci\u00f3n laboral - Auren Colombia\",\"isPartOf\":{\"@id\":\"https:\\\/\\\/auren.com\\\/co\\\/#website\"},\"primaryImageOfPage\":{\"@id\":\"https:\\\/\\\/auren.com\\\/co\\\/blog\\\/obligatoriedad-de-los-examenes-ocupacionales-en-el-marco-de-la-relacion-laboral\\\/#primaryimage\"},\"image\":{\"@id\":\"https:\\\/\\\/auren.com\\\/co\\\/blog\\\/obligatoriedad-de-los-examenes-ocupacionales-en-el-marco-de-la-relacion-laboral\\\/#primaryimage\"},\"thumbnailUrl\":\"https:\\\/\\\/auren.com\\\/co\\\/wp-content\\\/uploads\\\/2019\\\/11\\\/examen-ocupacional-1.jpg\",\"datePublished\":\"2019-11-12T13:39:27+00:00\",\"breadcrumb\":{\"@id\":\"https:\\\/\\\/auren.com\\\/co\\\/blog\\\/obligatoriedad-de-los-examenes-ocupacionales-en-el-marco-de-la-relacion-laboral\\\/#breadcrumb\"},\"inLanguage\":\"es\",\"potentialAction\":[{\"@type\":\"ReadAction\",\"target\":[\"https:\\\/\\\/auren.com\\\/co\\\/blog\\\/obligatoriedad-de-los-examenes-ocupacionales-en-el-marco-de-la-relacion-laboral\\\/\"]}]},{\"@type\":\"ImageObject\",\"inLanguage\":\"es\",\"@id\":\"https:\\\/\\\/auren.com\\\/co\\\/blog\\\/obligatoriedad-de-los-examenes-ocupacionales-en-el-marco-de-la-relacion-laboral\\\/#primaryimage\",\"url\":\"https:\\\/\\\/auren.com\\\/co\\\/wp-content\\\/uploads\\\/2019\\\/11\\\/examen-ocupacional-1.jpg\",\"contentUrl\":\"https:\\\/\\\/auren.com\\\/co\\\/wp-content\\\/uploads\\\/2019\\\/11\\\/examen-ocupacional-1.jpg\",\"width\":1000,\"height\":667},{\"@type\":\"BreadcrumbList\",\"@id\":\"https:\\\/\\\/auren.com\\\/co\\\/blog\\\/obligatoriedad-de-los-examenes-ocupacionales-en-el-marco-de-la-relacion-laboral\\\/#breadcrumb\",\"itemListElement\":[{\"@type\":\"ListItem\",\"position\":1,\"name\":\"Portada\",\"item\":\"https:\\\/\\\/auren.com\\\/co\\\/\"},{\"@type\":\"ListItem\",\"position\":2,\"name\":\"Obligatoriedad de los ex\u00e1menes ocupacionales en el marco de la relaci\u00f3n laboral\"}]},{\"@type\":\"WebSite\",\"@id\":\"https:\\\/\\\/auren.com\\\/co\\\/#website\",\"url\":\"https:\\\/\\\/auren.com\\\/co\\\/\",\"name\":\"Auren Colombia\",\"description\":\"\",\"publisher\":{\"@id\":\"https:\\\/\\\/auren.com\\\/co\\\/#organization\"},\"potentialAction\":[{\"@type\":\"SearchAction\",\"target\":{\"@type\":\"EntryPoint\",\"urlTemplate\":\"https:\\\/\\\/auren.com\\\/co\\\/?s={search_term_string}\"},\"query-input\":{\"@type\":\"PropertyValueSpecification\",\"valueRequired\":true,\"valueName\":\"search_term_string\"}}],\"inLanguage\":\"es\"},{\"@type\":\"Organization\",\"@id\":\"https:\\\/\\\/auren.com\\\/co\\\/#organization\",\"name\":\"Auren Colombia\",\"url\":\"https:\\\/\\\/auren.com\\\/co\\\/\",\"logo\":{\"@type\":\"ImageObject\",\"inLanguage\":\"es\",\"@id\":\"https:\\\/\\\/auren.com\\\/co\\\/#\\\/schema\\\/logo\\\/image\\\/\",\"url\":\"https:\\\/\\\/auren.com\\\/co\\\/wp-content\\\/uploads\\\/2025\\\/01\\\/cropped-cropped-favicon-Auren.png\",\"contentUrl\":\"https:\\\/\\\/auren.com\\\/co\\\/wp-content\\\/uploads\\\/2025\\\/01\\\/cropped-cropped-favicon-Auren.png\",\"width\":512,\"height\":512,\"caption\":\"Auren Colombia\"},\"image\":{\"@id\":\"https:\\\/\\\/auren.com\\\/co\\\/#\\\/schema\\\/logo\\\/image\\\/\"},\"sameAs\":[\"https:\\\/\\\/x.com\\\/AurenColombia\",\"https:\\\/\\\/www.instagram.com\\\/aurencolombia\\\/\",\"https:\\\/\\\/www.youtube.com\\\/channel\\\/UCRYoGRMR_k4oVWesdErApmA\",\"https:\\\/\\\/www.linkedin.com\\\/company\\\/auren-colombia\"]}]}<\/script>\n<!-- \/ Yoast SEO plugin. -->","yoast_head_json":{"title":"Obligatoriedad de los ex\u00e1menes ocupacionales en el marco de la relaci\u00f3n laboral - Auren Colombia","robots":{"index":"index","follow":"follow","max-snippet":"max-snippet:-1","max-image-preview":"max-image-preview:large","max-video-preview":"max-video-preview:-1"},"canonical":"https:\/\/auren.com\/co\/blog\/obligatoriedad-de-los-examenes-ocupacionales-en-el-marco-de-la-relacion-laboral\/","og_locale":"es_ES","og_type":"article","og_title":"Obligatoriedad de los ex\u00e1menes ocupacionales en el marco de la relaci\u00f3n laboral - Auren Colombia","og_description":"Los ex\u00e1menes m\u00e9dicos ocupacionales de ingreso, peri\u00f3dicos y de retiro o egreso, en materia de salud ocupacional son necesarios para identificaci\u00f3n y control del riesgo&#8230;","og_url":"https:\/\/auren.com\/co\/blog\/obligatoriedad-de-los-examenes-ocupacionales-en-el-marco-de-la-relacion-laboral\/","og_site_name":"Auren Colombia","og_image":[{"width":1000,"height":667,"url":"https:\/\/auren.com\/co\/wp-content\/uploads\/2019\/11\/examen-ocupacional-1.jpg","type":"image\/jpeg"}],"twitter_card":"summary_large_image","twitter_site":"@AurenColombia","twitter_misc":{"Tiempo de lectura":"1 minuto"},"schema":{"@context":"https:\/\/schema.org","@graph":[{"@type":"WebPage","@id":"https:\/\/auren.com\/co\/blog\/obligatoriedad-de-los-examenes-ocupacionales-en-el-marco-de-la-relacion-laboral\/","url":"https:\/\/auren.com\/co\/blog\/obligatoriedad-de-los-examenes-ocupacionales-en-el-marco-de-la-relacion-laboral\/","name":"Obligatoriedad de los ex\u00e1menes ocupacionales en el marco de la relaci\u00f3n laboral - Auren Colombia","isPartOf":{"@id":"https:\/\/auren.com\/co\/#website"},"primaryImageOfPage":{"@id":"https:\/\/auren.com\/co\/blog\/obligatoriedad-de-los-examenes-ocupacionales-en-el-marco-de-la-relacion-laboral\/#primaryimage"},"image":{"@id":"https:\/\/auren.com\/co\/blog\/obligatoriedad-de-los-examenes-ocupacionales-en-el-marco-de-la-relacion-laboral\/#primaryimage"},"thumbnailUrl":"https:\/\/auren.com\/co\/wp-content\/uploads\/2019\/11\/examen-ocupacional-1.jpg","datePublished":"2019-11-12T13:39:27+00:00","breadcrumb":{"@id":"https:\/\/auren.com\/co\/blog\/obligatoriedad-de-los-examenes-ocupacionales-en-el-marco-de-la-relacion-laboral\/#breadcrumb"},"inLanguage":"es","potentialAction":[{"@type":"ReadAction","target":["https:\/\/auren.com\/co\/blog\/obligatoriedad-de-los-examenes-ocupacionales-en-el-marco-de-la-relacion-laboral\/"]}]},{"@type":"ImageObject","inLanguage":"es","@id":"https:\/\/auren.com\/co\/blog\/obligatoriedad-de-los-examenes-ocupacionales-en-el-marco-de-la-relacion-laboral\/#primaryimage","url":"https:\/\/auren.com\/co\/wp-content\/uploads\/2019\/11\/examen-ocupacional-1.jpg","contentUrl":"https:\/\/auren.com\/co\/wp-content\/uploads\/2019\/11\/examen-ocupacional-1.jpg","width":1000,"height":667},{"@type":"BreadcrumbList","@id":"https:\/\/auren.com\/co\/blog\/obligatoriedad-de-los-examenes-ocupacionales-en-el-marco-de-la-relacion-laboral\/#breadcrumb","itemListElement":[{"@type":"ListItem","position":1,"name":"Portada","item":"https:\/\/auren.com\/co\/"},{"@type":"ListItem","position":2,"name":"Obligatoriedad de los ex\u00e1menes ocupacionales en el marco de la relaci\u00f3n laboral"}]},{"@type":"WebSite","@id":"https:\/\/auren.com\/co\/#website","url":"https:\/\/auren.com\/co\/","name":"Auren Colombia","description":"","publisher":{"@id":"https:\/\/auren.com\/co\/#organization"},"potentialAction":[{"@type":"SearchAction","target":{"@type":"EntryPoint","urlTemplate":"https:\/\/auren.com\/co\/?s={search_term_string}"},"query-input":{"@type":"PropertyValueSpecification","valueRequired":true,"valueName":"search_term_string"}}],"inLanguage":"es"},{"@type":"Organization","@id":"https:\/\/auren.com\/co\/#organization","name":"Auren Colombia","url":"https:\/\/auren.com\/co\/","logo":{"@type":"ImageObject","inLanguage":"es","@id":"https:\/\/auren.com\/co\/#\/schema\/logo\/image\/","url":"https:\/\/auren.com\/co\/wp-content\/uploads\/2025\/01\/cropped-cropped-favicon-Auren.png","contentUrl":"https:\/\/auren.com\/co\/wp-content\/uploads\/2025\/01\/cropped-cropped-favicon-Auren.png","width":512,"height":512,"caption":"Auren Colombia"},"image":{"@id":"https:\/\/auren.com\/co\/#\/schema\/logo\/image\/"},"sameAs":["https:\/\/x.com\/AurenColombia","https:\/\/www.instagram.com\/aurencolombia\/","https:\/\/www.youtube.com\/channel\/UCRYoGRMR_k4oVWesdErApmA","https:\/\/www.linkedin.com\/company\/auren-colombia"]}]}},"_links":{"self":[{"href":"https:\/\/auren.com\/co\/wp-json\/wp\/v2\/blog\/10534","targetHints":{"allow":["GET"]}}],"collection":[{"href":"https:\/\/auren.com\/co\/wp-json\/wp\/v2\/blog"}],"about":[{"href":"https:\/\/auren.com\/co\/wp-json\/wp\/v2\/types\/blog"}],"version-history":[{"count":0,"href":"https:\/\/auren.com\/co\/wp-json\/wp\/v2\/blog\/10534\/revisions"}],"wp:featuredmedia":[{"embeddable":true,"href":"https:\/\/auren.com\/co\/wp-json\/wp\/v2\/media\/10535"}],"wp:attachment":[{"href":"https:\/\/auren.com\/co\/wp-json\/wp\/v2\/media?parent=10534"}],"wp:term":[{"taxonomy":"blog-category","embeddable":true,"href":"https:\/\/auren.com\/co\/wp-json\/wp\/v2\/blog-category?post=10534"}],"curies":[{"name":"wp","href":"https:\/\/api.w.org\/{rel}","templated":true}]}}