{"id":10537,"date":"2019-11-12T14:27:18","date_gmt":"2019-11-12T13:27:18","guid":{"rendered":"https:\/\/auren.com\/co\/blog\/como-una-esal-reconoce-los-aportes-en-especie-realizados-en-el-marco-de-un-convenio\/"},"modified":"2019-11-12T14:27:18","modified_gmt":"2019-11-12T13:27:18","slug":"como-una-esal-reconoce-los-aportes-en-especie-realizados-en-el-marco-de-un-convenio","status":"publish","type":"blog","link":"https:\/\/auren.com\/co\/blog\/como-una-esal-reconoce-los-aportes-en-especie-realizados-en-el-marco-de-un-convenio\/","title":{"rendered":"\u00bfC\u00f3mo una ESAL reconoce los aportes en especie realizados en el marco de un convenio?"},"content":{"rendered":"<p class=\"text-justify\">El Consejo T\u00e9cnico de la Contadur\u00eda P\u00fablica analiz\u00f3 la forma en que una entidad sin \u00e1nimo de lucro (ESAL) contabiliza los aportes en especie realizados dentro del marco de un convenio.<\/p>\n<p class=\"text-justify\">De manera preliminar, el Consejo T\u00e9cnico se\u00f1al\u00f3 que las revelaciones son fundamentales para lograr el objetivo de los informes financieros de suministrar informaci\u00f3n sobre la situaci\u00f3n financiera, el rendimiento y los flujos de efectivo de una entidad, que sea \u00fatil para los usuarios al tomar decisiones econ\u00f3micas. Advirti\u00f3 que trat\u00e1ndose de una ESAL, que aplica la NIIF para las Pymes, se requieren revelaciones adicionales para permitir a los usuarios comprender el efecto de transacciones, concluyendo que el suministro de informaci\u00f3n espec\u00edfica adicional de estas entidades forma parte del cumplimiento de la NIIF para las Pymes.<\/p>\n<p class=\"text-justify\">En tal sentido, reiter\u00f3 el Consejo T\u00e9cnico que el uso de la contabilidad de fondos es un instrumento que mejora el reconocimiento, medici\u00f3n, presentaci\u00f3n y revelaci\u00f3n de los estados financieros de una ESAL, desatacando que le corresponde a los encargados de la administraci\u00f3n de la entidad, y no al revisor fiscal, realizar los juicios necesarios para decidir si utiliza o no utiliza la contabilidad de fondos, lo mismo que definir el m\u00e9todo, del diferido o de los fondos restringidos, que ser\u00e1 utilizado.<\/p>\n<p class=\"text-justify\">Se\u00f1al\u00f3 a su vez la entidad que el aporte de conocimiento especializado es una partida que no cumplir\u00eda los requisitos de identificabilidad y separabilidad, por lo que no re\u00fane los criterios de reconocimiento como un activo intangible.<\/p>\n<p><em><strong>Fuente: <\/strong>Consejo T\u00e9cnico de la Contadur\u00eda P\u00fablica, Concepto 889 del 4 de noviembre de 2019<\/em><\/p>\n<p><!-- AddThis Advanced Settings generic via filter on the_content --><!-- AddThis Share Buttons generic via filter on the_content --><\/p>\n","protected":false},"excerpt":{"rendered":"<p>El Consejo T\u00e9cnico de la Contadur\u00eda P\u00fablica analiz\u00f3 la forma en que una entidad sin \u00e1nimo de lucro (ESAL) contabiliza los aportes en especie realizados dentro del marco de un convenio&#8230;<\/p>\n","protected":false},"featured_media":10538,"template":"","meta":{"_acf_changed":false,"footnotes":""},"blog-category":[],"class_list":["post-10537","blog","type-blog","status-publish","has-post-thumbnail","hentry"],"acf":[],"yoast_head":"<!-- This site is optimized with the Yoast SEO plugin v27.4 - https:\/\/yoast.com\/product\/yoast-seo-wordpress\/ -->\n<title>\u00bfC\u00f3mo una ESAL reconoce los aportes en especie realizados en el marco de un convenio? - Auren Colombia<\/title>\n<meta name=\"robots\" content=\"index, follow, max-snippet:-1, max-image-preview:large, max-video-preview:-1\" \/>\n<link rel=\"canonical\" href=\"https:\/\/auren.com\/co\/blog\/como-una-esal-reconoce-los-aportes-en-especie-realizados-en-el-marco-de-un-convenio\/\" \/>\n<meta property=\"og:locale\" content=\"es_ES\" \/>\n<meta property=\"og:type\" content=\"article\" \/>\n<meta property=\"og:title\" content=\"\u00bfC\u00f3mo una ESAL reconoce los aportes en especie realizados en el marco de un convenio? - Auren Colombia\" \/>\n<meta property=\"og:description\" content=\"El Consejo T\u00e9cnico de la Contadur\u00eda P\u00fablica analiz\u00f3 la forma en que una entidad sin \u00e1nimo de lucro (ESAL) contabiliza los aportes en especie realizados dentro del marco de un convenio&#8230;\" \/>\n<meta property=\"og:url\" content=\"https:\/\/auren.com\/co\/blog\/como-una-esal-reconoce-los-aportes-en-especie-realizados-en-el-marco-de-un-convenio\/\" \/>\n<meta property=\"og:site_name\" content=\"Auren Colombia\" \/>\n<meta property=\"og:image\" content=\"https:\/\/auren.com\/co\/wp-content\/uploads\/2019\/11\/situacion-financiera-1.jpg\" \/>\n\t<meta property=\"og:image:width\" content=\"1000\" \/>\n\t<meta property=\"og:image:height\" content=\"667\" \/>\n\t<meta property=\"og:image:type\" content=\"image\/jpeg\" \/>\n<meta name=\"twitter:card\" content=\"summary_large_image\" \/>\n<meta name=\"twitter:site\" content=\"@AurenColombia\" \/>\n<meta name=\"twitter:label1\" content=\"Tiempo de lectura\" \/>\n\t<meta name=\"twitter:data1\" content=\"1 minuto\" \/>\n<script type=\"application\/ld+json\" class=\"yoast-schema-graph\">{\"@context\":\"https:\\\/\\\/schema.org\",\"@graph\":[{\"@type\":\"WebPage\",\"@id\":\"https:\\\/\\\/auren.com\\\/co\\\/blog\\\/como-una-esal-reconoce-los-aportes-en-especie-realizados-en-el-marco-de-un-convenio\\\/\",\"url\":\"https:\\\/\\\/auren.com\\\/co\\\/blog\\\/como-una-esal-reconoce-los-aportes-en-especie-realizados-en-el-marco-de-un-convenio\\\/\",\"name\":\"\u00bfC\u00f3mo una ESAL reconoce los aportes en especie realizados en el marco de un convenio? - Auren Colombia\",\"isPartOf\":{\"@id\":\"https:\\\/\\\/auren.com\\\/co\\\/#website\"},\"primaryImageOfPage\":{\"@id\":\"https:\\\/\\\/auren.com\\\/co\\\/blog\\\/como-una-esal-reconoce-los-aportes-en-especie-realizados-en-el-marco-de-un-convenio\\\/#primaryimage\"},\"image\":{\"@id\":\"https:\\\/\\\/auren.com\\\/co\\\/blog\\\/como-una-esal-reconoce-los-aportes-en-especie-realizados-en-el-marco-de-un-convenio\\\/#primaryimage\"},\"thumbnailUrl\":\"https:\\\/\\\/auren.com\\\/co\\\/wp-content\\\/uploads\\\/2019\\\/11\\\/situacion-financiera-1.jpg\",\"datePublished\":\"2019-11-12T13:27:18+00:00\",\"breadcrumb\":{\"@id\":\"https:\\\/\\\/auren.com\\\/co\\\/blog\\\/como-una-esal-reconoce-los-aportes-en-especie-realizados-en-el-marco-de-un-convenio\\\/#breadcrumb\"},\"inLanguage\":\"es\",\"potentialAction\":[{\"@type\":\"ReadAction\",\"target\":[\"https:\\\/\\\/auren.com\\\/co\\\/blog\\\/como-una-esal-reconoce-los-aportes-en-especie-realizados-en-el-marco-de-un-convenio\\\/\"]}]},{\"@type\":\"ImageObject\",\"inLanguage\":\"es\",\"@id\":\"https:\\\/\\\/auren.com\\\/co\\\/blog\\\/como-una-esal-reconoce-los-aportes-en-especie-realizados-en-el-marco-de-un-convenio\\\/#primaryimage\",\"url\":\"https:\\\/\\\/auren.com\\\/co\\\/wp-content\\\/uploads\\\/2019\\\/11\\\/situacion-financiera-1.jpg\",\"contentUrl\":\"https:\\\/\\\/auren.com\\\/co\\\/wp-content\\\/uploads\\\/2019\\\/11\\\/situacion-financiera-1.jpg\",\"width\":1000,\"height\":667},{\"@type\":\"BreadcrumbList\",\"@id\":\"https:\\\/\\\/auren.com\\\/co\\\/blog\\\/como-una-esal-reconoce-los-aportes-en-especie-realizados-en-el-marco-de-un-convenio\\\/#breadcrumb\",\"itemListElement\":[{\"@type\":\"ListItem\",\"position\":1,\"name\":\"Portada\",\"item\":\"https:\\\/\\\/auren.com\\\/co\\\/\"},{\"@type\":\"ListItem\",\"position\":2,\"name\":\"\u00bfC\u00f3mo una ESAL reconoce los aportes en especie realizados en el marco de un convenio?\"}]},{\"@type\":\"WebSite\",\"@id\":\"https:\\\/\\\/auren.com\\\/co\\\/#website\",\"url\":\"https:\\\/\\\/auren.com\\\/co\\\/\",\"name\":\"Auren Colombia\",\"description\":\"\",\"publisher\":{\"@id\":\"https:\\\/\\\/auren.com\\\/co\\\/#organization\"},\"potentialAction\":[{\"@type\":\"SearchAction\",\"target\":{\"@type\":\"EntryPoint\",\"urlTemplate\":\"https:\\\/\\\/auren.com\\\/co\\\/?s={search_term_string}\"},\"query-input\":{\"@type\":\"PropertyValueSpecification\",\"valueRequired\":true,\"valueName\":\"search_term_string\"}}],\"inLanguage\":\"es\"},{\"@type\":\"Organization\",\"@id\":\"https:\\\/\\\/auren.com\\\/co\\\/#organization\",\"name\":\"Auren Colombia\",\"url\":\"https:\\\/\\\/auren.com\\\/co\\\/\",\"logo\":{\"@type\":\"ImageObject\",\"inLanguage\":\"es\",\"@id\":\"https:\\\/\\\/auren.com\\\/co\\\/#\\\/schema\\\/logo\\\/image\\\/\",\"url\":\"https:\\\/\\\/auren.com\\\/co\\\/wp-content\\\/uploads\\\/2025\\\/01\\\/cropped-cropped-favicon-Auren.png\",\"contentUrl\":\"https:\\\/\\\/auren.com\\\/co\\\/wp-content\\\/uploads\\\/2025\\\/01\\\/cropped-cropped-favicon-Auren.png\",\"width\":512,\"height\":512,\"caption\":\"Auren Colombia\"},\"image\":{\"@id\":\"https:\\\/\\\/auren.com\\\/co\\\/#\\\/schema\\\/logo\\\/image\\\/\"},\"sameAs\":[\"https:\\\/\\\/x.com\\\/AurenColombia\",\"https:\\\/\\\/www.instagram.com\\\/aurencolombia\\\/\",\"https:\\\/\\\/www.youtube.com\\\/channel\\\/UCRYoGRMR_k4oVWesdErApmA\",\"https:\\\/\\\/www.linkedin.com\\\/company\\\/auren-colombia\"]}]}<\/script>\n<!-- \/ Yoast SEO plugin. -->","yoast_head_json":{"title":"\u00bfC\u00f3mo una ESAL reconoce los aportes en especie realizados en el marco de un convenio? - Auren Colombia","robots":{"index":"index","follow":"follow","max-snippet":"max-snippet:-1","max-image-preview":"max-image-preview:large","max-video-preview":"max-video-preview:-1"},"canonical":"https:\/\/auren.com\/co\/blog\/como-una-esal-reconoce-los-aportes-en-especie-realizados-en-el-marco-de-un-convenio\/","og_locale":"es_ES","og_type":"article","og_title":"\u00bfC\u00f3mo una ESAL reconoce los aportes en especie realizados en el marco de un convenio? - Auren Colombia","og_description":"El Consejo T\u00e9cnico de la Contadur\u00eda P\u00fablica analiz\u00f3 la forma en que una entidad sin \u00e1nimo de lucro (ESAL) contabiliza los aportes en especie realizados dentro del marco de un convenio&#8230;","og_url":"https:\/\/auren.com\/co\/blog\/como-una-esal-reconoce-los-aportes-en-especie-realizados-en-el-marco-de-un-convenio\/","og_site_name":"Auren Colombia","og_image":[{"width":1000,"height":667,"url":"https:\/\/auren.com\/co\/wp-content\/uploads\/2019\/11\/situacion-financiera-1.jpg","type":"image\/jpeg"}],"twitter_card":"summary_large_image","twitter_site":"@AurenColombia","twitter_misc":{"Tiempo de lectura":"1 minuto"},"schema":{"@context":"https:\/\/schema.org","@graph":[{"@type":"WebPage","@id":"https:\/\/auren.com\/co\/blog\/como-una-esal-reconoce-los-aportes-en-especie-realizados-en-el-marco-de-un-convenio\/","url":"https:\/\/auren.com\/co\/blog\/como-una-esal-reconoce-los-aportes-en-especie-realizados-en-el-marco-de-un-convenio\/","name":"\u00bfC\u00f3mo una ESAL reconoce los aportes en especie realizados en el marco de un convenio? - Auren Colombia","isPartOf":{"@id":"https:\/\/auren.com\/co\/#website"},"primaryImageOfPage":{"@id":"https:\/\/auren.com\/co\/blog\/como-una-esal-reconoce-los-aportes-en-especie-realizados-en-el-marco-de-un-convenio\/#primaryimage"},"image":{"@id":"https:\/\/auren.com\/co\/blog\/como-una-esal-reconoce-los-aportes-en-especie-realizados-en-el-marco-de-un-convenio\/#primaryimage"},"thumbnailUrl":"https:\/\/auren.com\/co\/wp-content\/uploads\/2019\/11\/situacion-financiera-1.jpg","datePublished":"2019-11-12T13:27:18+00:00","breadcrumb":{"@id":"https:\/\/auren.com\/co\/blog\/como-una-esal-reconoce-los-aportes-en-especie-realizados-en-el-marco-de-un-convenio\/#breadcrumb"},"inLanguage":"es","potentialAction":[{"@type":"ReadAction","target":["https:\/\/auren.com\/co\/blog\/como-una-esal-reconoce-los-aportes-en-especie-realizados-en-el-marco-de-un-convenio\/"]}]},{"@type":"ImageObject","inLanguage":"es","@id":"https:\/\/auren.com\/co\/blog\/como-una-esal-reconoce-los-aportes-en-especie-realizados-en-el-marco-de-un-convenio\/#primaryimage","url":"https:\/\/auren.com\/co\/wp-content\/uploads\/2019\/11\/situacion-financiera-1.jpg","contentUrl":"https:\/\/auren.com\/co\/wp-content\/uploads\/2019\/11\/situacion-financiera-1.jpg","width":1000,"height":667},{"@type":"BreadcrumbList","@id":"https:\/\/auren.com\/co\/blog\/como-una-esal-reconoce-los-aportes-en-especie-realizados-en-el-marco-de-un-convenio\/#breadcrumb","itemListElement":[{"@type":"ListItem","position":1,"name":"Portada","item":"https:\/\/auren.com\/co\/"},{"@type":"ListItem","position":2,"name":"\u00bfC\u00f3mo una ESAL reconoce los aportes en especie realizados en el marco de un convenio?"}]},{"@type":"WebSite","@id":"https:\/\/auren.com\/co\/#website","url":"https:\/\/auren.com\/co\/","name":"Auren Colombia","description":"","publisher":{"@id":"https:\/\/auren.com\/co\/#organization"},"potentialAction":[{"@type":"SearchAction","target":{"@type":"EntryPoint","urlTemplate":"https:\/\/auren.com\/co\/?s={search_term_string}"},"query-input":{"@type":"PropertyValueSpecification","valueRequired":true,"valueName":"search_term_string"}}],"inLanguage":"es"},{"@type":"Organization","@id":"https:\/\/auren.com\/co\/#organization","name":"Auren Colombia","url":"https:\/\/auren.com\/co\/","logo":{"@type":"ImageObject","inLanguage":"es","@id":"https:\/\/auren.com\/co\/#\/schema\/logo\/image\/","url":"https:\/\/auren.com\/co\/wp-content\/uploads\/2025\/01\/cropped-cropped-favicon-Auren.png","contentUrl":"https:\/\/auren.com\/co\/wp-content\/uploads\/2025\/01\/cropped-cropped-favicon-Auren.png","width":512,"height":512,"caption":"Auren Colombia"},"image":{"@id":"https:\/\/auren.com\/co\/#\/schema\/logo\/image\/"},"sameAs":["https:\/\/x.com\/AurenColombia","https:\/\/www.instagram.com\/aurencolombia\/","https:\/\/www.youtube.com\/channel\/UCRYoGRMR_k4oVWesdErApmA","https:\/\/www.linkedin.com\/company\/auren-colombia"]}]}},"_links":{"self":[{"href":"https:\/\/auren.com\/co\/wp-json\/wp\/v2\/blog\/10537","targetHints":{"allow":["GET"]}}],"collection":[{"href":"https:\/\/auren.com\/co\/wp-json\/wp\/v2\/blog"}],"about":[{"href":"https:\/\/auren.com\/co\/wp-json\/wp\/v2\/types\/blog"}],"version-history":[{"count":0,"href":"https:\/\/auren.com\/co\/wp-json\/wp\/v2\/blog\/10537\/revisions"}],"wp:featuredmedia":[{"embeddable":true,"href":"https:\/\/auren.com\/co\/wp-json\/wp\/v2\/media\/10538"}],"wp:attachment":[{"href":"https:\/\/auren.com\/co\/wp-json\/wp\/v2\/media?parent=10537"}],"wp:term":[{"taxonomy":"blog-category","embeddable":true,"href":"https:\/\/auren.com\/co\/wp-json\/wp\/v2\/blog-category?post=10537"}],"curies":[{"name":"wp","href":"https:\/\/api.w.org\/{rel}","templated":true}]}}