{"id":10543,"date":"2019-11-12T14:07:58","date_gmt":"2019-11-12T13:07:58","guid":{"rendered":"https:\/\/auren.com\/co\/blog\/reglamentados-aspectos-tributarios-de-los-fondos-de-capital-privado-y-fondos-de-inversion-colectiva\/"},"modified":"2019-11-12T14:07:58","modified_gmt":"2019-11-12T13:07:58","slug":"reglamentados-aspectos-tributarios-de-los-fondos-de-capital-privado-y-fondos-de-inversion-colectiva","status":"publish","type":"blog","link":"https:\/\/auren.com\/co\/blog\/reglamentados-aspectos-tributarios-de-los-fondos-de-capital-privado-y-fondos-de-inversion-colectiva\/","title":{"rendered":"Reglamentados aspectos tributarios de los fondos de capital privado y fondos de inversi\u00f3n colectiva"},"content":{"rendered":"<p class=\"text-justify\">Por medio del Decreto 1973 del 29 de octubre de 2019 se definieron algunos aspectos relacionados con la determinaci\u00f3n del impuesto sobre la renta respecto de las utilidades obtenidas por las inversiones de capital del exterior de portafolio, as\u00ed como la tributaci\u00f3n a cargo de los fondos de capital privado y fondos de inversi\u00f3n colectiva.<\/p>\n<p class=\"text-justify\">A tal efecto, el Decreto define los conceptos de beneficiario efectivo, beneficiario final, grupo inversionista vinculado econ\u00f3micamente y grupo familiar, entre otros, destacando que los criterios de vinculaci\u00f3n econ\u00f3mica se\u00f1alados en el Decreto son aplicables, independientemente que se trate de vinculados econ\u00f3micos nacionales o del exterior, y deben interpretarse de conformidad con la naturaleza de los fondos de capital privado y de inversi\u00f3n colectiva.<\/p>\n<p class=\"text-justify\">Por su parte, en relaci\u00f3n con los fondos de capital privado y fondos de inversi\u00f3n colectiva, se establece que el diferimiento del ingreso es aplicable a partir de la fecha en la cual se inscriban las participaciones del fondo de capital privado o de inversi\u00f3n colectiva en una bolsa de valores sometida a la inspecci\u00f3n y vigilancia de la Superintendencia Financiera, previa inscripci\u00f3n de dicho fondo en el Registro Nacional Valores y Emisores (RNVE).<\/p>\n<p class=\"text-justify\">Destaca el Decreto que en los casos en que el prop\u00f3sito principal para la creaci\u00f3n del fondo capital privado o de inversi\u00f3n colectiva sea el diferimiento de impuestos, las rentas de los part\u00edcipes o suscriptores se causar\u00e1n en el mismo ejercicio en que son percibidas por el fondo de capital privado o de inversi\u00f3n colectiva. Como ejemplo de ello, se\u00f1ala la estructuraci\u00f3n de un fondo con el fin de realizar una transacci\u00f3n particular venta de uno o varios activos, o cuando se estructura sin raz\u00f3n o prop\u00f3sito econ\u00f3mico y\/o comercial aparente, con el fin de obtener provecho tributario.<\/p>\n<p class=\"text-justify\">Para estos efectos, cuando no se admita el diferimiento del ingreso, la retenci\u00f3n en la fuente deber\u00e1 realizarse conforme con las normas que son aplicables en los contratos de fiducia mercantil, al momento de la realizaci\u00f3n del ingreso.<\/p>\n<p><em><strong>Fuente:<\/strong> Decreto 1973 del 29 de octubre de 2019<\/em><\/p>\n<\/p>\n<p><!-- AddThis Advanced Settings generic via filter on the_content --><!-- AddThis Share Buttons generic via filter on the_content --><\/p>\n","protected":false},"excerpt":{"rendered":"<p>Por medio del Decreto 1973 del 29 de octubre de 2019 se definieron algunos aspectos relacionados con la determinaci\u00f3n del impuesto sobre la renta&#8230;<\/p>\n","protected":false},"featured_media":10544,"template":"","meta":{"_acf_changed":false,"footnotes":""},"blog-category":[],"class_list":["post-10543","blog","type-blog","status-publish","has-post-thumbnail","hentry"],"acf":[],"yoast_head":"<!-- This site is optimized with the Yoast SEO plugin v27.4 - https:\/\/yoast.com\/product\/yoast-seo-wordpress\/ -->\n<title>Reglamentados aspectos tributarios de los fondos de capital privado y fondos de inversi\u00f3n colectiva - Auren Colombia<\/title>\n<meta name=\"robots\" content=\"index, follow, max-snippet:-1, max-image-preview:large, max-video-preview:-1\" \/>\n<link rel=\"canonical\" href=\"https:\/\/auren.com\/co\/blog\/reglamentados-aspectos-tributarios-de-los-fondos-de-capital-privado-y-fondos-de-inversion-colectiva\/\" \/>\n<meta property=\"og:locale\" content=\"es_ES\" \/>\n<meta property=\"og:type\" content=\"article\" \/>\n<meta property=\"og:title\" content=\"Reglamentados aspectos tributarios de los fondos de capital privado y fondos de inversi\u00f3n colectiva - Auren Colombia\" \/>\n<meta property=\"og:description\" content=\"Por medio del Decreto 1973 del 29 de octubre de 2019 se definieron algunos aspectos relacionados con la determinaci\u00f3n del impuesto sobre la renta&#8230;\" \/>\n<meta property=\"og:url\" content=\"https:\/\/auren.com\/co\/blog\/reglamentados-aspectos-tributarios-de-los-fondos-de-capital-privado-y-fondos-de-inversion-colectiva\/\" \/>\n<meta property=\"og:site_name\" content=\"Auren Colombia\" \/>\n<meta property=\"og:image\" content=\"https:\/\/auren.com\/co\/wp-content\/uploads\/2019\/11\/sociedades-reguladas-2.jpg\" \/>\n\t<meta property=\"og:image:width\" content=\"1000\" \/>\n\t<meta property=\"og:image:height\" content=\"667\" \/>\n\t<meta property=\"og:image:type\" content=\"image\/jpeg\" \/>\n<meta name=\"twitter:card\" content=\"summary_large_image\" \/>\n<meta name=\"twitter:site\" content=\"@AurenColombia\" \/>\n<meta name=\"twitter:label1\" content=\"Tiempo de lectura\" \/>\n\t<meta name=\"twitter:data1\" content=\"2 minutos\" \/>\n<script type=\"application\/ld+json\" class=\"yoast-schema-graph\">{\"@context\":\"https:\\\/\\\/schema.org\",\"@graph\":[{\"@type\":\"WebPage\",\"@id\":\"https:\\\/\\\/auren.com\\\/co\\\/blog\\\/reglamentados-aspectos-tributarios-de-los-fondos-de-capital-privado-y-fondos-de-inversion-colectiva\\\/\",\"url\":\"https:\\\/\\\/auren.com\\\/co\\\/blog\\\/reglamentados-aspectos-tributarios-de-los-fondos-de-capital-privado-y-fondos-de-inversion-colectiva\\\/\",\"name\":\"Reglamentados aspectos tributarios de los fondos de capital privado y fondos de inversi\u00f3n colectiva - Auren Colombia\",\"isPartOf\":{\"@id\":\"https:\\\/\\\/auren.com\\\/co\\\/#website\"},\"primaryImageOfPage\":{\"@id\":\"https:\\\/\\\/auren.com\\\/co\\\/blog\\\/reglamentados-aspectos-tributarios-de-los-fondos-de-capital-privado-y-fondos-de-inversion-colectiva\\\/#primaryimage\"},\"image\":{\"@id\":\"https:\\\/\\\/auren.com\\\/co\\\/blog\\\/reglamentados-aspectos-tributarios-de-los-fondos-de-capital-privado-y-fondos-de-inversion-colectiva\\\/#primaryimage\"},\"thumbnailUrl\":\"https:\\\/\\\/auren.com\\\/co\\\/wp-content\\\/uploads\\\/2019\\\/11\\\/sociedades-reguladas-2.jpg\",\"datePublished\":\"2019-11-12T13:07:58+00:00\",\"breadcrumb\":{\"@id\":\"https:\\\/\\\/auren.com\\\/co\\\/blog\\\/reglamentados-aspectos-tributarios-de-los-fondos-de-capital-privado-y-fondos-de-inversion-colectiva\\\/#breadcrumb\"},\"inLanguage\":\"es\",\"potentialAction\":[{\"@type\":\"ReadAction\",\"target\":[\"https:\\\/\\\/auren.com\\\/co\\\/blog\\\/reglamentados-aspectos-tributarios-de-los-fondos-de-capital-privado-y-fondos-de-inversion-colectiva\\\/\"]}]},{\"@type\":\"ImageObject\",\"inLanguage\":\"es\",\"@id\":\"https:\\\/\\\/auren.com\\\/co\\\/blog\\\/reglamentados-aspectos-tributarios-de-los-fondos-de-capital-privado-y-fondos-de-inversion-colectiva\\\/#primaryimage\",\"url\":\"https:\\\/\\\/auren.com\\\/co\\\/wp-content\\\/uploads\\\/2019\\\/11\\\/sociedades-reguladas-2.jpg\",\"contentUrl\":\"https:\\\/\\\/auren.com\\\/co\\\/wp-content\\\/uploads\\\/2019\\\/11\\\/sociedades-reguladas-2.jpg\",\"width\":1000,\"height\":667},{\"@type\":\"BreadcrumbList\",\"@id\":\"https:\\\/\\\/auren.com\\\/co\\\/blog\\\/reglamentados-aspectos-tributarios-de-los-fondos-de-capital-privado-y-fondos-de-inversion-colectiva\\\/#breadcrumb\",\"itemListElement\":[{\"@type\":\"ListItem\",\"position\":1,\"name\":\"Portada\",\"item\":\"https:\\\/\\\/auren.com\\\/co\\\/\"},{\"@type\":\"ListItem\",\"position\":2,\"name\":\"Reglamentados aspectos tributarios de los fondos de capital privado y fondos de inversi\u00f3n colectiva\"}]},{\"@type\":\"WebSite\",\"@id\":\"https:\\\/\\\/auren.com\\\/co\\\/#website\",\"url\":\"https:\\\/\\\/auren.com\\\/co\\\/\",\"name\":\"Auren Colombia\",\"description\":\"\",\"publisher\":{\"@id\":\"https:\\\/\\\/auren.com\\\/co\\\/#organization\"},\"potentialAction\":[{\"@type\":\"SearchAction\",\"target\":{\"@type\":\"EntryPoint\",\"urlTemplate\":\"https:\\\/\\\/auren.com\\\/co\\\/?s={search_term_string}\"},\"query-input\":{\"@type\":\"PropertyValueSpecification\",\"valueRequired\":true,\"valueName\":\"search_term_string\"}}],\"inLanguage\":\"es\"},{\"@type\":\"Organization\",\"@id\":\"https:\\\/\\\/auren.com\\\/co\\\/#organization\",\"name\":\"Auren Colombia\",\"url\":\"https:\\\/\\\/auren.com\\\/co\\\/\",\"logo\":{\"@type\":\"ImageObject\",\"inLanguage\":\"es\",\"@id\":\"https:\\\/\\\/auren.com\\\/co\\\/#\\\/schema\\\/logo\\\/image\\\/\",\"url\":\"https:\\\/\\\/auren.com\\\/co\\\/wp-content\\\/uploads\\\/2025\\\/01\\\/cropped-cropped-favicon-Auren.png\",\"contentUrl\":\"https:\\\/\\\/auren.com\\\/co\\\/wp-content\\\/uploads\\\/2025\\\/01\\\/cropped-cropped-favicon-Auren.png\",\"width\":512,\"height\":512,\"caption\":\"Auren Colombia\"},\"image\":{\"@id\":\"https:\\\/\\\/auren.com\\\/co\\\/#\\\/schema\\\/logo\\\/image\\\/\"},\"sameAs\":[\"https:\\\/\\\/x.com\\\/AurenColombia\",\"https:\\\/\\\/www.instagram.com\\\/aurencolombia\\\/\",\"https:\\\/\\\/www.youtube.com\\\/channel\\\/UCRYoGRMR_k4oVWesdErApmA\",\"https:\\\/\\\/www.linkedin.com\\\/company\\\/auren-colombia\"]}]}<\/script>\n<!-- \/ Yoast SEO plugin. -->","yoast_head_json":{"title":"Reglamentados aspectos tributarios de los fondos de capital privado y fondos de inversi\u00f3n colectiva - Auren Colombia","robots":{"index":"index","follow":"follow","max-snippet":"max-snippet:-1","max-image-preview":"max-image-preview:large","max-video-preview":"max-video-preview:-1"},"canonical":"https:\/\/auren.com\/co\/blog\/reglamentados-aspectos-tributarios-de-los-fondos-de-capital-privado-y-fondos-de-inversion-colectiva\/","og_locale":"es_ES","og_type":"article","og_title":"Reglamentados aspectos tributarios de los fondos de capital privado y fondos de inversi\u00f3n colectiva - Auren Colombia","og_description":"Por medio del Decreto 1973 del 29 de octubre de 2019 se definieron algunos aspectos relacionados con la determinaci\u00f3n del impuesto sobre la renta&#8230;","og_url":"https:\/\/auren.com\/co\/blog\/reglamentados-aspectos-tributarios-de-los-fondos-de-capital-privado-y-fondos-de-inversion-colectiva\/","og_site_name":"Auren Colombia","og_image":[{"width":1000,"height":667,"url":"https:\/\/auren.com\/co\/wp-content\/uploads\/2019\/11\/sociedades-reguladas-2.jpg","type":"image\/jpeg"}],"twitter_card":"summary_large_image","twitter_site":"@AurenColombia","twitter_misc":{"Tiempo de lectura":"2 minutos"},"schema":{"@context":"https:\/\/schema.org","@graph":[{"@type":"WebPage","@id":"https:\/\/auren.com\/co\/blog\/reglamentados-aspectos-tributarios-de-los-fondos-de-capital-privado-y-fondos-de-inversion-colectiva\/","url":"https:\/\/auren.com\/co\/blog\/reglamentados-aspectos-tributarios-de-los-fondos-de-capital-privado-y-fondos-de-inversion-colectiva\/","name":"Reglamentados aspectos tributarios de los fondos de capital privado y fondos de inversi\u00f3n colectiva - Auren Colombia","isPartOf":{"@id":"https:\/\/auren.com\/co\/#website"},"primaryImageOfPage":{"@id":"https:\/\/auren.com\/co\/blog\/reglamentados-aspectos-tributarios-de-los-fondos-de-capital-privado-y-fondos-de-inversion-colectiva\/#primaryimage"},"image":{"@id":"https:\/\/auren.com\/co\/blog\/reglamentados-aspectos-tributarios-de-los-fondos-de-capital-privado-y-fondos-de-inversion-colectiva\/#primaryimage"},"thumbnailUrl":"https:\/\/auren.com\/co\/wp-content\/uploads\/2019\/11\/sociedades-reguladas-2.jpg","datePublished":"2019-11-12T13:07:58+00:00","breadcrumb":{"@id":"https:\/\/auren.com\/co\/blog\/reglamentados-aspectos-tributarios-de-los-fondos-de-capital-privado-y-fondos-de-inversion-colectiva\/#breadcrumb"},"inLanguage":"es","potentialAction":[{"@type":"ReadAction","target":["https:\/\/auren.com\/co\/blog\/reglamentados-aspectos-tributarios-de-los-fondos-de-capital-privado-y-fondos-de-inversion-colectiva\/"]}]},{"@type":"ImageObject","inLanguage":"es","@id":"https:\/\/auren.com\/co\/blog\/reglamentados-aspectos-tributarios-de-los-fondos-de-capital-privado-y-fondos-de-inversion-colectiva\/#primaryimage","url":"https:\/\/auren.com\/co\/wp-content\/uploads\/2019\/11\/sociedades-reguladas-2.jpg","contentUrl":"https:\/\/auren.com\/co\/wp-content\/uploads\/2019\/11\/sociedades-reguladas-2.jpg","width":1000,"height":667},{"@type":"BreadcrumbList","@id":"https:\/\/auren.com\/co\/blog\/reglamentados-aspectos-tributarios-de-los-fondos-de-capital-privado-y-fondos-de-inversion-colectiva\/#breadcrumb","itemListElement":[{"@type":"ListItem","position":1,"name":"Portada","item":"https:\/\/auren.com\/co\/"},{"@type":"ListItem","position":2,"name":"Reglamentados aspectos tributarios de los fondos de capital privado y fondos de inversi\u00f3n colectiva"}]},{"@type":"WebSite","@id":"https:\/\/auren.com\/co\/#website","url":"https:\/\/auren.com\/co\/","name":"Auren Colombia","description":"","publisher":{"@id":"https:\/\/auren.com\/co\/#organization"},"potentialAction":[{"@type":"SearchAction","target":{"@type":"EntryPoint","urlTemplate":"https:\/\/auren.com\/co\/?s={search_term_string}"},"query-input":{"@type":"PropertyValueSpecification","valueRequired":true,"valueName":"search_term_string"}}],"inLanguage":"es"},{"@type":"Organization","@id":"https:\/\/auren.com\/co\/#organization","name":"Auren Colombia","url":"https:\/\/auren.com\/co\/","logo":{"@type":"ImageObject","inLanguage":"es","@id":"https:\/\/auren.com\/co\/#\/schema\/logo\/image\/","url":"https:\/\/auren.com\/co\/wp-content\/uploads\/2025\/01\/cropped-cropped-favicon-Auren.png","contentUrl":"https:\/\/auren.com\/co\/wp-content\/uploads\/2025\/01\/cropped-cropped-favicon-Auren.png","width":512,"height":512,"caption":"Auren Colombia"},"image":{"@id":"https:\/\/auren.com\/co\/#\/schema\/logo\/image\/"},"sameAs":["https:\/\/x.com\/AurenColombia","https:\/\/www.instagram.com\/aurencolombia\/","https:\/\/www.youtube.com\/channel\/UCRYoGRMR_k4oVWesdErApmA","https:\/\/www.linkedin.com\/company\/auren-colombia"]}]}},"_links":{"self":[{"href":"https:\/\/auren.com\/co\/wp-json\/wp\/v2\/blog\/10543","targetHints":{"allow":["GET"]}}],"collection":[{"href":"https:\/\/auren.com\/co\/wp-json\/wp\/v2\/blog"}],"about":[{"href":"https:\/\/auren.com\/co\/wp-json\/wp\/v2\/types\/blog"}],"version-history":[{"count":0,"href":"https:\/\/auren.com\/co\/wp-json\/wp\/v2\/blog\/10543\/revisions"}],"wp:featuredmedia":[{"embeddable":true,"href":"https:\/\/auren.com\/co\/wp-json\/wp\/v2\/media\/10544"}],"wp:attachment":[{"href":"https:\/\/auren.com\/co\/wp-json\/wp\/v2\/media?parent=10543"}],"wp:term":[{"taxonomy":"blog-category","embeddable":true,"href":"https:\/\/auren.com\/co\/wp-json\/wp\/v2\/blog-category?post=10543"}],"curies":[{"name":"wp","href":"https:\/\/api.w.org\/{rel}","templated":true}]}}