{"id":10555,"date":"2019-11-04T23:26:12","date_gmt":"2019-11-04T22:26:12","guid":{"rendered":"https:\/\/auren.com\/co\/blog\/el-pago-de-horas-extras-no-debe-ser-tomado-para-determinar-la-obligacion-de-pagar-el-auxilio-de-transporte\/"},"modified":"2019-11-04T23:26:12","modified_gmt":"2019-11-04T22:26:12","slug":"el-pago-de-horas-extras-no-debe-ser-tomado-para-determinar-la-obligacion-de-pagar-el-auxilio-de-transporte","status":"publish","type":"blog","link":"https:\/\/auren.com\/co\/blog\/el-pago-de-horas-extras-no-debe-ser-tomado-para-determinar-la-obligacion-de-pagar-el-auxilio-de-transporte\/","title":{"rendered":"El pago de horas extras no debe ser tomado para determinar la obligaci\u00f3n de pagar el auxilio de transporte"},"content":{"rendered":"<p class=\"text-justify\">El auxilio de transporte se paga respecto de trabajadores que devenguen hasta 2 salarios m\u00ednimos legales mensuales vigentes (SMMLV).<\/p>\n<p class=\"text-justify\">En virtud de esta disposici\u00f3n normativa, el Ministerio del Trabajo analiz\u00f3 el caso de aquellos trabajadores que devengan hasta 2 SMMLV por laborar la jornada ordinaria m\u00e1xima legal (8 horas diarias y 48 horas semanales), pero que producto de trabajar horas extras perciben un ingreso superior a los 2 SMMLV.<\/p>\n<p class=\"text-justify\">Para el Ministerio, pese a que el pago de las horas extras constituye salario, tales valores no deben ser tenidos en cuenta para determinar la obligaci\u00f3n de pagar el auxilio de transporte, aduciendo para el efecto que \u00fanicamente debe tomarse el salario derivado de laborar la jornada ordinaria m\u00e1xima.<\/p>\n<p><em><strong>Fuente:<\/strong> Ministerio del Trabajo, Concepto 961 de septiembre de 2019<\/em><\/p>\n<\/p>\n<p><!-- AddThis Advanced Settings generic via filter on the_content --><!-- AddThis Share Buttons generic via filter on the_content --><\/p>\n","protected":false},"excerpt":{"rendered":"<p>El auxilio de transporte se paga respecto de trabajadores que devenguen hasta 2 salarios m\u00ednimos legales mensuales vigentes (SMMLV)&#8230;<\/p>\n","protected":false},"featured_media":10556,"template":"","meta":{"_acf_changed":false,"footnotes":""},"blog-category":[],"class_list":["post-10555","blog","type-blog","status-publish","has-post-thumbnail","hentry"],"acf":[],"yoast_head":"<!-- This site is optimized with the Yoast SEO plugin v27.4 - https:\/\/yoast.com\/product\/yoast-seo-wordpress\/ -->\n<title>El pago de horas extras no debe ser tomado para determinar la obligaci\u00f3n de pagar el auxilio de transporte - Auren Colombia<\/title>\n<meta name=\"robots\" content=\"index, follow, max-snippet:-1, max-image-preview:large, max-video-preview:-1\" \/>\n<link rel=\"canonical\" href=\"https:\/\/auren.com\/co\/blog\/el-pago-de-horas-extras-no-debe-ser-tomado-para-determinar-la-obligacion-de-pagar-el-auxilio-de-transporte\/\" \/>\n<meta property=\"og:locale\" content=\"es_ES\" \/>\n<meta property=\"og:type\" content=\"article\" \/>\n<meta property=\"og:title\" content=\"El pago de horas extras no debe ser tomado para determinar la obligaci\u00f3n de pagar el auxilio de transporte - Auren Colombia\" \/>\n<meta property=\"og:description\" content=\"El auxilio de transporte se paga respecto de trabajadores que devenguen hasta 2 salarios m\u00ednimos legales mensuales vigentes (SMMLV)&#8230;\" \/>\n<meta property=\"og:url\" content=\"https:\/\/auren.com\/co\/blog\/el-pago-de-horas-extras-no-debe-ser-tomado-para-determinar-la-obligacion-de-pagar-el-auxilio-de-transporte\/\" \/>\n<meta property=\"og:site_name\" content=\"Auren Colombia\" \/>\n<meta property=\"og:image\" content=\"https:\/\/auren.com\/co\/wp-content\/uploads\/2019\/11\/el-auxilio-de-transporte-1.jpg\" \/>\n\t<meta property=\"og:image:width\" content=\"900\" \/>\n\t<meta property=\"og:image:height\" content=\"600\" \/>\n\t<meta property=\"og:image:type\" content=\"image\/jpeg\" \/>\n<meta name=\"twitter:card\" content=\"summary_large_image\" \/>\n<meta name=\"twitter:site\" content=\"@AurenColombia\" \/>\n<meta name=\"twitter:label1\" content=\"Tiempo de lectura\" \/>\n\t<meta name=\"twitter:data1\" content=\"1 minuto\" \/>\n<script type=\"application\/ld+json\" class=\"yoast-schema-graph\">{\"@context\":\"https:\\\/\\\/schema.org\",\"@graph\":[{\"@type\":\"WebPage\",\"@id\":\"https:\\\/\\\/auren.com\\\/co\\\/blog\\\/el-pago-de-horas-extras-no-debe-ser-tomado-para-determinar-la-obligacion-de-pagar-el-auxilio-de-transporte\\\/\",\"url\":\"https:\\\/\\\/auren.com\\\/co\\\/blog\\\/el-pago-de-horas-extras-no-debe-ser-tomado-para-determinar-la-obligacion-de-pagar-el-auxilio-de-transporte\\\/\",\"name\":\"El pago de horas extras no debe ser tomado para determinar la obligaci\u00f3n de pagar el auxilio de transporte - Auren Colombia\",\"isPartOf\":{\"@id\":\"https:\\\/\\\/auren.com\\\/co\\\/#website\"},\"primaryImageOfPage\":{\"@id\":\"https:\\\/\\\/auren.com\\\/co\\\/blog\\\/el-pago-de-horas-extras-no-debe-ser-tomado-para-determinar-la-obligacion-de-pagar-el-auxilio-de-transporte\\\/#primaryimage\"},\"image\":{\"@id\":\"https:\\\/\\\/auren.com\\\/co\\\/blog\\\/el-pago-de-horas-extras-no-debe-ser-tomado-para-determinar-la-obligacion-de-pagar-el-auxilio-de-transporte\\\/#primaryimage\"},\"thumbnailUrl\":\"https:\\\/\\\/auren.com\\\/co\\\/wp-content\\\/uploads\\\/2019\\\/11\\\/el-auxilio-de-transporte-1.jpg\",\"datePublished\":\"2019-11-04T22:26:12+00:00\",\"breadcrumb\":{\"@id\":\"https:\\\/\\\/auren.com\\\/co\\\/blog\\\/el-pago-de-horas-extras-no-debe-ser-tomado-para-determinar-la-obligacion-de-pagar-el-auxilio-de-transporte\\\/#breadcrumb\"},\"inLanguage\":\"es\",\"potentialAction\":[{\"@type\":\"ReadAction\",\"target\":[\"https:\\\/\\\/auren.com\\\/co\\\/blog\\\/el-pago-de-horas-extras-no-debe-ser-tomado-para-determinar-la-obligacion-de-pagar-el-auxilio-de-transporte\\\/\"]}]},{\"@type\":\"ImageObject\",\"inLanguage\":\"es\",\"@id\":\"https:\\\/\\\/auren.com\\\/co\\\/blog\\\/el-pago-de-horas-extras-no-debe-ser-tomado-para-determinar-la-obligacion-de-pagar-el-auxilio-de-transporte\\\/#primaryimage\",\"url\":\"https:\\\/\\\/auren.com\\\/co\\\/wp-content\\\/uploads\\\/2019\\\/11\\\/el-auxilio-de-transporte-1.jpg\",\"contentUrl\":\"https:\\\/\\\/auren.com\\\/co\\\/wp-content\\\/uploads\\\/2019\\\/11\\\/el-auxilio-de-transporte-1.jpg\",\"width\":900,\"height\":600},{\"@type\":\"BreadcrumbList\",\"@id\":\"https:\\\/\\\/auren.com\\\/co\\\/blog\\\/el-pago-de-horas-extras-no-debe-ser-tomado-para-determinar-la-obligacion-de-pagar-el-auxilio-de-transporte\\\/#breadcrumb\",\"itemListElement\":[{\"@type\":\"ListItem\",\"position\":1,\"name\":\"Portada\",\"item\":\"https:\\\/\\\/auren.com\\\/co\\\/\"},{\"@type\":\"ListItem\",\"position\":2,\"name\":\"El pago de horas extras no debe ser tomado para determinar la obligaci\u00f3n de pagar el auxilio de transporte\"}]},{\"@type\":\"WebSite\",\"@id\":\"https:\\\/\\\/auren.com\\\/co\\\/#website\",\"url\":\"https:\\\/\\\/auren.com\\\/co\\\/\",\"name\":\"Auren Colombia\",\"description\":\"\",\"publisher\":{\"@id\":\"https:\\\/\\\/auren.com\\\/co\\\/#organization\"},\"potentialAction\":[{\"@type\":\"SearchAction\",\"target\":{\"@type\":\"EntryPoint\",\"urlTemplate\":\"https:\\\/\\\/auren.com\\\/co\\\/?s={search_term_string}\"},\"query-input\":{\"@type\":\"PropertyValueSpecification\",\"valueRequired\":true,\"valueName\":\"search_term_string\"}}],\"inLanguage\":\"es\"},{\"@type\":\"Organization\",\"@id\":\"https:\\\/\\\/auren.com\\\/co\\\/#organization\",\"name\":\"Auren Colombia\",\"url\":\"https:\\\/\\\/auren.com\\\/co\\\/\",\"logo\":{\"@type\":\"ImageObject\",\"inLanguage\":\"es\",\"@id\":\"https:\\\/\\\/auren.com\\\/co\\\/#\\\/schema\\\/logo\\\/image\\\/\",\"url\":\"https:\\\/\\\/auren.com\\\/co\\\/wp-content\\\/uploads\\\/2025\\\/01\\\/cropped-cropped-favicon-Auren.png\",\"contentUrl\":\"https:\\\/\\\/auren.com\\\/co\\\/wp-content\\\/uploads\\\/2025\\\/01\\\/cropped-cropped-favicon-Auren.png\",\"width\":512,\"height\":512,\"caption\":\"Auren Colombia\"},\"image\":{\"@id\":\"https:\\\/\\\/auren.com\\\/co\\\/#\\\/schema\\\/logo\\\/image\\\/\"},\"sameAs\":[\"https:\\\/\\\/x.com\\\/AurenColombia\",\"https:\\\/\\\/www.instagram.com\\\/aurencolombia\\\/\",\"https:\\\/\\\/www.youtube.com\\\/channel\\\/UCRYoGRMR_k4oVWesdErApmA\",\"https:\\\/\\\/www.linkedin.com\\\/company\\\/auren-colombia\"]}]}<\/script>\n<!-- \/ Yoast SEO plugin. -->","yoast_head_json":{"title":"El pago de horas extras no debe ser tomado para determinar la obligaci\u00f3n de pagar el auxilio de transporte - Auren Colombia","robots":{"index":"index","follow":"follow","max-snippet":"max-snippet:-1","max-image-preview":"max-image-preview:large","max-video-preview":"max-video-preview:-1"},"canonical":"https:\/\/auren.com\/co\/blog\/el-pago-de-horas-extras-no-debe-ser-tomado-para-determinar-la-obligacion-de-pagar-el-auxilio-de-transporte\/","og_locale":"es_ES","og_type":"article","og_title":"El pago de horas extras no debe ser tomado para determinar la obligaci\u00f3n de pagar el auxilio de transporte - Auren Colombia","og_description":"El auxilio de transporte se paga respecto de trabajadores que devenguen hasta 2 salarios m\u00ednimos legales mensuales vigentes (SMMLV)&#8230;","og_url":"https:\/\/auren.com\/co\/blog\/el-pago-de-horas-extras-no-debe-ser-tomado-para-determinar-la-obligacion-de-pagar-el-auxilio-de-transporte\/","og_site_name":"Auren Colombia","og_image":[{"width":900,"height":600,"url":"https:\/\/auren.com\/co\/wp-content\/uploads\/2019\/11\/el-auxilio-de-transporte-1.jpg","type":"image\/jpeg"}],"twitter_card":"summary_large_image","twitter_site":"@AurenColombia","twitter_misc":{"Tiempo de lectura":"1 minuto"},"schema":{"@context":"https:\/\/schema.org","@graph":[{"@type":"WebPage","@id":"https:\/\/auren.com\/co\/blog\/el-pago-de-horas-extras-no-debe-ser-tomado-para-determinar-la-obligacion-de-pagar-el-auxilio-de-transporte\/","url":"https:\/\/auren.com\/co\/blog\/el-pago-de-horas-extras-no-debe-ser-tomado-para-determinar-la-obligacion-de-pagar-el-auxilio-de-transporte\/","name":"El pago de horas extras no debe ser tomado para determinar la obligaci\u00f3n de pagar el auxilio de transporte - Auren Colombia","isPartOf":{"@id":"https:\/\/auren.com\/co\/#website"},"primaryImageOfPage":{"@id":"https:\/\/auren.com\/co\/blog\/el-pago-de-horas-extras-no-debe-ser-tomado-para-determinar-la-obligacion-de-pagar-el-auxilio-de-transporte\/#primaryimage"},"image":{"@id":"https:\/\/auren.com\/co\/blog\/el-pago-de-horas-extras-no-debe-ser-tomado-para-determinar-la-obligacion-de-pagar-el-auxilio-de-transporte\/#primaryimage"},"thumbnailUrl":"https:\/\/auren.com\/co\/wp-content\/uploads\/2019\/11\/el-auxilio-de-transporte-1.jpg","datePublished":"2019-11-04T22:26:12+00:00","breadcrumb":{"@id":"https:\/\/auren.com\/co\/blog\/el-pago-de-horas-extras-no-debe-ser-tomado-para-determinar-la-obligacion-de-pagar-el-auxilio-de-transporte\/#breadcrumb"},"inLanguage":"es","potentialAction":[{"@type":"ReadAction","target":["https:\/\/auren.com\/co\/blog\/el-pago-de-horas-extras-no-debe-ser-tomado-para-determinar-la-obligacion-de-pagar-el-auxilio-de-transporte\/"]}]},{"@type":"ImageObject","inLanguage":"es","@id":"https:\/\/auren.com\/co\/blog\/el-pago-de-horas-extras-no-debe-ser-tomado-para-determinar-la-obligacion-de-pagar-el-auxilio-de-transporte\/#primaryimage","url":"https:\/\/auren.com\/co\/wp-content\/uploads\/2019\/11\/el-auxilio-de-transporte-1.jpg","contentUrl":"https:\/\/auren.com\/co\/wp-content\/uploads\/2019\/11\/el-auxilio-de-transporte-1.jpg","width":900,"height":600},{"@type":"BreadcrumbList","@id":"https:\/\/auren.com\/co\/blog\/el-pago-de-horas-extras-no-debe-ser-tomado-para-determinar-la-obligacion-de-pagar-el-auxilio-de-transporte\/#breadcrumb","itemListElement":[{"@type":"ListItem","position":1,"name":"Portada","item":"https:\/\/auren.com\/co\/"},{"@type":"ListItem","position":2,"name":"El pago de horas extras no debe ser tomado para determinar la obligaci\u00f3n de pagar el auxilio de transporte"}]},{"@type":"WebSite","@id":"https:\/\/auren.com\/co\/#website","url":"https:\/\/auren.com\/co\/","name":"Auren Colombia","description":"","publisher":{"@id":"https:\/\/auren.com\/co\/#organization"},"potentialAction":[{"@type":"SearchAction","target":{"@type":"EntryPoint","urlTemplate":"https:\/\/auren.com\/co\/?s={search_term_string}"},"query-input":{"@type":"PropertyValueSpecification","valueRequired":true,"valueName":"search_term_string"}}],"inLanguage":"es"},{"@type":"Organization","@id":"https:\/\/auren.com\/co\/#organization","name":"Auren Colombia","url":"https:\/\/auren.com\/co\/","logo":{"@type":"ImageObject","inLanguage":"es","@id":"https:\/\/auren.com\/co\/#\/schema\/logo\/image\/","url":"https:\/\/auren.com\/co\/wp-content\/uploads\/2025\/01\/cropped-cropped-favicon-Auren.png","contentUrl":"https:\/\/auren.com\/co\/wp-content\/uploads\/2025\/01\/cropped-cropped-favicon-Auren.png","width":512,"height":512,"caption":"Auren Colombia"},"image":{"@id":"https:\/\/auren.com\/co\/#\/schema\/logo\/image\/"},"sameAs":["https:\/\/x.com\/AurenColombia","https:\/\/www.instagram.com\/aurencolombia\/","https:\/\/www.youtube.com\/channel\/UCRYoGRMR_k4oVWesdErApmA","https:\/\/www.linkedin.com\/company\/auren-colombia"]}]}},"_links":{"self":[{"href":"https:\/\/auren.com\/co\/wp-json\/wp\/v2\/blog\/10555","targetHints":{"allow":["GET"]}}],"collection":[{"href":"https:\/\/auren.com\/co\/wp-json\/wp\/v2\/blog"}],"about":[{"href":"https:\/\/auren.com\/co\/wp-json\/wp\/v2\/types\/blog"}],"version-history":[{"count":0,"href":"https:\/\/auren.com\/co\/wp-json\/wp\/v2\/blog\/10555\/revisions"}],"wp:featuredmedia":[{"embeddable":true,"href":"https:\/\/auren.com\/co\/wp-json\/wp\/v2\/media\/10556"}],"wp:attachment":[{"href":"https:\/\/auren.com\/co\/wp-json\/wp\/v2\/media?parent=10555"}],"wp:term":[{"taxonomy":"blog-category","embeddable":true,"href":"https:\/\/auren.com\/co\/wp-json\/wp\/v2\/blog-category?post=10555"}],"curies":[{"name":"wp","href":"https:\/\/api.w.org\/{rel}","templated":true}]}}