{"id":10564,"date":"2019-07-10T14:10:17","date_gmt":"2019-07-10T12:10:17","guid":{"rendered":"https:\/\/auren.com\/co\/blog\/puede-el-maximo-organo-social-de-una-sociedad-en-grado-de-control-remover-al-administrador-designado-por-la-superintendencia-de-sociedades\/"},"modified":"2019-07-10T14:10:17","modified_gmt":"2019-07-10T12:10:17","slug":"puede-el-maximo-organo-social-de-una-sociedad-en-grado-de-control-remover-al-administrador-designado-por-la-superintendencia-de-sociedades","status":"publish","type":"blog","link":"https:\/\/auren.com\/co\/blog\/puede-el-maximo-organo-social-de-una-sociedad-en-grado-de-control-remover-al-administrador-designado-por-la-superintendencia-de-sociedades\/","title":{"rendered":"\u00bfPuede el m\u00e1ximo \u00f3rgano social de una sociedad en grado de control, remover al administrador designado por la Superintendencia de Sociedades?"},"content":{"rendered":"<p>Establecen las normas societarias que el grado de control consiste en la atribuci\u00f3n de la Superintendencia de Sociedades para ordenar los correctivos necesarios para subsanar una situaci\u00f3n cr\u00edtica de orden jur\u00eddico, contable, econ\u00f3mico o administrativo de cualquier sociedad comercial no vigilada por otra entidad, cuando as\u00ed lo determine la Superintendencia.<\/p>\n<p>En ejercicio de tal control, la Superintendencia de Sociedades tiene la facultad de ordenar la remoci\u00f3n de los administradores, Revisor Fiscal y empleados, por incumplir \u00f3rdenes de la Superintendencia o deberes legales o estatutarios, y designar su reemplazo de las listas que elabore la misma Superintendencia.<\/p>\n<p>Cuando la Superintendencia designa al administrador, lo hace como si fuera el m\u00e1ximo \u00f3rgano social para ese evento, por lo cual, ella es la \u00fanica que lo puede remover en cualquier tiempo, aceptar su renuncia y designar a otra persona para que contin\u00fae en el desempe\u00f1o de su responsabilidad, circunstancia por la cual concluy\u00f3 que el m\u00e1ximo \u00f3rgano social de la sociedad que se encuentra en el grado de control, no cuenta con la facultad para remover a la persona designada por la Superintendencia.<\/p>\n<p>Adicionalmente, precis\u00f3 la entidad que en la designaci\u00f3n no se fija un t\u00e9rmino durante el cual va la persona fungir\u00e1 como administrador, lo cual puede extenderse hasta cuando as\u00ed lo disponga la propia Superintendencia, o hasta cuando la sociedad que se encuentre en el grado de control quede exonerada de tal carga, sin que sea obligatorio para la Superintendencia establecer el t\u00e9rmino durante el cual perdurar\u00e1 dicha responsabilidad.<\/p>\n<p><em>Fuente: Superintendencia de Sociedades, Oficio 220-67651 del 20 de junio de 2019<\/em> <\/p>\n<\/p>\n<p><!-- AddThis Advanced Settings generic via filter on the_content --><!-- AddThis Share Buttons generic via filter on the_content --><\/p>\n","protected":false},"excerpt":{"rendered":"<p>Establecen las normas societarias que el grado de control consiste en la atribuci\u00f3n de la Superintendencia de Sociedades para ordenar los correctivos necesarios para subsanar una situaci\u00f3n cr\u00edtica de orden jur\u00eddico&#8230;<\/p>\n","protected":false},"featured_media":10565,"template":"","meta":{"_acf_changed":false,"footnotes":""},"blog-category":[],"class_list":["post-10564","blog","type-blog","status-publish","has-post-thumbnail","hentry"],"acf":[],"yoast_head":"<!-- This site is optimized with the Yoast SEO plugin v27.4 - https:\/\/yoast.com\/product\/yoast-seo-wordpress\/ -->\n<title>\u00bfPuede el m\u00e1ximo \u00f3rgano social de una sociedad en grado de control, remover al administrador designado por la Superintendencia de Sociedades? - Auren Colombia<\/title>\n<meta name=\"robots\" content=\"index, follow, max-snippet:-1, max-image-preview:large, max-video-preview:-1\" \/>\n<link rel=\"canonical\" href=\"https:\/\/auren.com\/co\/blog\/puede-el-maximo-organo-social-de-una-sociedad-en-grado-de-control-remover-al-administrador-designado-por-la-superintendencia-de-sociedades\/\" \/>\n<meta property=\"og:locale\" content=\"es_ES\" \/>\n<meta property=\"og:type\" content=\"article\" \/>\n<meta property=\"og:title\" content=\"\u00bfPuede el m\u00e1ximo \u00f3rgano social de una sociedad en grado de control, remover al administrador designado por la Superintendencia de Sociedades? - Auren Colombia\" \/>\n<meta property=\"og:description\" content=\"Establecen las normas societarias que el grado de control consiste en la atribuci\u00f3n de la Superintendencia de Sociedades para ordenar los correctivos necesarios para subsanar una situaci\u00f3n cr\u00edtica de orden jur\u00eddico&#8230;\" \/>\n<meta property=\"og:url\" content=\"https:\/\/auren.com\/co\/blog\/puede-el-maximo-organo-social-de-una-sociedad-en-grado-de-control-remover-al-administrador-designado-por-la-superintendencia-de-sociedades\/\" \/>\n<meta property=\"og:site_name\" content=\"Auren Colombia\" \/>\n<meta property=\"og:image\" content=\"https:\/\/auren.com\/co\/wp-content\/uploads\/2019\/07\/o-1.jpg\" \/>\n\t<meta property=\"og:image:width\" content=\"1000\" \/>\n\t<meta property=\"og:image:height\" content=\"665\" \/>\n\t<meta property=\"og:image:type\" content=\"image\/jpeg\" \/>\n<meta name=\"twitter:card\" content=\"summary_large_image\" \/>\n<meta name=\"twitter:site\" content=\"@AurenColombia\" \/>\n<meta name=\"twitter:label1\" content=\"Tiempo de lectura\" \/>\n\t<meta name=\"twitter:data1\" content=\"1 minuto\" \/>\n<script type=\"application\/ld+json\" class=\"yoast-schema-graph\">{\"@context\":\"https:\\\/\\\/schema.org\",\"@graph\":[{\"@type\":\"WebPage\",\"@id\":\"https:\\\/\\\/auren.com\\\/co\\\/blog\\\/puede-el-maximo-organo-social-de-una-sociedad-en-grado-de-control-remover-al-administrador-designado-por-la-superintendencia-de-sociedades\\\/\",\"url\":\"https:\\\/\\\/auren.com\\\/co\\\/blog\\\/puede-el-maximo-organo-social-de-una-sociedad-en-grado-de-control-remover-al-administrador-designado-por-la-superintendencia-de-sociedades\\\/\",\"name\":\"\u00bfPuede el m\u00e1ximo \u00f3rgano social de una sociedad en grado de control, remover al administrador designado por la Superintendencia de Sociedades? - Auren Colombia\",\"isPartOf\":{\"@id\":\"https:\\\/\\\/auren.com\\\/co\\\/#website\"},\"primaryImageOfPage\":{\"@id\":\"https:\\\/\\\/auren.com\\\/co\\\/blog\\\/puede-el-maximo-organo-social-de-una-sociedad-en-grado-de-control-remover-al-administrador-designado-por-la-superintendencia-de-sociedades\\\/#primaryimage\"},\"image\":{\"@id\":\"https:\\\/\\\/auren.com\\\/co\\\/blog\\\/puede-el-maximo-organo-social-de-una-sociedad-en-grado-de-control-remover-al-administrador-designado-por-la-superintendencia-de-sociedades\\\/#primaryimage\"},\"thumbnailUrl\":\"https:\\\/\\\/auren.com\\\/co\\\/wp-content\\\/uploads\\\/2019\\\/07\\\/o-1.jpg\",\"datePublished\":\"2019-07-10T12:10:17+00:00\",\"breadcrumb\":{\"@id\":\"https:\\\/\\\/auren.com\\\/co\\\/blog\\\/puede-el-maximo-organo-social-de-una-sociedad-en-grado-de-control-remover-al-administrador-designado-por-la-superintendencia-de-sociedades\\\/#breadcrumb\"},\"inLanguage\":\"es\",\"potentialAction\":[{\"@type\":\"ReadAction\",\"target\":[\"https:\\\/\\\/auren.com\\\/co\\\/blog\\\/puede-el-maximo-organo-social-de-una-sociedad-en-grado-de-control-remover-al-administrador-designado-por-la-superintendencia-de-sociedades\\\/\"]}]},{\"@type\":\"ImageObject\",\"inLanguage\":\"es\",\"@id\":\"https:\\\/\\\/auren.com\\\/co\\\/blog\\\/puede-el-maximo-organo-social-de-una-sociedad-en-grado-de-control-remover-al-administrador-designado-por-la-superintendencia-de-sociedades\\\/#primaryimage\",\"url\":\"https:\\\/\\\/auren.com\\\/co\\\/wp-content\\\/uploads\\\/2019\\\/07\\\/o-1.jpg\",\"contentUrl\":\"https:\\\/\\\/auren.com\\\/co\\\/wp-content\\\/uploads\\\/2019\\\/07\\\/o-1.jpg\",\"width\":1000,\"height\":665},{\"@type\":\"BreadcrumbList\",\"@id\":\"https:\\\/\\\/auren.com\\\/co\\\/blog\\\/puede-el-maximo-organo-social-de-una-sociedad-en-grado-de-control-remover-al-administrador-designado-por-la-superintendencia-de-sociedades\\\/#breadcrumb\",\"itemListElement\":[{\"@type\":\"ListItem\",\"position\":1,\"name\":\"Portada\",\"item\":\"https:\\\/\\\/auren.com\\\/co\\\/\"},{\"@type\":\"ListItem\",\"position\":2,\"name\":\"\u00bfPuede el m\u00e1ximo \u00f3rgano social de una sociedad en grado de control, remover al administrador designado por la Superintendencia de Sociedades?\"}]},{\"@type\":\"WebSite\",\"@id\":\"https:\\\/\\\/auren.com\\\/co\\\/#website\",\"url\":\"https:\\\/\\\/auren.com\\\/co\\\/\",\"name\":\"Auren Colombia\",\"description\":\"\",\"publisher\":{\"@id\":\"https:\\\/\\\/auren.com\\\/co\\\/#organization\"},\"potentialAction\":[{\"@type\":\"SearchAction\",\"target\":{\"@type\":\"EntryPoint\",\"urlTemplate\":\"https:\\\/\\\/auren.com\\\/co\\\/?s={search_term_string}\"},\"query-input\":{\"@type\":\"PropertyValueSpecification\",\"valueRequired\":true,\"valueName\":\"search_term_string\"}}],\"inLanguage\":\"es\"},{\"@type\":\"Organization\",\"@id\":\"https:\\\/\\\/auren.com\\\/co\\\/#organization\",\"name\":\"Auren Colombia\",\"url\":\"https:\\\/\\\/auren.com\\\/co\\\/\",\"logo\":{\"@type\":\"ImageObject\",\"inLanguage\":\"es\",\"@id\":\"https:\\\/\\\/auren.com\\\/co\\\/#\\\/schema\\\/logo\\\/image\\\/\",\"url\":\"https:\\\/\\\/auren.com\\\/co\\\/wp-content\\\/uploads\\\/2025\\\/01\\\/cropped-cropped-favicon-Auren.png\",\"contentUrl\":\"https:\\\/\\\/auren.com\\\/co\\\/wp-content\\\/uploads\\\/2025\\\/01\\\/cropped-cropped-favicon-Auren.png\",\"width\":512,\"height\":512,\"caption\":\"Auren Colombia\"},\"image\":{\"@id\":\"https:\\\/\\\/auren.com\\\/co\\\/#\\\/schema\\\/logo\\\/image\\\/\"},\"sameAs\":[\"https:\\\/\\\/x.com\\\/AurenColombia\",\"https:\\\/\\\/www.instagram.com\\\/aurencolombia\\\/\",\"https:\\\/\\\/www.youtube.com\\\/channel\\\/UCRYoGRMR_k4oVWesdErApmA\",\"https:\\\/\\\/www.linkedin.com\\\/company\\\/auren-colombia\"]}]}<\/script>\n<!-- \/ Yoast SEO plugin. -->","yoast_head_json":{"title":"\u00bfPuede el m\u00e1ximo \u00f3rgano social de una sociedad en grado de control, remover al administrador designado por la Superintendencia de Sociedades? - Auren Colombia","robots":{"index":"index","follow":"follow","max-snippet":"max-snippet:-1","max-image-preview":"max-image-preview:large","max-video-preview":"max-video-preview:-1"},"canonical":"https:\/\/auren.com\/co\/blog\/puede-el-maximo-organo-social-de-una-sociedad-en-grado-de-control-remover-al-administrador-designado-por-la-superintendencia-de-sociedades\/","og_locale":"es_ES","og_type":"article","og_title":"\u00bfPuede el m\u00e1ximo \u00f3rgano social de una sociedad en grado de control, remover al administrador designado por la Superintendencia de Sociedades? - Auren Colombia","og_description":"Establecen las normas societarias que el grado de control consiste en la atribuci\u00f3n de la Superintendencia de Sociedades para ordenar los correctivos necesarios para subsanar una situaci\u00f3n cr\u00edtica de orden jur\u00eddico&#8230;","og_url":"https:\/\/auren.com\/co\/blog\/puede-el-maximo-organo-social-de-una-sociedad-en-grado-de-control-remover-al-administrador-designado-por-la-superintendencia-de-sociedades\/","og_site_name":"Auren Colombia","og_image":[{"width":1000,"height":665,"url":"https:\/\/auren.com\/co\/wp-content\/uploads\/2019\/07\/o-1.jpg","type":"image\/jpeg"}],"twitter_card":"summary_large_image","twitter_site":"@AurenColombia","twitter_misc":{"Tiempo de lectura":"1 minuto"},"schema":{"@context":"https:\/\/schema.org","@graph":[{"@type":"WebPage","@id":"https:\/\/auren.com\/co\/blog\/puede-el-maximo-organo-social-de-una-sociedad-en-grado-de-control-remover-al-administrador-designado-por-la-superintendencia-de-sociedades\/","url":"https:\/\/auren.com\/co\/blog\/puede-el-maximo-organo-social-de-una-sociedad-en-grado-de-control-remover-al-administrador-designado-por-la-superintendencia-de-sociedades\/","name":"\u00bfPuede el m\u00e1ximo \u00f3rgano social de una sociedad en grado de control, remover al administrador designado por la Superintendencia de Sociedades? - Auren Colombia","isPartOf":{"@id":"https:\/\/auren.com\/co\/#website"},"primaryImageOfPage":{"@id":"https:\/\/auren.com\/co\/blog\/puede-el-maximo-organo-social-de-una-sociedad-en-grado-de-control-remover-al-administrador-designado-por-la-superintendencia-de-sociedades\/#primaryimage"},"image":{"@id":"https:\/\/auren.com\/co\/blog\/puede-el-maximo-organo-social-de-una-sociedad-en-grado-de-control-remover-al-administrador-designado-por-la-superintendencia-de-sociedades\/#primaryimage"},"thumbnailUrl":"https:\/\/auren.com\/co\/wp-content\/uploads\/2019\/07\/o-1.jpg","datePublished":"2019-07-10T12:10:17+00:00","breadcrumb":{"@id":"https:\/\/auren.com\/co\/blog\/puede-el-maximo-organo-social-de-una-sociedad-en-grado-de-control-remover-al-administrador-designado-por-la-superintendencia-de-sociedades\/#breadcrumb"},"inLanguage":"es","potentialAction":[{"@type":"ReadAction","target":["https:\/\/auren.com\/co\/blog\/puede-el-maximo-organo-social-de-una-sociedad-en-grado-de-control-remover-al-administrador-designado-por-la-superintendencia-de-sociedades\/"]}]},{"@type":"ImageObject","inLanguage":"es","@id":"https:\/\/auren.com\/co\/blog\/puede-el-maximo-organo-social-de-una-sociedad-en-grado-de-control-remover-al-administrador-designado-por-la-superintendencia-de-sociedades\/#primaryimage","url":"https:\/\/auren.com\/co\/wp-content\/uploads\/2019\/07\/o-1.jpg","contentUrl":"https:\/\/auren.com\/co\/wp-content\/uploads\/2019\/07\/o-1.jpg","width":1000,"height":665},{"@type":"BreadcrumbList","@id":"https:\/\/auren.com\/co\/blog\/puede-el-maximo-organo-social-de-una-sociedad-en-grado-de-control-remover-al-administrador-designado-por-la-superintendencia-de-sociedades\/#breadcrumb","itemListElement":[{"@type":"ListItem","position":1,"name":"Portada","item":"https:\/\/auren.com\/co\/"},{"@type":"ListItem","position":2,"name":"\u00bfPuede el m\u00e1ximo \u00f3rgano social de una sociedad en grado de control, remover al administrador designado por la Superintendencia de Sociedades?"}]},{"@type":"WebSite","@id":"https:\/\/auren.com\/co\/#website","url":"https:\/\/auren.com\/co\/","name":"Auren Colombia","description":"","publisher":{"@id":"https:\/\/auren.com\/co\/#organization"},"potentialAction":[{"@type":"SearchAction","target":{"@type":"EntryPoint","urlTemplate":"https:\/\/auren.com\/co\/?s={search_term_string}"},"query-input":{"@type":"PropertyValueSpecification","valueRequired":true,"valueName":"search_term_string"}}],"inLanguage":"es"},{"@type":"Organization","@id":"https:\/\/auren.com\/co\/#organization","name":"Auren Colombia","url":"https:\/\/auren.com\/co\/","logo":{"@type":"ImageObject","inLanguage":"es","@id":"https:\/\/auren.com\/co\/#\/schema\/logo\/image\/","url":"https:\/\/auren.com\/co\/wp-content\/uploads\/2025\/01\/cropped-cropped-favicon-Auren.png","contentUrl":"https:\/\/auren.com\/co\/wp-content\/uploads\/2025\/01\/cropped-cropped-favicon-Auren.png","width":512,"height":512,"caption":"Auren Colombia"},"image":{"@id":"https:\/\/auren.com\/co\/#\/schema\/logo\/image\/"},"sameAs":["https:\/\/x.com\/AurenColombia","https:\/\/www.instagram.com\/aurencolombia\/","https:\/\/www.youtube.com\/channel\/UCRYoGRMR_k4oVWesdErApmA","https:\/\/www.linkedin.com\/company\/auren-colombia"]}]}},"_links":{"self":[{"href":"https:\/\/auren.com\/co\/wp-json\/wp\/v2\/blog\/10564","targetHints":{"allow":["GET"]}}],"collection":[{"href":"https:\/\/auren.com\/co\/wp-json\/wp\/v2\/blog"}],"about":[{"href":"https:\/\/auren.com\/co\/wp-json\/wp\/v2\/types\/blog"}],"version-history":[{"count":0,"href":"https:\/\/auren.com\/co\/wp-json\/wp\/v2\/blog\/10564\/revisions"}],"wp:featuredmedia":[{"embeddable":true,"href":"https:\/\/auren.com\/co\/wp-json\/wp\/v2\/media\/10565"}],"wp:attachment":[{"href":"https:\/\/auren.com\/co\/wp-json\/wp\/v2\/media?parent=10564"}],"wp:term":[{"taxonomy":"blog-category","embeddable":true,"href":"https:\/\/auren.com\/co\/wp-json\/wp\/v2\/blog-category?post=10564"}],"curies":[{"name":"wp","href":"https:\/\/api.w.org\/{rel}","templated":true}]}}