{"id":10567,"date":"2019-07-10T14:04:19","date_gmt":"2019-07-10T12:04:19","guid":{"rendered":"https:\/\/auren.com\/co\/blog\/cuales-son-los-presupuestos-para-que-proceda-el-cobro-del-impuesto-de-alumbrado-publico\/"},"modified":"2019-07-10T14:04:19","modified_gmt":"2019-07-10T12:04:19","slug":"cuales-son-los-presupuestos-para-que-proceda-el-cobro-del-impuesto-de-alumbrado-publico","status":"publish","type":"blog","link":"https:\/\/auren.com\/co\/blog\/cuales-son-los-presupuestos-para-que-proceda-el-cobro-del-impuesto-de-alumbrado-publico\/","title":{"rendered":"\u00bfCu\u00e1les son los presupuestos para que proceda el cobro del impuesto de alumbrado p\u00fablico?"},"content":{"rendered":"<p>El impuesto de alumbrado p\u00fablico es un gravamen de orden municipal, inicialmente autorizado para la jurisdicci\u00f3n de Bogot\u00e1 (Ley 97 de 1913) y posteriormente extendido a los dem\u00e1s municipios (Ley 84 de 1915).<\/p>\n<p>La jurisprudencia del Consejo de Estado ha establecido que el objeto imponible del impuesto de alumbrado p\u00fablico es la prestaci\u00f3n de tal servicio, el cual comprende las actividades de suministro de energ\u00eda al sistema de alumbrado p\u00fablico, as\u00ed como su administraci\u00f3n, operaci\u00f3n y mantenimiento.<\/p>\n<p>Bajo tal consideraci\u00f3n, dicha Corporaci\u00f3n ha indicado que el hecho generador del impuesto de alumbrado p\u00fablico consiste en ser usuario potencial o receptor del servicio, entendiendo que dicha calidad la tienen quienes residen en el correspondiente municipio, sin que se requiera que el usuario reciba permanentemente el servicio.<\/p>\n<p>Con base en las anteriores premisas, el Consejo de Estado declar\u00f3 la nulidad de unos actos por medio de los cuales un municipio determin\u00f3 el impuesto de alumbrado p\u00fablico a cargo de una sociedad. La Sala de decisi\u00f3n no encontr\u00f3 probado en el litigio que la sociedad contara con antenas de telecomunicaci\u00f3n en el municipio, ni que en el caso de tenerlas, hicieran que la sociedad se beneficiara indirectamente de la prestaci\u00f3n del servicio p\u00fablico. En tal sentido, el Consejo de Estado reiter\u00f3 que le corresponde a cada municipio demostrar que los contribuyentes del impuesto comentado hacen parte de la colectividad que reside en su jurisdicci\u00f3n, y que por ende se benefician directa o indirecta de la prestaci\u00f3n del servicio.<\/p>\n<p><em>Fuente: Consejo de Estado, Secci\u00f3n 4, Sentencia del 5 de febrero de 2019 expedida dentro del expediente 23320.<\/em><\/p>\n<p><!-- AddThis Advanced Settings generic via filter on the_content --><!-- AddThis Share Buttons generic via filter on the_content --><\/p>\n","protected":false},"excerpt":{"rendered":"<p>El impuesto de alumbrado p\u00fablico es un gravamen de orden municipal, inicialmente autorizado para la jurisdicci\u00f3n de Bogot\u00e1 (Ley 97 de 1913) y posteriormente extendido a los dem\u00e1s municipios (Ley 84 de 1915).<\/p>\n","protected":false},"featured_media":10568,"template":"","meta":{"_acf_changed":false,"footnotes":""},"blog-category":[],"class_list":["post-10567","blog","type-blog","status-publish","has-post-thumbnail","hentry"],"acf":[],"yoast_head":"<!-- This site is optimized with the Yoast SEO plugin v27.4 - https:\/\/yoast.com\/product\/yoast-seo-wordpress\/ -->\n<title>\u00bfCu\u00e1les son los presupuestos para que proceda el cobro del impuesto de alumbrado p\u00fablico? - Auren Colombia<\/title>\n<meta name=\"robots\" content=\"index, follow, max-snippet:-1, max-image-preview:large, max-video-preview:-1\" \/>\n<link rel=\"canonical\" href=\"https:\/\/auren.com\/co\/blog\/cuales-son-los-presupuestos-para-que-proceda-el-cobro-del-impuesto-de-alumbrado-publico\/\" \/>\n<meta property=\"og:locale\" content=\"es_ES\" \/>\n<meta property=\"og:type\" content=\"article\" \/>\n<meta property=\"og:title\" content=\"\u00bfCu\u00e1les son los presupuestos para que proceda el cobro del impuesto de alumbrado p\u00fablico? - Auren Colombia\" \/>\n<meta property=\"og:description\" content=\"El impuesto de alumbrado p\u00fablico es un gravamen de orden municipal, inicialmente autorizado para la jurisdicci\u00f3n de Bogot\u00e1 (Ley 97 de 1913) y posteriormente extendido a los dem\u00e1s municipios (Ley 84 de 1915).\" \/>\n<meta property=\"og:url\" content=\"https:\/\/auren.com\/co\/blog\/cuales-son-los-presupuestos-para-que-proceda-el-cobro-del-impuesto-de-alumbrado-publico\/\" \/>\n<meta property=\"og:site_name\" content=\"Auren Colombia\" \/>\n<meta property=\"og:image\" content=\"https:\/\/auren.com\/co\/wp-content\/uploads\/2019\/07\/shutterstock-415272574-1.jpg\" \/>\n\t<meta property=\"og:image:width\" content=\"1000\" \/>\n\t<meta property=\"og:image:height\" content=\"668\" \/>\n\t<meta property=\"og:image:type\" content=\"image\/jpeg\" \/>\n<meta name=\"twitter:card\" content=\"summary_large_image\" \/>\n<meta name=\"twitter:site\" content=\"@AurenColombia\" \/>\n<meta name=\"twitter:label1\" content=\"Tiempo de lectura\" \/>\n\t<meta name=\"twitter:data1\" content=\"1 minuto\" \/>\n<script type=\"application\/ld+json\" class=\"yoast-schema-graph\">{\"@context\":\"https:\\\/\\\/schema.org\",\"@graph\":[{\"@type\":\"WebPage\",\"@id\":\"https:\\\/\\\/auren.com\\\/co\\\/blog\\\/cuales-son-los-presupuestos-para-que-proceda-el-cobro-del-impuesto-de-alumbrado-publico\\\/\",\"url\":\"https:\\\/\\\/auren.com\\\/co\\\/blog\\\/cuales-son-los-presupuestos-para-que-proceda-el-cobro-del-impuesto-de-alumbrado-publico\\\/\",\"name\":\"\u00bfCu\u00e1les son los presupuestos para que proceda el cobro del impuesto de alumbrado p\u00fablico? - Auren Colombia\",\"isPartOf\":{\"@id\":\"https:\\\/\\\/auren.com\\\/co\\\/#website\"},\"primaryImageOfPage\":{\"@id\":\"https:\\\/\\\/auren.com\\\/co\\\/blog\\\/cuales-son-los-presupuestos-para-que-proceda-el-cobro-del-impuesto-de-alumbrado-publico\\\/#primaryimage\"},\"image\":{\"@id\":\"https:\\\/\\\/auren.com\\\/co\\\/blog\\\/cuales-son-los-presupuestos-para-que-proceda-el-cobro-del-impuesto-de-alumbrado-publico\\\/#primaryimage\"},\"thumbnailUrl\":\"https:\\\/\\\/auren.com\\\/co\\\/wp-content\\\/uploads\\\/2019\\\/07\\\/shutterstock-415272574-1.jpg\",\"datePublished\":\"2019-07-10T12:04:19+00:00\",\"breadcrumb\":{\"@id\":\"https:\\\/\\\/auren.com\\\/co\\\/blog\\\/cuales-son-los-presupuestos-para-que-proceda-el-cobro-del-impuesto-de-alumbrado-publico\\\/#breadcrumb\"},\"inLanguage\":\"es\",\"potentialAction\":[{\"@type\":\"ReadAction\",\"target\":[\"https:\\\/\\\/auren.com\\\/co\\\/blog\\\/cuales-son-los-presupuestos-para-que-proceda-el-cobro-del-impuesto-de-alumbrado-publico\\\/\"]}]},{\"@type\":\"ImageObject\",\"inLanguage\":\"es\",\"@id\":\"https:\\\/\\\/auren.com\\\/co\\\/blog\\\/cuales-son-los-presupuestos-para-que-proceda-el-cobro-del-impuesto-de-alumbrado-publico\\\/#primaryimage\",\"url\":\"https:\\\/\\\/auren.com\\\/co\\\/wp-content\\\/uploads\\\/2019\\\/07\\\/shutterstock-415272574-1.jpg\",\"contentUrl\":\"https:\\\/\\\/auren.com\\\/co\\\/wp-content\\\/uploads\\\/2019\\\/07\\\/shutterstock-415272574-1.jpg\",\"width\":1000,\"height\":668},{\"@type\":\"BreadcrumbList\",\"@id\":\"https:\\\/\\\/auren.com\\\/co\\\/blog\\\/cuales-son-los-presupuestos-para-que-proceda-el-cobro-del-impuesto-de-alumbrado-publico\\\/#breadcrumb\",\"itemListElement\":[{\"@type\":\"ListItem\",\"position\":1,\"name\":\"Portada\",\"item\":\"https:\\\/\\\/auren.com\\\/co\\\/\"},{\"@type\":\"ListItem\",\"position\":2,\"name\":\"\u00bfCu\u00e1les son los presupuestos para que proceda el cobro del impuesto de alumbrado p\u00fablico?\"}]},{\"@type\":\"WebSite\",\"@id\":\"https:\\\/\\\/auren.com\\\/co\\\/#website\",\"url\":\"https:\\\/\\\/auren.com\\\/co\\\/\",\"name\":\"Auren Colombia\",\"description\":\"\",\"publisher\":{\"@id\":\"https:\\\/\\\/auren.com\\\/co\\\/#organization\"},\"potentialAction\":[{\"@type\":\"SearchAction\",\"target\":{\"@type\":\"EntryPoint\",\"urlTemplate\":\"https:\\\/\\\/auren.com\\\/co\\\/?s={search_term_string}\"},\"query-input\":{\"@type\":\"PropertyValueSpecification\",\"valueRequired\":true,\"valueName\":\"search_term_string\"}}],\"inLanguage\":\"es\"},{\"@type\":\"Organization\",\"@id\":\"https:\\\/\\\/auren.com\\\/co\\\/#organization\",\"name\":\"Auren Colombia\",\"url\":\"https:\\\/\\\/auren.com\\\/co\\\/\",\"logo\":{\"@type\":\"ImageObject\",\"inLanguage\":\"es\",\"@id\":\"https:\\\/\\\/auren.com\\\/co\\\/#\\\/schema\\\/logo\\\/image\\\/\",\"url\":\"https:\\\/\\\/auren.com\\\/co\\\/wp-content\\\/uploads\\\/2025\\\/01\\\/cropped-cropped-favicon-Auren.png\",\"contentUrl\":\"https:\\\/\\\/auren.com\\\/co\\\/wp-content\\\/uploads\\\/2025\\\/01\\\/cropped-cropped-favicon-Auren.png\",\"width\":512,\"height\":512,\"caption\":\"Auren Colombia\"},\"image\":{\"@id\":\"https:\\\/\\\/auren.com\\\/co\\\/#\\\/schema\\\/logo\\\/image\\\/\"},\"sameAs\":[\"https:\\\/\\\/x.com\\\/AurenColombia\",\"https:\\\/\\\/www.instagram.com\\\/aurencolombia\\\/\",\"https:\\\/\\\/www.youtube.com\\\/channel\\\/UCRYoGRMR_k4oVWesdErApmA\",\"https:\\\/\\\/www.linkedin.com\\\/company\\\/auren-colombia\"]}]}<\/script>\n<!-- \/ Yoast SEO plugin. -->","yoast_head_json":{"title":"\u00bfCu\u00e1les son los presupuestos para que proceda el cobro del impuesto de alumbrado p\u00fablico? - Auren Colombia","robots":{"index":"index","follow":"follow","max-snippet":"max-snippet:-1","max-image-preview":"max-image-preview:large","max-video-preview":"max-video-preview:-1"},"canonical":"https:\/\/auren.com\/co\/blog\/cuales-son-los-presupuestos-para-que-proceda-el-cobro-del-impuesto-de-alumbrado-publico\/","og_locale":"es_ES","og_type":"article","og_title":"\u00bfCu\u00e1les son los presupuestos para que proceda el cobro del impuesto de alumbrado p\u00fablico? - Auren Colombia","og_description":"El impuesto de alumbrado p\u00fablico es un gravamen de orden municipal, inicialmente autorizado para la jurisdicci\u00f3n de Bogot\u00e1 (Ley 97 de 1913) y posteriormente extendido a los dem\u00e1s municipios (Ley 84 de 1915).","og_url":"https:\/\/auren.com\/co\/blog\/cuales-son-los-presupuestos-para-que-proceda-el-cobro-del-impuesto-de-alumbrado-publico\/","og_site_name":"Auren Colombia","og_image":[{"width":1000,"height":668,"url":"https:\/\/auren.com\/co\/wp-content\/uploads\/2019\/07\/shutterstock-415272574-1.jpg","type":"image\/jpeg"}],"twitter_card":"summary_large_image","twitter_site":"@AurenColombia","twitter_misc":{"Tiempo de lectura":"1 minuto"},"schema":{"@context":"https:\/\/schema.org","@graph":[{"@type":"WebPage","@id":"https:\/\/auren.com\/co\/blog\/cuales-son-los-presupuestos-para-que-proceda-el-cobro-del-impuesto-de-alumbrado-publico\/","url":"https:\/\/auren.com\/co\/blog\/cuales-son-los-presupuestos-para-que-proceda-el-cobro-del-impuesto-de-alumbrado-publico\/","name":"\u00bfCu\u00e1les son los presupuestos para que proceda el cobro del impuesto de alumbrado p\u00fablico? - Auren Colombia","isPartOf":{"@id":"https:\/\/auren.com\/co\/#website"},"primaryImageOfPage":{"@id":"https:\/\/auren.com\/co\/blog\/cuales-son-los-presupuestos-para-que-proceda-el-cobro-del-impuesto-de-alumbrado-publico\/#primaryimage"},"image":{"@id":"https:\/\/auren.com\/co\/blog\/cuales-son-los-presupuestos-para-que-proceda-el-cobro-del-impuesto-de-alumbrado-publico\/#primaryimage"},"thumbnailUrl":"https:\/\/auren.com\/co\/wp-content\/uploads\/2019\/07\/shutterstock-415272574-1.jpg","datePublished":"2019-07-10T12:04:19+00:00","breadcrumb":{"@id":"https:\/\/auren.com\/co\/blog\/cuales-son-los-presupuestos-para-que-proceda-el-cobro-del-impuesto-de-alumbrado-publico\/#breadcrumb"},"inLanguage":"es","potentialAction":[{"@type":"ReadAction","target":["https:\/\/auren.com\/co\/blog\/cuales-son-los-presupuestos-para-que-proceda-el-cobro-del-impuesto-de-alumbrado-publico\/"]}]},{"@type":"ImageObject","inLanguage":"es","@id":"https:\/\/auren.com\/co\/blog\/cuales-son-los-presupuestos-para-que-proceda-el-cobro-del-impuesto-de-alumbrado-publico\/#primaryimage","url":"https:\/\/auren.com\/co\/wp-content\/uploads\/2019\/07\/shutterstock-415272574-1.jpg","contentUrl":"https:\/\/auren.com\/co\/wp-content\/uploads\/2019\/07\/shutterstock-415272574-1.jpg","width":1000,"height":668},{"@type":"BreadcrumbList","@id":"https:\/\/auren.com\/co\/blog\/cuales-son-los-presupuestos-para-que-proceda-el-cobro-del-impuesto-de-alumbrado-publico\/#breadcrumb","itemListElement":[{"@type":"ListItem","position":1,"name":"Portada","item":"https:\/\/auren.com\/co\/"},{"@type":"ListItem","position":2,"name":"\u00bfCu\u00e1les son los presupuestos para que proceda el cobro del impuesto de alumbrado p\u00fablico?"}]},{"@type":"WebSite","@id":"https:\/\/auren.com\/co\/#website","url":"https:\/\/auren.com\/co\/","name":"Auren Colombia","description":"","publisher":{"@id":"https:\/\/auren.com\/co\/#organization"},"potentialAction":[{"@type":"SearchAction","target":{"@type":"EntryPoint","urlTemplate":"https:\/\/auren.com\/co\/?s={search_term_string}"},"query-input":{"@type":"PropertyValueSpecification","valueRequired":true,"valueName":"search_term_string"}}],"inLanguage":"es"},{"@type":"Organization","@id":"https:\/\/auren.com\/co\/#organization","name":"Auren Colombia","url":"https:\/\/auren.com\/co\/","logo":{"@type":"ImageObject","inLanguage":"es","@id":"https:\/\/auren.com\/co\/#\/schema\/logo\/image\/","url":"https:\/\/auren.com\/co\/wp-content\/uploads\/2025\/01\/cropped-cropped-favicon-Auren.png","contentUrl":"https:\/\/auren.com\/co\/wp-content\/uploads\/2025\/01\/cropped-cropped-favicon-Auren.png","width":512,"height":512,"caption":"Auren Colombia"},"image":{"@id":"https:\/\/auren.com\/co\/#\/schema\/logo\/image\/"},"sameAs":["https:\/\/x.com\/AurenColombia","https:\/\/www.instagram.com\/aurencolombia\/","https:\/\/www.youtube.com\/channel\/UCRYoGRMR_k4oVWesdErApmA","https:\/\/www.linkedin.com\/company\/auren-colombia"]}]}},"_links":{"self":[{"href":"https:\/\/auren.com\/co\/wp-json\/wp\/v2\/blog\/10567","targetHints":{"allow":["GET"]}}],"collection":[{"href":"https:\/\/auren.com\/co\/wp-json\/wp\/v2\/blog"}],"about":[{"href":"https:\/\/auren.com\/co\/wp-json\/wp\/v2\/types\/blog"}],"version-history":[{"count":0,"href":"https:\/\/auren.com\/co\/wp-json\/wp\/v2\/blog\/10567\/revisions"}],"wp:featuredmedia":[{"embeddable":true,"href":"https:\/\/auren.com\/co\/wp-json\/wp\/v2\/media\/10568"}],"wp:attachment":[{"href":"https:\/\/auren.com\/co\/wp-json\/wp\/v2\/media?parent=10567"}],"wp:term":[{"taxonomy":"blog-category","embeddable":true,"href":"https:\/\/auren.com\/co\/wp-json\/wp\/v2\/blog-category?post=10567"}],"curies":[{"name":"wp","href":"https:\/\/api.w.org\/{rel}","templated":true}]}}