{"id":10570,"date":"2019-07-10T14:00:25","date_gmt":"2019-07-10T12:00:25","guid":{"rendered":"https:\/\/auren.com\/co\/blog\/como-se-determinan-los-intereses-deducibles-del-impuesto-sobre-la-renta-bajo-la-figura-de-subcapitalizacion\/"},"modified":"2019-07-10T14:00:25","modified_gmt":"2019-07-10T12:00:25","slug":"como-se-determinan-los-intereses-deducibles-del-impuesto-sobre-la-renta-bajo-la-figura-de-subcapitalizacion","status":"publish","type":"blog","link":"https:\/\/auren.com\/co\/blog\/como-se-determinan-los-intereses-deducibles-del-impuesto-sobre-la-renta-bajo-la-figura-de-subcapitalizacion\/","title":{"rendered":"\u00bfC\u00f3mo se determinan los intereses deducibles del impuesto sobre la renta bajo la figura de subcapitalizaci\u00f3n?"},"content":{"rendered":"<p>Por medio del Decreto 1146 del 26 de junio de 2019, el Gobierno reglament\u00f3 el art\u00edculo 118-1 del Estatuto Tributario, el cual contiene las reglas de subcapitalizaci\u00f3n.<\/p>\n<p>Vale la pena recordar que la ley de financiamiento (1943 de 2018) cambi\u00f3 la regla de subcapitalizaci\u00f3n al determinar la deducci\u00f3n de intereses generados respecto de deudas contra\u00eddas a favor de vinculados econ\u00f3micos nacionales o extranjeros, cuyo monto total promedio durante el a\u00f1o gravable no exceda el resultado de multiplicar por dos el patrimonio l\u00edquido del contribuyente.<\/p>\n<p>A partir de lo anterior, el Decreto comentado define los conceptos de aval, operaciones back to back, infraestructura de servicios p\u00fablicos y de servicios de transporte, y remite al r\u00e9gimen de precios de transferencia los criterios para determinar la vinculaci\u00f3n econ\u00f3mica.<\/p>\n<p>A su vez, el Decreto explica el procedimiento para determinar el monto total promedio de las deudas contra\u00eddas, directa o indirectamente, a favor de vinculados econ\u00f3micos nacionales o extranjeros, as\u00ed como el procedimiento para determinar los intereses no deducibles ni capitalizables.<\/p>\n<p>Por \u00faltimo, el Decreto se\u00f1ala la informaci\u00f3n m\u00ednima que debe contener la certificaci\u00f3n que bajo la gravedad de juramento debe expedir la entidad acreedora.<\/p>\n<p><em>Fuente: Decreto 1146 del 26 de junio de 2019<\/em><\/p>\n<p><!-- AddThis Advanced Settings generic via filter on the_content --><!-- AddThis Share Buttons generic via filter on the_content --><\/p>\n","protected":false},"excerpt":{"rendered":"<p>Por medio del Decreto 1146 del 26 de junio de 2019, el Gobierno reglament\u00f3 el art\u00edculo 118-1 del Estatuto Tributario, el cual contiene las reglas de subcapitalizaci\u00f3n&#8230;<\/p>\n","protected":false},"featured_media":10571,"template":"","meta":{"_acf_changed":false,"footnotes":""},"blog-category":[],"class_list":["post-10570","blog","type-blog","status-publish","has-post-thumbnail","hentry"],"acf":[],"yoast_head":"<!-- This site is optimized with the Yoast SEO plugin v27.4 - https:\/\/yoast.com\/product\/yoast-seo-wordpress\/ -->\n<title>\u00bfC\u00f3mo se determinan los intereses deducibles del impuesto sobre la renta bajo la figura de subcapitalizaci\u00f3n? - Auren Colombia<\/title>\n<meta name=\"robots\" content=\"index, follow, max-snippet:-1, max-image-preview:large, max-video-preview:-1\" \/>\n<link rel=\"canonical\" href=\"https:\/\/auren.com\/co\/blog\/como-se-determinan-los-intereses-deducibles-del-impuesto-sobre-la-renta-bajo-la-figura-de-subcapitalizacion\/\" \/>\n<meta property=\"og:locale\" content=\"es_ES\" \/>\n<meta property=\"og:type\" content=\"article\" \/>\n<meta property=\"og:title\" content=\"\u00bfC\u00f3mo se determinan los intereses deducibles del impuesto sobre la renta bajo la figura de subcapitalizaci\u00f3n? - Auren Colombia\" \/>\n<meta property=\"og:description\" content=\"Por medio del Decreto 1146 del 26 de junio de 2019, el Gobierno reglament\u00f3 el art\u00edculo 118-1 del Estatuto Tributario, el cual contiene las reglas de subcapitalizaci\u00f3n&#8230;\" \/>\n<meta property=\"og:url\" content=\"https:\/\/auren.com\/co\/blog\/como-se-determinan-los-intereses-deducibles-del-impuesto-sobre-la-renta-bajo-la-figura-de-subcapitalizacion\/\" \/>\n<meta property=\"og:site_name\" content=\"Auren Colombia\" \/>\n<meta property=\"og:image\" content=\"https:\/\/auren.com\/co\/wp-content\/uploads\/2019\/07\/blog-uruguagy-1.jpg\" \/>\n\t<meta property=\"og:image:width\" content=\"787\" \/>\n\t<meta property=\"og:image:height\" content=\"525\" \/>\n\t<meta property=\"og:image:type\" content=\"image\/jpeg\" \/>\n<meta name=\"twitter:card\" content=\"summary_large_image\" \/>\n<meta name=\"twitter:site\" content=\"@AurenColombia\" \/>\n<meta name=\"twitter:label1\" content=\"Tiempo de lectura\" \/>\n\t<meta name=\"twitter:data1\" content=\"1 minuto\" \/>\n<script type=\"application\/ld+json\" class=\"yoast-schema-graph\">{\"@context\":\"https:\\\/\\\/schema.org\",\"@graph\":[{\"@type\":\"WebPage\",\"@id\":\"https:\\\/\\\/auren.com\\\/co\\\/blog\\\/como-se-determinan-los-intereses-deducibles-del-impuesto-sobre-la-renta-bajo-la-figura-de-subcapitalizacion\\\/\",\"url\":\"https:\\\/\\\/auren.com\\\/co\\\/blog\\\/como-se-determinan-los-intereses-deducibles-del-impuesto-sobre-la-renta-bajo-la-figura-de-subcapitalizacion\\\/\",\"name\":\"\u00bfC\u00f3mo se determinan los intereses deducibles del impuesto sobre la renta bajo la figura de subcapitalizaci\u00f3n? - Auren Colombia\",\"isPartOf\":{\"@id\":\"https:\\\/\\\/auren.com\\\/co\\\/#website\"},\"primaryImageOfPage\":{\"@id\":\"https:\\\/\\\/auren.com\\\/co\\\/blog\\\/como-se-determinan-los-intereses-deducibles-del-impuesto-sobre-la-renta-bajo-la-figura-de-subcapitalizacion\\\/#primaryimage\"},\"image\":{\"@id\":\"https:\\\/\\\/auren.com\\\/co\\\/blog\\\/como-se-determinan-los-intereses-deducibles-del-impuesto-sobre-la-renta-bajo-la-figura-de-subcapitalizacion\\\/#primaryimage\"},\"thumbnailUrl\":\"https:\\\/\\\/auren.com\\\/co\\\/wp-content\\\/uploads\\\/2019\\\/07\\\/blog-uruguagy-1.jpg\",\"datePublished\":\"2019-07-10T12:00:25+00:00\",\"breadcrumb\":{\"@id\":\"https:\\\/\\\/auren.com\\\/co\\\/blog\\\/como-se-determinan-los-intereses-deducibles-del-impuesto-sobre-la-renta-bajo-la-figura-de-subcapitalizacion\\\/#breadcrumb\"},\"inLanguage\":\"es\",\"potentialAction\":[{\"@type\":\"ReadAction\",\"target\":[\"https:\\\/\\\/auren.com\\\/co\\\/blog\\\/como-se-determinan-los-intereses-deducibles-del-impuesto-sobre-la-renta-bajo-la-figura-de-subcapitalizacion\\\/\"]}]},{\"@type\":\"ImageObject\",\"inLanguage\":\"es\",\"@id\":\"https:\\\/\\\/auren.com\\\/co\\\/blog\\\/como-se-determinan-los-intereses-deducibles-del-impuesto-sobre-la-renta-bajo-la-figura-de-subcapitalizacion\\\/#primaryimage\",\"url\":\"https:\\\/\\\/auren.com\\\/co\\\/wp-content\\\/uploads\\\/2019\\\/07\\\/blog-uruguagy-1.jpg\",\"contentUrl\":\"https:\\\/\\\/auren.com\\\/co\\\/wp-content\\\/uploads\\\/2019\\\/07\\\/blog-uruguagy-1.jpg\",\"width\":787,\"height\":525},{\"@type\":\"BreadcrumbList\",\"@id\":\"https:\\\/\\\/auren.com\\\/co\\\/blog\\\/como-se-determinan-los-intereses-deducibles-del-impuesto-sobre-la-renta-bajo-la-figura-de-subcapitalizacion\\\/#breadcrumb\",\"itemListElement\":[{\"@type\":\"ListItem\",\"position\":1,\"name\":\"Portada\",\"item\":\"https:\\\/\\\/auren.com\\\/co\\\/\"},{\"@type\":\"ListItem\",\"position\":2,\"name\":\"\u00bfC\u00f3mo se determinan los intereses deducibles del impuesto sobre la renta bajo la figura de subcapitalizaci\u00f3n?\"}]},{\"@type\":\"WebSite\",\"@id\":\"https:\\\/\\\/auren.com\\\/co\\\/#website\",\"url\":\"https:\\\/\\\/auren.com\\\/co\\\/\",\"name\":\"Auren Colombia\",\"description\":\"\",\"publisher\":{\"@id\":\"https:\\\/\\\/auren.com\\\/co\\\/#organization\"},\"potentialAction\":[{\"@type\":\"SearchAction\",\"target\":{\"@type\":\"EntryPoint\",\"urlTemplate\":\"https:\\\/\\\/auren.com\\\/co\\\/?s={search_term_string}\"},\"query-input\":{\"@type\":\"PropertyValueSpecification\",\"valueRequired\":true,\"valueName\":\"search_term_string\"}}],\"inLanguage\":\"es\"},{\"@type\":\"Organization\",\"@id\":\"https:\\\/\\\/auren.com\\\/co\\\/#organization\",\"name\":\"Auren Colombia\",\"url\":\"https:\\\/\\\/auren.com\\\/co\\\/\",\"logo\":{\"@type\":\"ImageObject\",\"inLanguage\":\"es\",\"@id\":\"https:\\\/\\\/auren.com\\\/co\\\/#\\\/schema\\\/logo\\\/image\\\/\",\"url\":\"https:\\\/\\\/auren.com\\\/co\\\/wp-content\\\/uploads\\\/2025\\\/01\\\/cropped-cropped-favicon-Auren.png\",\"contentUrl\":\"https:\\\/\\\/auren.com\\\/co\\\/wp-content\\\/uploads\\\/2025\\\/01\\\/cropped-cropped-favicon-Auren.png\",\"width\":512,\"height\":512,\"caption\":\"Auren Colombia\"},\"image\":{\"@id\":\"https:\\\/\\\/auren.com\\\/co\\\/#\\\/schema\\\/logo\\\/image\\\/\"},\"sameAs\":[\"https:\\\/\\\/x.com\\\/AurenColombia\",\"https:\\\/\\\/www.instagram.com\\\/aurencolombia\\\/\",\"https:\\\/\\\/www.youtube.com\\\/channel\\\/UCRYoGRMR_k4oVWesdErApmA\",\"https:\\\/\\\/www.linkedin.com\\\/company\\\/auren-colombia\"]}]}<\/script>\n<!-- \/ Yoast SEO plugin. -->","yoast_head_json":{"title":"\u00bfC\u00f3mo se determinan los intereses deducibles del impuesto sobre la renta bajo la figura de subcapitalizaci\u00f3n? - Auren Colombia","robots":{"index":"index","follow":"follow","max-snippet":"max-snippet:-1","max-image-preview":"max-image-preview:large","max-video-preview":"max-video-preview:-1"},"canonical":"https:\/\/auren.com\/co\/blog\/como-se-determinan-los-intereses-deducibles-del-impuesto-sobre-la-renta-bajo-la-figura-de-subcapitalizacion\/","og_locale":"es_ES","og_type":"article","og_title":"\u00bfC\u00f3mo se determinan los intereses deducibles del impuesto sobre la renta bajo la figura de subcapitalizaci\u00f3n? - Auren Colombia","og_description":"Por medio del Decreto 1146 del 26 de junio de 2019, el Gobierno reglament\u00f3 el art\u00edculo 118-1 del Estatuto Tributario, el cual contiene las reglas de subcapitalizaci\u00f3n&#8230;","og_url":"https:\/\/auren.com\/co\/blog\/como-se-determinan-los-intereses-deducibles-del-impuesto-sobre-la-renta-bajo-la-figura-de-subcapitalizacion\/","og_site_name":"Auren Colombia","og_image":[{"width":787,"height":525,"url":"https:\/\/auren.com\/co\/wp-content\/uploads\/2019\/07\/blog-uruguagy-1.jpg","type":"image\/jpeg"}],"twitter_card":"summary_large_image","twitter_site":"@AurenColombia","twitter_misc":{"Tiempo de lectura":"1 minuto"},"schema":{"@context":"https:\/\/schema.org","@graph":[{"@type":"WebPage","@id":"https:\/\/auren.com\/co\/blog\/como-se-determinan-los-intereses-deducibles-del-impuesto-sobre-la-renta-bajo-la-figura-de-subcapitalizacion\/","url":"https:\/\/auren.com\/co\/blog\/como-se-determinan-los-intereses-deducibles-del-impuesto-sobre-la-renta-bajo-la-figura-de-subcapitalizacion\/","name":"\u00bfC\u00f3mo se determinan los intereses deducibles del impuesto sobre la renta bajo la figura de subcapitalizaci\u00f3n? - Auren Colombia","isPartOf":{"@id":"https:\/\/auren.com\/co\/#website"},"primaryImageOfPage":{"@id":"https:\/\/auren.com\/co\/blog\/como-se-determinan-los-intereses-deducibles-del-impuesto-sobre-la-renta-bajo-la-figura-de-subcapitalizacion\/#primaryimage"},"image":{"@id":"https:\/\/auren.com\/co\/blog\/como-se-determinan-los-intereses-deducibles-del-impuesto-sobre-la-renta-bajo-la-figura-de-subcapitalizacion\/#primaryimage"},"thumbnailUrl":"https:\/\/auren.com\/co\/wp-content\/uploads\/2019\/07\/blog-uruguagy-1.jpg","datePublished":"2019-07-10T12:00:25+00:00","breadcrumb":{"@id":"https:\/\/auren.com\/co\/blog\/como-se-determinan-los-intereses-deducibles-del-impuesto-sobre-la-renta-bajo-la-figura-de-subcapitalizacion\/#breadcrumb"},"inLanguage":"es","potentialAction":[{"@type":"ReadAction","target":["https:\/\/auren.com\/co\/blog\/como-se-determinan-los-intereses-deducibles-del-impuesto-sobre-la-renta-bajo-la-figura-de-subcapitalizacion\/"]}]},{"@type":"ImageObject","inLanguage":"es","@id":"https:\/\/auren.com\/co\/blog\/como-se-determinan-los-intereses-deducibles-del-impuesto-sobre-la-renta-bajo-la-figura-de-subcapitalizacion\/#primaryimage","url":"https:\/\/auren.com\/co\/wp-content\/uploads\/2019\/07\/blog-uruguagy-1.jpg","contentUrl":"https:\/\/auren.com\/co\/wp-content\/uploads\/2019\/07\/blog-uruguagy-1.jpg","width":787,"height":525},{"@type":"BreadcrumbList","@id":"https:\/\/auren.com\/co\/blog\/como-se-determinan-los-intereses-deducibles-del-impuesto-sobre-la-renta-bajo-la-figura-de-subcapitalizacion\/#breadcrumb","itemListElement":[{"@type":"ListItem","position":1,"name":"Portada","item":"https:\/\/auren.com\/co\/"},{"@type":"ListItem","position":2,"name":"\u00bfC\u00f3mo se determinan los intereses deducibles del impuesto sobre la renta bajo la figura de subcapitalizaci\u00f3n?"}]},{"@type":"WebSite","@id":"https:\/\/auren.com\/co\/#website","url":"https:\/\/auren.com\/co\/","name":"Auren Colombia","description":"","publisher":{"@id":"https:\/\/auren.com\/co\/#organization"},"potentialAction":[{"@type":"SearchAction","target":{"@type":"EntryPoint","urlTemplate":"https:\/\/auren.com\/co\/?s={search_term_string}"},"query-input":{"@type":"PropertyValueSpecification","valueRequired":true,"valueName":"search_term_string"}}],"inLanguage":"es"},{"@type":"Organization","@id":"https:\/\/auren.com\/co\/#organization","name":"Auren Colombia","url":"https:\/\/auren.com\/co\/","logo":{"@type":"ImageObject","inLanguage":"es","@id":"https:\/\/auren.com\/co\/#\/schema\/logo\/image\/","url":"https:\/\/auren.com\/co\/wp-content\/uploads\/2025\/01\/cropped-cropped-favicon-Auren.png","contentUrl":"https:\/\/auren.com\/co\/wp-content\/uploads\/2025\/01\/cropped-cropped-favicon-Auren.png","width":512,"height":512,"caption":"Auren Colombia"},"image":{"@id":"https:\/\/auren.com\/co\/#\/schema\/logo\/image\/"},"sameAs":["https:\/\/x.com\/AurenColombia","https:\/\/www.instagram.com\/aurencolombia\/","https:\/\/www.youtube.com\/channel\/UCRYoGRMR_k4oVWesdErApmA","https:\/\/www.linkedin.com\/company\/auren-colombia"]}]}},"_links":{"self":[{"href":"https:\/\/auren.com\/co\/wp-json\/wp\/v2\/blog\/10570","targetHints":{"allow":["GET"]}}],"collection":[{"href":"https:\/\/auren.com\/co\/wp-json\/wp\/v2\/blog"}],"about":[{"href":"https:\/\/auren.com\/co\/wp-json\/wp\/v2\/types\/blog"}],"version-history":[{"count":0,"href":"https:\/\/auren.com\/co\/wp-json\/wp\/v2\/blog\/10570\/revisions"}],"wp:featuredmedia":[{"embeddable":true,"href":"https:\/\/auren.com\/co\/wp-json\/wp\/v2\/media\/10571"}],"wp:attachment":[{"href":"https:\/\/auren.com\/co\/wp-json\/wp\/v2\/media?parent=10570"}],"wp:term":[{"taxonomy":"blog-category","embeddable":true,"href":"https:\/\/auren.com\/co\/wp-json\/wp\/v2\/blog-category?post=10570"}],"curies":[{"name":"wp","href":"https:\/\/api.w.org\/{rel}","templated":true}]}}