{"id":10573,"date":"2019-07-10T13:56:48","date_gmt":"2019-07-10T11:56:48","guid":{"rendered":"https:\/\/auren.com\/co\/blog\/gobierno-expide-nuevo-regimen-aduanero\/"},"modified":"2019-07-10T13:56:48","modified_gmt":"2019-07-10T11:56:48","slug":"gobierno-expide-nuevo-regimen-aduanero","status":"publish","type":"blog","link":"https:\/\/auren.com\/co\/blog\/gobierno-expide-nuevo-regimen-aduanero\/","title":{"rendered":"Gobierno expide nuevo r\u00e9gimen aduanero"},"content":{"rendered":"<p>A trav\u00e9s del Decreto 1165 del 2 de julio de 2019, el Gobierno expidi\u00f3 el nuevo r\u00e9gimen aduanero, el cual empezar\u00e1 a regir el 2 de agosto de 2019.<\/p>\n<p>Esta nueva reglamentaci\u00f3n obedece a la dificultad operativa en la aplicaci\u00f3n de las normas aduaneras, por parte los usuarios aduaneros, los operadores administrativos y jur\u00eddicos, derivada de la aplicaci\u00f3n escalonada del Decreto 390 de 2016, lo cual ha implicado tener vigentes diversas normas.<\/p>\n<p>Por tanto, el nuevo Decreto pretende otorgar seguridad, estabilidad, certeza jur\u00eddica y facilitar la log\u00edstica de las operaciones de comercio exterior, con disposiciones que desarrollan la Ley Marco de Aduanas 1609 de 2013.<\/p>\n<p>A partir de su vigencia, esta nueva reglamentaci\u00f3n deroga:<\/p>\n<ul>\n<li>El antiguo Estatuto Aduanero contenido en el Decreto 2685 de 1999;<\/li>\n<li>La regulaci\u00f3n aduanera contenida en el Decreto 390 de 2016;<\/li>\n<li>El Decreto 349 de 2018, modificatorio de los dos anteriores, y   Del Decreto 2147 de 2018, regulatorio de las zonas francas, se derogan las operaciones de comercio exterior en zonas francas (T\u00edtulo II), as\u00ed como las normas de control y fiscalizaci\u00f3n en las operaciones de comercio exterior en zonas francas (T\u00edtulo III).}<\/li>\n<\/ul>\n<p><em>Fuente:&nbsp;Decreto 1165 del 2 de julio de 2019<\/em><\/p>\n<\/p>\n<p><!-- AddThis Advanced Settings generic via filter on the_content --><!-- AddThis Share Buttons generic via filter on the_content --><\/p>\n","protected":false},"excerpt":{"rendered":"<p>A trav\u00e9s del Decreto 1165 del 2 de julio de 2019, el Gobierno expidi\u00f3 el nuevo r\u00e9gimen aduanero, el cual empezar\u00e1 a regir el 2 de agosto de 2019&#8230;<\/p>\n","protected":false},"featured_media":10574,"template":"","meta":{"_acf_changed":false,"footnotes":""},"blog-category":[],"class_list":["post-10573","blog","type-blog","status-publish","has-post-thumbnail","hentry"],"acf":[],"yoast_head":"<!-- This site is optimized with the Yoast SEO plugin v27.4 - https:\/\/yoast.com\/product\/yoast-seo-wordpress\/ -->\n<title>Gobierno expide nuevo r\u00e9gimen aduanero - Auren Colombia<\/title>\n<meta name=\"robots\" content=\"index, follow, max-snippet:-1, max-image-preview:large, max-video-preview:-1\" \/>\n<link rel=\"canonical\" href=\"https:\/\/auren.com\/co\/blog\/gobierno-expide-nuevo-regimen-aduanero\/\" \/>\n<meta property=\"og:locale\" content=\"es_ES\" \/>\n<meta property=\"og:type\" content=\"article\" \/>\n<meta property=\"og:title\" content=\"Gobierno expide nuevo r\u00e9gimen aduanero - Auren Colombia\" \/>\n<meta property=\"og:description\" content=\"A trav\u00e9s del Decreto 1165 del 2 de julio de 2019, el Gobierno expidi\u00f3 el nuevo r\u00e9gimen aduanero, el cual empezar\u00e1 a regir el 2 de agosto de 2019&#8230;\" \/>\n<meta property=\"og:url\" content=\"https:\/\/auren.com\/co\/blog\/gobierno-expide-nuevo-regimen-aduanero\/\" \/>\n<meta property=\"og:site_name\" content=\"Auren Colombia\" \/>\n<meta property=\"og:image\" content=\"https:\/\/auren.com\/co\/wp-content\/uploads\/2019\/07\/el-estado-de-informacion-no-financiera-2-1.jpg\" \/>\n\t<meta property=\"og:image:width\" content=\"1920\" \/>\n\t<meta property=\"og:image:height\" content=\"655\" \/>\n\t<meta property=\"og:image:type\" content=\"image\/jpeg\" \/>\n<meta name=\"twitter:card\" content=\"summary_large_image\" \/>\n<meta name=\"twitter:site\" content=\"@AurenColombia\" \/>\n<meta name=\"twitter:label1\" content=\"Tiempo de lectura\" \/>\n\t<meta name=\"twitter:data1\" content=\"1 minuto\" \/>\n<script type=\"application\/ld+json\" class=\"yoast-schema-graph\">{\"@context\":\"https:\\\/\\\/schema.org\",\"@graph\":[{\"@type\":\"WebPage\",\"@id\":\"https:\\\/\\\/auren.com\\\/co\\\/blog\\\/gobierno-expide-nuevo-regimen-aduanero\\\/\",\"url\":\"https:\\\/\\\/auren.com\\\/co\\\/blog\\\/gobierno-expide-nuevo-regimen-aduanero\\\/\",\"name\":\"Gobierno expide nuevo r\u00e9gimen aduanero - Auren Colombia\",\"isPartOf\":{\"@id\":\"https:\\\/\\\/auren.com\\\/co\\\/#website\"},\"primaryImageOfPage\":{\"@id\":\"https:\\\/\\\/auren.com\\\/co\\\/blog\\\/gobierno-expide-nuevo-regimen-aduanero\\\/#primaryimage\"},\"image\":{\"@id\":\"https:\\\/\\\/auren.com\\\/co\\\/blog\\\/gobierno-expide-nuevo-regimen-aduanero\\\/#primaryimage\"},\"thumbnailUrl\":\"https:\\\/\\\/auren.com\\\/co\\\/wp-content\\\/uploads\\\/2019\\\/07\\\/el-estado-de-informacion-no-financiera-2-1.jpg\",\"datePublished\":\"2019-07-10T11:56:48+00:00\",\"breadcrumb\":{\"@id\":\"https:\\\/\\\/auren.com\\\/co\\\/blog\\\/gobierno-expide-nuevo-regimen-aduanero\\\/#breadcrumb\"},\"inLanguage\":\"es\",\"potentialAction\":[{\"@type\":\"ReadAction\",\"target\":[\"https:\\\/\\\/auren.com\\\/co\\\/blog\\\/gobierno-expide-nuevo-regimen-aduanero\\\/\"]}]},{\"@type\":\"ImageObject\",\"inLanguage\":\"es\",\"@id\":\"https:\\\/\\\/auren.com\\\/co\\\/blog\\\/gobierno-expide-nuevo-regimen-aduanero\\\/#primaryimage\",\"url\":\"https:\\\/\\\/auren.com\\\/co\\\/wp-content\\\/uploads\\\/2019\\\/07\\\/el-estado-de-informacion-no-financiera-2-1.jpg\",\"contentUrl\":\"https:\\\/\\\/auren.com\\\/co\\\/wp-content\\\/uploads\\\/2019\\\/07\\\/el-estado-de-informacion-no-financiera-2-1.jpg\",\"width\":1920,\"height\":655},{\"@type\":\"BreadcrumbList\",\"@id\":\"https:\\\/\\\/auren.com\\\/co\\\/blog\\\/gobierno-expide-nuevo-regimen-aduanero\\\/#breadcrumb\",\"itemListElement\":[{\"@type\":\"ListItem\",\"position\":1,\"name\":\"Portada\",\"item\":\"https:\\\/\\\/auren.com\\\/co\\\/\"},{\"@type\":\"ListItem\",\"position\":2,\"name\":\"Gobierno expide nuevo r\u00e9gimen aduanero\"}]},{\"@type\":\"WebSite\",\"@id\":\"https:\\\/\\\/auren.com\\\/co\\\/#website\",\"url\":\"https:\\\/\\\/auren.com\\\/co\\\/\",\"name\":\"Auren Colombia\",\"description\":\"\",\"publisher\":{\"@id\":\"https:\\\/\\\/auren.com\\\/co\\\/#organization\"},\"potentialAction\":[{\"@type\":\"SearchAction\",\"target\":{\"@type\":\"EntryPoint\",\"urlTemplate\":\"https:\\\/\\\/auren.com\\\/co\\\/?s={search_term_string}\"},\"query-input\":{\"@type\":\"PropertyValueSpecification\",\"valueRequired\":true,\"valueName\":\"search_term_string\"}}],\"inLanguage\":\"es\"},{\"@type\":\"Organization\",\"@id\":\"https:\\\/\\\/auren.com\\\/co\\\/#organization\",\"name\":\"Auren Colombia\",\"url\":\"https:\\\/\\\/auren.com\\\/co\\\/\",\"logo\":{\"@type\":\"ImageObject\",\"inLanguage\":\"es\",\"@id\":\"https:\\\/\\\/auren.com\\\/co\\\/#\\\/schema\\\/logo\\\/image\\\/\",\"url\":\"https:\\\/\\\/auren.com\\\/co\\\/wp-content\\\/uploads\\\/2025\\\/01\\\/cropped-cropped-favicon-Auren.png\",\"contentUrl\":\"https:\\\/\\\/auren.com\\\/co\\\/wp-content\\\/uploads\\\/2025\\\/01\\\/cropped-cropped-favicon-Auren.png\",\"width\":512,\"height\":512,\"caption\":\"Auren Colombia\"},\"image\":{\"@id\":\"https:\\\/\\\/auren.com\\\/co\\\/#\\\/schema\\\/logo\\\/image\\\/\"},\"sameAs\":[\"https:\\\/\\\/x.com\\\/AurenColombia\",\"https:\\\/\\\/www.instagram.com\\\/aurencolombia\\\/\",\"https:\\\/\\\/www.youtube.com\\\/channel\\\/UCRYoGRMR_k4oVWesdErApmA\",\"https:\\\/\\\/www.linkedin.com\\\/company\\\/auren-colombia\"]}]}<\/script>\n<!-- \/ Yoast SEO plugin. -->","yoast_head_json":{"title":"Gobierno expide nuevo r\u00e9gimen aduanero - Auren Colombia","robots":{"index":"index","follow":"follow","max-snippet":"max-snippet:-1","max-image-preview":"max-image-preview:large","max-video-preview":"max-video-preview:-1"},"canonical":"https:\/\/auren.com\/co\/blog\/gobierno-expide-nuevo-regimen-aduanero\/","og_locale":"es_ES","og_type":"article","og_title":"Gobierno expide nuevo r\u00e9gimen aduanero - Auren Colombia","og_description":"A trav\u00e9s del Decreto 1165 del 2 de julio de 2019, el Gobierno expidi\u00f3 el nuevo r\u00e9gimen aduanero, el cual empezar\u00e1 a regir el 2 de agosto de 2019&#8230;","og_url":"https:\/\/auren.com\/co\/blog\/gobierno-expide-nuevo-regimen-aduanero\/","og_site_name":"Auren Colombia","og_image":[{"width":1920,"height":655,"url":"https:\/\/auren.com\/co\/wp-content\/uploads\/2019\/07\/el-estado-de-informacion-no-financiera-2-1.jpg","type":"image\/jpeg"}],"twitter_card":"summary_large_image","twitter_site":"@AurenColombia","twitter_misc":{"Tiempo de lectura":"1 minuto"},"schema":{"@context":"https:\/\/schema.org","@graph":[{"@type":"WebPage","@id":"https:\/\/auren.com\/co\/blog\/gobierno-expide-nuevo-regimen-aduanero\/","url":"https:\/\/auren.com\/co\/blog\/gobierno-expide-nuevo-regimen-aduanero\/","name":"Gobierno expide nuevo r\u00e9gimen aduanero - Auren Colombia","isPartOf":{"@id":"https:\/\/auren.com\/co\/#website"},"primaryImageOfPage":{"@id":"https:\/\/auren.com\/co\/blog\/gobierno-expide-nuevo-regimen-aduanero\/#primaryimage"},"image":{"@id":"https:\/\/auren.com\/co\/blog\/gobierno-expide-nuevo-regimen-aduanero\/#primaryimage"},"thumbnailUrl":"https:\/\/auren.com\/co\/wp-content\/uploads\/2019\/07\/el-estado-de-informacion-no-financiera-2-1.jpg","datePublished":"2019-07-10T11:56:48+00:00","breadcrumb":{"@id":"https:\/\/auren.com\/co\/blog\/gobierno-expide-nuevo-regimen-aduanero\/#breadcrumb"},"inLanguage":"es","potentialAction":[{"@type":"ReadAction","target":["https:\/\/auren.com\/co\/blog\/gobierno-expide-nuevo-regimen-aduanero\/"]}]},{"@type":"ImageObject","inLanguage":"es","@id":"https:\/\/auren.com\/co\/blog\/gobierno-expide-nuevo-regimen-aduanero\/#primaryimage","url":"https:\/\/auren.com\/co\/wp-content\/uploads\/2019\/07\/el-estado-de-informacion-no-financiera-2-1.jpg","contentUrl":"https:\/\/auren.com\/co\/wp-content\/uploads\/2019\/07\/el-estado-de-informacion-no-financiera-2-1.jpg","width":1920,"height":655},{"@type":"BreadcrumbList","@id":"https:\/\/auren.com\/co\/blog\/gobierno-expide-nuevo-regimen-aduanero\/#breadcrumb","itemListElement":[{"@type":"ListItem","position":1,"name":"Portada","item":"https:\/\/auren.com\/co\/"},{"@type":"ListItem","position":2,"name":"Gobierno expide nuevo r\u00e9gimen aduanero"}]},{"@type":"WebSite","@id":"https:\/\/auren.com\/co\/#website","url":"https:\/\/auren.com\/co\/","name":"Auren Colombia","description":"","publisher":{"@id":"https:\/\/auren.com\/co\/#organization"},"potentialAction":[{"@type":"SearchAction","target":{"@type":"EntryPoint","urlTemplate":"https:\/\/auren.com\/co\/?s={search_term_string}"},"query-input":{"@type":"PropertyValueSpecification","valueRequired":true,"valueName":"search_term_string"}}],"inLanguage":"es"},{"@type":"Organization","@id":"https:\/\/auren.com\/co\/#organization","name":"Auren Colombia","url":"https:\/\/auren.com\/co\/","logo":{"@type":"ImageObject","inLanguage":"es","@id":"https:\/\/auren.com\/co\/#\/schema\/logo\/image\/","url":"https:\/\/auren.com\/co\/wp-content\/uploads\/2025\/01\/cropped-cropped-favicon-Auren.png","contentUrl":"https:\/\/auren.com\/co\/wp-content\/uploads\/2025\/01\/cropped-cropped-favicon-Auren.png","width":512,"height":512,"caption":"Auren Colombia"},"image":{"@id":"https:\/\/auren.com\/co\/#\/schema\/logo\/image\/"},"sameAs":["https:\/\/x.com\/AurenColombia","https:\/\/www.instagram.com\/aurencolombia\/","https:\/\/www.youtube.com\/channel\/UCRYoGRMR_k4oVWesdErApmA","https:\/\/www.linkedin.com\/company\/auren-colombia"]}]}},"_links":{"self":[{"href":"https:\/\/auren.com\/co\/wp-json\/wp\/v2\/blog\/10573","targetHints":{"allow":["GET"]}}],"collection":[{"href":"https:\/\/auren.com\/co\/wp-json\/wp\/v2\/blog"}],"about":[{"href":"https:\/\/auren.com\/co\/wp-json\/wp\/v2\/types\/blog"}],"version-history":[{"count":0,"href":"https:\/\/auren.com\/co\/wp-json\/wp\/v2\/blog\/10573\/revisions"}],"wp:featuredmedia":[{"embeddable":true,"href":"https:\/\/auren.com\/co\/wp-json\/wp\/v2\/media\/10574"}],"wp:attachment":[{"href":"https:\/\/auren.com\/co\/wp-json\/wp\/v2\/media?parent=10573"}],"wp:term":[{"taxonomy":"blog-category","embeddable":true,"href":"https:\/\/auren.com\/co\/wp-json\/wp\/v2\/blog-category?post=10573"}],"curies":[{"name":"wp","href":"https:\/\/api.w.org\/{rel}","templated":true}]}}