{"id":10588,"date":"2019-06-19T13:22:50","date_gmt":"2019-06-19T11:22:50","guid":{"rendered":"https:\/\/auren.com\/co\/blog\/cuales-son-los-criterios-y-rangos-para-clasificar-a-las-empresas-en-micro-pequenas-o-medianas\/"},"modified":"2019-06-19T13:22:50","modified_gmt":"2019-06-19T11:22:50","slug":"cuales-son-los-criterios-y-rangos-para-clasificar-a-las-empresas-en-micro-pequenas-o-medianas","status":"publish","type":"blog","link":"https:\/\/auren.com\/co\/blog\/cuales-son-los-criterios-y-rangos-para-clasificar-a-las-empresas-en-micro-pequenas-o-medianas\/","title":{"rendered":"\u00bfCu\u00e1les son los criterios y rangos para clasificar a las empresas en micro, peque\u00f1as o medianas?"},"content":{"rendered":"<p>Por medio del Decreto 957 del 5 de junio de 2019, se emitieron los criterios y rangos para clasificar las micro, peque\u00f1as, medianas y grandes empresas, tomando en consideraci\u00f3n los ingresos por actividades ordinarias anuales, entendidos como aquellos que se originan en el curso de las actividades ordinarias de la empresa, tales como las actividades de operaci\u00f3n y otras actividades que no son consideradas como actividades de inversi\u00f3n o financiaci\u00f3n, de conformidad con el marco de informaci\u00f3n financiera aplicado por la empresa.<\/p>\n<p>Para estos efectos, se clasificaron las empresas en 3 sectores y se establecieron los siguientes rangos, determinados sobre los ingresos anuales del a\u00f1o inmediatamente anterior, con corte a 31 de diciembre:   <\/p>\n<\/p>\n<figure><img decoding=\"async\" data-src=\"https:\/\/d33c2a5xmvj7uh.cloudfront.net\/images\/originals\/cuadro-4.png?v=1560951821\" data-image=\"9995155\" src=\"data:image\/svg+xml;base64,PHN2ZyB3aWR0aD0iMSIgaGVpZ2h0PSIxIiB4bWxucz0iaHR0cDovL3d3dy53My5vcmcvMjAwMC9zdmciPjwvc3ZnPg==\" class=\"lazyload\"><\/figure>\n<\/p>\n<p>Establece el Decreto que para aquella empresa cuya actividad principal no corresponda a uno de los anteriores sectores, los rangos a aplicar ser\u00e1n aquellos previstos para el sector manufacturero. A su vez, cuando los ingresos de la empresa provengan de m\u00e1s de uno de dichos sectores, se tomar\u00e1 la actividad del sector cuyos ingresos hayan sido m\u00e1s altos.   <\/p>\n<p>Esta disposici\u00f3n regir\u00e1 a partir del 5 de diciembre de 2019 y ser\u00e1 aplicable a toda clasificaci\u00f3n de las micro, peque\u00f1as, medianas y grandes empresas, salvo para la procedencia de beneficios tributarios y para aquellos casos espec\u00edficos en los que la Ley haya establecido criterios diferentes.<\/p>\n<p><em>Fuente: Decreto 957 del 5 de junio de 2019<\/em><\/p>\n<\/p>\n<\/p>\n<p><!-- AddThis Advanced Settings generic via filter on the_content --><!-- AddThis Share Buttons generic via filter on the_content --><\/p>\n","protected":false},"excerpt":{"rendered":"<p>Por medio del Decreto 957 del 5 de junio de 2019, se emitieron los criterios y rangos para clasificar las micro, peque\u00f1as, medianas y grandes empresas, tomando en consideraci\u00f3n los ingresos por actividades ordinarias anuales&#8230;<\/p>\n","protected":false},"featured_media":10589,"template":"","meta":{"_acf_changed":false,"footnotes":""},"blog-category":[],"class_list":["post-10588","blog","type-blog","status-publish","has-post-thumbnail","hentry"],"acf":[],"yoast_head":"<!-- This site is optimized with the Yoast SEO plugin v27.4 - https:\/\/yoast.com\/product\/yoast-seo-wordpress\/ -->\n<title>\u00bfCu\u00e1les son los criterios y rangos para clasificar a las empresas en micro, peque\u00f1as o medianas? - Auren Colombia<\/title>\n<meta name=\"robots\" content=\"index, follow, max-snippet:-1, max-image-preview:large, max-video-preview:-1\" \/>\n<link rel=\"canonical\" href=\"https:\/\/auren.com\/co\/blog\/cuales-son-los-criterios-y-rangos-para-clasificar-a-las-empresas-en-micro-pequenas-o-medianas\/\" \/>\n<meta property=\"og:locale\" content=\"es_ES\" \/>\n<meta property=\"og:type\" content=\"article\" \/>\n<meta property=\"og:title\" content=\"\u00bfCu\u00e1les son los criterios y rangos para clasificar a las empresas en micro, peque\u00f1as o medianas? - Auren Colombia\" \/>\n<meta property=\"og:description\" content=\"Por medio del Decreto 957 del 5 de junio de 2019, se emitieron los criterios y rangos para clasificar las micro, peque\u00f1as, medianas y grandes empresas, tomando en consideraci\u00f3n los ingresos por actividades ordinarias anuales&#8230;\" \/>\n<meta property=\"og:url\" content=\"https:\/\/auren.com\/co\/blog\/cuales-son-los-criterios-y-rangos-para-clasificar-a-las-empresas-en-micro-pequenas-o-medianas\/\" \/>\n<meta property=\"og:site_name\" content=\"Auren Colombia\" \/>\n<meta property=\"og:image\" content=\"https:\/\/auren.com\/co\/wp-content\/uploads\/2019\/06\/190304-criterio-del-uso-de-los-dispositivos-digitales-en-su-empresa-1.jpg\" \/>\n\t<meta property=\"og:image:width\" content=\"1920\" \/>\n\t<meta property=\"og:image:height\" content=\"655\" \/>\n\t<meta property=\"og:image:type\" content=\"image\/jpeg\" \/>\n<meta name=\"twitter:card\" content=\"summary_large_image\" \/>\n<meta name=\"twitter:site\" content=\"@AurenColombia\" \/>\n<meta name=\"twitter:label1\" content=\"Tiempo de lectura\" \/>\n\t<meta name=\"twitter:data1\" content=\"1 minuto\" \/>\n<script type=\"application\/ld+json\" class=\"yoast-schema-graph\">{\"@context\":\"https:\\\/\\\/schema.org\",\"@graph\":[{\"@type\":\"WebPage\",\"@id\":\"https:\\\/\\\/auren.com\\\/co\\\/blog\\\/cuales-son-los-criterios-y-rangos-para-clasificar-a-las-empresas-en-micro-pequenas-o-medianas\\\/\",\"url\":\"https:\\\/\\\/auren.com\\\/co\\\/blog\\\/cuales-son-los-criterios-y-rangos-para-clasificar-a-las-empresas-en-micro-pequenas-o-medianas\\\/\",\"name\":\"\u00bfCu\u00e1les son los criterios y rangos para clasificar a las empresas en micro, peque\u00f1as o medianas? - Auren Colombia\",\"isPartOf\":{\"@id\":\"https:\\\/\\\/auren.com\\\/co\\\/#website\"},\"primaryImageOfPage\":{\"@id\":\"https:\\\/\\\/auren.com\\\/co\\\/blog\\\/cuales-son-los-criterios-y-rangos-para-clasificar-a-las-empresas-en-micro-pequenas-o-medianas\\\/#primaryimage\"},\"image\":{\"@id\":\"https:\\\/\\\/auren.com\\\/co\\\/blog\\\/cuales-son-los-criterios-y-rangos-para-clasificar-a-las-empresas-en-micro-pequenas-o-medianas\\\/#primaryimage\"},\"thumbnailUrl\":\"https:\\\/\\\/auren.com\\\/co\\\/wp-content\\\/uploads\\\/2019\\\/06\\\/190304-criterio-del-uso-de-los-dispositivos-digitales-en-su-empresa-1.jpg\",\"datePublished\":\"2019-06-19T11:22:50+00:00\",\"breadcrumb\":{\"@id\":\"https:\\\/\\\/auren.com\\\/co\\\/blog\\\/cuales-son-los-criterios-y-rangos-para-clasificar-a-las-empresas-en-micro-pequenas-o-medianas\\\/#breadcrumb\"},\"inLanguage\":\"es\",\"potentialAction\":[{\"@type\":\"ReadAction\",\"target\":[\"https:\\\/\\\/auren.com\\\/co\\\/blog\\\/cuales-son-los-criterios-y-rangos-para-clasificar-a-las-empresas-en-micro-pequenas-o-medianas\\\/\"]}]},{\"@type\":\"ImageObject\",\"inLanguage\":\"es\",\"@id\":\"https:\\\/\\\/auren.com\\\/co\\\/blog\\\/cuales-son-los-criterios-y-rangos-para-clasificar-a-las-empresas-en-micro-pequenas-o-medianas\\\/#primaryimage\",\"url\":\"https:\\\/\\\/auren.com\\\/co\\\/wp-content\\\/uploads\\\/2019\\\/06\\\/190304-criterio-del-uso-de-los-dispositivos-digitales-en-su-empresa-1.jpg\",\"contentUrl\":\"https:\\\/\\\/auren.com\\\/co\\\/wp-content\\\/uploads\\\/2019\\\/06\\\/190304-criterio-del-uso-de-los-dispositivos-digitales-en-su-empresa-1.jpg\",\"width\":1920,\"height\":655},{\"@type\":\"BreadcrumbList\",\"@id\":\"https:\\\/\\\/auren.com\\\/co\\\/blog\\\/cuales-son-los-criterios-y-rangos-para-clasificar-a-las-empresas-en-micro-pequenas-o-medianas\\\/#breadcrumb\",\"itemListElement\":[{\"@type\":\"ListItem\",\"position\":1,\"name\":\"Portada\",\"item\":\"https:\\\/\\\/auren.com\\\/co\\\/\"},{\"@type\":\"ListItem\",\"position\":2,\"name\":\"\u00bfCu\u00e1les son los criterios y rangos para clasificar a las empresas en micro, peque\u00f1as o medianas?\"}]},{\"@type\":\"WebSite\",\"@id\":\"https:\\\/\\\/auren.com\\\/co\\\/#website\",\"url\":\"https:\\\/\\\/auren.com\\\/co\\\/\",\"name\":\"Auren Colombia\",\"description\":\"\",\"publisher\":{\"@id\":\"https:\\\/\\\/auren.com\\\/co\\\/#organization\"},\"potentialAction\":[{\"@type\":\"SearchAction\",\"target\":{\"@type\":\"EntryPoint\",\"urlTemplate\":\"https:\\\/\\\/auren.com\\\/co\\\/?s={search_term_string}\"},\"query-input\":{\"@type\":\"PropertyValueSpecification\",\"valueRequired\":true,\"valueName\":\"search_term_string\"}}],\"inLanguage\":\"es\"},{\"@type\":\"Organization\",\"@id\":\"https:\\\/\\\/auren.com\\\/co\\\/#organization\",\"name\":\"Auren Colombia\",\"url\":\"https:\\\/\\\/auren.com\\\/co\\\/\",\"logo\":{\"@type\":\"ImageObject\",\"inLanguage\":\"es\",\"@id\":\"https:\\\/\\\/auren.com\\\/co\\\/#\\\/schema\\\/logo\\\/image\\\/\",\"url\":\"https:\\\/\\\/auren.com\\\/co\\\/wp-content\\\/uploads\\\/2025\\\/01\\\/cropped-cropped-favicon-Auren.png\",\"contentUrl\":\"https:\\\/\\\/auren.com\\\/co\\\/wp-content\\\/uploads\\\/2025\\\/01\\\/cropped-cropped-favicon-Auren.png\",\"width\":512,\"height\":512,\"caption\":\"Auren Colombia\"},\"image\":{\"@id\":\"https:\\\/\\\/auren.com\\\/co\\\/#\\\/schema\\\/logo\\\/image\\\/\"},\"sameAs\":[\"https:\\\/\\\/x.com\\\/AurenColombia\",\"https:\\\/\\\/www.instagram.com\\\/aurencolombia\\\/\",\"https:\\\/\\\/www.youtube.com\\\/channel\\\/UCRYoGRMR_k4oVWesdErApmA\",\"https:\\\/\\\/www.linkedin.com\\\/company\\\/auren-colombia\"]}]}<\/script>\n<!-- \/ Yoast SEO plugin. -->","yoast_head_json":{"title":"\u00bfCu\u00e1les son los criterios y rangos para clasificar a las empresas en micro, peque\u00f1as o medianas? - Auren Colombia","robots":{"index":"index","follow":"follow","max-snippet":"max-snippet:-1","max-image-preview":"max-image-preview:large","max-video-preview":"max-video-preview:-1"},"canonical":"https:\/\/auren.com\/co\/blog\/cuales-son-los-criterios-y-rangos-para-clasificar-a-las-empresas-en-micro-pequenas-o-medianas\/","og_locale":"es_ES","og_type":"article","og_title":"\u00bfCu\u00e1les son los criterios y rangos para clasificar a las empresas en micro, peque\u00f1as o medianas? - Auren Colombia","og_description":"Por medio del Decreto 957 del 5 de junio de 2019, se emitieron los criterios y rangos para clasificar las micro, peque\u00f1as, medianas y grandes empresas, tomando en consideraci\u00f3n los ingresos por actividades ordinarias anuales&#8230;","og_url":"https:\/\/auren.com\/co\/blog\/cuales-son-los-criterios-y-rangos-para-clasificar-a-las-empresas-en-micro-pequenas-o-medianas\/","og_site_name":"Auren Colombia","og_image":[{"width":1920,"height":655,"url":"https:\/\/auren.com\/co\/wp-content\/uploads\/2019\/06\/190304-criterio-del-uso-de-los-dispositivos-digitales-en-su-empresa-1.jpg","type":"image\/jpeg"}],"twitter_card":"summary_large_image","twitter_site":"@AurenColombia","twitter_misc":{"Tiempo de lectura":"1 minuto"},"schema":{"@context":"https:\/\/schema.org","@graph":[{"@type":"WebPage","@id":"https:\/\/auren.com\/co\/blog\/cuales-son-los-criterios-y-rangos-para-clasificar-a-las-empresas-en-micro-pequenas-o-medianas\/","url":"https:\/\/auren.com\/co\/blog\/cuales-son-los-criterios-y-rangos-para-clasificar-a-las-empresas-en-micro-pequenas-o-medianas\/","name":"\u00bfCu\u00e1les son los criterios y rangos para clasificar a las empresas en micro, peque\u00f1as o medianas? - Auren Colombia","isPartOf":{"@id":"https:\/\/auren.com\/co\/#website"},"primaryImageOfPage":{"@id":"https:\/\/auren.com\/co\/blog\/cuales-son-los-criterios-y-rangos-para-clasificar-a-las-empresas-en-micro-pequenas-o-medianas\/#primaryimage"},"image":{"@id":"https:\/\/auren.com\/co\/blog\/cuales-son-los-criterios-y-rangos-para-clasificar-a-las-empresas-en-micro-pequenas-o-medianas\/#primaryimage"},"thumbnailUrl":"https:\/\/auren.com\/co\/wp-content\/uploads\/2019\/06\/190304-criterio-del-uso-de-los-dispositivos-digitales-en-su-empresa-1.jpg","datePublished":"2019-06-19T11:22:50+00:00","breadcrumb":{"@id":"https:\/\/auren.com\/co\/blog\/cuales-son-los-criterios-y-rangos-para-clasificar-a-las-empresas-en-micro-pequenas-o-medianas\/#breadcrumb"},"inLanguage":"es","potentialAction":[{"@type":"ReadAction","target":["https:\/\/auren.com\/co\/blog\/cuales-son-los-criterios-y-rangos-para-clasificar-a-las-empresas-en-micro-pequenas-o-medianas\/"]}]},{"@type":"ImageObject","inLanguage":"es","@id":"https:\/\/auren.com\/co\/blog\/cuales-son-los-criterios-y-rangos-para-clasificar-a-las-empresas-en-micro-pequenas-o-medianas\/#primaryimage","url":"https:\/\/auren.com\/co\/wp-content\/uploads\/2019\/06\/190304-criterio-del-uso-de-los-dispositivos-digitales-en-su-empresa-1.jpg","contentUrl":"https:\/\/auren.com\/co\/wp-content\/uploads\/2019\/06\/190304-criterio-del-uso-de-los-dispositivos-digitales-en-su-empresa-1.jpg","width":1920,"height":655},{"@type":"BreadcrumbList","@id":"https:\/\/auren.com\/co\/blog\/cuales-son-los-criterios-y-rangos-para-clasificar-a-las-empresas-en-micro-pequenas-o-medianas\/#breadcrumb","itemListElement":[{"@type":"ListItem","position":1,"name":"Portada","item":"https:\/\/auren.com\/co\/"},{"@type":"ListItem","position":2,"name":"\u00bfCu\u00e1les son los criterios y rangos para clasificar a las empresas en micro, peque\u00f1as o medianas?"}]},{"@type":"WebSite","@id":"https:\/\/auren.com\/co\/#website","url":"https:\/\/auren.com\/co\/","name":"Auren Colombia","description":"","publisher":{"@id":"https:\/\/auren.com\/co\/#organization"},"potentialAction":[{"@type":"SearchAction","target":{"@type":"EntryPoint","urlTemplate":"https:\/\/auren.com\/co\/?s={search_term_string}"},"query-input":{"@type":"PropertyValueSpecification","valueRequired":true,"valueName":"search_term_string"}}],"inLanguage":"es"},{"@type":"Organization","@id":"https:\/\/auren.com\/co\/#organization","name":"Auren Colombia","url":"https:\/\/auren.com\/co\/","logo":{"@type":"ImageObject","inLanguage":"es","@id":"https:\/\/auren.com\/co\/#\/schema\/logo\/image\/","url":"https:\/\/auren.com\/co\/wp-content\/uploads\/2025\/01\/cropped-cropped-favicon-Auren.png","contentUrl":"https:\/\/auren.com\/co\/wp-content\/uploads\/2025\/01\/cropped-cropped-favicon-Auren.png","width":512,"height":512,"caption":"Auren Colombia"},"image":{"@id":"https:\/\/auren.com\/co\/#\/schema\/logo\/image\/"},"sameAs":["https:\/\/x.com\/AurenColombia","https:\/\/www.instagram.com\/aurencolombia\/","https:\/\/www.youtube.com\/channel\/UCRYoGRMR_k4oVWesdErApmA","https:\/\/www.linkedin.com\/company\/auren-colombia"]}]}},"_links":{"self":[{"href":"https:\/\/auren.com\/co\/wp-json\/wp\/v2\/blog\/10588","targetHints":{"allow":["GET"]}}],"collection":[{"href":"https:\/\/auren.com\/co\/wp-json\/wp\/v2\/blog"}],"about":[{"href":"https:\/\/auren.com\/co\/wp-json\/wp\/v2\/types\/blog"}],"version-history":[{"count":0,"href":"https:\/\/auren.com\/co\/wp-json\/wp\/v2\/blog\/10588\/revisions"}],"wp:featuredmedia":[{"embeddable":true,"href":"https:\/\/auren.com\/co\/wp-json\/wp\/v2\/media\/10589"}],"wp:attachment":[{"href":"https:\/\/auren.com\/co\/wp-json\/wp\/v2\/media?parent=10588"}],"wp:term":[{"taxonomy":"blog-category","embeddable":true,"href":"https:\/\/auren.com\/co\/wp-json\/wp\/v2\/blog-category?post=10588"}],"curies":[{"name":"wp","href":"https:\/\/api.w.org\/{rel}","templated":true}]}}